{"id":37076,"date":"2026-01-17T16:18:25","date_gmt":"2026-01-17T19:18:25","guid":{"rendered":"https:\/\/correiodasemana.com\/site\/?p=37076"},"modified":"2026-01-17T16:18:25","modified_gmt":"2026-01-17T19:18:25","slug":"katia-maria-faz-lancamento-do-livro-sobrevivi-para-contar-nossa-historia-em-massape","status":"publish","type":"post","link":"https:\/\/correiodasemana.com\/site\/katia-maria-faz-lancamento-do-livro-sobrevivi-para-contar-nossa-historia-em-massape\/","title":{"rendered":"K\u00e1tia Maria faz lan\u00e7amento do livro \u201cSobrevivi para contar nossa hist\u00f3ria\u201d, em Massap\u00ea"},"content":{"rendered":"<div id='gallery-1' class='gallery galleryid-37076 gallery-columns-6 gallery-size-thumbnail'><figure class='gallery-item'>\n\t\t\t<div class='gallery-icon portrait'>\n\t\t\t\t<a href='https:\/\/correiodasemana.com\/site\/katia-maria-faz-lancamento-do-livro-sobrevivi-para-contar-nossa-historia-em-massape\/whatsapp-image-2026-01-12-at-19-52-00-1\/'><img loading=\"lazy\" width=\"150\" height=\"150\" src=\"https:\/\/correiodasemana.com\/site\/wp-content\/uploads\/2026\/01\/WhatsApp-Image-2026-01-12-at-19.52.00-1-150x150.jpeg\" class=\"attachment-thumbnail size-thumbnail\" alt=\"WhatsApp Image 2026-01-12 at 19.52.00 (1)\" loading=\"lazy\" decoding=\"async\" \/><\/a>\n\t\t\t<\/div><\/figure><figure class='gallery-item'>\n\t\t\t<div class='gallery-icon portrait'>\n\t\t\t\t<a href='https:\/\/correiodasemana.com\/site\/katia-maria-faz-lancamento-do-livro-sobrevivi-para-contar-nossa-historia-em-massape\/whatsapp-image-2026-01-12-at-19-52-00\/'><img loading=\"lazy\" width=\"150\" height=\"150\" src=\"https:\/\/correiodasemana.com\/site\/wp-content\/uploads\/2026\/01\/WhatsApp-Image-2026-01-12-at-19.52.00-150x150.jpeg\" class=\"attachment-thumbnail size-thumbnail\" alt=\"WhatsApp Image 2026-01-12 at 19.52.00\" loading=\"lazy\" decoding=\"async\" \/><\/a>\n\t\t\t<\/div><\/figure>\n\t\t<\/div>\n\n<p>Houve um lan\u00e7amento recente do livro\u00a0\u201cSobrevivi para contar nossa hist\u00f3ria\u201d, de K\u00e1tia Maria, em Massap\u00ea, Cear\u00e1, em 10 de janeiro de 2026, um evento emocionante que celebrou a supera\u00e7\u00e3o e cultura local, com registros divulgados no Instagram e no Facebook da C\u00e2mara Municipal de Massap\u00ea. Foi uma noite marcada por emo\u00e7\u00e3o, supera\u00e7\u00e3o e valoriza\u00e7\u00e3o da cultura massapeense.<br \/>\nA escritora construiu ao longo de sua vida v\u00ednculos afetivos, mas tamb\u00e9m cativa pessoas que vendo seu agir como mulher que n\u00e3o mede esfor\u00e7os para ser protagonista de sua hist\u00f3ria se juntam a ela e fazem eco para a inclus\u00e3o de todos nessa sociedade ainda muito excludente.<br \/>\n\u201cAo receber o livro \u201cSobrevivi para contar nossa Hist\u00f3ria, Denise, amiga da escritora, parabenizou pela riqueza de sentimentos, humanidade em cada linha, trabalho bonito, bem editado\u201d.<br \/>\nN\u00e3o faltaram aplausos quando K\u00e1tia falou da emo\u00e7\u00e3o de estar ali para lan\u00e7ar o livro que conta a sua hist\u00f3ria. As l\u00e1grimas que vimos foram de alegria e em nenhum momento apagaram o sorriso no semblante de K\u00e1tia.<br \/>\nOs aut\u00f3grafos, abra\u00e7os de reencontros, sorrisos e muitas poses continuaram ap\u00f3s esse momento.<\/p>\n","protected":false},"excerpt":{"rendered":"<p>Houve um lan\u00e7amento recente do livro\u00a0\u201cSobrevivi para contar nossa hist\u00f3ria\u201d, de K\u00e1tia Maria, em Massap\u00ea,&#8230;<\/p>\n","protected":false},"author":7,"featured_media":37077,"comment_status":"open","ping_status":"open","sticky":false,"template":"","format":"standard","meta":{"_jetpack_memberships_contains_paid_content":false,"footnotes":"","jetpack_publicize_message":"","jetpack_publicize_feature_enabled":true,"jetpack_social_post_already_shared":true,"jetpack_social_options":{"image_generator_settings":{"template":"highway","default_image_id":0,"font":"","enabled":false},"version":2}},"categories":[1],"tags":[],"class_list":["post-37076","post","type-post","status-publish","format-standard","has-post-thumbnail","hentry","category-atualidade"],"jetpack_publicize_connections":[],"jetpack_featured_media_url":"https:\/\/correiodasemana.com\/site\/wp-content\/uploads\/2026\/01\/WhatsApp-Image-2026-01-12-at-19.52.00-1.jpeg","jetpack-related-posts":[{"id":16808,"url":"https:\/\/correiodasemana.com\/site\/academia-massapeense-de-letras-e-artes\/","url_meta":{"origin":37076,"position":0},"title":"ACADEMIA MASSAPEENSE DE LETRAS E ARTES","author":"","date":"Junho 21, 2021","format":false,"excerpt":"Uma hist\u00f3ria de luta que se concretizou em Massap\u00ea Aos dez dias de junho de 2021, \u00e0s 20h, na sede da Ma\u00e7onaria, escritores, poetas, jornalistas e artes\u00e3os, em Assembleia Geral Ordin\u00e1ria, fundaram a Academia Massapeense de Letras e Artes. Na ocasi\u00e3o foi eleito para presidente, o jornalista e escritor Eudes\u2026","rel":"","context":"In &quot;Atualidade&quot;","block_context":{"text":"Atualidade","link":"https:\/\/correiodasemana.com\/site\/category\/atualidade\/"},"img":{"alt_text":"","src":"https:\/\/i0.wp.com\/correiodasemana.com\/site\/wp-content\/uploads\/2021\/06\/Eudes-Sousa-presidente-da-Academia-Massapeense-de-Letras-e-Artes.png?resize=350%2C200&ssl=1","width":350,"height":200,"srcset":"https:\/\/i0.wp.com\/correiodasemana.com\/site\/wp-content\/uploads\/2021\/06\/Eudes-Sousa-presidente-da-Academia-Massapeense-de-Letras-e-Artes.png?resize=350%2C200&ssl=1 1x, https:\/\/i0.wp.com\/correiodasemana.com\/site\/wp-content\/uploads\/2021\/06\/Eudes-Sousa-presidente-da-Academia-Massapeense-de-Letras-e-Artes.png?resize=525%2C300&ssl=1 1.5x"},"classes":[]},{"id":30397,"url":"https:\/\/correiodasemana.com\/site\/em-tempo-239\/","url_meta":{"origin":37076,"position":1},"title":"EM TEMPO \u2022","author":"adminredacao","date":"Agosto 19, 2024","format":false,"excerpt":"Cursos t\u00e9cnicos gratuitos no IFCE Sobral Foi lan\u00e7ado edital do processo seletivo para os cursos t\u00e9cnicos do campus de Sobral do Instituto Federal de Educa\u00e7\u00e3o, Ci\u00eancia e Tecnologia do Cear\u00e1 (IFCE), referente ao semestre 2024.2, com in\u00edcio previsto para outubro. As inscri\u00e7\u00f5es ser\u00e3o realizadas at\u00e9 25 de agosto. S\u00e3o ofertadas\u2026","rel":"","context":"In &quot;Artigos&quot;","block_context":{"text":"Artigos","link":"https:\/\/correiodasemana.com\/site\/category\/artigos\/"},"img":{"alt_text":"","src":"https:\/\/i0.wp.com\/correiodasemana.com\/site\/wp-content\/uploads\/2024\/08\/WhatsApp-Image-2024-08-17-at-20.54.22-150x150.jpeg?resize=350%2C200&ssl=1","width":350,"height":200,"srcset":"https:\/\/i0.wp.com\/correiodasemana.com\/site\/wp-content\/uploads\/2024\/08\/WhatsApp-Image-2024-08-17-at-20.54.22-150x150.jpeg?resize=350%2C200&ssl=1 1x, https:\/\/i0.wp.com\/correiodasemana.com\/site\/wp-content\/uploads\/2024\/08\/WhatsApp-Image-2024-08-17-at-20.54.22-150x150.jpeg?resize=525%2C300&ssl=1 1.5x, https:\/\/i0.wp.com\/correiodasemana.com\/site\/wp-content\/uploads\/2024\/08\/WhatsApp-Image-2024-08-17-at-20.54.22-150x150.jpeg?resize=700%2C400&ssl=1 2x"},"classes":[]},{"id":15204,"url":"https:\/\/correiodasemana.com\/site\/os-caminhos-de-massape-em-foco\/","url_meta":{"origin":37076,"position":2},"title":"OS CAMINHOS DE MASSAP\u00ca EM FOCO","author":"","date":"Dezembro 27, 2020","format":false,"excerpt":"A luz de uma cidade dentro de um livro se faz entre n\u00f3s, que o historiador massapeense Osvaldo de Aguiar escreveu: \u201cMassap\u00ea em Foco\u201d nos convida a uma viagem inesquec\u00edvel pelas ruas, logradouros, casas antigas e pr\u00e9dios antigos de uma Massap\u00ea cheia de culturas e hist\u00f3rias, dentre elas, a da\u2026","rel":"","context":"In &quot;Artigos&quot;","block_context":{"text":"Artigos","link":"https:\/\/correiodasemana.com\/site\/category\/artigos\/"},"img":{"alt_text":"","src":"https:\/\/i0.wp.com\/correiodasemana.com\/site\/wp-content\/uploads\/2020\/02\/Eudes-de-Sousa-escritor-4.jpg?resize=350%2C200&ssl=1","width":350,"height":200,"srcset":"https:\/\/i0.wp.com\/correiodasemana.com\/site\/wp-content\/uploads\/2020\/02\/Eudes-de-Sousa-escritor-4.jpg?resize=350%2C200&ssl=1 1x, https:\/\/i0.wp.com\/correiodasemana.com\/site\/wp-content\/uploads\/2020\/02\/Eudes-de-Sousa-escritor-4.jpg?resize=525%2C300&ssl=1 1.5x, https:\/\/i0.wp.com\/correiodasemana.com\/site\/wp-content\/uploads\/2020\/02\/Eudes-de-Sousa-escritor-4.jpg?resize=700%2C400&ssl=1 2x, https:\/\/i0.wp.com\/correiodasemana.com\/site\/wp-content\/uploads\/2020\/02\/Eudes-de-Sousa-escritor-4.jpg?resize=1050%2C600&ssl=1 3x, https:\/\/i0.wp.com\/correiodasemana.com\/site\/wp-content\/uploads\/2020\/02\/Eudes-de-Sousa-escritor-4.jpg?resize=1400%2C800&ssl=1 4x"},"classes":[]},{"id":25707,"url":"https:\/\/correiodasemana.com\/site\/becco-ponto-com-129\/","url_meta":{"origin":37076,"position":3},"title":"Becco Ponto Com","author":"adminredacao","date":"Julho 17, 2023","format":false,"excerpt":"LIVRAI-NOS, SENHOR! Das quadrilhas juninas carnavalescas. Do racha na trairagem do pdt de ciro. Da sede por impostos dos poderes p.t. Do ensino moderno sem sua qualidade. Das festas populares na busca do voto. Da cpi do saee que n\u00e3o sai nunca jamais. Das faculdades fabricando novo ricos, ui! Do\u2026","rel":"","context":"In &quot;Artigos&quot;","block_context":{"text":"Artigos","link":"https:\/\/correiodasemana.com\/site\/category\/artigos\/"},"img":{"alt_text":"","src":"https:\/\/i0.wp.com\/correiodasemana.com\/site\/wp-content\/uploads\/2021\/09\/Dr-Chico-Prado-Trofeu-Dom-Jose-1.jpg?resize=350%2C200&ssl=1","width":350,"height":200,"srcset":"https:\/\/i0.wp.com\/correiodasemana.com\/site\/wp-content\/uploads\/2021\/09\/Dr-Chico-Prado-Trofeu-Dom-Jose-1.jpg?resize=350%2C200&ssl=1 1x, https:\/\/i0.wp.com\/correiodasemana.com\/site\/wp-content\/uploads\/2021\/09\/Dr-Chico-Prado-Trofeu-Dom-Jose-1.jpg?resize=525%2C300&ssl=1 1.5x, https:\/\/i0.wp.com\/correiodasemana.com\/site\/wp-content\/uploads\/2021\/09\/Dr-Chico-Prado-Trofeu-Dom-Jose-1.jpg?resize=700%2C400&ssl=1 2x, https:\/\/i0.wp.com\/correiodasemana.com\/site\/wp-content\/uploads\/2021\/09\/Dr-Chico-Prado-Trofeu-Dom-Jose-1.jpg?resize=1050%2C600&ssl=1 3x, https:\/\/i0.wp.com\/correiodasemana.com\/site\/wp-content\/uploads\/2021\/09\/Dr-Chico-Prado-Trofeu-Dom-Jose-1.jpg?resize=1400%2C800&ssl=1 4x"},"classes":[]},{"id":18492,"url":"https:\/\/correiodasemana.com\/site\/uma-academia-de-letras-e-artes-em-massape\/","url_meta":{"origin":37076,"position":4},"title":"UMA ACADEMIA DE LETRAS E ARTES EM MASSAP\u00ca","author":"","date":"Janeiro 10, 2022","format":false,"excerpt":"EUDES DE SOUSA Sa\u00ed das terras onde canta o Sabi\u00e1, l\u00e1 vivi parte de minha vida, onde o meu jornalismo sobre o social, ainda \u00e9 ecoado pelas centen\u00e1rias sacadas de ferros, que guardam a \u201cCan\u00e7\u00e3o do Ex\u00edlio\u201d, de Gon\u00e7alves Dias. Hoje, estou em terras onde canta a Jandaia, aos p\u00e9s\u2026","rel":"","context":"In &quot;Atualidade&quot;","block_context":{"text":"Atualidade","link":"https:\/\/correiodasemana.com\/site\/category\/atualidade\/"},"img":{"alt_text":"","src":"https:\/\/i0.wp.com\/correiodasemana.com\/site\/wp-content\/uploads\/2022\/01\/uma-academia-de-letras-em-masape-scaled.jpg?resize=350%2C200&ssl=1","width":350,"height":200,"srcset":"https:\/\/i0.wp.com\/correiodasemana.com\/site\/wp-content\/uploads\/2022\/01\/uma-academia-de-letras-em-masape-scaled.jpg?resize=350%2C200&ssl=1 1x, https:\/\/i0.wp.com\/correiodasemana.com\/site\/wp-content\/uploads\/2022\/01\/uma-academia-de-letras-em-masape-scaled.jpg?resize=525%2C300&ssl=1 1.5x, https:\/\/i0.wp.com\/correiodasemana.com\/site\/wp-content\/uploads\/2022\/01\/uma-academia-de-letras-em-masape-scaled.jpg?resize=700%2C400&ssl=1 2x, https:\/\/i0.wp.com\/correiodasemana.com\/site\/wp-content\/uploads\/2022\/01\/uma-academia-de-letras-em-masape-scaled.jpg?resize=1050%2C600&ssl=1 3x, https:\/\/i0.wp.com\/correiodasemana.com\/site\/wp-content\/uploads\/2022\/01\/uma-academia-de-letras-em-masape-scaled.jpg?resize=1400%2C800&ssl=1 4x"},"classes":[]},{"id":13055,"url":"https:\/\/correiodasemana.com\/site\/sobral-sobral-4\/","url_meta":{"origin":37076,"position":5},"title":"Sobral, Sobral","author":"","date":"Agosto 24, 2020","format":false,"excerpt":"QUANDO SE \u00c9 JOVEM, A GENTE QUER SER FIEL E N\u00c3O CONSEGUE. QUANDO FICA VELHO, QUER SER INFIEL E TAMB\u00c9M N\u00c3O CONSEGUE !! (ARY TOLEDO - HUMORISTA) MINHAS HIST\u00d3RIAS... DOMINGOS \u201cOL\u00cdMPICO\u201d Na pregui\u00e7a de ler, que contamina a maioria dos nossos jovens, poucos sabem quem foi DOMINGOS OL\u00cdMPIO, escritor sobralense\u2026","rel":"","context":"In &quot;Artigos&quot;","block_context":{"text":"Artigos","link":"https:\/\/correiodasemana.com\/site\/category\/artigos\/"},"img":{"alt_text":"","src":"https:\/\/i0.wp.com\/correiodasemana.com\/site\/wp-content\/uploads\/2020\/08\/Carolino-Soares.png?resize=350%2C200&ssl=1","width":350,"height":200,"srcset":"https:\/\/i0.wp.com\/correiodasemana.com\/site\/wp-content\/uploads\/2020\/08\/Carolino-Soares.png?resize=350%2C200&ssl=1 1x, https:\/\/i0.wp.com\/correiodasemana.com\/site\/wp-content\/uploads\/2020\/08\/Carolino-Soares.png?resize=525%2C300&ssl=1 1.5x, https:\/\/i0.wp.com\/correiodasemana.com\/site\/wp-content\/uploads\/2020\/08\/Carolino-Soares.png?resize=700%2C400&ssl=1 2x"},"classes":[]}],"jetpack_sharing_enabled":true,"_links":{"self":[{"href":"https:\/\/correiodasemana.com\/site\/wp-json\/wp\/v2\/posts\/37076","targetHints":{"allow":["GET"]}}],"collection":[{"href":"https:\/\/correiodasemana.com\/site\/wp-json\/wp\/v2\/posts"}],"about":[{"href":"https:\/\/correiodasemana.com\/site\/wp-json\/wp\/v2\/types\/post"}],"author":[{"embeddable":true,"href":"https:\/\/correiodasemana.com\/site\/wp-json\/wp\/v2\/users\/7"}],"replies":[{"embeddable":true,"href":"https:\/\/correiodasemana.com\/site\/wp-json\/wp\/v2\/comments?post=37076"}],"version-history":[{"count":1,"href":"https:\/\/correiodasemana.com\/site\/wp-json\/wp\/v2\/posts\/37076\/revisions"}],"predecessor-version":[{"id":37079,"href":"https:\/\/correiodasemana.com\/site\/wp-json\/wp\/v2\/posts\/37076\/revisions\/37079"}],"wp:featuredmedia":[{"embeddable":true,"href":"https:\/\/correiodasemana.com\/site\/wp-json\/wp\/v2\/media\/37077"}],"wp:attachment":[{"href":"https:\/\/correiodasemana.com\/site\/wp-json\/wp\/v2\/media?parent=37076"}],"wp:term":[{"taxonomy":"category","embeddable":true,"href":"https:\/\/correiodasemana.com\/site\/wp-json\/wp\/v2\/categories?post=37076"},{"taxonomy":"post_tag","embeddable":true,"href":"https:\/\/correiodasemana.com\/site\/wp-json\/wp\/v2\/tags?post=37076"}],"curies":[{"name":"wp","href":"https:\/\/api.w.org\/{rel}","templated":true}]}}