{"id":37080,"date":"2026-01-17T16:18:57","date_gmt":"2026-01-17T19:18:57","guid":{"rendered":"https:\/\/correiodasemana.com\/site\/?p=37080"},"modified":"2026-01-17T16:18:57","modified_gmt":"2026-01-17T19:18:57","slug":"educacao-e-cidadania-105","status":"publish","type":"post","link":"https:\/\/correiodasemana.com\/site\/educacao-e-cidadania-105\/","title":{"rendered":"EDUCA\u00c7\u00c3O E CIDADANIA \u2022"},"content":{"rendered":"<p><strong>A Origem do <\/strong><br \/>\n<strong>Beijo na Boca<\/strong><\/p>\n<div>O beijo na boca tem origens evolutivas profundas, possivelmente surgindo h\u00e1 mais de 21 milh\u00f5es de anos entre nossos ancestrais primatas, como uma forma de contato n\u00e3o agressivo e transfer\u00eancia de alimento, enquanto os registros hist\u00f3ricos mais antigos v\u00eam da Mesopot\u00e2mia e \u00cdndia (cerca de 1200 a.C. ou 3500 a.C.) onde era parte da intimidade, amor e at\u00e9 mesmo sauda\u00e7\u00f5es sociais e familiares, popularizado por romanos e gregos, e evoluindo com diferentes significados culturais.<\/div>\n<div><\/div>\n<div>Origens Evolutivas (Primatas)<\/div>\n<div>Ancestral Comum: Cientistas sugerem que o beijo boca-a-boca (n\u00e3o alimentar) era praticado pelo ancestral comum de humanos, chimpanz\u00e9s e bonobos, h\u00e1 milh\u00f5es de anos.<\/div>\n<div>Comportamento Antigo: \u00c9 um tra\u00e7o comportamental antigo, compartilhado por muitos primatas, e provavelmente evoluiu da alimenta\u00e7\u00e3o \u201cboca-a-boca\u201d de pais para filhos, usando a l\u00edngua para passar comida pr\u00e9-digerida, um movimento similar ao beijo de l\u00edngua.<\/div>\n<div><\/div>\n<div>Registros Hist\u00f3ricos (Humanos)<\/div>\n<div>Mesopot\u00e2mia e \u00cdndia (1200 a.C. ou 3500 a.C.): Textos cuneiformes e poemas hindus (como o Mahabharata) descrevem beijos em contextos rom\u00e2nticos, familiares e de amizade, mostrando que n\u00e3o surgiu em um \u00fanico lugar.<\/div>\n<div>Gr\u00e9cia e Roma Antiga: Era comum em diferentes contextos (social, amoroso, de respeito) e tinha diferentes nomes (Basium, Osculum, Suavium), variando com o status social.<\/div>\n<div>Idade M\u00e9dia e Renascen\u00e7a: A Igreja tentou proibi-lo, mas foi popularizado nas cortes francesas (French Kiss), e na Inglaterra Renascentista era um gesto de cortesia.<\/div>\n<div><\/div>\n<div>Teorias Antropol\u00f3gicas<\/div>\n<div>Cheirar: Alguns antrop\u00f3logos acreditam que o beijo pode ter evolu\u00eddo do h\u00e1bito de cheirar uns aos outros para avaliar a sa\u00fade e o bem-estar do outro, uma forma de comunica\u00e7\u00e3o qu\u00edmica.<\/div>\n<div>Humanos beijam, macacos beijam e at\u00e9 ursos polares beijam. E, agora, pesquisadores do Reino Unido e dos Estados Unidos reconstru\u00edram a origem evolutiva desse enigma.<\/div>\n<div>O estudo sugere que o beijo na boca surgiu h\u00e1 mais de 21 milh\u00f5es de anos e provavelmente era praticado pelo ancestral comum de humanos e outros grandes s\u00edmios \u2014 primatas de grande porte, como gorilas, chimpanz\u00e9s, orangotangos e humanos.<\/div>\n<div>A pesquisa concluiu que neandertais \u2014 parentes humanos mais pr\u00f3ximos, extintos h\u00e1 cerca de 40 mil anos \u2014 tamb\u00e9m podem ter se beijado \u2013 e que humanos e neandertais podem at\u00e9 ter trocado beijos. (IA).<\/div>\n<div>O beijo \u00e9 um enigma evolutivo para os cientistas: n\u00e3o traz benef\u00edcios \u00f3bvios de sobreviv\u00eancia ou reprodu\u00e7\u00e3o, mas aparece em muitas sociedades humanas e no reino animal. Ao identificar outros animais que se beijam, os pesquisadores conseguiram construir uma \u201c\u00e1rvore geneal\u00f3gica evolutiva\u201d para determinar quando o gesto provavelmente surgiu.<\/div>\n<div>Para comparar o mesmo comportamento entre esp\u00e9cies diferentes, os pesquisadores precisaram definir de forma precisa \u2013 e pouco rom\u00e2ntica \u2013 o que seria um \u201cbeijo\u201d.<\/div>\n<div>No estudo, publicado na revista Evolution and Human Behaviour, o beijo foi definido como contato oral-oral n\u00e3o agressivo \u201ccom algum movimento dos l\u00e1bios ou partes da boca e sem transfer\u00eancia de alimento\u201d.<\/div>\n<div>\u201cHumanos, chimpanz\u00e9s e bonobos [primatas da fam\u00edlia dos chimpanz\u00e9s] todos se beijam\u201d, explicou Matilda Brindle, bi\u00f3loga evolutiva da Universidade de Oxford e principal autora do estudo. A partir disso, concluiu: \u201c\u00e9 prov\u00e1vel que o ancestral comum mais recente deles tamb\u00e9m se beijasse\u201d.<\/div>\n<div>O estudo identificou comportamentos que se enquadram na defini\u00e7\u00e3o cient\u00edfica de beijo em lobos, c\u00e3es-da-pradaria, ursos polares \u2013 que se beijam de forma desordenada, com muita l\u00edngua \u2013 e at\u00e9 albatrozes.<\/div>\n<div>(https:\/\/www.bbc.com\/portuguese\/articles\/cm2l52dkk1mo).<\/div>\n<div>Prof. Salmito Campos \u2013 (jornalista e radialista).<\/div>\n","protected":false},"excerpt":{"rendered":"<p>A Origem do Beijo na Boca O beijo na boca tem origens evolutivas profundas, possivelmente&#8230;<\/p>\n","protected":false},"author":7,"featured_media":18809,"comment_status":"open","ping_status":"open","sticky":false,"template":"","format":"standard","meta":{"_jetpack_memberships_contains_paid_content":false,"footnotes":"","jetpack_publicize_message":"","jetpack_publicize_feature_enabled":true,"jetpack_social_post_already_shared":true,"jetpack_social_options":{"image_generator_settings":{"template":"highway","default_image_id":0,"font":"","enabled":false},"version":2}},"categories":[11,81],"tags":[],"class_list":["post-37080","post","type-post","status-publish","format-standard","has-post-thumbnail","hentry","category-artigos","category-salmito-campos"],"jetpack_publicize_connections":[],"jetpack_featured_media_url":"https:\/\/correiodasemana.com\/site\/wp-content\/uploads\/2022\/02\/Salmito-Campos-1-scaled.jpg","jetpack-related-posts":[{"id":36529,"url":"https:\/\/correiodasemana.com\/site\/educacao-e-cidadania-99\/","url_meta":{"origin":37080,"position":0},"title":"EDUCA\u00c7\u00c3O E CIDADANIA \u2022","author":"adminredacao","date":"Novembro 25, 2025","format":false,"excerpt":"Origem da Escrita Cuneiforme I A escrita cuneiforme\u00a0\u00e9 um sistema de escrita criado pelos sum\u00e9rios por volta de 3200 a.C.\u00a0e considerado um dos mais antigos do mundo.\u00a0Ela se caracteriza pelo uso de marcas em formato de cunha, que eram impressas em t\u00e1buas de argila \u00famida usando um estilete, geralmente feito\u2026","rel":"","context":"In &quot;Artigos&quot;","block_context":{"text":"Artigos","link":"https:\/\/correiodasemana.com\/site\/category\/artigos\/"},"img":{"alt_text":"","src":"https:\/\/i0.wp.com\/correiodasemana.com\/site\/wp-content\/uploads\/2021\/08\/Salmito-Campos.jpg?resize=350%2C200&ssl=1","width":350,"height":200,"srcset":"https:\/\/i0.wp.com\/correiodasemana.com\/site\/wp-content\/uploads\/2021\/08\/Salmito-Campos.jpg?resize=350%2C200&ssl=1 1x, https:\/\/i0.wp.com\/correiodasemana.com\/site\/wp-content\/uploads\/2021\/08\/Salmito-Campos.jpg?resize=525%2C300&ssl=1 1.5x, https:\/\/i0.wp.com\/correiodasemana.com\/site\/wp-content\/uploads\/2021\/08\/Salmito-Campos.jpg?resize=700%2C400&ssl=1 2x, https:\/\/i0.wp.com\/correiodasemana.com\/site\/wp-content\/uploads\/2021\/08\/Salmito-Campos.jpg?resize=1050%2C600&ssl=1 3x, https:\/\/i0.wp.com\/correiodasemana.com\/site\/wp-content\/uploads\/2021\/08\/Salmito-Campos.jpg?resize=1400%2C800&ssl=1 4x"},"classes":[]},{"id":29505,"url":"https:\/\/correiodasemana.com\/site\/educacao-e-cidadania-50\/","url_meta":{"origin":37080,"position":1},"title":"EDUCA\u00c7\u00c3O E CIDADANIA \u2022","author":"adminredacao","date":"Junho 3, 2024","format":false,"excerpt":"Ensinamentos das M\u00e3es de Antigamente Para lembrar e rir. Rir n\u00e3o! Rolar de rir! Coisas que nossas m\u00e3es diziam e faziam... Era uma forma, hoje condenada pelos educadores, mas funcionou com a gente e por isso, somos pessoas de bem, n\u00e3o sa\u00edmos calculando a morte dos pais, ajudando bandido a\u2026","rel":"","context":"In &quot;Artigos&quot;","block_context":{"text":"Artigos","link":"https:\/\/correiodasemana.com\/site\/category\/artigos\/"},"img":{"alt_text":"","src":"https:\/\/i0.wp.com\/correiodasemana.com\/site\/wp-content\/uploads\/2021\/08\/Salmito-Campos.jpg?resize=350%2C200&ssl=1","width":350,"height":200,"srcset":"https:\/\/i0.wp.com\/correiodasemana.com\/site\/wp-content\/uploads\/2021\/08\/Salmito-Campos.jpg?resize=350%2C200&ssl=1 1x, https:\/\/i0.wp.com\/correiodasemana.com\/site\/wp-content\/uploads\/2021\/08\/Salmito-Campos.jpg?resize=525%2C300&ssl=1 1.5x, https:\/\/i0.wp.com\/correiodasemana.com\/site\/wp-content\/uploads\/2021\/08\/Salmito-Campos.jpg?resize=700%2C400&ssl=1 2x, https:\/\/i0.wp.com\/correiodasemana.com\/site\/wp-content\/uploads\/2021\/08\/Salmito-Campos.jpg?resize=1050%2C600&ssl=1 3x, https:\/\/i0.wp.com\/correiodasemana.com\/site\/wp-content\/uploads\/2021\/08\/Salmito-Campos.jpg?resize=1400%2C800&ssl=1 4x"},"classes":[]},{"id":36803,"url":"https:\/\/correiodasemana.com\/site\/por-ary-albuquerque-12\/","url_meta":{"origin":37080,"position":2},"title":"por Ary Albuquerque","author":"adminredacao","date":"Dezembro 15, 2025","format":false,"excerpt":"A ORQUESTRA Os pais eram amigos. Estudaram juntos no mesmo Semin\u00e1rio. Ordenaram-se no mesmo ano. Muito amigos. A amizade mais do que irm\u00e3os. Foram desempenhar o sacerd\u00f3cio\u00a0\u00a0em cidades\u00a0\u00a0vizinhas. Telefonavam- se diariamente, tal o grau\u00a0de\u00a0empatia. Padre Zezinho ficou lotado numa par\u00f3quia maior, cidade desenvolvida. Padre Afonsinho, numa cidade menor, mais calma.\u2026","rel":"","context":"In &quot;Artigos&quot;","block_context":{"text":"Artigos","link":"https:\/\/correiodasemana.com\/site\/category\/artigos\/"},"img":{"alt_text":"","src":"https:\/\/i0.wp.com\/correiodasemana.com\/site\/wp-content\/uploads\/2025\/07\/Ary-Albuquerque.jpeg?resize=350%2C200&ssl=1","width":350,"height":200,"srcset":"https:\/\/i0.wp.com\/correiodasemana.com\/site\/wp-content\/uploads\/2025\/07\/Ary-Albuquerque.jpeg?resize=350%2C200&ssl=1 1x, https:\/\/i0.wp.com\/correiodasemana.com\/site\/wp-content\/uploads\/2025\/07\/Ary-Albuquerque.jpeg?resize=525%2C300&ssl=1 1.5x, https:\/\/i0.wp.com\/correiodasemana.com\/site\/wp-content\/uploads\/2025\/07\/Ary-Albuquerque.jpeg?resize=700%2C400&ssl=1 2x"},"classes":[]},{"id":36288,"url":"https:\/\/correiodasemana.com\/site\/cigarro-e-alcool-sao-os-principais-fatores-de-risco-para-o-cancer-de-boca\/","url_meta":{"origin":37080,"position":3},"title":"Cigarro e \u00e1lcool s\u00e3o os principais fatores de risco para o c\u00e2ncer de boca","author":"adminredacao","date":"Novembro 12, 2025","format":false,"excerpt":"Observar a boca e ir ao dentista de forma frequente s\u00e3o estrat\u00e9gias fundamentais para a detec\u00e7\u00e3o precoce do c\u00e2ncer de boca (Foto: Banco de imagem) O c\u00e2ncer bucal \u00e9 um tipo de tumor maligno que pode se desenvolver nos l\u00e1bios e estruturas da boca, como gengivas, bochechas, c\u00e9u da boca,\u2026","rel":"","context":"In &quot;Atualidade&quot;","block_context":{"text":"Atualidade","link":"https:\/\/correiodasemana.com\/site\/category\/atualidade\/"},"img":{"alt_text":"","src":"https:\/\/i0.wp.com\/correiodasemana.com\/site\/wp-content\/uploads\/2025\/11\/FOTO-1.jpeg?resize=350%2C200&ssl=1","width":350,"height":200,"srcset":"https:\/\/i0.wp.com\/correiodasemana.com\/site\/wp-content\/uploads\/2025\/11\/FOTO-1.jpeg?resize=350%2C200&ssl=1 1x, https:\/\/i0.wp.com\/correiodasemana.com\/site\/wp-content\/uploads\/2025\/11\/FOTO-1.jpeg?resize=525%2C300&ssl=1 1.5x"},"classes":[]},{"id":9424,"url":"https:\/\/correiodasemana.com\/site\/de-olho-na-lingua-16\/","url_meta":{"origin":37080,"position":4},"title":"De Olho na L\u00edngua","author":"","date":"Outubro 14, 2019","format":false,"excerpt":"Retrete \/ sanita Entre o Portugu\u00eas europeu (PE), de Portugal, e o Portugu\u00eas brasileiro (PB), do Brasil, h\u00e1 diferen\u00e7as: fon\u00e9tica, morfol\u00f3gica e na sintaxe. Vejamos: retrete sem sanita. O cara leitor saberia o que significa? L\u00e1, retrete \u00e9 o nosso banheiro; sanita \u00e9 a nossa privada, vaso sanit\u00e1rio. Ex.: A\u2026","rel":"","context":"In &quot;Artigos&quot;","block_context":{"text":"Artigos","link":"https:\/\/correiodasemana.com\/site\/category\/artigos\/"},"img":{"alt_text":"","src":"https:\/\/i0.wp.com\/correiodasemana.com\/site\/wp-content\/uploads\/2018\/02\/escrevendo-uma-letra-na-ma%CC%81quina-de-escrever-do-vintage-47570680.jpg?resize=350%2C200&ssl=1","width":350,"height":200,"srcset":"https:\/\/i0.wp.com\/correiodasemana.com\/site\/wp-content\/uploads\/2018\/02\/escrevendo-uma-letra-na-ma%CC%81quina-de-escrever-do-vintage-47570680.jpg?resize=350%2C200&ssl=1 1x, https:\/\/i0.wp.com\/correiodasemana.com\/site\/wp-content\/uploads\/2018\/02\/escrevendo-uma-letra-na-ma%CC%81quina-de-escrever-do-vintage-47570680.jpg?resize=525%2C300&ssl=1 1.5x, https:\/\/i0.wp.com\/correiodasemana.com\/site\/wp-content\/uploads\/2018\/02\/escrevendo-uma-letra-na-ma%CC%81quina-de-escrever-do-vintage-47570680.jpg?resize=700%2C400&ssl=1 2x"},"classes":[]},{"id":37451,"url":"https:\/\/correiodasemana.com\/site\/de-olho-na-lingua-150\/","url_meta":{"origin":37080,"position":5},"title":"De Olho na L\u00edngua","author":"adminredacao","date":"Fevereiro 20, 2026","format":false,"excerpt":"Carnaval (Etimologia) Deriva do Latim \u201cCarrus Navalis\u201d, pelo italiano \u201ccarnavale\u201d, por sua vez radicado na express\u00e3o latina \u201ccarne vale\u201d (adeus carne) ou \u201ccarne levare\u201d (prazeres da carne), designando os festejos dos dias que antecedem a entrada da Quaresma. Tamb\u00e9m conhecido como \u201centrudo\u201d, do Latim \u201cintroitos\u201d (entrada). Do Latim \u201cCarrus Navalis\u201d\u2026","rel":"","context":"In &quot;Artigos&quot;","block_context":{"text":"Artigos","link":"https:\/\/correiodasemana.com\/site\/category\/artigos\/"},"img":{"alt_text":"","src":"","width":0,"height":0},"classes":[]}],"jetpack_sharing_enabled":true,"_links":{"self":[{"href":"https:\/\/correiodasemana.com\/site\/wp-json\/wp\/v2\/posts\/37080","targetHints":{"allow":["GET"]}}],"collection":[{"href":"https:\/\/correiodasemana.com\/site\/wp-json\/wp\/v2\/posts"}],"about":[{"href":"https:\/\/correiodasemana.com\/site\/wp-json\/wp\/v2\/types\/post"}],"author":[{"embeddable":true,"href":"https:\/\/correiodasemana.com\/site\/wp-json\/wp\/v2\/users\/7"}],"replies":[{"embeddable":true,"href":"https:\/\/correiodasemana.com\/site\/wp-json\/wp\/v2\/comments?post=37080"}],"version-history":[{"count":1,"href":"https:\/\/correiodasemana.com\/site\/wp-json\/wp\/v2\/posts\/37080\/revisions"}],"predecessor-version":[{"id":37081,"href":"https:\/\/correiodasemana.com\/site\/wp-json\/wp\/v2\/posts\/37080\/revisions\/37081"}],"wp:featuredmedia":[{"embeddable":true,"href":"https:\/\/correiodasemana.com\/site\/wp-json\/wp\/v2\/media\/18809"}],"wp:attachment":[{"href":"https:\/\/correiodasemana.com\/site\/wp-json\/wp\/v2\/media?parent=37080"}],"wp:term":[{"taxonomy":"category","embeddable":true,"href":"https:\/\/correiodasemana.com\/site\/wp-json\/wp\/v2\/categories?post=37080"},{"taxonomy":"post_tag","embeddable":true,"href":"https:\/\/correiodasemana.com\/site\/wp-json\/wp\/v2\/tags?post=37080"}],"curies":[{"name":"wp","href":"https:\/\/api.w.org\/{rel}","templated":true}]}}