{"id":37082,"date":"2026-01-17T16:20:42","date_gmt":"2026-01-17T19:20:42","guid":{"rendered":"https:\/\/correiodasemana.com\/site\/?p=37082"},"modified":"2026-01-17T16:20:42","modified_gmt":"2026-01-17T19:20:42","slug":"poucas-e-boas-76","status":"publish","type":"post","link":"https:\/\/correiodasemana.com\/site\/poucas-e-boas-76\/","title":{"rendered":"POUCAS E BOAS"},"content":{"rendered":"<p><strong>Quanta cearensidade!<\/strong><\/p>\n<div id='gallery-1' class='gallery galleryid-37082 gallery-columns-6 gallery-size-thumbnail'><figure class='gallery-item'>\n\t\t\t<div class='gallery-icon landscape'>\n\t\t\t\t<a href='https:\/\/correiodasemana.com\/site\/poucas-e-boas-76\/whatsapp-image-2026-01-16-at-19-57-04\/'><img loading=\"lazy\" width=\"150\" height=\"150\" src=\"https:\/\/correiodasemana.com\/site\/wp-content\/uploads\/2026\/01\/WhatsApp-Image-2026-01-16-at-19.57.04-150x150.jpeg\" class=\"attachment-thumbnail size-thumbnail\" alt=\"WhatsApp Image 2026-01-16 at 19.57.04\" loading=\"lazy\" decoding=\"async\" \/><\/a>\n\t\t\t<\/div><\/figure><figure class='gallery-item'>\n\t\t\t<div class='gallery-icon landscape'>\n\t\t\t\t<a href='https:\/\/correiodasemana.com\/site\/poucas-e-boas-76\/whatsapp-image-2026-01-16-at-20-04-34\/'><img loading=\"lazy\" width=\"150\" height=\"150\" src=\"https:\/\/correiodasemana.com\/site\/wp-content\/uploads\/2026\/01\/WhatsApp-Image-2026-01-16-at-20.04.34-150x150.jpeg\" class=\"attachment-thumbnail size-thumbnail\" alt=\"WhatsApp Image 2026-01-16 at 20.04.34\" loading=\"lazy\" decoding=\"async\" \/><\/a>\n\t\t\t<\/div><\/figure><figure class='gallery-item'>\n\t\t\t<div class='gallery-icon landscape'>\n\t\t\t\t<a href='https:\/\/correiodasemana.com\/site\/poucas-e-boas-76\/whatsapp-image-2026-01-16-at-19-56-38\/'><img loading=\"lazy\" width=\"150\" height=\"150\" src=\"https:\/\/correiodasemana.com\/site\/wp-content\/uploads\/2026\/01\/WhatsApp-Image-2026-01-16-at-19.56.38-150x150.jpeg\" class=\"attachment-thumbnail size-thumbnail\" alt=\"WhatsApp Image 2026-01-16 at 19.56.38\" loading=\"lazy\" decoding=\"async\" \/><\/a>\n\t\t\t<\/div><\/figure>\n\t\t<\/div>\n\n<p>Certa vez, estando na frente de um Col\u00e9gio p\u00fablico local, perguntei a um grupo de estudantes ali presentes se eles sabiam da exist\u00eancia do Dia do Cear\u00e1. E fui mais adiante: Saber\u00e3o, por acaso, quais as cores da bandeira do nosso Estado?<br \/>\nEu j\u00e1 suspeitava do desconhecimento, o que se confirmou com outra as p\u00e9rolas que vieram a seguir. Em tom quase un\u00edssono disseram indagando: \u201cE existe essa data comemorativa?\u201d Quanto \u00e0s cores da Bandeira do Cear\u00e1, apenas dois arriscaram: preto e branco. Deduzi serem torcedores do Cear\u00e1 Sporting Club, tradicional time do futebol cearense conhecido como Alvinegro de Porangabussu; Glorioso; O Mais Querido; O Time do Povo; Vov\u00f4 e Voz\u00e3o.<br \/>\nDiante de tanto desconhecimento desisti de dirigir-lhes as mesmas perguntas, tendo como foco a hist\u00f3ria do munic\u00edpio (no caso, Sobral).<br \/>\nO pequeno epis\u00f3dio deixa transparecer que ainda est\u00e1 muito lento o processo de conscientiza\u00e7\u00e3o cidad\u00e3 da popula\u00e7\u00e3o e das autoridades. Parecem ignorar o fato de que \u00e9 imprescind\u00edvel que cada povo necessita inteirar-se mais da sua pr\u00f3pria hist\u00f3ria. Ignoram que somente conhecendo bem o passado se pode compreender melhor o presente, a fim de projetar melhor ainda o futuro. E mais: Essa \u00e9 a melhor forma de fazer-se respeitar, j\u00e1 que o cidad\u00e3o fica munido de subs\u00eddios para rebater cr\u00edticas, divulgar mais a verdade e desmistificar inverdades. Enfim, \u00e9 a \u00fanica forma de adquirir embasamento para contra-argumentar em qualquer situa\u00e7\u00e3o.<br \/>\n\u00c9 lament\u00e1vel observar-se que ainda persiste, da parte da maioria de pais e educadores, uma grande d\u00edvida para com as crian\u00e7as e jovens quanto ao ensino da hist\u00f3ria do seu torr\u00e3o natal. E \u00e9 falha nacional, uma vez que o mesmo ocorre em quase todos os munic\u00edpios brasileiros.<br \/>\nInfelizmente ainda est\u00e1 adormecido o interesse para a implanta\u00e7\u00e3o de uma disciplina espec\u00edfica sobre a hist\u00f3ria local no curr\u00edculo e com razo\u00e1vel frequ\u00eancia. A garotada desvenda as gal\u00e1xias e os pa\u00edses mais distantes (Isso \u00e9 bom!), mas pouco ou nada sabe sobre a cidade em que vive (Isso \u00e9 mau, muito mau!).<br \/>\nComo, ent\u00e3o, culpar os jovens se o desinteresse ou a ignor\u00e2ncia parte exatamente de quem poderia e deveria mudar essa triste realidade?<br \/>\nQue cada um de n\u00f3s (adultos) fa\u00e7a seu mea-culpa. E tente fazer algo para inverter o quadro.<br \/>\nFinalizando, para quem tamb\u00e9m n\u00e3o sabe, comemora-se o Dia do Cear\u00e1 em 17 de janeiro. E branco, amarelo e verde s\u00e3o as cores da bandeira do nosso Estado.<\/p>\n<p>Dia do Cear\u00e1?<br \/>\n17 de janeiro faz parte do calend\u00e1rio oficial de eventos do Estado por meio da lei n\u00ba 13.470, de 18.05.2004. Esse documento instituiu a data comemorativa que referencia o dia em que o Cear\u00e1 ganhou autonomia da Capitania de Pernambuco, em 17.01.1799. A emancipa\u00e7\u00e3o do Cear\u00e1 foi garantida por Carta R\u00e9gia assinada pela Imperatriz de Portugal, D. Maria I, em virtude do crescimento populacional e econ\u00f4mico que a antiga capitania do Cear\u00e1 apresentava em 1799.<\/p>\n<p>Comemora\u00e7\u00e3o<br \/>\nA Lei estadual determina a realiza\u00e7\u00e3o anual de um evento oficial em Aquiraz, primeira capital do Estado, por ocasi\u00e3o da data. Al\u00e9m disso, \u00f3rg\u00e3os e entidades da administra\u00e7\u00e3o estadual, assim como as escolas da rede p\u00fablica estadual de ensino, devem promover o Dia do Cear\u00e1.<\/p>\n<p>Hino<br \/>\nNo \u00e2mbito do Cear\u00e1, o Decreto N\u00ba 27.155, de 31.09.2003, assinado pelo ent\u00e3o governador L\u00facio Alc\u00e2ntara, tamb\u00e9m torna obrigat\u00f3ria a execu\u00e7\u00e3o do Hino do Estado. Atentem: uma vez por semana, nas escolas p\u00fablicas da rede estadual. S\u00f3 que a maioria de professores e diretores nem sabem disso. Ou, se sabem, n\u00e3o estimulam a meninada a cantar o Hino do Cear\u00e1, de autoria de Thomaz Lopes e Alberto Nepomuceno.<\/p>\n<p>Dia da Bandeira<br \/>\nVoc\u00ea sabia que em 1\u00ba de dezembro se comemora o Dia da Bandeira do Estado do Cear\u00e1? A data foi institu\u00edda pela Assembleia Legislativa do Cear\u00e1 (ALCE) atrav\u00e9s da Lei N\u00ba 14.020, de 10.12.2007. O objetivo \u00e9 homenagear o s\u00edmbolo cearense que foi adotado em 25 de agosto de 1922, contendo um losango amarelo com o bras\u00e3o do estado em um fundo verde, conforme a legisla\u00e7\u00e3o estadual atual.<\/p>\n<p>Entenda<br \/>\nCriada pelo comerciante Jo\u00e3o Tib\u00farcio Albano, filho do Bar\u00e3o de Aratanha. O verde e o amarelo da bandeira cearense simbolizam as matas e as riquezas minerais. J\u00e1 a capital Fortaleza, o cearense e o extrativismo vegetal s\u00e3o representados pelo farol, a jangada e a carna\u00faba, respectivamente,<\/p>\n<p>Bons costumes<br \/>\nN\u00e3o se pode negar que a pandemia e a gripe implantaram alguns h\u00e1bitos saud\u00e1veis, como o de refor\u00e7ar a higiene (lavar as m\u00e3os, os alimentos, usar m\u00e1scara, etc.). Que continuemos assim quanto \u00e0 maioria dessas a\u00e7\u00f5es, mas que n\u00e3o para a hipocondria.<\/p>\n<p>Maus costumes<br \/>\nPor outro lado, \u00e9 bom atentar para o fato de que o isolamento exagerado e sem fim ocasiona outros problemas. Aproveitando a onda, estabelecimentos comerciais (farm\u00e1cias, especialmente) oficializaram a cobran\u00e7a obrigat\u00f3ria de taxa de entrega. E tem deles que exageram no valor. Antes n\u00e3o cobravam, cobrar agora por qu\u00ea? Concorrentes que v\u00eam abrindo m\u00e3o da taxa est\u00e3o lucrando e ganhando clientes.<\/p>\n<p>P\u00e9rolas do R\u00e1dio<br \/>\nDisse um radialista: \u201cJ\u00e1, j\u00e1 fala da agress\u00e3o a gargalho de garrafa, pois est\u00e1 me dando at\u00e9 \u2018cosca\u2019 na l\u00edngua para falar desse caso\u201d.<br \/>\nN\u00e3o erre tamb\u00e9m: GARGALHO: \u00c9 escarro grosso que se expele com dificuldade. GARGALO: \u00c9 o popularmente conhecido pesco\u00e7o da garrafa. Tamb\u00e9m n\u00e3o \u00e9 \u201cCosca\u201d, nem \u201cC\u00f3rsega\u201d (Fran\u00e7a). Na frase acima o correto \u00e9 C\u00d3CEGA. E quando o colega diz que \u201co bandido matou a gargalhadas\u201d!!! Se n\u00e3o fosse t\u00e3o tr\u00e1gico daria at\u00e9 para gargalhar de verdade (rir de forma barulhenta).<\/p>\n","protected":false},"excerpt":{"rendered":"<p>Quanta cearensidade! Certa vez, estando na frente de um Col\u00e9gio p\u00fablico local, perguntei a um&#8230;<\/p>\n","protected":false},"author":7,"featured_media":24516,"comment_status":"open","ping_status":"open","sticky":false,"template":"","format":"standard","meta":{"_jetpack_memberships_contains_paid_content":false,"footnotes":"","jetpack_publicize_message":"","jetpack_publicize_feature_enabled":true,"jetpack_social_post_already_shared":true,"jetpack_social_options":{"image_generator_settings":{"template":"highway","default_image_id":0,"font":"","enabled":false},"version":2}},"categories":[11,82],"tags":[],"class_list":["post-37082","post","type-post","status-publish","format-standard","has-post-thumbnail","hentry","category-artigos","category-poucas-e-boas"],"jetpack_publicize_connections":[],"jetpack_featured_media_url":"https:\/\/correiodasemana.com\/site\/wp-content\/uploads\/2023\/05\/artemisio-da-costa-2.jpg","jetpack-related-posts":[{"id":37902,"url":"https:\/\/correiodasemana.com\/site\/direito-a-verdade\/","url_meta":{"origin":37082,"position":0},"title":"Direito \u00e0 Verdade","author":"adminredacao","date":"Abril 11, 2026","format":false,"excerpt":"Em 21 de dezembro de 2010, atrav\u00e9s de uma Resolu\u00e7\u00e3o a Organiza\u00e7\u00e3o das Na\u00e7\u00f5es Unidas (ONU) instituiu o Dia Internacional para o Direito \u00e0 Verdade em rela\u00e7\u00e3o \u00e0s graves viola\u00e7\u00f5es dos direitos humanos e \u00e0 dignidade das v\u00edtimas. \u00c9 comemorado anualmente no dia 24 de mar\u00e7o; coincidentemente. A comemora\u00e7\u00e3o tem\u2026","rel":"","context":"In &quot;Artigos&quot;","block_context":{"text":"Artigos","link":"https:\/\/correiodasemana.com\/site\/category\/artigos\/"},"img":{"alt_text":"","src":"https:\/\/i0.wp.com\/correiodasemana.com\/site\/wp-content\/uploads\/2023\/05\/artemisio-da-costa-2.jpg?resize=350%2C200&ssl=1","width":350,"height":200},"classes":[]},{"id":18632,"url":"https:\/\/correiodasemana.com\/site\/poucas-e-boas-6\/","url_meta":{"origin":37082,"position":1},"title":"Poucas e Boas","author":"","date":"Janeiro 24, 2022","format":false,"excerpt":"\u201cSai do meio, animal!\u201d A frase acima, sob a forma de xingamento, foi proferida por volta de 10h, da segunda-feira (17), por um militar componente de uma viatura do 3\u00ba BPM de Sobral. Ela foi dirigida a um cidad\u00e3o que calma e cuidadosamente retirava seu carro da garagem. Na ocasi\u00e3o,\u2026","rel":"","context":"In &quot;Artigos&quot;","block_context":{"text":"Artigos","link":"https:\/\/correiodasemana.com\/site\/category\/artigos\/"},"img":{"alt_text":"","src":"https:\/\/i0.wp.com\/correiodasemana.com\/site\/wp-content\/uploads\/2020\/02\/artemisio-da-costa.jpg?resize=350%2C200&ssl=1","width":350,"height":200},"classes":[]},{"id":35487,"url":"https:\/\/correiodasemana.com\/site\/poucas-e-boas-65\/","url_meta":{"origin":37082,"position":2},"title":"POUCAS E BOAS","author":"adminredacao","date":"Setembro 8, 2025","format":false,"excerpt":"Patriotismo em baixa As manifesta\u00e7\u00f5es c\u00edvicas de amanh\u00e3 - Dia da Independ\u00eancia do Brasil \u2013 sempre fazem com que os hoje quarent\u00f5es, cinquent\u00f5es e outros \u201ct\u00f5es\u201d experimentem uma parada no corre-corre do cotidiano e relembrem outras paradas. Aquelas em que os estudantes eram convocados - e n\u00e3o, convidados ou estimulados\u2026","rel":"","context":"In &quot;Artigos&quot;","block_context":{"text":"Artigos","link":"https:\/\/correiodasemana.com\/site\/category\/artigos\/"},"img":{"alt_text":"","src":"https:\/\/i0.wp.com\/correiodasemana.com\/site\/wp-content\/uploads\/2023\/05\/artemisio-da-costa-2.jpg?resize=350%2C200&ssl=1","width":350,"height":200},"classes":[]},{"id":28817,"url":"https:\/\/correiodasemana.com\/site\/poucas-e-boas-31\/","url_meta":{"origin":37082,"position":3},"title":"POUCAS E BOAS","author":"adminredacao","date":"Mar\u00e7o 25, 2024","format":false,"excerpt":"Direito \u00e0 Verdade Em 21 de dezembro de 2010, atrav\u00e9s de uma Resolu\u00e7\u00e3o a Organiza\u00e7\u00e3o das Na\u00e7\u00f5es Unidas (ONU) instituiu o Dia Internacional para o Direito \u00e0 Verdade em rela\u00e7\u00e3o \u00e0s graves viola\u00e7\u00f5es dos direitos humanos e \u00e0 dignidade das v\u00edtimas. \u00c9 comemorado anualmente no dia 24 de mar\u00e7o; coincidentemente.\u2026","rel":"","context":"In &quot;Artigos&quot;","block_context":{"text":"Artigos","link":"https:\/\/correiodasemana.com\/site\/category\/artigos\/"},"img":{"alt_text":"","src":"https:\/\/i0.wp.com\/correiodasemana.com\/site\/wp-content\/uploads\/2023\/05\/artemisio-da-costa-2.jpg?resize=350%2C200&ssl=1","width":350,"height":200},"classes":[]},{"id":26472,"url":"https:\/\/correiodasemana.com\/site\/sobral-sobral-141\/","url_meta":{"origin":37082,"position":4},"title":"Sobral, Sobral","author":"adminredacao","date":"Setembro 11, 2023","format":false,"excerpt":"SOBRAL, Sobral...(09\/setembro\/2023) NUNCA DURMA SEM TER UM SONHO, NEM SE LEVANTE SEM TER MOTIVO!! (autoria desconhecida) BOM DIA!! MINHAS HIST\u00d3RIAS\u2026 7 DE SETEMBRO \u00c9 SAUDADE, EM BREVE SER\u00c1 APENAS PIADA Perguntaram a uma menininha na escola dirigida pela esquerda no BRASIL nos \u00faltimos trinta anos: \u2013 O que aconteceu no\u2026","rel":"","context":"In &quot;Artigos&quot;","block_context":{"text":"Artigos","link":"https:\/\/correiodasemana.com\/site\/category\/artigos\/"},"img":{"alt_text":"","src":"https:\/\/i0.wp.com\/correiodasemana.com\/site\/wp-content\/uploads\/2020\/08\/Carolino-Soares.png?resize=350%2C200&ssl=1","width":350,"height":200,"srcset":"https:\/\/i0.wp.com\/correiodasemana.com\/site\/wp-content\/uploads\/2020\/08\/Carolino-Soares.png?resize=350%2C200&ssl=1 1x, https:\/\/i0.wp.com\/correiodasemana.com\/site\/wp-content\/uploads\/2020\/08\/Carolino-Soares.png?resize=525%2C300&ssl=1 1.5x, https:\/\/i0.wp.com\/correiodasemana.com\/site\/wp-content\/uploads\/2020\/08\/Carolino-Soares.png?resize=700%2C400&ssl=1 2x"},"classes":[]},{"id":28676,"url":"https:\/\/correiodasemana.com\/site\/poucas-e-boas-29\/","url_meta":{"origin":37082,"position":5},"title":"POUCAS E BOAS","author":"adminredacao","date":"Mar\u00e7o 11, 2024","format":false,"excerpt":"ACONSELHO Quando decidi ingressar na radiofonia, j\u00e1 o fiz de forma meio atrevida. Elaborei um Programa de Variedades de duas horas de dura\u00e7\u00e3o, contento 15 quadros. Neles, eu pretendia enfocar not\u00edcias, curiosidades, entrevistas, debates, participa\u00e7\u00e3o de ouvintes, m\u00fasica de boa qualidade, dentre outras coisas. E o primeiro Programa Artem\u00edsio da\u2026","rel":"","context":"In &quot;Artigos&quot;","block_context":{"text":"Artigos","link":"https:\/\/correiodasemana.com\/site\/category\/artigos\/"},"img":{"alt_text":"","src":"https:\/\/i0.wp.com\/correiodasemana.com\/site\/wp-content\/uploads\/2023\/05\/artemisio-da-costa-2.jpg?resize=350%2C200&ssl=1","width":350,"height":200},"classes":[]}],"jetpack_sharing_enabled":true,"_links":{"self":[{"href":"https:\/\/correiodasemana.com\/site\/wp-json\/wp\/v2\/posts\/37082","targetHints":{"allow":["GET"]}}],"collection":[{"href":"https:\/\/correiodasemana.com\/site\/wp-json\/wp\/v2\/posts"}],"about":[{"href":"https:\/\/correiodasemana.com\/site\/wp-json\/wp\/v2\/types\/post"}],"author":[{"embeddable":true,"href":"https:\/\/correiodasemana.com\/site\/wp-json\/wp\/v2\/users\/7"}],"replies":[{"embeddable":true,"href":"https:\/\/correiodasemana.com\/site\/wp-json\/wp\/v2\/comments?post=37082"}],"version-history":[{"count":1,"href":"https:\/\/correiodasemana.com\/site\/wp-json\/wp\/v2\/posts\/37082\/revisions"}],"predecessor-version":[{"id":37086,"href":"https:\/\/correiodasemana.com\/site\/wp-json\/wp\/v2\/posts\/37082\/revisions\/37086"}],"wp:featuredmedia":[{"embeddable":true,"href":"https:\/\/correiodasemana.com\/site\/wp-json\/wp\/v2\/media\/24516"}],"wp:attachment":[{"href":"https:\/\/correiodasemana.com\/site\/wp-json\/wp\/v2\/media?parent=37082"}],"wp:term":[{"taxonomy":"category","embeddable":true,"href":"https:\/\/correiodasemana.com\/site\/wp-json\/wp\/v2\/categories?post=37082"},{"taxonomy":"post_tag","embeddable":true,"href":"https:\/\/correiodasemana.com\/site\/wp-json\/wp\/v2\/tags?post=37082"}],"curies":[{"name":"wp","href":"https:\/\/api.w.org\/{rel}","templated":true}]}}