{"id":37087,"date":"2026-01-17T16:22:25","date_gmt":"2026-01-17T19:22:25","guid":{"rendered":"https:\/\/correiodasemana.com\/site\/?p=37087"},"modified":"2026-01-17T16:22:25","modified_gmt":"2026-01-17T19:22:25","slug":"primeira-captacao-de-coracao-do-ano-e-realizada-na-santa-casa-de-sobral","status":"publish","type":"post","link":"https:\/\/correiodasemana.com\/site\/primeira-captacao-de-coracao-do-ano-e-realizada-na-santa-casa-de-sobral\/","title":{"rendered":"Primeira capta\u00e7\u00e3o de cora\u00e7\u00e3o do ano \u00e9 realizada na Santa Casa de Sobral"},"content":{"rendered":"<div id='gallery-1' class='gallery galleryid-37087 gallery-columns-6 gallery-size-thumbnail'><figure class='gallery-item'>\n\t\t\t<div class='gallery-icon portrait'>\n\t\t\t\t<a href='https:\/\/correiodasemana.com\/site\/primeira-captacao-de-coracao-do-ano-e-realizada-na-santa-casa-de-sobral\/doacao-de-orgaos-1-2\/'><img loading=\"lazy\" width=\"150\" height=\"150\" src=\"https:\/\/correiodasemana.com\/site\/wp-content\/uploads\/2026\/01\/Doacao-de-orgaos-1-150x150.png\" class=\"attachment-thumbnail size-thumbnail\" alt=\"Doa\u00e7\u00e3o de \u00f3rg\u00e3os (1)\" loading=\"lazy\" decoding=\"async\" \/><\/a>\n\t\t\t<\/div><\/figure><figure class='gallery-item'>\n\t\t\t<div class='gallery-icon portrait'>\n\t\t\t\t<a href='https:\/\/correiodasemana.com\/site\/primeira-captacao-de-coracao-do-ano-e-realizada-na-santa-casa-de-sobral\/doacao-de-orgaos-2-2\/'><img loading=\"lazy\" width=\"150\" height=\"150\" src=\"https:\/\/correiodasemana.com\/site\/wp-content\/uploads\/2026\/01\/Doacao-de-orgaos-2-150x150.png\" class=\"attachment-thumbnail size-thumbnail\" alt=\"Doa\u00e7\u00e3o de \u00f3rg\u00e3os (2)\" loading=\"lazy\" decoding=\"async\" \/><\/a>\n\t\t\t<\/div><\/figure>\n\t\t<\/div>\n\n<p>A Santa Casa de Miseric\u00f3rdia de Sobral realizou, no \u00faltimo domingo (11), a primeira capta\u00e7\u00e3o de cora\u00e7\u00e3o para transplante de 2026. Gra\u00e7as \u00e0 generosidade de uma fam\u00edlia em luto, tamb\u00e9m foram doados f\u00edgado, rins e c\u00f3rneas, beneficiando pacientes que aguardavam por transplante no Cear\u00e1.<br \/>\nEsta foi a segunda capta\u00e7\u00e3o de \u00f3rg\u00e3os do ano na institui\u00e7\u00e3o. Na sexta-feira (9), j\u00e1 haviam sido captados f\u00edgado, rins e c\u00f3rneas, refor\u00e7ando o compromisso da Santa Casa com a pol\u00edtica de doa\u00e7\u00e3o de \u00f3rg\u00e3os e tecidos.<br \/>\nA equipe da Organiza\u00e7\u00e3o de Procura de \u00d3rg\u00e3os (OPO) da Santa Casa atua de forma especializada em todas as etapas do processo, desde a identifica\u00e7\u00e3o de potenciais doadores at\u00e9 o acolhimento humanizado das fam\u00edlias. Esse trabalho \u00e9 fundamental para transformar um momento de dor em esperan\u00e7a para outras vidas.<br \/>\nNo Brasil, a doa\u00e7\u00e3o de \u00f3rg\u00e3os s\u00f3 acontece mediante autoriza\u00e7\u00e3o familiar, o que torna essencial o di\u00e1logo pr\u00e9vio sobre o desejo de ser doador. O enfermeiro da OPO, Thiago Ribeiro, destaca a import\u00e2ncia dessa conversa. \u201c\u00c9 essencial que as fam\u00edlias estejam informadas e, acima de tudo, dialoguem entre si sobre o desejo de doar. Um \u2018sim\u2019, mesmo em um momento de dor, pode salvar muitas vidas\u201d, afirma.<br \/>\nO coordenador m\u00e9dico da OPO da Santa Casa de Sobral, Leonardo Azevedo, ressalta que a doa\u00e7\u00e3o de \u00f3rg\u00e3os \u00e9 um gesto de amor que ultrapassa a perda. \u201cPara muitos pacientes, o transplante \u00e9 a \u00faltima chance de vida \u2014 uma esperan\u00e7a que s\u00f3 se torna poss\u00edvel pela generosidade de fam\u00edlias que, mesmo em meio ao luto, escolhem transformar a perda em solidariedade profunda. Nesse gesto, o luto ganha novo significado: a dor da despedida se transforma em al\u00edvio para outras fam\u00edlias, em esperan\u00e7a renovada, em vida que segue. Doar \u00e9 eternizar o amor, mesmo na aus\u00eancia.\u201d<br \/>\nA Santa Casa de Sobral segue rigorosamente todos os protocolos estabelecidos pelo Minist\u00e9rio da Sa\u00fade e refor\u00e7a a import\u00e2ncia da empatia, do respeito e do acolhimento \u00e0s fam\u00edlias, que, mesmo em um momento t\u00e3o dif\u00edcil, realizam um gesto de amor que transcende a vida.<\/p>\n","protected":false},"excerpt":{"rendered":"<p>A Santa Casa de Miseric\u00f3rdia de Sobral realizou, no \u00faltimo domingo (11), a primeira capta\u00e7\u00e3o&#8230;<\/p>\n","protected":false},"author":7,"featured_media":37089,"comment_status":"open","ping_status":"open","sticky":false,"template":"","format":"standard","meta":{"_jetpack_memberships_contains_paid_content":false,"footnotes":"","jetpack_publicize_message":"","jetpack_publicize_feature_enabled":true,"jetpack_social_post_already_shared":true,"jetpack_social_options":{"image_generator_settings":{"template":"highway","default_image_id":0,"font":"","enabled":false},"version":2}},"categories":[1],"tags":[],"class_list":["post-37087","post","type-post","status-publish","format-standard","has-post-thumbnail","hentry","category-atualidade"],"jetpack_publicize_connections":[],"jetpack_featured_media_url":"https:\/\/correiodasemana.com\/site\/wp-content\/uploads\/2026\/01\/Doacao-de-orgaos-2.png","jetpack-related-posts":[{"id":26244,"url":"https:\/\/correiodasemana.com\/site\/apos-10-anos-santa-casa-de-sobral-realiza-captacao-de-coracao\/","url_meta":{"origin":37087,"position":0},"title":"Ap\u00f3s 10 anos, Santa Casa de Sobral realiza capta\u00e7\u00e3o de cora\u00e7\u00e3o","author":"","date":"Agosto 23, 2023","format":false,"excerpt":"Com empenho em salvar vidas de quem aguarda na fila por transplantes de \u00f3rg\u00e3os, a Santa Casa de Miseric\u00f3rdia de Sobral, realizou, na quinta-feira (17\/08), uma capta\u00e7\u00e3o de cora\u00e7\u00e3o, fato que n\u00e3o ocorria na unidade h\u00e1 10 anos. Al\u00e9m do cora\u00e7\u00e3o, o hospital tamb\u00e9m fez a capta\u00e7\u00e3o de m\u00faltiplos \u00f3rg\u00e3os\u2026","rel":"","context":"In &quot;Atualidade&quot;","block_context":{"text":"Atualidade","link":"https:\/\/correiodasemana.com\/site\/category\/atualidade\/"},"img":{"alt_text":"","src":"https:\/\/i0.wp.com\/correiodasemana.com\/site\/wp-content\/uploads\/2023\/08\/santacasasobral_1692797646871.jpeg?resize=350%2C200&ssl=1","width":350,"height":200,"srcset":"https:\/\/i0.wp.com\/correiodasemana.com\/site\/wp-content\/uploads\/2023\/08\/santacasasobral_1692797646871.jpeg?resize=350%2C200&ssl=1 1x, https:\/\/i0.wp.com\/correiodasemana.com\/site\/wp-content\/uploads\/2023\/08\/santacasasobral_1692797646871.jpeg?resize=525%2C300&ssl=1 1.5x, https:\/\/i0.wp.com\/correiodasemana.com\/site\/wp-content\/uploads\/2023\/08\/santacasasobral_1692797646871.jpeg?resize=700%2C400&ssl=1 2x"},"classes":[]},{"id":9142,"url":"https:\/\/correiodasemana.com\/site\/sobral-e-referencia-em-transplante-de-cornea\/","url_meta":{"origin":37087,"position":1},"title":"Sobral \u00e9 refer\u00eancia em Transplante de C\u00f3rnea","author":"","date":"Setembro 15, 2019","format":false,"excerpt":"O Minist\u00e9rio da Sa\u00fade descreve\u00a0o transplante como um procedimento cir\u00fargico que consiste na reposi\u00e7\u00e3o de um \u00f3rg\u00e3o (cora\u00e7\u00e3o, pulm\u00e3o, rim, p\u00e2ncreas, f\u00edgado) ou tecido (medula \u00f3ssea, ossos, c\u00f3rneas) de uma pessoa doente (receptor), por outro \u00f3rg\u00e3o ou tecido normal de um doador vivo ou morto. Em Sobral, no ano de\u2026","rel":"","context":"In &quot;Atualidade&quot;","block_context":{"text":"Atualidade","link":"https:\/\/correiodasemana.com\/site\/category\/atualidade\/"},"img":{"alt_text":"","src":"https:\/\/i0.wp.com\/correiodasemana.com\/site\/wp-content\/uploads\/2019\/09\/WhatsApp-Image-2019-09-13-at-00.08.25.jpeg?resize=350%2C200&ssl=1","width":350,"height":200,"srcset":"https:\/\/i0.wp.com\/correiodasemana.com\/site\/wp-content\/uploads\/2019\/09\/WhatsApp-Image-2019-09-13-at-00.08.25.jpeg?resize=350%2C200&ssl=1 1x, https:\/\/i0.wp.com\/correiodasemana.com\/site\/wp-content\/uploads\/2019\/09\/WhatsApp-Image-2019-09-13-at-00.08.25.jpeg?resize=525%2C300&ssl=1 1.5x, https:\/\/i0.wp.com\/correiodasemana.com\/site\/wp-content\/uploads\/2019\/09\/WhatsApp-Image-2019-09-13-at-00.08.25.jpeg?resize=700%2C400&ssl=1 2x, https:\/\/i0.wp.com\/correiodasemana.com\/site\/wp-content\/uploads\/2019\/09\/WhatsApp-Image-2019-09-13-at-00.08.25.jpeg?resize=1050%2C600&ssl=1 3x"},"classes":[]},{"id":36151,"url":"https:\/\/correiodasemana.com\/site\/santa-casa-de-sobral-realiza-segunda-captacao-de-coracao-para-transplante-do-ano\/","url_meta":{"origin":37087,"position":2},"title":"Santa Casa de Sobral realiza segunda capta\u00e7\u00e3o de cora\u00e7\u00e3o para transplante do ano","author":"adminredacao","date":"Novembro 3, 2025","format":false,"excerpt":"A Santa Casa de Miseric\u00f3rdia de Sobral realizou a segunda capta\u00e7\u00e3o de cora\u00e7\u00e3o para transplante deste ano no \u00faltimo s\u00e1bado (25). Gra\u00e7as \u00e0 generosidade de uma fam\u00edlia em luto, tamb\u00e9m foram doados f\u00edgado e rins, que seguiram para pacientes que aguardavam por um transplante no Cear\u00e1. Somente neste ano, a\u2026","rel":"","context":"In &quot;Atualidade&quot;","block_context":{"text":"Atualidade","link":"https:\/\/correiodasemana.com\/site\/category\/atualidade\/"},"img":{"alt_text":"","src":"https:\/\/i0.wp.com\/correiodasemana.com\/site\/wp-content\/uploads\/2025\/11\/Doacao-de-orgaos-3-scaled.jpeg?resize=350%2C200&ssl=1","width":350,"height":200,"srcset":"https:\/\/i0.wp.com\/correiodasemana.com\/site\/wp-content\/uploads\/2025\/11\/Doacao-de-orgaos-3-scaled.jpeg?resize=350%2C200&ssl=1 1x, https:\/\/i0.wp.com\/correiodasemana.com\/site\/wp-content\/uploads\/2025\/11\/Doacao-de-orgaos-3-scaled.jpeg?resize=525%2C300&ssl=1 1.5x, https:\/\/i0.wp.com\/correiodasemana.com\/site\/wp-content\/uploads\/2025\/11\/Doacao-de-orgaos-3-scaled.jpeg?resize=700%2C400&ssl=1 2x, https:\/\/i0.wp.com\/correiodasemana.com\/site\/wp-content\/uploads\/2025\/11\/Doacao-de-orgaos-3-scaled.jpeg?resize=1050%2C600&ssl=1 3x, https:\/\/i0.wp.com\/correiodasemana.com\/site\/wp-content\/uploads\/2025\/11\/Doacao-de-orgaos-3-scaled.jpeg?resize=1400%2C800&ssl=1 4x"},"classes":[]},{"id":14554,"url":"https:\/\/correiodasemana.com\/site\/santa-casa-de-misericordia-de-sobral-atinge-marca-de-400-transplantes-de-corneas-realizados\/","url_meta":{"origin":37087,"position":3},"title":"Santa Casa de Miseric\u00f3rdia de Sobral atinge marca de 400 transplantes de c\u00f3rneas realizados","author":"","date":"Novembro 16, 2020","format":false,"excerpt":"Hospital \u00e9 o \u00fanico do interior do Cear\u00e1 a realizar esse tipo de procedimento. Ascom Complexo SCMS \u201cAno passado descobri que precisaria fazer transplante de c\u00f3rneas nos meus dois olhos. No in\u00edcio foi dif\u00edcil aceitar, chorei bastante. Mas hoje estou feliz aqui na Santa Casa realizando o primeiro transplante no\u2026","rel":"","context":"In &quot;Atualidade&quot;","block_context":{"text":"Atualidade","link":"https:\/\/correiodasemana.com\/site\/category\/atualidade\/"},"img":{"alt_text":"","src":"https:\/\/i0.wp.com\/correiodasemana.com\/site\/wp-content\/uploads\/2020\/11\/Tranplante-corneas-400.jpg?resize=350%2C200&ssl=1","width":350,"height":200,"srcset":"https:\/\/i0.wp.com\/correiodasemana.com\/site\/wp-content\/uploads\/2020\/11\/Tranplante-corneas-400.jpg?resize=350%2C200&ssl=1 1x, https:\/\/i0.wp.com\/correiodasemana.com\/site\/wp-content\/uploads\/2020\/11\/Tranplante-corneas-400.jpg?resize=525%2C300&ssl=1 1.5x"},"classes":[]},{"id":30694,"url":"https:\/\/correiodasemana.com\/site\/ceara-realiza-944-transplantes-no-primeiro-semestre-de-2024\/","url_meta":{"origin":37087,"position":4},"title":"Cear\u00e1 realiza 944 transplantes no primeiro semestre de 2024","author":"adminredacao","date":"Setembro 16, 2024","format":false,"excerpt":"C\u00f3rnea, f\u00edgado, rins e medula \u00f3ssea s\u00e3o os principais destaques dos procedimentos realizados no estado Para conscientizar a popula\u00e7\u00e3o sobre a import\u00e2ncia da doa\u00e7\u00e3o de \u00f3rg\u00e3os, o Minist\u00e9rio da Sa\u00fade lan\u00e7a a campanha \u201cSetembro Verde\u201d. Entre janeiro e junho deste ano, foram realizados 14.352 transplantes pelo\u00a0Sistema \u00danico de Sa\u00fade (SUS)\u00a0em\u2026","rel":"","context":"In &quot;Atualidade&quot;","block_context":{"text":"Atualidade","link":"https:\/\/correiodasemana.com\/site\/category\/atualidade\/"},"img":{"alt_text":"","src":"https:\/\/i0.wp.com\/correiodasemana.com\/site\/wp-content\/uploads\/2024\/09\/5ce6de4f-1419-4750-8606-6f18ac39d5c4.jpeg?resize=350%2C200&ssl=1","width":350,"height":200,"srcset":"https:\/\/i0.wp.com\/correiodasemana.com\/site\/wp-content\/uploads\/2024\/09\/5ce6de4f-1419-4750-8606-6f18ac39d5c4.jpeg?resize=350%2C200&ssl=1 1x, https:\/\/i0.wp.com\/correiodasemana.com\/site\/wp-content\/uploads\/2024\/09\/5ce6de4f-1419-4750-8606-6f18ac39d5c4.jpeg?resize=525%2C300&ssl=1 1.5x, https:\/\/i0.wp.com\/correiodasemana.com\/site\/wp-content\/uploads\/2024\/09\/5ce6de4f-1419-4750-8606-6f18ac39d5c4.jpeg?resize=700%2C400&ssl=1 2x"},"classes":[]},{"id":30735,"url":"https:\/\/correiodasemana.com\/site\/regionalizacao-da-saude-fortalece-rede-de-transplantes\/","url_meta":{"origin":37087,"position":5},"title":"Regionaliza\u00e7\u00e3o da sa\u00fade fortalece rede de transplantes","author":"adminredacao","date":"Setembro 23, 2024","format":false,"excerpt":"O m\u00eas de setembro \u00e9 dedicado \u00e0 conscientiza\u00e7\u00e3o sobre a import\u00e2ncia da doa\u00e7\u00e3o de \u00f3rg\u00e3os e tecidos, por meio do Setembro Verde, que busca incentivar esse gesto de solidariedade que pode fazer a diferen\u00e7a no futuro de quem aguarda por um transplante. De um lado, a dor de parentes que\u2026","rel":"","context":"In &quot;Atualidade&quot;","block_context":{"text":"Atualidade","link":"https:\/\/correiodasemana.com\/site\/category\/atualidade\/"},"img":{"alt_text":"","src":"https:\/\/i0.wp.com\/correiodasemana.com\/site\/wp-content\/uploads\/2024\/09\/Hospitais-Regionais-captacao-orgaos-transplantes-1200x800-1.jpg?resize=350%2C200&ssl=1","width":350,"height":200,"srcset":"https:\/\/i0.wp.com\/correiodasemana.com\/site\/wp-content\/uploads\/2024\/09\/Hospitais-Regionais-captacao-orgaos-transplantes-1200x800-1.jpg?resize=350%2C200&ssl=1 1x, https:\/\/i0.wp.com\/correiodasemana.com\/site\/wp-content\/uploads\/2024\/09\/Hospitais-Regionais-captacao-orgaos-transplantes-1200x800-1.jpg?resize=525%2C300&ssl=1 1.5x, https:\/\/i0.wp.com\/correiodasemana.com\/site\/wp-content\/uploads\/2024\/09\/Hospitais-Regionais-captacao-orgaos-transplantes-1200x800-1.jpg?resize=700%2C400&ssl=1 2x, https:\/\/i0.wp.com\/correiodasemana.com\/site\/wp-content\/uploads\/2024\/09\/Hospitais-Regionais-captacao-orgaos-transplantes-1200x800-1.jpg?resize=1050%2C600&ssl=1 3x"},"classes":[]}],"jetpack_sharing_enabled":true,"_links":{"self":[{"href":"https:\/\/correiodasemana.com\/site\/wp-json\/wp\/v2\/posts\/37087","targetHints":{"allow":["GET"]}}],"collection":[{"href":"https:\/\/correiodasemana.com\/site\/wp-json\/wp\/v2\/posts"}],"about":[{"href":"https:\/\/correiodasemana.com\/site\/wp-json\/wp\/v2\/types\/post"}],"author":[{"embeddable":true,"href":"https:\/\/correiodasemana.com\/site\/wp-json\/wp\/v2\/users\/7"}],"replies":[{"embeddable":true,"href":"https:\/\/correiodasemana.com\/site\/wp-json\/wp\/v2\/comments?post=37087"}],"version-history":[{"count":1,"href":"https:\/\/correiodasemana.com\/site\/wp-json\/wp\/v2\/posts\/37087\/revisions"}],"predecessor-version":[{"id":37090,"href":"https:\/\/correiodasemana.com\/site\/wp-json\/wp\/v2\/posts\/37087\/revisions\/37090"}],"wp:featuredmedia":[{"embeddable":true,"href":"https:\/\/correiodasemana.com\/site\/wp-json\/wp\/v2\/media\/37089"}],"wp:attachment":[{"href":"https:\/\/correiodasemana.com\/site\/wp-json\/wp\/v2\/media?parent=37087"}],"wp:term":[{"taxonomy":"category","embeddable":true,"href":"https:\/\/correiodasemana.com\/site\/wp-json\/wp\/v2\/categories?post=37087"},{"taxonomy":"post_tag","embeddable":true,"href":"https:\/\/correiodasemana.com\/site\/wp-json\/wp\/v2\/tags?post=37087"}],"curies":[{"name":"wp","href":"https:\/\/api.w.org\/{rel}","templated":true}]}}