{"id":37096,"date":"2026-01-17T16:25:12","date_gmt":"2026-01-17T19:25:12","guid":{"rendered":"https:\/\/correiodasemana.com\/site\/?p=37096"},"modified":"2026-01-17T16:25:12","modified_gmt":"2026-01-17T19:25:12","slug":"uva-celebra-excelencia-academica-com-nota-maxima-da-capes-no-programa-de-pos-graduacao-em-saude-da-familia","status":"publish","type":"post","link":"https:\/\/correiodasemana.com\/site\/uva-celebra-excelencia-academica-com-nota-maxima-da-capes-no-programa-de-pos-graduacao-em-saude-da-familia\/","title":{"rendered":"UVA celebra excel\u00eancia acad\u00eamica com nota m\u00e1xima da CAPES no Programa de P\u00f3s-Gradua\u00e7\u00e3o em Sa\u00fade da Fam\u00edlia"},"content":{"rendered":"<p>O Programa de P\u00f3s-Gradua\u00e7\u00e3o em Sa\u00fade da Fam\u00edlia \u2013 Mestrado e Doutorado Profissional da Universidade Estadual Vale do Acara\u00fa (UVA), vinculado ao Programa Nordeste de Forma\u00e7\u00e3o em Sa\u00fade da Fam\u00edlia (RENASF), obteve nota m\u00e1xima (5) na Avalia\u00e7\u00e3o Quadrienal da Coordena\u00e7\u00e3o de Aperfei\u00e7oamento de Pessoal de N\u00edvel Superior (CAPES), referente ao per\u00edodo 2021-2024.<br \/>\nA avalia\u00e7\u00e3o da CAPES \u00e9 conduzida com base no reconhecimento e confiabilidade assegurados pela an\u00e1lise por pares. Esses crit\u00e9rios s\u00e3o amplamente debatidos e periodicamente atualizados pela comunidade acad\u00eamico-cient\u00edfica, garantindo transpar\u00eancia por meio da divulga\u00e7\u00e3o p\u00fablica das decis\u00f5es, a\u00e7\u00f5es e resultados do processo avaliativo.<br \/>\nAl\u00e9m do Programa de P\u00f3s-Gradua\u00e7\u00e3o em Sa\u00fade da Fam\u00edlia, tamb\u00e9m foram avaliados outros programas da UVA, que obtiveram os seguintes resultados: Geografia (nota 4), Filosofia (nota 4), Sociologia (nota 4) e Zootecnia (nota 3). O Programa de P\u00f3s-Gradua\u00e7\u00e3o em Sa\u00fade da Fam\u00edlia, na modalidade acad\u00eamica, em associa\u00e7\u00e3o com a Universidade Federal do Cear\u00e1 (UFC), recebeu nota 3.<br \/>\nO resultado \u00e9 um reflexo da excel\u00eancia acad\u00eamica da UVA, que investe em forma\u00e7\u00e3o qualificada de pesquisadores e na produ\u00e7\u00e3o de conhecimento relevante para o desenvolvimento cient\u00edfico e social.<br \/>\nThais Helena &#8211; Jornalista &#8211; Jornal Correio da Semana<\/p>\n","protected":false},"excerpt":{"rendered":"<p>O Programa de P\u00f3s-Gradua\u00e7\u00e3o em Sa\u00fade da Fam\u00edlia \u2013 Mestrado e Doutorado Profissional da Universidade&#8230;<\/p>\n","protected":false},"author":7,"featured_media":37097,"comment_status":"open","ping_status":"open","sticky":false,"template":"","format":"standard","meta":{"_jetpack_memberships_contains_paid_content":false,"footnotes":"","jetpack_publicize_message":"","jetpack_publicize_feature_enabled":true,"jetpack_social_post_already_shared":true,"jetpack_social_options":{"image_generator_settings":{"template":"highway","default_image_id":0,"font":"","enabled":false},"version":2}},"categories":[1],"tags":[],"class_list":["post-37096","post","type-post","status-publish","format-standard","has-post-thumbnail","hentry","category-atualidade"],"jetpack_publicize_connections":[],"jetpack_featured_media_url":"https:\/\/correiodasemana.com\/site\/wp-content\/uploads\/2026\/01\/WhatsApp-Image-2026-01-16-at-13.38.47.jpeg","jetpack-related-posts":[{"id":37048,"url":"https:\/\/correiodasemana.com\/site\/em-tempo-310\/","url_meta":{"origin":37096,"position":0},"title":"EM TEMPO \u2022","author":"adminredacao","date":"Janeiro 17, 2026","format":false,"excerpt":"Editais da Pol\u00edtica Nacional Aldir Blanc Secretaria da Cultura do Estado tem oito editais do segundo ciclo da Pol\u00edtica Nacional Aldir Blanc de Fomento \u00e0 Cultura, com inscri\u00e7\u00f5es at\u00e9 23 de janeiro, exclusivamente pelo Mapa Cultural do Cear\u00e1, onde tamb\u00e9m est\u00e3o dispon\u00edveis os regulamentos e demais informa\u00e7\u00f5es. Editais: Pr\u00eamio Pedro\u2026","rel":"","context":"In &quot;Artigos&quot;","block_context":{"text":"Artigos","link":"https:\/\/correiodasemana.com\/site\/category\/artigos\/"},"img":{"alt_text":"","src":"https:\/\/i0.wp.com\/correiodasemana.com\/site\/wp-content\/uploads\/2026\/01\/Wagner-Moura-150x150.jpg?resize=350%2C200&ssl=1","width":350,"height":200,"srcset":"https:\/\/i0.wp.com\/correiodasemana.com\/site\/wp-content\/uploads\/2026\/01\/Wagner-Moura-150x150.jpg?resize=350%2C200&ssl=1 1x, https:\/\/i0.wp.com\/correiodasemana.com\/site\/wp-content\/uploads\/2026\/01\/Wagner-Moura-150x150.jpg?resize=525%2C300&ssl=1 1.5x, https:\/\/i0.wp.com\/correiodasemana.com\/site\/wp-content\/uploads\/2026\/01\/Wagner-Moura-150x150.jpg?resize=700%2C400&ssl=1 2x"},"classes":[]},{"id":17129,"url":"https:\/\/correiodasemana.com\/site\/em-tempo-93\/","url_meta":{"origin":37096,"position":1},"title":"Em Tempo","author":"","date":"Agosto 2, 2021","format":false,"excerpt":"Inscri\u00e7\u00f5es para pessoas com defici\u00eancia Pessoas com defici\u00eancia t\u00eam novo prazo para se inscrever no concurso do Banco do Brasil. O edital do certame foi retificado pelo Governo Federal e estende as inscri\u00e7\u00f5es para esse grupo at\u00e9 o dia 7 de agosto. Para os outros concorrentes, o per\u00edodo foi encerrado\u2026","rel":"","context":"In &quot;Artigos&quot;","block_context":{"text":"Artigos","link":"https:\/\/correiodasemana.com\/site\/category\/artigos\/"},"img":{"alt_text":"","src":"https:\/\/i0.wp.com\/correiodasemana.com\/site\/wp-content\/uploads\/2019\/12\/FOTO-EDILSON-SILVA-2.jpg?resize=350%2C200&ssl=1","width":350,"height":200,"srcset":"https:\/\/i0.wp.com\/correiodasemana.com\/site\/wp-content\/uploads\/2019\/12\/FOTO-EDILSON-SILVA-2.jpg?resize=350%2C200&ssl=1 1x, https:\/\/i0.wp.com\/correiodasemana.com\/site\/wp-content\/uploads\/2019\/12\/FOTO-EDILSON-SILVA-2.jpg?resize=525%2C300&ssl=1 1.5x, https:\/\/i0.wp.com\/correiodasemana.com\/site\/wp-content\/uploads\/2019\/12\/FOTO-EDILSON-SILVA-2.jpg?resize=700%2C400&ssl=1 2x"},"classes":[]},{"id":20279,"url":"https:\/\/correiodasemana.com\/site\/em-tempo-139\/","url_meta":{"origin":37096,"position":2},"title":"Em Tempo","author":"","date":"Junho 27, 2022","format":false,"excerpt":"Microempreendedor Individual A Universidade Estadual do Cear\u00e1 oferta 5.500 vagas para o curso Microempreendedor Individual (MEI), que acontece no segundo semestre. As oportunidades est\u00e3o distribu\u00eddas nos munic\u00edpios de Fortaleza, Caucaia, Maracana\u00fa, Juazeiro do Norte, Crato, Itapipoca e Sobral. A pr\u00e9-matr\u00edcula dos estudantes ocorre at\u00e9 5 de julho e \u00e9 realizada\u2026","rel":"","context":"In &quot;Artigos&quot;","block_context":{"text":"Artigos","link":"https:\/\/correiodasemana.com\/site\/category\/artigos\/"},"img":{"alt_text":"","src":"https:\/\/i0.wp.com\/correiodasemana.com\/site\/wp-content\/uploads\/2022\/06\/IZOLDA_CAMOCIM_HS3227-300x200.jpg?resize=350%2C200&ssl=1","width":350,"height":200},"classes":[]},{"id":20602,"url":"https:\/\/correiodasemana.com\/site\/em-tempo-144\/","url_meta":{"origin":37096,"position":3},"title":"Em Tempo","author":"","date":"Julho 31, 2022","format":false,"excerpt":"Mestrado em Ci\u00eancia da Informa\u00e7\u00e3o O Programa de P\u00f3s-Gradua\u00e7\u00e3o em Ci\u00eancia da Informa\u00e7\u00e3o da Universidade Federal do Cear\u00e1 lan\u00e7ou edital referente ao processo seletivo para mestrado acad\u00eamico 2022.2. As inscri\u00e7\u00f5es estar\u00e3o abertas no per\u00edodo de\u00a01\u00ba a 31 de agosto. S\u00e3o ofertadas\u00a0at\u00e9 12 vagas, em Fortaleza. Podem participar profissionais portadores de\u2026","rel":"","context":"In &quot;Artigos&quot;","block_context":{"text":"Artigos","link":"https:\/\/correiodasemana.com\/site\/category\/artigos\/"},"img":{"alt_text":"","src":"https:\/\/i0.wp.com\/correiodasemana.com\/site\/wp-content\/uploads\/2022\/07\/col-em-tempo-1-300x168.jpg?resize=350%2C200&ssl=1","width":350,"height":200},"classes":[]},{"id":26451,"url":"https:\/\/correiodasemana.com\/site\/em-tempo-192\/","url_meta":{"origin":37096,"position":4},"title":"Em Tempo","author":"adminredacao","date":"Setembro 11, 2023","format":false,"excerpt":"Inscri\u00e7\u00f5es do Vestibular UVA A Universidade Estadual Vale do Acara\u00fa (UVA), por meio da Comiss\u00e3o Executiva de Processos Seletivos, divulgou edital com todas as informa\u00e7\u00f5es sobre o Vestibular 2024.1. As inscri\u00e7\u00f5es ser\u00e3o realizadas no per\u00edodo de 2 a 31 de outubro, com oferta de 1.140 vagas. Deste total de vagas,\u2026","rel":"","context":"In &quot;Artigos&quot;","block_context":{"text":"Artigos","link":"https:\/\/correiodasemana.com\/site\/category\/artigos\/"},"img":{"alt_text":"","src":"https:\/\/i0.wp.com\/correiodasemana.com\/site\/wp-content\/uploads\/2023\/09\/geraldo-azevedo-300x169.jpg?resize=350%2C200&ssl=1","width":350,"height":200},"classes":[]},{"id":20654,"url":"https:\/\/correiodasemana.com\/site\/em-tempo-145\/","url_meta":{"origin":37096,"position":5},"title":"Em Tempo","author":"","date":"Agosto 8, 2022","format":false,"excerpt":"Cursos gratuitos de p\u00f3s-gradua\u00e7\u00e3o A Universidade Estadual Vale do Acara\u00fa (UVA) lan\u00e7ou processo seletivo para ingresso nos cursos de Especializa\u00e7\u00e3o em Sa\u00fade na Educa\u00e7\u00e3o e em Tend\u00eancias da Educa\u00e7\u00e3o Matem\u00e1tica, na modalidade de Ensino a Dist\u00e2ncia,em parceria com o Programa Universidade Aberta do Brasil. Tamb\u00e9m foi lan\u00e7ado processo aeletivo para\u2026","rel":"","context":"In &quot;Artigos&quot;","block_context":{"text":"Artigos","link":"https:\/\/correiodasemana.com\/site\/category\/artigos\/"},"img":{"alt_text":"","src":"https:\/\/i0.wp.com\/correiodasemana.com\/site\/wp-content\/uploads\/2022\/08\/secretario-de-saude-carlos-hilton-300x203.jpg?resize=350%2C200&ssl=1","width":350,"height":200},"classes":[]}],"jetpack_sharing_enabled":true,"_links":{"self":[{"href":"https:\/\/correiodasemana.com\/site\/wp-json\/wp\/v2\/posts\/37096","targetHints":{"allow":["GET"]}}],"collection":[{"href":"https:\/\/correiodasemana.com\/site\/wp-json\/wp\/v2\/posts"}],"about":[{"href":"https:\/\/correiodasemana.com\/site\/wp-json\/wp\/v2\/types\/post"}],"author":[{"embeddable":true,"href":"https:\/\/correiodasemana.com\/site\/wp-json\/wp\/v2\/users\/7"}],"replies":[{"embeddable":true,"href":"https:\/\/correiodasemana.com\/site\/wp-json\/wp\/v2\/comments?post=37096"}],"version-history":[{"count":1,"href":"https:\/\/correiodasemana.com\/site\/wp-json\/wp\/v2\/posts\/37096\/revisions"}],"predecessor-version":[{"id":37098,"href":"https:\/\/correiodasemana.com\/site\/wp-json\/wp\/v2\/posts\/37096\/revisions\/37098"}],"wp:featuredmedia":[{"embeddable":true,"href":"https:\/\/correiodasemana.com\/site\/wp-json\/wp\/v2\/media\/37097"}],"wp:attachment":[{"href":"https:\/\/correiodasemana.com\/site\/wp-json\/wp\/v2\/media?parent=37096"}],"wp:term":[{"taxonomy":"category","embeddable":true,"href":"https:\/\/correiodasemana.com\/site\/wp-json\/wp\/v2\/categories?post=37096"},{"taxonomy":"post_tag","embeddable":true,"href":"https:\/\/correiodasemana.com\/site\/wp-json\/wp\/v2\/tags?post=37096"}],"curies":[{"name":"wp","href":"https:\/\/api.w.org\/{rel}","templated":true}]}}