{"id":37099,"date":"2026-01-17T16:25:47","date_gmt":"2026-01-17T19:25:47","guid":{"rendered":"https:\/\/correiodasemana.com\/site\/?p=37099"},"modified":"2026-01-17T16:25:47","modified_gmt":"2026-01-17T19:25:47","slug":"papa-leao-institui-ano-jubilar-em-alusao-aos-800-anos-da-morte-de-sao-francisco","status":"publish","type":"post","link":"https:\/\/correiodasemana.com\/site\/papa-leao-institui-ano-jubilar-em-alusao-aos-800-anos-da-morte-de-sao-francisco\/","title":{"rendered":"Papa Le\u00e3o institui Ano Jubilar em alus\u00e3o aos 800 anos da morte de S\u00e3o Francisco"},"content":{"rendered":"<p>Marcando os 800 anos da morte de S\u00e3o Francisco de Assis, o Papa Le\u00e3o instituiu oficialmente o Ano Jubilar Franciscano, convidando toda a Igreja a viver um tempo especial de gra\u00e7a, convers\u00e3o e renova\u00e7\u00e3o espiritual, inspirado no carisma do santo de Assis. O Jubileu ser\u00e1 encerrado no dia 10 de janeiro de 2027.<br \/>\nO Ano Jubilar recorda a vida e o testemunho de S\u00e3o Francisco, que faleceu em 1226 e permanece, at\u00e9 hoje, como um dos maiores exemplos de simplicidade, amor aos pobres, cuidado com a cria\u00e7\u00e3o e compromisso com a paz. Seu legado atravessa os s\u00e9culos e continua a interpelar os crist\u00e3os a viverem o Evangelho com autenticidade, alegria e fraternidade.<br \/>\nDurante o per\u00edodo jubilar, os fi\u00e9is que participarem das celebra\u00e7\u00f5es e cumprirem as disposi\u00e7\u00f5es estabelecidas pela Igreja poder\u00e3o receber a indulg\u00eancia plen\u00e1ria, como sinal da miseric\u00f3rdia de Deus e do chamado \u00e0 convers\u00e3o do cora\u00e7\u00e3o. A viv\u00eancia do Jubileu ser\u00e1 marcada por momentos de ora\u00e7\u00e3o, penit\u00eancia, reconcilia\u00e7\u00e3o e obras de caridade.<br \/>\nAo instituir o Ano Jubilar Franciscano, o Papa Le\u00e3o convida toda a comunidade eclesial para renovar a f\u00e9, aprofundar a esperan\u00e7a e seguir, com maior fidelidade, os passos de Cristo, \u00e0 luz do testemunho de S\u00e3o Francisco de Assis.<\/p>\n<p>Tha\u00eds Helena &#8211; Jornalista &#8211; Jornal Correio da Semana<\/p>\n","protected":false},"excerpt":{"rendered":"<p>Marcando os 800 anos da morte de S\u00e3o Francisco de Assis, o Papa Le\u00e3o instituiu&#8230;<\/p>\n","protected":false},"author":7,"featured_media":37100,"comment_status":"open","ping_status":"open","sticky":false,"template":"","format":"standard","meta":{"_jetpack_memberships_contains_paid_content":false,"footnotes":"","jetpack_publicize_message":"","jetpack_publicize_feature_enabled":true,"jetpack_social_post_already_shared":true,"jetpack_social_options":{"image_generator_settings":{"template":"highway","default_image_id":0,"font":"","enabled":false},"version":2}},"categories":[1],"tags":[],"class_list":["post-37099","post","type-post","status-publish","format-standard","has-post-thumbnail","hentry","category-atualidade"],"jetpack_publicize_connections":[],"jetpack_featured_media_url":"https:\/\/correiodasemana.com\/site\/wp-content\/uploads\/2026\/01\/62f43ed0-fc9e-47ed-aeb3-4b71503c7b17.jpeg","jetpack-related-posts":[{"id":36399,"url":"https:\/\/correiodasemana.com\/site\/paroquias-da-regiao-episcopal-vale-do-acarau-se-reunem-em-marco-para-celebrar-o-ano-jubilar\/","url_meta":{"origin":37099,"position":0},"title":"Par\u00f3quias da Regi\u00e3o Episcopal Vale do Acara\u00fa se re\u00fanem em Marco para celebrar o Ano Jubilar","author":"adminredacao","date":"Novembro 18, 2025","format":false,"excerpt":"A Par\u00f3quia de S\u00e3o Manuel, em Marco, celebrou na manh\u00e3 deste s\u00e1bado (15\/11) o Jubileu das Par\u00f3quias da Regi\u00e3o Episcopal Vale do Acara\u00fa. Participaram cerca de mil fi\u00e9is das par\u00f3quias S\u00e3o Francisco de Assis (S\u00edtio Alegre, Parapu\u00ed e Cai\u00e7ara\/Pre\u00e1), Senhora Sant\u2019Ana (Santana do Acara\u00fa), Nossa Senhora da Concei\u00e7\u00e3o (Bela Cruz),\u2026","rel":"","context":"In &quot;Atualidade&quot;","block_context":{"text":"Atualidade","link":"https:\/\/correiodasemana.com\/site\/category\/atualidade\/"},"img":{"alt_text":"","src":"https:\/\/i0.wp.com\/correiodasemana.com\/site\/wp-content\/uploads\/2025\/11\/WhatsApp-Image-2025-11-15-at-14.47.50-1.jpeg?resize=350%2C200&ssl=1","width":350,"height":200,"srcset":"https:\/\/i0.wp.com\/correiodasemana.com\/site\/wp-content\/uploads\/2025\/11\/WhatsApp-Image-2025-11-15-at-14.47.50-1.jpeg?resize=350%2C200&ssl=1 1x, https:\/\/i0.wp.com\/correiodasemana.com\/site\/wp-content\/uploads\/2025\/11\/WhatsApp-Image-2025-11-15-at-14.47.50-1.jpeg?resize=525%2C300&ssl=1 1.5x, https:\/\/i0.wp.com\/correiodasemana.com\/site\/wp-content\/uploads\/2025\/11\/WhatsApp-Image-2025-11-15-at-14.47.50-1.jpeg?resize=700%2C400&ssl=1 2x, https:\/\/i0.wp.com\/correiodasemana.com\/site\/wp-content\/uploads\/2025\/11\/WhatsApp-Image-2025-11-15-at-14.47.50-1.jpeg?resize=1050%2C600&ssl=1 3x"},"classes":[]},{"id":32036,"url":"https:\/\/correiodasemana.com\/site\/jubileu-2025-diocese-de-sobral-realiza-abertura-oficial-do-ano-da-esperanca\/","url_meta":{"origin":37099,"position":1},"title":"Jubileu 2025: Diocese de Sobral realiza abertura oficial do Ano da Esperan\u00e7a","author":"adminredacao","date":"Janeiro 15, 2025","format":false,"excerpt":"Celebrando os 2025 anos da Encarna\u00e7\u00e3o do Verbo, a Diocese de Sobral em unidade com o Santo Padre, o Papa Francisco e a igreja no mundo inteiro, realizou no findar da tarde do \u00faltimo s\u00e1bado, 28 de dezembro, a Solene Abertura do Jubileu 2025 que tem como tema: \u201cPeregrinos da\u2026","rel":"","context":"In &quot;Atualidade&quot;","block_context":{"text":"Atualidade","link":"https:\/\/correiodasemana.com\/site\/category\/atualidade\/"},"img":{"alt_text":"","src":"https:\/\/i0.wp.com\/correiodasemana.com\/site\/wp-content\/uploads\/2025\/01\/jubileu-2025-3.jpeg?resize=350%2C200&ssl=1","width":350,"height":200,"srcset":"https:\/\/i0.wp.com\/correiodasemana.com\/site\/wp-content\/uploads\/2025\/01\/jubileu-2025-3.jpeg?resize=350%2C200&ssl=1 1x, https:\/\/i0.wp.com\/correiodasemana.com\/site\/wp-content\/uploads\/2025\/01\/jubileu-2025-3.jpeg?resize=525%2C300&ssl=1 1.5x, https:\/\/i0.wp.com\/correiodasemana.com\/site\/wp-content\/uploads\/2025\/01\/jubileu-2025-3.jpeg?resize=700%2C400&ssl=1 2x, https:\/\/i0.wp.com\/correiodasemana.com\/site\/wp-content\/uploads\/2025\/01\/jubileu-2025-3.jpeg?resize=1050%2C600&ssl=1 3x, https:\/\/i0.wp.com\/correiodasemana.com\/site\/wp-content\/uploads\/2025\/01\/jubileu-2025-3.jpeg?resize=1400%2C800&ssl=1 4x"},"classes":[]},{"id":36846,"url":"https:\/\/correiodasemana.com\/site\/homilia-proferida-no-encerramento-do-ano-jubilar-2025-e-ordenacoes-presbiterais\/","url_meta":{"origin":37099,"position":2},"title":"HOMILIA PROFERIDA NO ENCERRAMENTO DO ANO JUBILAR 2025 E ORDENA\u00c7\u00d5ES PRESBITERAIS","author":"adminredacao","date":"Janeiro 6, 2026","format":false,"excerpt":"Filhos e filhas! Estamos reunidos nesta noite santa para celebrarmos solenemente a conclus\u00e3o do Ano Jubilar do Mist\u00e9rio da Encarna\u00e7\u00e3o do Verbo de Deus como Peregrinos na esperan\u00e7a. Na Diocese de Sobral foram institu\u00eddos seis Santu\u00e1rios Jubilares, lugares de Peregrina\u00e7\u00e3o e de obten\u00e7\u00e3o de Indulg\u00eancias Plen\u00e1rias, a saber: Esta igreja\u2026","rel":"","context":"In &quot;A voz do Pastor&quot;","block_context":{"text":"A voz do Pastor","link":"https:\/\/correiodasemana.com\/site\/category\/a-voz-do-pastor\/"},"img":{"alt_text":"","src":"https:\/\/i0.wp.com\/correiodasemana.com\/site\/wp-content\/uploads\/2026\/01\/Homilia-dom-vasconcelos-scaled.jpg?resize=350%2C200&ssl=1","width":350,"height":200,"srcset":"https:\/\/i0.wp.com\/correiodasemana.com\/site\/wp-content\/uploads\/2026\/01\/Homilia-dom-vasconcelos-scaled.jpg?resize=350%2C200&ssl=1 1x, https:\/\/i0.wp.com\/correiodasemana.com\/site\/wp-content\/uploads\/2026\/01\/Homilia-dom-vasconcelos-scaled.jpg?resize=525%2C300&ssl=1 1.5x, https:\/\/i0.wp.com\/correiodasemana.com\/site\/wp-content\/uploads\/2026\/01\/Homilia-dom-vasconcelos-scaled.jpg?resize=700%2C400&ssl=1 2x, https:\/\/i0.wp.com\/correiodasemana.com\/site\/wp-content\/uploads\/2026\/01\/Homilia-dom-vasconcelos-scaled.jpg?resize=1050%2C600&ssl=1 3x, https:\/\/i0.wp.com\/correiodasemana.com\/site\/wp-content\/uploads\/2026\/01\/Homilia-dom-vasconcelos-scaled.jpg?resize=1400%2C800&ssl=1 4x"},"classes":[]},{"id":32119,"url":"https:\/\/correiodasemana.com\/site\/paroquia-de-nossa-senhora-do-patrocinio-realiza-programacao-especial-para-abertura-do-jubileu-2025\/","url_meta":{"origin":37099,"position":3},"title":"Par\u00f3quia de Nossa Senhora do Patroc\u00ednio realiza programa\u00e7\u00e3o especial para Abertura do Jubileu 2025","author":"adminredacao","date":"Janeiro 15, 2025","format":false,"excerpt":"Repletos de alegria no Senhor, a comunidade paroquial de Nossa Senhora do Patroc\u00ednio situada no centro de Sobral, realizou no \u00faltimo s\u00e1bado, 28 de dezembro, uma programa\u00e7\u00e3o alusiva a abertura do Ano Jubilar 2025 que tem como tema: \u201cPeregrinos da Esperan\u00e7a\u201d. A bandeira do Jubileu em destaque na torre da\u2026","rel":"","context":"In &quot;Atualidade&quot;","block_context":{"text":"Atualidade","link":"https:\/\/correiodasemana.com\/site\/category\/atualidade\/"},"img":{"alt_text":"","src":"https:\/\/i0.wp.com\/correiodasemana.com\/site\/wp-content\/uploads\/2025\/01\/WhatsApp-Image-2025-01-03-at-13.29.13-3-scaled.jpeg?resize=350%2C200&ssl=1","width":350,"height":200,"srcset":"https:\/\/i0.wp.com\/correiodasemana.com\/site\/wp-content\/uploads\/2025\/01\/WhatsApp-Image-2025-01-03-at-13.29.13-3-scaled.jpeg?resize=350%2C200&ssl=1 1x, https:\/\/i0.wp.com\/correiodasemana.com\/site\/wp-content\/uploads\/2025\/01\/WhatsApp-Image-2025-01-03-at-13.29.13-3-scaled.jpeg?resize=525%2C300&ssl=1 1.5x, https:\/\/i0.wp.com\/correiodasemana.com\/site\/wp-content\/uploads\/2025\/01\/WhatsApp-Image-2025-01-03-at-13.29.13-3-scaled.jpeg?resize=700%2C400&ssl=1 2x, https:\/\/i0.wp.com\/correiodasemana.com\/site\/wp-content\/uploads\/2025\/01\/WhatsApp-Image-2025-01-03-at-13.29.13-3-scaled.jpeg?resize=1050%2C600&ssl=1 3x, https:\/\/i0.wp.com\/correiodasemana.com\/site\/wp-content\/uploads\/2025\/01\/WhatsApp-Image-2025-01-03-at-13.29.13-3-scaled.jpeg?resize=1400%2C800&ssl=1 4x"},"classes":[]},{"id":32076,"url":"https:\/\/correiodasemana.com\/site\/jubileu-2025\/","url_meta":{"origin":37099,"position":4},"title":"Jubileu 2025","author":"adminredacao","date":"Janeiro 15, 2025","format":false,"excerpt":"Na noite do \u00faltimo dia 24, o Papa Francisco iniciou o Jubileu de 2025, tendo como marco a abertura da Porta Santa, na Bas\u00edlica de S\u00e3o Pedro, em Roma. Com o lema \u201cPeregrinos da Esperan\u00e7a\u201d, o jubileu \u00e9 uma convoca\u00e7\u00e3o da Igreja para que todos os crist\u00e3os do mundo inteiro\u2026","rel":"","context":"In &quot;Editorial&quot;","block_context":{"text":"Editorial","link":"https:\/\/correiodasemana.com\/site\/category\/editorial\/"},"img":{"alt_text":"","src":"https:\/\/i0.wp.com\/correiodasemana.com\/site\/wp-content\/uploads\/2018\/02\/editorial-cs.jpg?resize=350%2C200&ssl=1","width":350,"height":200,"srcset":"https:\/\/i0.wp.com\/correiodasemana.com\/site\/wp-content\/uploads\/2018\/02\/editorial-cs.jpg?resize=350%2C200&ssl=1 1x, https:\/\/i0.wp.com\/correiodasemana.com\/site\/wp-content\/uploads\/2018\/02\/editorial-cs.jpg?resize=525%2C300&ssl=1 1.5x"},"classes":[]},{"id":25524,"url":"https:\/\/correiodasemana.com\/site\/filhos-de-siao-5\/","url_meta":{"origin":37099,"position":5},"title":"FILHOS DE SI\u00c3O","author":"adminredacao","date":"Julho 3, 2023","format":false,"excerpt":"Cen\u00e1culo Jubilar Estamos a poucos dias da nossa celebra\u00e7\u00e3o do nosso jubileu, dos nossos 25 anos! Louvado seja Deus pela alegria de celebr\u00e1-lo! Como devemos comemorar: Ano passado, quando nos prepar\u00e1vamos para celebrar o jubileu, partilhamos a passagem Lev\u00edtico 25, Mois\u00e9s recebe orienta\u00e7\u00f5es de Deus de como se deve comemorar\u2026","rel":"","context":"In &quot;Artigos&quot;","block_context":{"text":"Artigos","link":"https:\/\/correiodasemana.com\/site\/category\/artigos\/"},"img":{"alt_text":"","src":"https:\/\/i0.wp.com\/correiodasemana.com\/site\/wp-content\/uploads\/2018\/02\/Igreja_Se%CC%81.jpg?resize=350%2C200&ssl=1","width":350,"height":200,"srcset":"https:\/\/i0.wp.com\/correiodasemana.com\/site\/wp-content\/uploads\/2018\/02\/Igreja_Se%CC%81.jpg?resize=350%2C200&ssl=1 1x, https:\/\/i0.wp.com\/correiodasemana.com\/site\/wp-content\/uploads\/2018\/02\/Igreja_Se%CC%81.jpg?resize=525%2C300&ssl=1 1.5x, https:\/\/i0.wp.com\/correiodasemana.com\/site\/wp-content\/uploads\/2018\/02\/Igreja_Se%CC%81.jpg?resize=700%2C400&ssl=1 2x, https:\/\/i0.wp.com\/correiodasemana.com\/site\/wp-content\/uploads\/2018\/02\/Igreja_Se%CC%81.jpg?resize=1050%2C600&ssl=1 3x, https:\/\/i0.wp.com\/correiodasemana.com\/site\/wp-content\/uploads\/2018\/02\/Igreja_Se%CC%81.jpg?resize=1400%2C800&ssl=1 4x"},"classes":[]}],"jetpack_sharing_enabled":true,"_links":{"self":[{"href":"https:\/\/correiodasemana.com\/site\/wp-json\/wp\/v2\/posts\/37099","targetHints":{"allow":["GET"]}}],"collection":[{"href":"https:\/\/correiodasemana.com\/site\/wp-json\/wp\/v2\/posts"}],"about":[{"href":"https:\/\/correiodasemana.com\/site\/wp-json\/wp\/v2\/types\/post"}],"author":[{"embeddable":true,"href":"https:\/\/correiodasemana.com\/site\/wp-json\/wp\/v2\/users\/7"}],"replies":[{"embeddable":true,"href":"https:\/\/correiodasemana.com\/site\/wp-json\/wp\/v2\/comments?post=37099"}],"version-history":[{"count":1,"href":"https:\/\/correiodasemana.com\/site\/wp-json\/wp\/v2\/posts\/37099\/revisions"}],"predecessor-version":[{"id":37101,"href":"https:\/\/correiodasemana.com\/site\/wp-json\/wp\/v2\/posts\/37099\/revisions\/37101"}],"wp:featuredmedia":[{"embeddable":true,"href":"https:\/\/correiodasemana.com\/site\/wp-json\/wp\/v2\/media\/37100"}],"wp:attachment":[{"href":"https:\/\/correiodasemana.com\/site\/wp-json\/wp\/v2\/media?parent=37099"}],"wp:term":[{"taxonomy":"category","embeddable":true,"href":"https:\/\/correiodasemana.com\/site\/wp-json\/wp\/v2\/categories?post=37099"},{"taxonomy":"post_tag","embeddable":true,"href":"https:\/\/correiodasemana.com\/site\/wp-json\/wp\/v2\/tags?post=37099"}],"curies":[{"name":"wp","href":"https:\/\/api.w.org\/{rel}","templated":true}]}}