{"id":37102,"date":"2026-01-17T16:26:50","date_gmt":"2026-01-17T19:26:50","guid":{"rendered":"https:\/\/correiodasemana.com\/site\/?p=37102"},"modified":"2026-01-17T16:26:50","modified_gmt":"2026-01-17T19:26:50","slug":"secult-ceara-lanca-tres-novos-editais-do-segundo-ciclo-da-politica-nacional-aldir-blanc","status":"publish","type":"post","link":"https:\/\/correiodasemana.com\/site\/secult-ceara-lanca-tres-novos-editais-do-segundo-ciclo-da-politica-nacional-aldir-blanc\/","title":{"rendered":"Secult Cear\u00e1 lan\u00e7a tr\u00eas novos editais do segundo ciclo da Pol\u00edtica Nacional Aldir Blanc"},"content":{"rendered":"<p>O Governo do Cear\u00e1, por meio da Secretaria da Cultura, lan\u00e7a nesta sexta-feira (26) mais tr\u00eas editais do segundo ciclo da Pol\u00edtica Nacional Aldir Blanc de Fomento \u00e0 Cultura, ampliando o investimento p\u00fablico em a\u00e7\u00f5es estruturantes e cont\u00ednuas no campo cultural. Institu\u00edda pela Lei Federal n\u00ba 14.399\/2022, a PNAB consolida um modelo permanente de repasse de recursos da Uni\u00e3o para estados e munic\u00edpios, fortalecendo pol\u00edticas de fomento, redes culturais e iniciativas de base comunit\u00e1ria em todo o territ\u00f3rio cearense.<br \/>\nNeste segundo ciclo, o Cear\u00e1 receber\u00e1 um total de R$ 72 milh\u00f5es, dos quais R$ 57,6 milh\u00f5es ser\u00e3o aplicados diretamente no Sistema Estadual de Cultura, na Pol\u00edtica de Fomento Cultural e no Programa Cultura Viva. A nova etapa reafirma o compromisso com a descentraliza\u00e7\u00e3o dos recursos, a valoriza\u00e7\u00e3o das trajet\u00f3rias culturais e o fortalecimento de circuitos e redes que atuam nos diversos territ\u00f3rios do estado, com aten\u00e7\u00e3o especial \u00e0s regi\u00f5es do interior. Saiba mais sobre os editais:<\/p>\n<p>2\u00ba Edital de Pont\u00e3o de Cultura<br \/>\nEntre os destaques est\u00e1 o 2\u00ba Edital de Pont\u00e3o de Cultura, que selecionar\u00e1 tr\u00eas projetos estrat\u00e9gicos voltados \u00e0 articula\u00e7\u00e3o, forma\u00e7\u00e3o e mobiliza\u00e7\u00e3o de redes culturais. Com investimento total superior a R$ 1,2 milh\u00e3o, o edital apoia iniciativas que ampliem o acesso da popula\u00e7\u00e3o a bens e servi\u00e7os culturais, promovam a forma\u00e7\u00e3o de agentes culturais e fortale\u00e7am a comunica\u00e7\u00e3o e o registro das a\u00e7\u00f5es desenvolvidas nos territ\u00f3rios. Intert\u00edtulo: Pont\u00f5es de Cultura fortalecem redes e forma\u00e7\u00e3o cultural.<\/p>\n<p>2\u00ba Pr\u00eamio Pontos de Cultura &#8211; Cear\u00e1<br \/>\nOutro edital lan\u00e7ado \u00e9 o 2\u00ba Pr\u00eamio Pontos de Cultura \u2013 Cear\u00e1, que reconhece e valoriza iniciativas culturais j\u00e1 realizadas por Pontos e Pont\u00f5es de Cultura no estado. Ao todo, ser\u00e3o premiadas 31 experi\u00eancias, com valores de at\u00e9 R$ 60 mil, por meio de doa\u00e7\u00e3o sem exig\u00eancia de contrapartida ou presta\u00e7\u00e3o de contas, estimulando a continuidade de a\u00e7\u00f5es que j\u00e1 demonstraram impacto cultural e social em suas comunidades.<\/p>\n<p>6\u00ba Edital Cultura Viva de Pontos de Cultura<br \/>\nO 6\u00ba Edital Cultura Viva de Pontos de Cultura completa o conjunto de chamadas, com a sele\u00e7\u00e3o de 30 projetos que receber\u00e3o apoio financeiro para execu\u00e7\u00e3o de atividades formativas, mostras culturais e a\u00e7\u00f5es de registro e difus\u00e3o. Com investimento de R$ 3,78 milh\u00f5es, o edital prioriza a cultura de base comunit\u00e1ria, a diversidade cultural e a desconcentra\u00e7\u00e3o territorial, contemplando territ\u00f3rios com maior vulnerabilidade social. Intert\u00edtulo: Pontos de Cultura recebem apoio para novas a\u00e7\u00f5es comunit\u00e1rias.<\/p>\n<p>Pol\u00edtica Nacional Aldir Blanc<br \/>\nInstitu\u00edda pela Lei n\u00ba 14.399, de 08 de julho de 2022, a Pol\u00edtica Nacional Aldir Blanc tem o objetivo de fomentar a cultura, em \u00e2mbito nacional, durante cinco ciclos, com in\u00edcio em 2023. A PNAB \u00e9 uma oportunidade hist\u00f3rica de estruturar o sistema federativo de financiamento \u00e0 cultura mediante os repasses da Uni\u00e3o aos Estados, Distrito Federal e Munic\u00edpios de forma continuada.<br \/>\nServi\u00e7o<br \/>\nEditais do segundo ciclo da PNAB Cear\u00e1<br \/>\nInscri\u00e7\u00f5es: 24 de dezembro de 2025 a 23 de janeiro de 2026 &#8211; Onde se inscrever: Mapa Cultural do Cear\u00e1<br \/>\nAcesse:<br \/>\nhttps:\/\/mapacultural.secult.ce.gov.br<\/p>\n<p>&nbsp;<\/p>\n","protected":false},"excerpt":{"rendered":"<p>O Governo do Cear\u00e1, por meio da Secretaria da Cultura, lan\u00e7a nesta sexta-feira (26) mais&#8230;<\/p>\n","protected":false},"author":7,"featured_media":37103,"comment_status":"open","ping_status":"open","sticky":false,"template":"","format":"standard","meta":{"_jetpack_memberships_contains_paid_content":false,"footnotes":"","jetpack_publicize_message":"","jetpack_publicize_feature_enabled":true,"jetpack_social_post_already_shared":true,"jetpack_social_options":{"image_generator_settings":{"template":"highway","default_image_id":0,"font":"","enabled":false},"version":2}},"categories":[1],"tags":[],"class_list":["post-37102","post","type-post","status-publish","format-standard","has-post-thumbnail","hentry","category-atualidade"],"jetpack_publicize_connections":[],"jetpack_featured_media_url":"https:\/\/correiodasemana.com\/site\/wp-content\/uploads\/2026\/01\/Credito-Maria-Haydee1.jpg","jetpack-related-posts":[{"id":37048,"url":"https:\/\/correiodasemana.com\/site\/em-tempo-310\/","url_meta":{"origin":37102,"position":0},"title":"EM TEMPO \u2022","author":"adminredacao","date":"Janeiro 17, 2026","format":false,"excerpt":"Editais da Pol\u00edtica Nacional Aldir Blanc Secretaria da Cultura do Estado tem oito editais do segundo ciclo da Pol\u00edtica Nacional Aldir Blanc de Fomento \u00e0 Cultura, com inscri\u00e7\u00f5es at\u00e9 23 de janeiro, exclusivamente pelo Mapa Cultural do Cear\u00e1, onde tamb\u00e9m est\u00e3o dispon\u00edveis os regulamentos e demais informa\u00e7\u00f5es. Editais: Pr\u00eamio Pedro\u2026","rel":"","context":"In &quot;Artigos&quot;","block_context":{"text":"Artigos","link":"https:\/\/correiodasemana.com\/site\/category\/artigos\/"},"img":{"alt_text":"","src":"https:\/\/i0.wp.com\/correiodasemana.com\/site\/wp-content\/uploads\/2026\/01\/Wagner-Moura-150x150.jpg?resize=350%2C200&ssl=1","width":350,"height":200,"srcset":"https:\/\/i0.wp.com\/correiodasemana.com\/site\/wp-content\/uploads\/2026\/01\/Wagner-Moura-150x150.jpg?resize=350%2C200&ssl=1 1x, https:\/\/i0.wp.com\/correiodasemana.com\/site\/wp-content\/uploads\/2026\/01\/Wagner-Moura-150x150.jpg?resize=525%2C300&ssl=1 1.5x, https:\/\/i0.wp.com\/correiodasemana.com\/site\/wp-content\/uploads\/2026\/01\/Wagner-Moura-150x150.jpg?resize=700%2C400&ssl=1 2x"},"classes":[]},{"id":14886,"url":"https:\/\/correiodasemana.com\/site\/mais-de-4-mil-municipios-recebem-r-15-bilhao-para-investir-na-cultura\/","url_meta":{"origin":37102,"position":1},"title":"Mais de 4 mil munic\u00edpios recebem R$ 1,5 bilh\u00e3o para investir na cultura","author":"","date":"Dezembro 2, 2020","format":false,"excerpt":"O montante \u00e9 garantido pela Lei Aldir Blanc. Outros R$ 1,5 bilh\u00e3o foram entregues aos estados e ao Distrito Federal At\u00e9 junho de 2019, 75% dos munic\u00edpios, ou 4775 cidades brasileiras, completaram 12 anos sem recursos do Governo Federal para pol\u00edticas p\u00fablicas na \u00e1rea cultural. O dado foi encontrado e\u2026","rel":"","context":"In &quot;Atualidade&quot;","block_context":{"text":"Atualidade","link":"https:\/\/correiodasemana.com\/site\/category\/atualidade\/"},"img":{"alt_text":"","src":"https:\/\/i0.wp.com\/correiodasemana.com\/site\/wp-content\/uploads\/2020\/12\/TEATRO-2.jpg?resize=350%2C200&ssl=1","width":350,"height":200,"srcset":"https:\/\/i0.wp.com\/correiodasemana.com\/site\/wp-content\/uploads\/2020\/12\/TEATRO-2.jpg?resize=350%2C200&ssl=1 1x, https:\/\/i0.wp.com\/correiodasemana.com\/site\/wp-content\/uploads\/2020\/12\/TEATRO-2.jpg?resize=525%2C300&ssl=1 1.5x, https:\/\/i0.wp.com\/correiodasemana.com\/site\/wp-content\/uploads\/2020\/12\/TEATRO-2.jpg?resize=700%2C400&ssl=1 2x, https:\/\/i0.wp.com\/correiodasemana.com\/site\/wp-content\/uploads\/2020\/12\/TEATRO-2.jpg?resize=1050%2C600&ssl=1 3x"},"classes":[]},{"id":14804,"url":"https:\/\/correiodasemana.com\/site\/em-tempo-59\/","url_meta":{"origin":37102,"position":2},"title":"Em Tempo","author":"","date":"Novembro 30, 2020","format":false,"excerpt":"Campanha Papai Noel dos Correios 2020 A campanha Papai Noel dos Correios, j\u00e1 tradicional com a chegada do fim do ano, ser\u00e1 de forma digital em 2020. O motivo \u00e9 a pandemia de Covid-19, que exigiu adapta\u00e7\u00f5es da estatal. Podem participar crian\u00e7as de at\u00e9 10 anos de idade em situa\u00e7\u00e3o\u2026","rel":"","context":"In &quot;Artigos&quot;","block_context":{"text":"Artigos","link":"https:\/\/correiodasemana.com\/site\/category\/artigos\/"},"img":{"alt_text":"","src":"https:\/\/i0.wp.com\/correiodasemana.com\/site\/wp-content\/uploads\/2019\/12\/FOTO-EDILSON-SILVA-2.jpg?resize=350%2C200&ssl=1","width":350,"height":200,"srcset":"https:\/\/i0.wp.com\/correiodasemana.com\/site\/wp-content\/uploads\/2019\/12\/FOTO-EDILSON-SILVA-2.jpg?resize=350%2C200&ssl=1 1x, https:\/\/i0.wp.com\/correiodasemana.com\/site\/wp-content\/uploads\/2019\/12\/FOTO-EDILSON-SILVA-2.jpg?resize=525%2C300&ssl=1 1.5x, https:\/\/i0.wp.com\/correiodasemana.com\/site\/wp-content\/uploads\/2019\/12\/FOTO-EDILSON-SILVA-2.jpg?resize=700%2C400&ssl=1 2x"},"classes":[]},{"id":16948,"url":"https:\/\/correiodasemana.com\/site\/associacao-movimentos-e-secult-ce-lancam-nesta-quarta-feira-07-julho-a-vitrine-de-artes-festa-do-sol\/","url_meta":{"origin":37102,"position":3},"title":"Associa\u00e7\u00e3o Movimentos e Secult-CE lan\u00e7am nesta quarta-feira (07\/julho) a Vitrine de Artes Festa do Sol","author":"","date":"Julho 12, 2021","format":false,"excerpt":"O lan\u00e7amento ser\u00e1 com uma live \u00e0s 20 horas no Instagram @festadosolce. O festival teve in\u00edcio em maio como resultado de a\u00e7\u00e3o da Lei Aldir Blanc. O Festival Online Festa do Sol abre nesta quarta-feira, 7 de julho, a Vitrine de Artes Festa do Sol. S\u00e3o 40 participantes, dentre associa\u00e7\u00f5es\u2026","rel":"","context":"In &quot;Atualidade&quot;","block_context":{"text":"Atualidade","link":"https:\/\/correiodasemana.com\/site\/category\/atualidade\/"},"img":{"alt_text":"","src":"https:\/\/i0.wp.com\/correiodasemana.com\/site\/wp-content\/uploads\/2021\/07\/Pe-de-Pano-scaled.jpg?resize=350%2C200&ssl=1","width":350,"height":200,"srcset":"https:\/\/i0.wp.com\/correiodasemana.com\/site\/wp-content\/uploads\/2021\/07\/Pe-de-Pano-scaled.jpg?resize=350%2C200&ssl=1 1x, https:\/\/i0.wp.com\/correiodasemana.com\/site\/wp-content\/uploads\/2021\/07\/Pe-de-Pano-scaled.jpg?resize=525%2C300&ssl=1 1.5x, https:\/\/i0.wp.com\/correiodasemana.com\/site\/wp-content\/uploads\/2021\/07\/Pe-de-Pano-scaled.jpg?resize=700%2C400&ssl=1 2x, https:\/\/i0.wp.com\/correiodasemana.com\/site\/wp-content\/uploads\/2021\/07\/Pe-de-Pano-scaled.jpg?resize=1050%2C600&ssl=1 3x, https:\/\/i0.wp.com\/correiodasemana.com\/site\/wp-content\/uploads\/2021\/07\/Pe-de-Pano-scaled.jpg?resize=1400%2C800&ssl=1 4x"},"classes":[]},{"id":32374,"url":"https:\/\/correiodasemana.com\/site\/em-tempo-262\/","url_meta":{"origin":37102,"position":4},"title":"EM TEMPO \u2022","author":"adminredacao","date":"Fevereiro 4, 2025","format":false,"excerpt":"Secult-CE prorroga inscri\u00e7\u00f5es de editais O Governo do Estado, por meio da Secretaria da Cultura (Secult-CE), prorrogou as inscri\u00e7\u00f5es de tr\u00eas editais da Pol\u00edtica Nacional Aldir Blanc, institu\u00edda pela Lei 14.399, de 8 de julho de 2022, considerada a maior e mais estruturante pol\u00edtica cultural da hist\u00f3ria do Brasil. Inscri\u00e7\u00f5es\u2026","rel":"","context":"In &quot;Artigos&quot;","block_context":{"text":"Artigos","link":"https:\/\/correiodasemana.com\/site\/category\/artigos\/"},"img":{"alt_text":"","src":"https:\/\/i0.wp.com\/correiodasemana.com\/site\/wp-content\/uploads\/2025\/02\/jarid-livro-150x150.jpeg?resize=350%2C200&ssl=1","width":350,"height":200,"srcset":"https:\/\/i0.wp.com\/correiodasemana.com\/site\/wp-content\/uploads\/2025\/02\/jarid-livro-150x150.jpeg?resize=350%2C200&ssl=1 1x, https:\/\/i0.wp.com\/correiodasemana.com\/site\/wp-content\/uploads\/2025\/02\/jarid-livro-150x150.jpeg?resize=525%2C300&ssl=1 1.5x, https:\/\/i0.wp.com\/correiodasemana.com\/site\/wp-content\/uploads\/2025\/02\/jarid-livro-150x150.jpeg?resize=700%2C400&ssl=1 2x"},"classes":[]},{"id":10065,"url":"https:\/\/correiodasemana.com\/site\/em-tempo-22\/","url_meta":{"origin":37102,"position":5},"title":"Em Tempo","author":"","date":"Dezembro 2, 2019","format":false,"excerpt":"Secult tem editais com R$ 16 milh\u00f5es A Secretaria da Cultura do Estado (Secult) informa que est\u00e3o abertas as inscri\u00e7\u00f5es de tr\u00eas grandes editais, para apoio a projetos em todo o territ\u00f3rio cearense. S\u00e3o mais de R$ 16 milh\u00f5es de recursos destinados ao fomento da arte e \u00e0 democratiza\u00e7\u00e3o do\u2026","rel":"","context":"In &quot;Artigos&quot;","block_context":{"text":"Artigos","link":"https:\/\/correiodasemana.com\/site\/category\/artigos\/"},"img":{"alt_text":"","src":"https:\/\/i0.wp.com\/correiodasemana.com\/site\/wp-content\/uploads\/2019\/12\/01-WhatsApp-Image-2019-11-21-at-11.41.54.jpeg?resize=350%2C200&ssl=1","width":350,"height":200,"srcset":"https:\/\/i0.wp.com\/correiodasemana.com\/site\/wp-content\/uploads\/2019\/12\/01-WhatsApp-Image-2019-11-21-at-11.41.54.jpeg?resize=350%2C200&ssl=1 1x, https:\/\/i0.wp.com\/correiodasemana.com\/site\/wp-content\/uploads\/2019\/12\/01-WhatsApp-Image-2019-11-21-at-11.41.54.jpeg?resize=525%2C300&ssl=1 1.5x, https:\/\/i0.wp.com\/correiodasemana.com\/site\/wp-content\/uploads\/2019\/12\/01-WhatsApp-Image-2019-11-21-at-11.41.54.jpeg?resize=700%2C400&ssl=1 2x"},"classes":[]}],"jetpack_sharing_enabled":true,"_links":{"self":[{"href":"https:\/\/correiodasemana.com\/site\/wp-json\/wp\/v2\/posts\/37102","targetHints":{"allow":["GET"]}}],"collection":[{"href":"https:\/\/correiodasemana.com\/site\/wp-json\/wp\/v2\/posts"}],"about":[{"href":"https:\/\/correiodasemana.com\/site\/wp-json\/wp\/v2\/types\/post"}],"author":[{"embeddable":true,"href":"https:\/\/correiodasemana.com\/site\/wp-json\/wp\/v2\/users\/7"}],"replies":[{"embeddable":true,"href":"https:\/\/correiodasemana.com\/site\/wp-json\/wp\/v2\/comments?post=37102"}],"version-history":[{"count":1,"href":"https:\/\/correiodasemana.com\/site\/wp-json\/wp\/v2\/posts\/37102\/revisions"}],"predecessor-version":[{"id":37104,"href":"https:\/\/correiodasemana.com\/site\/wp-json\/wp\/v2\/posts\/37102\/revisions\/37104"}],"wp:featuredmedia":[{"embeddable":true,"href":"https:\/\/correiodasemana.com\/site\/wp-json\/wp\/v2\/media\/37103"}],"wp:attachment":[{"href":"https:\/\/correiodasemana.com\/site\/wp-json\/wp\/v2\/media?parent=37102"}],"wp:term":[{"taxonomy":"category","embeddable":true,"href":"https:\/\/correiodasemana.com\/site\/wp-json\/wp\/v2\/categories?post=37102"},{"taxonomy":"post_tag","embeddable":true,"href":"https:\/\/correiodasemana.com\/site\/wp-json\/wp\/v2\/tags?post=37102"}],"curies":[{"name":"wp","href":"https:\/\/api.w.org\/{rel}","templated":true}]}}