{"id":37621,"date":"2026-03-03T09:43:14","date_gmt":"2026-03-03T12:43:14","guid":{"rendered":"https:\/\/correiodasemana.com\/site\/?p=37621"},"modified":"2026-03-03T09:43:14","modified_gmt":"2026-03-03T12:43:14","slug":"igreja-do-ceara-fortalece-missao-dos-santuarios-em-encontro-de-reitores","status":"publish","type":"post","link":"https:\/\/correiodasemana.com\/site\/igreja-do-ceara-fortalece-missao-dos-santuarios-em-encontro-de-reitores\/","title":{"rendered":"Igreja do Cear\u00e1 fortalece miss\u00e3o dos Santu\u00e1rios em Encontro de Reitores"},"content":{"rendered":"<div id='gallery-1' class='gallery galleryid-37621 gallery-columns-6 gallery-size-thumbnail'><figure class='gallery-item'>\n\t\t\t<div class='gallery-icon portrait'>\n\t\t\t\t<a href='https:\/\/correiodasemana.com\/site\/igreja-do-ceara-fortalece-missao-dos-santuarios-em-encontro-de-reitores\/whatsapp-image-2026-02-27-at-16-54-38-1\/'><img loading=\"lazy\" width=\"150\" height=\"150\" src=\"https:\/\/correiodasemana.com\/site\/wp-content\/uploads\/2026\/03\/WhatsApp-Image-2026-02-27-at-16.54.38-1-150x150.jpeg\" class=\"attachment-thumbnail size-thumbnail\" alt=\"WhatsApp Image 2026-02-27 at 16.54.38 (1)\" loading=\"lazy\" decoding=\"async\" \/><\/a>\n\t\t\t<\/div><\/figure><figure class='gallery-item'>\n\t\t\t<div class='gallery-icon portrait'>\n\t\t\t\t<a href='https:\/\/correiodasemana.com\/site\/igreja-do-ceara-fortalece-missao-dos-santuarios-em-encontro-de-reitores\/whatsapp-image-2026-02-27-at-16-54-38-2\/'><img loading=\"lazy\" width=\"150\" height=\"150\" src=\"https:\/\/correiodasemana.com\/site\/wp-content\/uploads\/2026\/03\/WhatsApp-Image-2026-02-27-at-16.54.38-2-150x150.jpeg\" class=\"attachment-thumbnail size-thumbnail\" alt=\"WhatsApp Image 2026-02-27 at 16.54.38 (2)\" loading=\"lazy\" decoding=\"async\" \/><\/a>\n\t\t\t<\/div><\/figure><figure class='gallery-item'>\n\t\t\t<div class='gallery-icon portrait'>\n\t\t\t\t<a href='https:\/\/correiodasemana.com\/site\/igreja-do-ceara-fortalece-missao-dos-santuarios-em-encontro-de-reitores\/whatsapp-image-2026-02-27-at-16-54-38\/'><img loading=\"lazy\" width=\"150\" height=\"150\" src=\"https:\/\/correiodasemana.com\/site\/wp-content\/uploads\/2026\/03\/WhatsApp-Image-2026-02-27-at-16.54.38-150x150.jpeg\" class=\"attachment-thumbnail size-thumbnail\" alt=\"WhatsApp Image 2026-02-27 at 16.54.38\" loading=\"lazy\" decoding=\"async\" \/><\/a>\n\t\t\t<\/div><\/figure><figure class='gallery-item'>\n\t\t\t<div class='gallery-icon portrait'>\n\t\t\t\t<a href='https:\/\/correiodasemana.com\/site\/igreja-do-ceara-fortalece-missao-dos-santuarios-em-encontro-de-reitores\/whatsapp-image-2026-02-27-at-16-54-50\/'><img loading=\"lazy\" width=\"150\" height=\"150\" src=\"https:\/\/correiodasemana.com\/site\/wp-content\/uploads\/2026\/03\/WhatsApp-Image-2026-02-27-at-16.54.50-150x150.jpeg\" class=\"attachment-thumbnail size-thumbnail\" alt=\"WhatsApp Image 2026-02-27 at 16.54.50\" loading=\"lazy\" decoding=\"async\" \/><\/a>\n\t\t\t<\/div><\/figure>\n\t\t<\/div>\n\n<p>De 23 a 25 de fevereiro, foi realizado o Encontro de Reitores dos Santu\u00e1rios do Cear\u00e1, na cidade de Canind\u00e9, com o tema: \u201cSantu\u00e1rio, lugar de acolhida e ora\u00e7\u00e3o\u201d.<br \/>\nAssessorado por Frei Vit\u00f3rio Mazzuco, o encontro proporcionou um rico espa\u00e7o de reflex\u00e3o, partilha e forma\u00e7\u00e3o sobre a miss\u00e3o dos santu\u00e1rios, destacando seu papel pastoral, espiritual e organizacional na vida da Igreja. Tamb\u00e9m foram abordados os desafios atuais relacionados \u00e0 acolhida dos romeiros e peregrinos, \u00e0 evangeliza\u00e7\u00e3o e \u00e0 administra\u00e7\u00e3o desses importantes centros de f\u00e9.<br \/>\nA programa\u00e7\u00e3o contou com momentos de ora\u00e7\u00e3o, celebra\u00e7\u00e3o e troca de experi\u00eancias entre os reitores, fortalecendo a comunh\u00e3o e a unidade na condu\u00e7\u00e3o dos santu\u00e1rios do Estado. O encontro reafirmou a import\u00e2ncia desses espa\u00e7os como lugares privilegiados de encontro com Deus, escuta, reconcilia\u00e7\u00e3o e renova\u00e7\u00e3o espiritual.<br \/>\nDa Igreja particular de Sobral participaram: Monsenhor Nonato Timb\u00f3, p\u00e1roco da Par\u00f3quia de S\u00e3o Manuel e reitor do Santu\u00e1rio Sagrado Cora\u00e7\u00e3o de Jesus; padre Manoel Gilson, p\u00e1roco da Par\u00f3quia de Santo Ant\u00f4nio e reitor do Santu\u00e1rio Nossa Senhora de F\u00e1tima, e Frei S\u00e9rgio Viana, reitor do Santu\u00e1rio S\u00e3o Francisco de Assis de Sobral.<br \/>\nO encontro fortaleceu a miss\u00e3o de cada reitor em tornar os santu\u00e1rios verdadeiros espa\u00e7os de acolhida fraterna, evangeliza\u00e7\u00e3o constante e organiza\u00e7\u00e3o pastoral eficiente, sempre a servi\u00e7o do povo de Deus.<\/p>\n<p>Thais Helena<br \/>\nJornalista \u2013 Jornal Correio da Semana<\/p>\n","protected":false},"excerpt":{"rendered":"<p>De 23 a 25 de fevereiro, foi realizado o Encontro de Reitores dos Santu\u00e1rios do&#8230;<\/p>\n","protected":false},"author":7,"featured_media":37622,"comment_status":"open","ping_status":"open","sticky":false,"template":"","format":"standard","meta":{"_jetpack_memberships_contains_paid_content":false,"footnotes":"","jetpack_publicize_message":"","jetpack_publicize_feature_enabled":true,"jetpack_social_post_already_shared":true,"jetpack_social_options":{"image_generator_settings":{"template":"highway","default_image_id":0,"font":"","enabled":false},"version":2}},"categories":[1],"tags":[],"class_list":["post-37621","post","type-post","status-publish","format-standard","has-post-thumbnail","hentry","category-atualidade"],"jetpack_publicize_connections":[],"jetpack_featured_media_url":"https:\/\/correiodasemana.com\/site\/wp-content\/uploads\/2026\/03\/WhatsApp-Image-2026-02-27-at-16.54.38-1.jpeg","jetpack-related-posts":[{"id":37252,"url":"https:\/\/correiodasemana.com\/site\/padre-jose-erivaldo-maria-e-apresentado-como-novo-reitor-do-santuario-tabor-da-mae-rainha\/","url_meta":{"origin":37621,"position":0},"title":"Padre Jos\u00e9 Erivaldo Maria \u00e9 apresentado como novo reitor do Santu\u00e1rio Tabor da M\u00e3e Rainha","author":"adminredacao","date":"Fevereiro 7, 2026","format":false,"excerpt":"Na noite deste domingo (18\/01), a comunidade cat\u00f3lica de Sobral acolheu oficialmente o novo reitor do Santu\u00e1rio Tabor da M\u00e3e Rainha, padre Jos\u00e9 Erivaldo Maria, durante Celebra\u00e7\u00e3o Eucar\u00edstica presidida pelo vig\u00e1rio episcopal da Regi\u00e3o Sede, padre Denilson de Sousa. A celebra\u00e7\u00e3o reuniu grande n\u00famero de fi\u00e9is e contou com a\u2026","rel":"","context":"In &quot;Atualidade&quot;","block_context":{"text":"Atualidade","link":"https:\/\/correiodasemana.com\/site\/category\/atualidade\/"},"img":{"alt_text":"","src":"https:\/\/i0.wp.com\/correiodasemana.com\/site\/wp-content\/uploads\/2026\/02\/WhatsApp-Image-2026-01-23-at-17.21.14-1.jpeg?resize=350%2C200&ssl=1","width":350,"height":200,"srcset":"https:\/\/i0.wp.com\/correiodasemana.com\/site\/wp-content\/uploads\/2026\/02\/WhatsApp-Image-2026-01-23-at-17.21.14-1.jpeg?resize=350%2C200&ssl=1 1x, https:\/\/i0.wp.com\/correiodasemana.com\/site\/wp-content\/uploads\/2026\/02\/WhatsApp-Image-2026-01-23-at-17.21.14-1.jpeg?resize=525%2C300&ssl=1 1.5x, https:\/\/i0.wp.com\/correiodasemana.com\/site\/wp-content\/uploads\/2026\/02\/WhatsApp-Image-2026-01-23-at-17.21.14-1.jpeg?resize=700%2C400&ssl=1 2x, https:\/\/i0.wp.com\/correiodasemana.com\/site\/wp-content\/uploads\/2026\/02\/WhatsApp-Image-2026-01-23-at-17.21.14-1.jpeg?resize=1050%2C600&ssl=1 3x"},"classes":[]},{"id":23227,"url":"https:\/\/correiodasemana.com\/site\/frei-sergio-viana-e-o-novo-reitor-do-santuario-sao-francisco-em-sobral\/","url_meta":{"origin":37621,"position":1},"title":"Frei S\u00e9rgio Viana \u00e9 o novo reitor do Santu\u00e1rio S\u00e3o Francisco em Sobral","author":"adminredacao","date":"Janeiro 31, 2023","format":false,"excerpt":"Na alegria de receber um novo reitor, os fi\u00e9is estiveram no Santu\u00e1rio S\u00e3o Francisco de Assis em Sobral na tarde deste s\u00e1bado (21\/01) para a Santa Missa de Posse Can\u00f4nica de Frei S\u00e9rgio Viana. A celebra\u00e7\u00e3o foi presidida pelo bispo diocesano de Sobral, Dom Jos\u00e9 Luiz Gomes de Vasconcelos. A\u2026","rel":"","context":"In &quot;Atualidade&quot;","block_context":{"text":"Atualidade","link":"https:\/\/correiodasemana.com\/site\/category\/atualidade\/"},"img":{"alt_text":"","src":"https:\/\/i0.wp.com\/correiodasemana.com\/site\/wp-content\/uploads\/2023\/01\/frei-sergio-viana-2.jpeg?resize=350%2C200&ssl=1","width":350,"height":200,"srcset":"https:\/\/i0.wp.com\/correiodasemana.com\/site\/wp-content\/uploads\/2023\/01\/frei-sergio-viana-2.jpeg?resize=350%2C200&ssl=1 1x, https:\/\/i0.wp.com\/correiodasemana.com\/site\/wp-content\/uploads\/2023\/01\/frei-sergio-viana-2.jpeg?resize=525%2C300&ssl=1 1.5x, https:\/\/i0.wp.com\/correiodasemana.com\/site\/wp-content\/uploads\/2023\/01\/frei-sergio-viana-2.jpeg?resize=700%2C400&ssl=1 2x, https:\/\/i0.wp.com\/correiodasemana.com\/site\/wp-content\/uploads\/2023\/01\/frei-sergio-viana-2.jpeg?resize=1050%2C600&ssl=1 3x, https:\/\/i0.wp.com\/correiodasemana.com\/site\/wp-content\/uploads\/2023\/01\/frei-sergio-viana-2.jpeg?resize=1400%2C800&ssl=1 4x"},"classes":[]},{"id":19170,"url":"https:\/\/correiodasemana.com\/site\/dom-vasconcelos-celebra-santa-missa-de-posse-canonica-do-novo-reitor-do-santuario-sao-francisco-em-sobral\/","url_meta":{"origin":37621,"position":2},"title":"Dom Vasconcelos celebra Santa Missa de Posse Can\u00f4nica do novo Reitor do Santu\u00e1rio S\u00e3o Francisco em Sobral","author":"","date":"Mar\u00e7o 14, 2022","format":false,"excerpt":"Thais Helena (Reda\u00e7\u00e3o Correio da Semana) \u2013 O Santu\u00e1rio S\u00e3o Francisco de Assis em Sobral h\u00e1 exatamente um m\u00eas acolheu o seu novo reitor, Frei Alexandre Veloso. Mas, somente no \u00faltimo domingo (06), foi realizada a Santa Missa de Posse Can\u00f4nica presidida pelo Bispo Diocesano de Sobral, Dom Jos\u00e9 Luiz\u2026","rel":"","context":"In &quot;Atualidade&quot;","block_context":{"text":"Atualidade","link":"https:\/\/correiodasemana.com\/site\/category\/atualidade\/"},"img":{"alt_text":"","src":"https:\/\/i0.wp.com\/correiodasemana.com\/site\/wp-content\/uploads\/2022\/03\/FREI-DIOCESE-4.jpg?resize=350%2C200&ssl=1","width":350,"height":200,"srcset":"https:\/\/i0.wp.com\/correiodasemana.com\/site\/wp-content\/uploads\/2022\/03\/FREI-DIOCESE-4.jpg?resize=350%2C200&ssl=1 1x, https:\/\/i0.wp.com\/correiodasemana.com\/site\/wp-content\/uploads\/2022\/03\/FREI-DIOCESE-4.jpg?resize=525%2C300&ssl=1 1.5x, https:\/\/i0.wp.com\/correiodasemana.com\/site\/wp-content\/uploads\/2022\/03\/FREI-DIOCESE-4.jpg?resize=700%2C400&ssl=1 2x, https:\/\/i0.wp.com\/correiodasemana.com\/site\/wp-content\/uploads\/2022\/03\/FREI-DIOCESE-4.jpg?resize=1050%2C600&ssl=1 3x, https:\/\/i0.wp.com\/correiodasemana.com\/site\/wp-content\/uploads\/2022\/03\/FREI-DIOCESE-4.jpg?resize=1400%2C800&ssl=1 4x"},"classes":[]},{"id":36807,"url":"https:\/\/correiodasemana.com\/site\/formacao-sacerdotal-em-comunhao-seminario-de-filosofia-realiza-encontro-com-as-familias-dos-seminaristas\/","url_meta":{"origin":37621,"position":3},"title":"Forma\u00e7\u00e3o sacerdotal em comunh\u00e3o: Semin\u00e1rio de Filosofia realiza encontro com as fam\u00edlias dos seminaristas","author":"adminredacao","date":"Dezembro 15, 2025","format":false,"excerpt":"O Semin\u00e1rio Maior de Filosofia S\u00e3o Jo\u00e3o Paulo Paulo II realizou, no dia 6 de dezembro, o Encontro Anual com as Fam\u00edlias dos Seminaristas, em Sobral. O momento foi marcado por conviv\u00eancia fraterna, espiritualidade e conhecimento hist\u00f3rico, proporcionando aos familiares a oportunidade de conhecer um pouco mais sobre a hist\u00f3ria\u2026","rel":"","context":"In &quot;Atualidade&quot;","block_context":{"text":"Atualidade","link":"https:\/\/correiodasemana.com\/site\/category\/atualidade\/"},"img":{"alt_text":"","src":"https:\/\/i0.wp.com\/correiodasemana.com\/site\/wp-content\/uploads\/2025\/12\/WhatsApp-Image-2025-12-13-at-18.10.11-1.jpeg?resize=350%2C200&ssl=1","width":350,"height":200,"srcset":"https:\/\/i0.wp.com\/correiodasemana.com\/site\/wp-content\/uploads\/2025\/12\/WhatsApp-Image-2025-12-13-at-18.10.11-1.jpeg?resize=350%2C200&ssl=1 1x, https:\/\/i0.wp.com\/correiodasemana.com\/site\/wp-content\/uploads\/2025\/12\/WhatsApp-Image-2025-12-13-at-18.10.11-1.jpeg?resize=525%2C300&ssl=1 1.5x, https:\/\/i0.wp.com\/correiodasemana.com\/site\/wp-content\/uploads\/2025\/12\/WhatsApp-Image-2025-12-13-at-18.10.11-1.jpeg?resize=700%2C400&ssl=1 2x, https:\/\/i0.wp.com\/correiodasemana.com\/site\/wp-content\/uploads\/2025\/12\/WhatsApp-Image-2025-12-13-at-18.10.11-1.jpeg?resize=1050%2C600&ssl=1 3x"},"classes":[]},{"id":16996,"url":"https:\/\/correiodasemana.com\/site\/capela-da-fazenda-da-esperanca-e-elevada-a-santuario-diocesano-de-sao-bento\/","url_meta":{"origin":37621,"position":4},"title":"Capela da Fazenda da Esperan\u00e7a \u00e9 elevada a Santu\u00e1rio Diocesano de S\u00e3o Bento","author":"","date":"Julho 19, 2021","format":false,"excerpt":"Eleva\u00e7\u00e3o aconteceu durante a Festa de S\u00e3o Bento, 11 de julho, data que marca os 6 anos de inaugura\u00e7\u00e3o da Capela Seis anos ap\u00f3s a sua inaugura\u00e7\u00e3o, a Capela localizada na Fazenda da Esperan\u00e7a S\u00e3o Bento, no Patriarca, foi elevada \u00e0 categoria de Santu\u00e1rio Diocesano de S\u00e3o Bento pelo bispo\u2026","rel":"","context":"In &quot;Atualidade&quot;","block_context":{"text":"Atualidade","link":"https:\/\/correiodasemana.com\/site\/category\/atualidade\/"},"img":{"alt_text":"","src":"https:\/\/i0.wp.com\/correiodasemana.com\/site\/wp-content\/uploads\/2021\/07\/capela-fazenda-da-esperanca-6.jpg?resize=350%2C200&ssl=1","width":350,"height":200,"srcset":"https:\/\/i0.wp.com\/correiodasemana.com\/site\/wp-content\/uploads\/2021\/07\/capela-fazenda-da-esperanca-6.jpg?resize=350%2C200&ssl=1 1x, https:\/\/i0.wp.com\/correiodasemana.com\/site\/wp-content\/uploads\/2021\/07\/capela-fazenda-da-esperanca-6.jpg?resize=525%2C300&ssl=1 1.5x, https:\/\/i0.wp.com\/correiodasemana.com\/site\/wp-content\/uploads\/2021\/07\/capela-fazenda-da-esperanca-6.jpg?resize=700%2C400&ssl=1 2x"},"classes":[]},{"id":9274,"url":"https:\/\/correiodasemana.com\/site\/i-encontro-do-terco-dos-homens-mae-rainha-da-regiao-do-vale-do-acarau\/","url_meta":{"origin":37621,"position":5},"title":"I Encontro do Ter\u00e7o dos Homens M\u00e3e Rainha da Regi\u00e3o do Vale do Acara\u00fa","author":"","date":"Setembro 30, 2019","format":false,"excerpt":"O I encontro do movimento do Ter\u00e7o dos Homens M\u00e3e Rainha do Vale do Acara\u00fa aconteceu no \u00faltimo domingo (22) no munic\u00edpio de Marco, precisamente na quadra da escola Sagrado Cora\u00e7\u00e3o de Jesus. A programa\u00e7\u00e3o contou com uma caminhada com louvor e ora\u00e7\u00e3o at\u00e9 o Santu\u00e1rio Sagrado Cora\u00e7\u00e3o de Jesus,\u2026","rel":"","context":"In &quot;Atualidade&quot;","block_context":{"text":"Atualidade","link":"https:\/\/correiodasemana.com\/site\/category\/atualidade\/"},"img":{"alt_text":"","src":"https:\/\/i0.wp.com\/correiodasemana.com\/site\/wp-content\/uploads\/2019\/09\/Ter%C3%A7%C3%B5-dos-homens-de-Sobral-2.jpg?resize=350%2C200&ssl=1","width":350,"height":200,"srcset":"https:\/\/i0.wp.com\/correiodasemana.com\/site\/wp-content\/uploads\/2019\/09\/Ter%C3%A7%C3%B5-dos-homens-de-Sobral-2.jpg?resize=350%2C200&ssl=1 1x, https:\/\/i0.wp.com\/correiodasemana.com\/site\/wp-content\/uploads\/2019\/09\/Ter%C3%A7%C3%B5-dos-homens-de-Sobral-2.jpg?resize=525%2C300&ssl=1 1.5x, https:\/\/i0.wp.com\/correiodasemana.com\/site\/wp-content\/uploads\/2019\/09\/Ter%C3%A7%C3%B5-dos-homens-de-Sobral-2.jpg?resize=700%2C400&ssl=1 2x"},"classes":[]}],"jetpack_sharing_enabled":true,"_links":{"self":[{"href":"https:\/\/correiodasemana.com\/site\/wp-json\/wp\/v2\/posts\/37621","targetHints":{"allow":["GET"]}}],"collection":[{"href":"https:\/\/correiodasemana.com\/site\/wp-json\/wp\/v2\/posts"}],"about":[{"href":"https:\/\/correiodasemana.com\/site\/wp-json\/wp\/v2\/types\/post"}],"author":[{"embeddable":true,"href":"https:\/\/correiodasemana.com\/site\/wp-json\/wp\/v2\/users\/7"}],"replies":[{"embeddable":true,"href":"https:\/\/correiodasemana.com\/site\/wp-json\/wp\/v2\/comments?post=37621"}],"version-history":[{"count":1,"href":"https:\/\/correiodasemana.com\/site\/wp-json\/wp\/v2\/posts\/37621\/revisions"}],"predecessor-version":[{"id":37626,"href":"https:\/\/correiodasemana.com\/site\/wp-json\/wp\/v2\/posts\/37621\/revisions\/37626"}],"wp:featuredmedia":[{"embeddable":true,"href":"https:\/\/correiodasemana.com\/site\/wp-json\/wp\/v2\/media\/37622"}],"wp:attachment":[{"href":"https:\/\/correiodasemana.com\/site\/wp-json\/wp\/v2\/media?parent=37621"}],"wp:term":[{"taxonomy":"category","embeddable":true,"href":"https:\/\/correiodasemana.com\/site\/wp-json\/wp\/v2\/categories?post=37621"},{"taxonomy":"post_tag","embeddable":true,"href":"https:\/\/correiodasemana.com\/site\/wp-json\/wp\/v2\/tags?post=37621"}],"curies":[{"name":"wp","href":"https:\/\/api.w.org\/{rel}","templated":true}]}}