{"id":37639,"date":"2026-03-10T23:19:17","date_gmt":"2026-03-11T02:19:17","guid":{"rendered":"https:\/\/correiodasemana.com\/site\/?p=37639"},"modified":"2026-03-10T23:19:17","modified_gmt":"2026-03-11T02:19:17","slug":"becco-ponto-com-252","status":"publish","type":"post","link":"https:\/\/correiodasemana.com\/site\/becco-ponto-com-252\/","title":{"rendered":"Becco ponto Com"},"content":{"rendered":"<p>LIVRAI-NOS,<br \/>\nSENHOR!<br \/>\n01. Dos puxa-sacos por amor chorando ainda as pitangas do poder.<br \/>\n02. Do golpe baixo pol\u00edtico: Cid no Ciro da massa falida de votos, ufa!<br \/>\n03. Do gado do Bolsonaro preso na Papuda sem votos e sem nada, ui!<br \/>\n04. Da onda moderna, pois \u00e9, homem com homem, mulher com mulher.<br \/>\n05. Dos jumentos do pt, em lote e pedem a volta de Lula ao Planalto, ui!<br \/>\n06. Da sess\u00e3o mata e enterra nos sert\u00f5es do Cear\u00e1, via fac\u00e7\u00f5es pol\u00edticas.<br \/>\n07. Da ruma de lojas de \u201cqueques chinesas\u201d na rua vendendo tudo, tudo.<br \/>\n08. Das C\u00e2maras camaradas do poder fazendo de conta que trabalham.<br \/>\n09. Do medo dos bequeanos cair uma torre daquela em cima do povo.<br \/>\n10. Dos modernos se formando em computadores e via redes.<\/p>\n<p>NOTICIANDO<br \/>\nParabenizar o grande sobralense, Dr. Luciano Muniz, o famoso irm\u00e3o papagaio que esta semana trocou de idade em Fortaleza e foi muito cumprimentado pela fam\u00edlia e amigos \u00edntimos. O caro bom doutor especulado o seu nome para este ano receber o Trof\u00e9u Dom Jos\u00e9 de Cidadania do Centro Cultural Dom Jos\u00e9 de Sobral. Todos os anos \u00e9 escolhido na capital, um nome digno da homenagem justa. O Centro articula a festa para julho, na C\u00e2mara Municipal em grande estilo.<br \/>\nA empres\u00e1ria Lurdinha Vasconcelos, do Caf\u00e9 Jaibaras, ir\u00e1 receber homenagem do \u201cDia da Mulher\u201d na Academia Sobralense de Estudos e Letras (ASEL) e por m\u00e9ritos, no dia 31 de mar\u00e7o, em festa homenagem em grande estilo na cidade de Dom Jos\u00e9. Viva a mulher sobralense!<br \/>\nFoi dado o sinal pelo prefeito Oscar, da nova reforma do Becco do Cotovelo, para breve. Uma reuni\u00e3o ser\u00e1 marcada para conversar com os bequeanos e amigos de Sobral, visando as mudan\u00e7as da \u00e1rea. Que seja uma reforma com aval popular do povo de Sobral t\u00e3o amigos.<br \/>\nO Centro continua fazendo hist\u00f3ria musical e reconhecendo os seus vultos do Canta Sobral Festival. Para tanto, distribui certificados aos fundadores do canto dos cantos dos festivais antigos. Neste final de semana, Ros\u00e1lio Martins e Didi Sousa receber\u00e3o no Becco os seus certificados, por m\u00e9ritos, em grande estilo cultural na cidade.<br \/>\nOs radialistas e amantes de Sobral, Hamilton Furtado e Tupinamb\u00e1 Frota na lista dos homenageados deste ano, com o trof\u00e9u Dom Jos\u00e9. Aguardar a decis\u00e3o do Centro Cultural, com a lista completa dos contemplados do ano a ocorrer a festa em julho, na C\u00e2mara Municipal de Sobral. O Centro completar\u00e1 este ano, 40 anos de funda\u00e7\u00e3o e trabalho pela cultura.<\/p>\n<p><a href=\"https:\/\/correiodasemana.com\/site\/becco-ponto-com-205\/araujo-pachelle\/\" rel=\"attachment wp-att-32817\"><img fetchpriority=\"high\" decoding=\"async\" class=\"aligncenter size-full wp-image-32817\" src=\"https:\/\/correiodasemana.com\/site\/wp-content\/uploads\/2025\/03\/Araujo-Pachelle.jpg\" alt=\"\" width=\"372\" height=\"500\" srcset=\"https:\/\/correiodasemana.com\/site\/wp-content\/uploads\/2025\/03\/Araujo-Pachelle.jpg 372w, https:\/\/correiodasemana.com\/site\/wp-content\/uploads\/2025\/03\/Araujo-Pachelle-223x300.jpg 223w\" sizes=\"(max-width: 372px) 100vw, 372px\" \/><\/a>PERFIL: RADIALISTA ARA\u00daJO PATCHELLE<br \/>\nUm cidad\u00e3o com todas as letras e digno radialista do bem. Falo do caro centrista Ara\u00fajo Patchelle, aniversariante da semana, que hoje, por m\u00e9ritos, engalana nossa coluna neste noticioso da Diocese e o cara da comunica\u00e7\u00e3o moderna da Tupinamb\u00e1 fm de Sobral.<\/p>\n<p>LIVRE PENSAR:<br \/>\n\u201cO sil\u00eancio \u00e9 como uma morte prematura. Mata, \u00e0s vezes, o destino humano\u201d. (Poeta Chico Prado &#8211; Presidente do Centro Cultural Dom Jose de Sobral)<\/p>\n","protected":false},"excerpt":{"rendered":"<p>LIVRAI-NOS, SENHOR! 01. Dos puxa-sacos por amor chorando ainda as pitangas do poder. 02. Do&#8230;<\/p>\n","protected":false},"author":7,"featured_media":17437,"comment_status":"open","ping_status":"open","sticky":false,"template":"","format":"standard","meta":{"_jetpack_memberships_contains_paid_content":false,"footnotes":"","jetpack_publicize_message":"","jetpack_publicize_feature_enabled":true,"jetpack_social_post_already_shared":true,"jetpack_social_options":{"image_generator_settings":{"template":"highway","default_image_id":0,"font":"","enabled":false},"version":2}},"categories":[27],"tags":[],"class_list":["post-37639","post","type-post","status-publish","format-standard","has-post-thumbnail","hentry","category-becco-ponto-com"],"jetpack_publicize_connections":[],"jetpack_featured_media_url":"https:\/\/correiodasemana.com\/site\/wp-content\/uploads\/2021\/09\/Dr-Chico-Prado-Trofeu-Dom-Jose-1.jpg","jetpack-related-posts":[{"id":23235,"url":"https:\/\/correiodasemana.com\/site\/becco-ponto-com-113\/","url_meta":{"origin":37639,"position":0},"title":"Becco ponto Com","author":"adminredacao","date":"Janeiro 31, 2023","format":false,"excerpt":"COLUNA BECCO PONTO COM JANEIRO 2023 Livrai-nos, senhor! Nas demoras das obras p\u00fablicas, aqui. Das festas importadas na cultura, aqui. Dos acordos esp\u00farios pol\u00edticos, agora. Dos programas lixos da Rede Globo, ui! Do ensino moderno t\u00e3o fuleiragens, ui! Da viol\u00eancia contra a mulher no Cear\u00e1. Das atra\u00e7\u00f5es carnavalescas vale ter\u00e7os.\u2026","rel":"","context":"In &quot;Artigos&quot;","block_context":{"text":"Artigos","link":"https:\/\/correiodasemana.com\/site\/category\/artigos\/"},"img":{"alt_text":"","src":"https:\/\/i0.wp.com\/correiodasemana.com\/site\/wp-content\/uploads\/2021\/09\/Dr-Chico-Prado-Trofeu-Dom-Jose-1.jpg?resize=350%2C200&ssl=1","width":350,"height":200,"srcset":"https:\/\/i0.wp.com\/correiodasemana.com\/site\/wp-content\/uploads\/2021\/09\/Dr-Chico-Prado-Trofeu-Dom-Jose-1.jpg?resize=350%2C200&ssl=1 1x, https:\/\/i0.wp.com\/correiodasemana.com\/site\/wp-content\/uploads\/2021\/09\/Dr-Chico-Prado-Trofeu-Dom-Jose-1.jpg?resize=525%2C300&ssl=1 1.5x, https:\/\/i0.wp.com\/correiodasemana.com\/site\/wp-content\/uploads\/2021\/09\/Dr-Chico-Prado-Trofeu-Dom-Jose-1.jpg?resize=700%2C400&ssl=1 2x, https:\/\/i0.wp.com\/correiodasemana.com\/site\/wp-content\/uploads\/2021\/09\/Dr-Chico-Prado-Trofeu-Dom-Jose-1.jpg?resize=1050%2C600&ssl=1 3x, https:\/\/i0.wp.com\/correiodasemana.com\/site\/wp-content\/uploads\/2021\/09\/Dr-Chico-Prado-Trofeu-Dom-Jose-1.jpg?resize=1400%2C800&ssl=1 4x"},"classes":[]},{"id":27485,"url":"https:\/\/correiodasemana.com\/site\/becco-ponto-com-148\/","url_meta":{"origin":37639,"position":1},"title":"Becco Ponto Com","author":"adminredacao","date":"Dezembro 4, 2023","format":false,"excerpt":"LIVRAI-NOS, SENHOR! Dos casamentos movidos a \u201cPix Presentes\u201d Dos t\u00edtulos persona non grata via c\u00e2mara. Do mi mi mi dos pol\u00edticos de ocasi\u00e3o em 2024. Da piada de vice em uma viagem a Portugal, j\u00e1! Da ruma de calangos em cima do , ufa! Dos fgs perderem o poder \u201cvia\u2026","rel":"","context":"In &quot;Artigos&quot;","block_context":{"text":"Artigos","link":"https:\/\/correiodasemana.com\/site\/category\/artigos\/"},"img":{"alt_text":"","src":"https:\/\/i0.wp.com\/correiodasemana.com\/site\/wp-content\/uploads\/2021\/09\/Dr-Chico-Prado-Trofeu-Dom-Jose-1.jpg?resize=350%2C200&ssl=1","width":350,"height":200,"srcset":"https:\/\/i0.wp.com\/correiodasemana.com\/site\/wp-content\/uploads\/2021\/09\/Dr-Chico-Prado-Trofeu-Dom-Jose-1.jpg?resize=350%2C200&ssl=1 1x, https:\/\/i0.wp.com\/correiodasemana.com\/site\/wp-content\/uploads\/2021\/09\/Dr-Chico-Prado-Trofeu-Dom-Jose-1.jpg?resize=525%2C300&ssl=1 1.5x, https:\/\/i0.wp.com\/correiodasemana.com\/site\/wp-content\/uploads\/2021\/09\/Dr-Chico-Prado-Trofeu-Dom-Jose-1.jpg?resize=700%2C400&ssl=1 2x, https:\/\/i0.wp.com\/correiodasemana.com\/site\/wp-content\/uploads\/2021\/09\/Dr-Chico-Prado-Trofeu-Dom-Jose-1.jpg?resize=1050%2C600&ssl=1 3x, https:\/\/i0.wp.com\/correiodasemana.com\/site\/wp-content\/uploads\/2021\/09\/Dr-Chico-Prado-Trofeu-Dom-Jose-1.jpg?resize=1400%2C800&ssl=1 4x"},"classes":[]},{"id":17173,"url":"https:\/\/correiodasemana.com\/site\/becco-ponto-com-48\/","url_meta":{"origin":37639,"position":2},"title":"Becco ponto Com","author":"","date":"Agosto 9, 2021","format":false,"excerpt":"Livrai-nos, senhor! 01. Da babaquise dos doutores sabe tudo de Sobral. 02. Da campanha de baixo n\u00edvel para presid\u00eancia, ui! 03. Da santa ignor\u00e2ncia dos eleitores gados daqui. 04. Das faculdades formando intelectuais fakes, ui! 05. Das C\u00e2maras municipais j\u00e1 camaradas do poder. 06. Das festas pol\u00edticas atraindo votos via\u2026","rel":"","context":"In &quot;Artigos&quot;","block_context":{"text":"Artigos","link":"https:\/\/correiodasemana.com\/site\/category\/artigos\/"},"img":{"alt_text":"","src":"https:\/\/i0.wp.com\/correiodasemana.com\/site\/wp-content\/uploads\/2021\/04\/Chico-Prado-22.jpg?resize=350%2C200&ssl=1","width":350,"height":200,"srcset":"https:\/\/i0.wp.com\/correiodasemana.com\/site\/wp-content\/uploads\/2021\/04\/Chico-Prado-22.jpg?resize=350%2C200&ssl=1 1x, https:\/\/i0.wp.com\/correiodasemana.com\/site\/wp-content\/uploads\/2021\/04\/Chico-Prado-22.jpg?resize=525%2C300&ssl=1 1.5x, https:\/\/i0.wp.com\/correiodasemana.com\/site\/wp-content\/uploads\/2021\/04\/Chico-Prado-22.jpg?resize=700%2C400&ssl=1 2x"},"classes":[]},{"id":17351,"url":"https:\/\/correiodasemana.com\/site\/becco-ponto-com-51\/","url_meta":{"origin":37639,"position":3},"title":"Becco ponto Com","author":"","date":"Agosto 30, 2021","format":false,"excerpt":"LIVRAI-NOS, SENHOR! 01. Dos bl\u00e1, bl\u00e1, bl\u00e1 t\u00e3o pol\u00edtico via 2022. 02. Dos ap\u00f3stolos do d\u00edzimo na elei\u00e7\u00e3o. 03. Da sess\u00e3o bate-carteira via \u2018lulismo\u2019. 04. Da novela vacina vacinai do s.u.s., ui! 05. Dos cursos paga e leva t\u00e3o nossos. 06. Das brigas surdas: voto! Voto! Votos! 07. Das dondocas\u2026","rel":"","context":"In &quot;Artigos&quot;","block_context":{"text":"Artigos","link":"https:\/\/correiodasemana.com\/site\/category\/artigos\/"},"img":{"alt_text":"","src":"https:\/\/i0.wp.com\/correiodasemana.com\/site\/wp-content\/uploads\/2021\/04\/Chico-Prado-22.jpg?resize=350%2C200&ssl=1","width":350,"height":200,"srcset":"https:\/\/i0.wp.com\/correiodasemana.com\/site\/wp-content\/uploads\/2021\/04\/Chico-Prado-22.jpg?resize=350%2C200&ssl=1 1x, https:\/\/i0.wp.com\/correiodasemana.com\/site\/wp-content\/uploads\/2021\/04\/Chico-Prado-22.jpg?resize=525%2C300&ssl=1 1.5x, https:\/\/i0.wp.com\/correiodasemana.com\/site\/wp-content\/uploads\/2021\/04\/Chico-Prado-22.jpg?resize=700%2C400&ssl=1 2x"},"classes":[]},{"id":24392,"url":"https:\/\/correiodasemana.com\/site\/becco-ponto-com-119\/","url_meta":{"origin":37639,"position":4},"title":"Becco Ponto Com","author":"adminredacao","date":"Maio 1, 2023","format":false,"excerpt":"LIVRAI-NOS, SENHOR! Dos pol\u00edticos envelopados feito l\u00edderes. Do caf\u00e9 frio que est\u00e3o servindo ao Cid. Do shopping bombando e secando o centro. Do fim melanc\u00f3lico do nosso Guarany \u201cbis\u201d. Dos pre\u00e7os salgados nos nossos bares, ui! Da ruma de candidatos buchas para 2024. Da viol\u00eancia aterrorizando as mulheres. Do festival\u2026","rel":"","context":"In &quot;Artigos&quot;","block_context":{"text":"Artigos","link":"https:\/\/correiodasemana.com\/site\/category\/artigos\/"},"img":{"alt_text":"","src":"https:\/\/i0.wp.com\/correiodasemana.com\/site\/wp-content\/uploads\/2021\/09\/Dr-Chico-Prado-Trofeu-Dom-Jose-1-1.jpg?resize=350%2C200&ssl=1","width":350,"height":200,"srcset":"https:\/\/i0.wp.com\/correiodasemana.com\/site\/wp-content\/uploads\/2021\/09\/Dr-Chico-Prado-Trofeu-Dom-Jose-1-1.jpg?resize=350%2C200&ssl=1 1x, https:\/\/i0.wp.com\/correiodasemana.com\/site\/wp-content\/uploads\/2021\/09\/Dr-Chico-Prado-Trofeu-Dom-Jose-1-1.jpg?resize=525%2C300&ssl=1 1.5x, https:\/\/i0.wp.com\/correiodasemana.com\/site\/wp-content\/uploads\/2021\/09\/Dr-Chico-Prado-Trofeu-Dom-Jose-1-1.jpg?resize=700%2C400&ssl=1 2x"},"classes":[]},{"id":22974,"url":"https:\/\/correiodasemana.com\/site\/becoo-ponto-com\/","url_meta":{"origin":37639,"position":5},"title":"Becoo ponto Com","author":"adminredacao","date":"Janeiro 22, 2023","format":false,"excerpt":"LIVRAI-NOS, SENHOR! Da crise pol\u00edtica brasileira via petistas. Da volta da sess\u00e3o bb bosta via Globo. Do golpe frustrado em Bras\u00edlia, dia 08 de janeiro. Do mercad\u00e3o no centro via pra\u00e7as, ui! Dos acordos esp\u00farios via camaradas, ui! Das rachadinhas petistas no poder \u201cL\u201d. Da viol\u00eancia sem parar contra as\u2026","rel":"","context":"In &quot;Artigos&quot;","block_context":{"text":"Artigos","link":"https:\/\/correiodasemana.com\/site\/category\/artigos\/"},"img":{"alt_text":"","src":"https:\/\/i0.wp.com\/correiodasemana.com\/site\/wp-content\/uploads\/2021\/09\/Dr-Chico-Prado-Trofeu-Dom-Jose-1.jpg?resize=350%2C200&ssl=1","width":350,"height":200,"srcset":"https:\/\/i0.wp.com\/correiodasemana.com\/site\/wp-content\/uploads\/2021\/09\/Dr-Chico-Prado-Trofeu-Dom-Jose-1.jpg?resize=350%2C200&ssl=1 1x, https:\/\/i0.wp.com\/correiodasemana.com\/site\/wp-content\/uploads\/2021\/09\/Dr-Chico-Prado-Trofeu-Dom-Jose-1.jpg?resize=525%2C300&ssl=1 1.5x, https:\/\/i0.wp.com\/correiodasemana.com\/site\/wp-content\/uploads\/2021\/09\/Dr-Chico-Prado-Trofeu-Dom-Jose-1.jpg?resize=700%2C400&ssl=1 2x, https:\/\/i0.wp.com\/correiodasemana.com\/site\/wp-content\/uploads\/2021\/09\/Dr-Chico-Prado-Trofeu-Dom-Jose-1.jpg?resize=1050%2C600&ssl=1 3x, https:\/\/i0.wp.com\/correiodasemana.com\/site\/wp-content\/uploads\/2021\/09\/Dr-Chico-Prado-Trofeu-Dom-Jose-1.jpg?resize=1400%2C800&ssl=1 4x"},"classes":[]}],"jetpack_sharing_enabled":true,"_links":{"self":[{"href":"https:\/\/correiodasemana.com\/site\/wp-json\/wp\/v2\/posts\/37639","targetHints":{"allow":["GET"]}}],"collection":[{"href":"https:\/\/correiodasemana.com\/site\/wp-json\/wp\/v2\/posts"}],"about":[{"href":"https:\/\/correiodasemana.com\/site\/wp-json\/wp\/v2\/types\/post"}],"author":[{"embeddable":true,"href":"https:\/\/correiodasemana.com\/site\/wp-json\/wp\/v2\/users\/7"}],"replies":[{"embeddable":true,"href":"https:\/\/correiodasemana.com\/site\/wp-json\/wp\/v2\/comments?post=37639"}],"version-history":[{"count":1,"href":"https:\/\/correiodasemana.com\/site\/wp-json\/wp\/v2\/posts\/37639\/revisions"}],"predecessor-version":[{"id":37640,"href":"https:\/\/correiodasemana.com\/site\/wp-json\/wp\/v2\/posts\/37639\/revisions\/37640"}],"wp:featuredmedia":[{"embeddable":true,"href":"https:\/\/correiodasemana.com\/site\/wp-json\/wp\/v2\/media\/17437"}],"wp:attachment":[{"href":"https:\/\/correiodasemana.com\/site\/wp-json\/wp\/v2\/media?parent=37639"}],"wp:term":[{"taxonomy":"category","embeddable":true,"href":"https:\/\/correiodasemana.com\/site\/wp-json\/wp\/v2\/categories?post=37639"},{"taxonomy":"post_tag","embeddable":true,"href":"https:\/\/correiodasemana.com\/site\/wp-json\/wp\/v2\/tags?post=37639"}],"curies":[{"name":"wp","href":"https:\/\/api.w.org\/{rel}","templated":true}]}}