{"id":37641,"date":"2026-03-10T23:25:14","date_gmt":"2026-03-11T02:25:14","guid":{"rendered":"https:\/\/correiodasemana.com\/site\/?p=37641"},"modified":"2026-03-10T23:25:14","modified_gmt":"2026-03-11T02:25:14","slug":"a-academia-sobralense-de-estudos-e-letras-asel-abre-suas-portas-para-mais-uma-noite-de-autografos","status":"publish","type":"post","link":"https:\/\/correiodasemana.com\/site\/a-academia-sobralense-de-estudos-e-letras-asel-abre-suas-portas-para-mais-uma-noite-de-autografos\/","title":{"rendered":"A Academia Sobralense de Estudos e Letras-ASEL abre suas portas para mais uma noite de aut\u00f3grafos"},"content":{"rendered":"<p>Por Liduino S\u00e1<br \/>\nNo dia 6 de mar\u00e7o de 2026, a Academia Sobralense de Estudos e Letras-ASEL abriu suas portas para receber o professor e escritor Salmito de Almeida Campos, que na ocasi\u00e3o lan\u00e7ou seu livro: \u201cEDUCA\u00c7\u00c3O, CIDADANIA E MEM\u00d3RIAS e outras hist\u00f3rias\u201d.<br \/>\nA Sess\u00e3o Cultural promovida pela ASEL foi mui prestigiada pelos Acad\u00eamicos, pelos familiares e amigos do escritor e por importantes personalidades Sobralenses, entre elas a S\u00f3cia Correspondente da Academia e atual Prefeita Interina de Sobral, Dra. Maria Imaculada Dias Adeodato.<br \/>\nNa ocasi\u00e3o falaram o Presidente da ASEL, Arnaud de Holanda Cavalcante abrindo a Sess\u00e3o, o Acad\u00eamico Francisco Liduino Rodrigues de S\u00e1 apresentando o escritor, o pr\u00f3prio escritor apresentando o seu livro, e, com a palavra facultada, o tamb\u00e9m escritor Herculano Costa, usou da palavra.<br \/>\nAssim, ap\u00f3s a execu\u00e7\u00e3o do Hino de Sobral, o Presidente encerrou a Sess\u00e3o e todos se dirigiram para o Hall de entrada do MESS onde foi servido um rico coquetel regado a whisky old parr e onde, concomitantemente, o escritor Salmito Campos autografava os livros que eram adquiridos pelos convidados.<br \/>\nA Academia Sobralense de Estudos e Letras-ASEL fica muito feliz por mais esse lindo evento.<br \/>\nOs organizadores do evento, Acad\u00eamicos Francisco Liduino Rodrigues de S\u00e1 (Cerimonialista) e Arnaud de Holanda Cavalcante (Presidente), agradecem a todos que estiveram presentes.<\/p>\n<div id='gallery-1' class='gallery galleryid-37641 gallery-columns-3 gallery-size-thumbnail'><figure class='gallery-item'>\n\t\t\t<div class='gallery-icon landscape'>\n\t\t\t\t<a href='https:\/\/correiodasemana.com\/site\/a-academia-sobralense-de-estudos-e-letras-asel-abre-suas-portas-para-mais-uma-noite-de-autografos\/lancamento-de-livro-1\/'><img loading=\"lazy\" width=\"150\" height=\"150\" src=\"https:\/\/correiodasemana.com\/site\/wp-content\/uploads\/2026\/03\/lancamento-de-livro-1-150x150.jpg\" class=\"attachment-thumbnail size-thumbnail\" alt=\"lancamento de livro (1)\" loading=\"lazy\" decoding=\"async\" \/><\/a>\n\t\t\t<\/div><\/figure><figure class='gallery-item'>\n\t\t\t<div class='gallery-icon landscape'>\n\t\t\t\t<a href='https:\/\/correiodasemana.com\/site\/a-academia-sobralense-de-estudos-e-letras-asel-abre-suas-portas-para-mais-uma-noite-de-autografos\/lancamento-de-livro-2\/'><img loading=\"lazy\" width=\"150\" height=\"150\" src=\"https:\/\/correiodasemana.com\/site\/wp-content\/uploads\/2026\/03\/lancamento-de-livro-2-150x150.jpg\" class=\"attachment-thumbnail size-thumbnail\" alt=\"lancamento de livro (2)\" loading=\"lazy\" decoding=\"async\" \/><\/a>\n\t\t\t<\/div><\/figure><figure class='gallery-item'>\n\t\t\t<div class='gallery-icon landscape'>\n\t\t\t\t<a href='https:\/\/correiodasemana.com\/site\/a-academia-sobralense-de-estudos-e-letras-asel-abre-suas-portas-para-mais-uma-noite-de-autografos\/lancamento-de-livro-3\/'><img loading=\"lazy\" width=\"150\" height=\"150\" src=\"https:\/\/correiodasemana.com\/site\/wp-content\/uploads\/2026\/03\/lancamento-de-livro-3-150x150.jpg\" class=\"attachment-thumbnail size-thumbnail\" alt=\"lancamento de livro (3)\" loading=\"lazy\" decoding=\"async\" \/><\/a>\n\t\t\t<\/div><\/figure><figure class='gallery-item'>\n\t\t\t<div class='gallery-icon landscape'>\n\t\t\t\t<a href='https:\/\/correiodasemana.com\/site\/a-academia-sobralense-de-estudos-e-letras-asel-abre-suas-portas-para-mais-uma-noite-de-autografos\/lancamento-de-livro-4\/'><img loading=\"lazy\" width=\"150\" height=\"150\" src=\"https:\/\/correiodasemana.com\/site\/wp-content\/uploads\/2026\/03\/lancamento-de-livro-4-150x150.jpg\" class=\"attachment-thumbnail size-thumbnail\" alt=\"lancamento de livro (4)\" loading=\"lazy\" decoding=\"async\" \/><\/a>\n\t\t\t<\/div><\/figure><figure class='gallery-item'>\n\t\t\t<div class='gallery-icon landscape'>\n\t\t\t\t<a href='https:\/\/correiodasemana.com\/site\/a-academia-sobralense-de-estudos-e-letras-asel-abre-suas-portas-para-mais-uma-noite-de-autografos\/lancamento-de-livro-5\/'><img loading=\"lazy\" width=\"150\" height=\"150\" src=\"https:\/\/correiodasemana.com\/site\/wp-content\/uploads\/2026\/03\/lancamento-de-livro-5-150x150.jpg\" class=\"attachment-thumbnail size-thumbnail\" alt=\"lancamento de livro (5)\" loading=\"lazy\" decoding=\"async\" \/><\/a>\n\t\t\t<\/div><\/figure><figure class='gallery-item'>\n\t\t\t<div class='gallery-icon landscape'>\n\t\t\t\t<a href='https:\/\/correiodasemana.com\/site\/a-academia-sobralense-de-estudos-e-letras-asel-abre-suas-portas-para-mais-uma-noite-de-autografos\/lancamento-de-livro-6\/'><img loading=\"lazy\" width=\"150\" height=\"150\" src=\"https:\/\/correiodasemana.com\/site\/wp-content\/uploads\/2026\/03\/lancamento-de-livro-6-150x150.jpg\" class=\"attachment-thumbnail size-thumbnail\" alt=\"lancamento de livro (6)\" loading=\"lazy\" decoding=\"async\" \/><\/a>\n\t\t\t<\/div><\/figure><figure class='gallery-item'>\n\t\t\t<div class='gallery-icon landscape'>\n\t\t\t\t<a href='https:\/\/correiodasemana.com\/site\/a-academia-sobralense-de-estudos-e-letras-asel-abre-suas-portas-para-mais-uma-noite-de-autografos\/lancamento-de-livro-7\/'><img loading=\"lazy\" width=\"150\" height=\"150\" src=\"https:\/\/correiodasemana.com\/site\/wp-content\/uploads\/2026\/03\/lancamento-de-livro-7-150x150.jpg\" class=\"attachment-thumbnail size-thumbnail\" alt=\"lancamento de livro (7)\" loading=\"lazy\" decoding=\"async\" \/><\/a>\n\t\t\t<\/div><\/figure><figure class='gallery-item'>\n\t\t\t<div class='gallery-icon landscape'>\n\t\t\t\t<a href='https:\/\/correiodasemana.com\/site\/a-academia-sobralense-de-estudos-e-letras-asel-abre-suas-portas-para-mais-uma-noite-de-autografos\/lancamento-de-livro-8\/'><img loading=\"lazy\" width=\"150\" height=\"150\" src=\"https:\/\/correiodasemana.com\/site\/wp-content\/uploads\/2026\/03\/lancamento-de-livro-8-150x150.jpg\" class=\"attachment-thumbnail size-thumbnail\" alt=\"lancamento de livro (8)\" loading=\"lazy\" decoding=\"async\" \/><\/a>\n\t\t\t<\/div><\/figure><figure class='gallery-item'>\n\t\t\t<div class='gallery-icon landscape'>\n\t\t\t\t<a href='https:\/\/correiodasemana.com\/site\/a-academia-sobralense-de-estudos-e-letras-asel-abre-suas-portas-para-mais-uma-noite-de-autografos\/lancamento-de-livro-9\/'><img loading=\"lazy\" width=\"150\" height=\"150\" src=\"https:\/\/correiodasemana.com\/site\/wp-content\/uploads\/2026\/03\/lancamento-de-livro-9-150x150.jpg\" class=\"attachment-thumbnail size-thumbnail\" alt=\"lancamento de livro (9)\" loading=\"lazy\" decoding=\"async\" \/><\/a>\n\t\t\t<\/div><\/figure><figure class='gallery-item'>\n\t\t\t<div class='gallery-icon landscape'>\n\t\t\t\t<a href='https:\/\/correiodasemana.com\/site\/a-academia-sobralense-de-estudos-e-letras-asel-abre-suas-portas-para-mais-uma-noite-de-autografos\/lancamento-de-livro-10\/'><img loading=\"lazy\" width=\"150\" height=\"150\" src=\"https:\/\/correiodasemana.com\/site\/wp-content\/uploads\/2026\/03\/lancamento-de-livro-10-150x150.jpg\" class=\"attachment-thumbnail size-thumbnail\" alt=\"lancamento de livro (10)\" loading=\"lazy\" decoding=\"async\" \/><\/a>\n\t\t\t<\/div><\/figure><figure class='gallery-item'>\n\t\t\t<div class='gallery-icon landscape'>\n\t\t\t\t<a href='https:\/\/correiodasemana.com\/site\/a-academia-sobralense-de-estudos-e-letras-asel-abre-suas-portas-para-mais-uma-noite-de-autografos\/lancamento-de-livro-11\/'><img loading=\"lazy\" width=\"150\" height=\"150\" src=\"https:\/\/correiodasemana.com\/site\/wp-content\/uploads\/2026\/03\/lancamento-de-livro-11-150x150.jpg\" class=\"attachment-thumbnail size-thumbnail\" alt=\"lancamento de livro (11)\" loading=\"lazy\" decoding=\"async\" \/><\/a>\n\t\t\t<\/div><\/figure><figure class='gallery-item'>\n\t\t\t<div class='gallery-icon landscape'>\n\t\t\t\t<a href='https:\/\/correiodasemana.com\/site\/a-academia-sobralense-de-estudos-e-letras-asel-abre-suas-portas-para-mais-uma-noite-de-autografos\/lancamento-de-livro-12\/'><img loading=\"lazy\" width=\"150\" height=\"150\" src=\"https:\/\/correiodasemana.com\/site\/wp-content\/uploads\/2026\/03\/lancamento-de-livro-12-150x150.jpg\" class=\"attachment-thumbnail size-thumbnail\" alt=\"lancamento de livro (12)\" loading=\"lazy\" decoding=\"async\" \/><\/a>\n\t\t\t<\/div><\/figure><figure class='gallery-item'>\n\t\t\t<div class='gallery-icon landscape'>\n\t\t\t\t<a href='https:\/\/correiodasemana.com\/site\/a-academia-sobralense-de-estudos-e-letras-asel-abre-suas-portas-para-mais-uma-noite-de-autografos\/lancamento-de-livro-13\/'><img loading=\"lazy\" width=\"150\" height=\"150\" src=\"https:\/\/correiodasemana.com\/site\/wp-content\/uploads\/2026\/03\/lancamento-de-livro-13-150x150.jpg\" class=\"attachment-thumbnail size-thumbnail\" alt=\"lancamento de livro (13)\" loading=\"lazy\" decoding=\"async\" \/><\/a>\n\t\t\t<\/div><\/figure><figure class='gallery-item'>\n\t\t\t<div class='gallery-icon landscape'>\n\t\t\t\t<a href='https:\/\/correiodasemana.com\/site\/a-academia-sobralense-de-estudos-e-letras-asel-abre-suas-portas-para-mais-uma-noite-de-autografos\/lancamento-de-livro-14\/'><img loading=\"lazy\" width=\"150\" height=\"150\" src=\"https:\/\/correiodasemana.com\/site\/wp-content\/uploads\/2026\/03\/lancamento-de-livro-14-150x150.jpg\" class=\"attachment-thumbnail size-thumbnail\" alt=\"lancamento de livro (14)\" loading=\"lazy\" decoding=\"async\" \/><\/a>\n\t\t\t<\/div><\/figure><figure class='gallery-item'>\n\t\t\t<div class='gallery-icon landscape'>\n\t\t\t\t<a href='https:\/\/correiodasemana.com\/site\/a-academia-sobralense-de-estudos-e-letras-asel-abre-suas-portas-para-mais-uma-noite-de-autografos\/lancamento-de-livro-15\/'><img loading=\"lazy\" width=\"150\" height=\"150\" src=\"https:\/\/correiodasemana.com\/site\/wp-content\/uploads\/2026\/03\/lancamento-de-livro-15-150x150.jpg\" class=\"attachment-thumbnail size-thumbnail\" alt=\"lancamento de livro (15)\" loading=\"lazy\" decoding=\"async\" \/><\/a>\n\t\t\t<\/div><\/figure><figure class='gallery-item'>\n\t\t\t<div class='gallery-icon landscape'>\n\t\t\t\t<a href='https:\/\/correiodasemana.com\/site\/a-academia-sobralense-de-estudos-e-letras-asel-abre-suas-portas-para-mais-uma-noite-de-autografos\/lancamento-de-livro-16\/'><img loading=\"lazy\" width=\"150\" height=\"150\" src=\"https:\/\/correiodasemana.com\/site\/wp-content\/uploads\/2026\/03\/lancamento-de-livro-16-150x150.jpg\" class=\"attachment-thumbnail size-thumbnail\" alt=\"lancamento de livro (16)\" loading=\"lazy\" decoding=\"async\" \/><\/a>\n\t\t\t<\/div><\/figure><figure class='gallery-item'>\n\t\t\t<div class='gallery-icon landscape'>\n\t\t\t\t<a href='https:\/\/correiodasemana.com\/site\/a-academia-sobralense-de-estudos-e-letras-asel-abre-suas-portas-para-mais-uma-noite-de-autografos\/lancamento-de-livro-17\/'><img loading=\"lazy\" width=\"150\" height=\"150\" src=\"https:\/\/correiodasemana.com\/site\/wp-content\/uploads\/2026\/03\/lancamento-de-livro-17-150x150.jpg\" class=\"attachment-thumbnail size-thumbnail\" alt=\"lancamento de livro (17)\" loading=\"lazy\" decoding=\"async\" \/><\/a>\n\t\t\t<\/div><\/figure><figure class='gallery-item'>\n\t\t\t<div class='gallery-icon landscape'>\n\t\t\t\t<a href='https:\/\/correiodasemana.com\/site\/a-academia-sobralense-de-estudos-e-letras-asel-abre-suas-portas-para-mais-uma-noite-de-autografos\/lancamento-de-livro-18\/'><img loading=\"lazy\" width=\"150\" height=\"150\" src=\"https:\/\/correiodasemana.com\/site\/wp-content\/uploads\/2026\/03\/lancamento-de-livro-18-150x150.jpg\" class=\"attachment-thumbnail size-thumbnail\" alt=\"lancamento de livro (18)\" loading=\"lazy\" decoding=\"async\" \/><\/a>\n\t\t\t<\/div><\/figure><figure class='gallery-item'>\n\t\t\t<div class='gallery-icon landscape'>\n\t\t\t\t<a href='https:\/\/correiodasemana.com\/site\/a-academia-sobralense-de-estudos-e-letras-asel-abre-suas-portas-para-mais-uma-noite-de-autografos\/lancamento-de-livro-19\/'><img loading=\"lazy\" width=\"150\" height=\"150\" src=\"https:\/\/correiodasemana.com\/site\/wp-content\/uploads\/2026\/03\/lancamento-de-livro-19-150x150.jpg\" class=\"attachment-thumbnail size-thumbnail\" alt=\"lancamento de livro (19)\" loading=\"lazy\" decoding=\"async\" \/><\/a>\n\t\t\t<\/div><\/figure>\n\t\t<\/div>\n\n","protected":false},"excerpt":{"rendered":"<p>Por Liduino S\u00e1 No dia 6 de mar\u00e7o de 2026, a Academia Sobralense de Estudos&#8230;<\/p>\n","protected":false},"author":7,"featured_media":37660,"comment_status":"open","ping_status":"open","sticky":false,"template":"","format":"standard","meta":{"_jetpack_memberships_contains_paid_content":false,"footnotes":"","jetpack_publicize_message":"","jetpack_publicize_feature_enabled":true,"jetpack_social_post_already_shared":true,"jetpack_social_options":{"image_generator_settings":{"template":"highway","default_image_id":0,"font":"","enabled":false},"version":2}},"categories":[1],"tags":[],"class_list":["post-37641","post","type-post","status-publish","format-standard","has-post-thumbnail","hentry","category-atualidade"],"jetpack_publicize_connections":[],"jetpack_featured_media_url":"https:\/\/correiodasemana.com\/site\/wp-content\/uploads\/2026\/03\/lancamento-de-livro-19-scaled.jpg","jetpack-related-posts":[{"id":30934,"url":"https:\/\/correiodasemana.com\/site\/liduino-sa-e-eleito-por-unanimidade-para-ocupar-a-cadeira-36-na-academia-sobralense-de-estudos-e-letras-asel\/","url_meta":{"origin":37641,"position":0},"title":"LIDUINO S\u00c1 \u00c9 ELEITO, POR UNANIMIDADE, PARA OCUPAR A CADEIRA 36 NA ACADEMIA SOBRALENSE DE ESTUDOS E LETRAS-ASEL.","author":"adminredacao","date":"Outubro 8, 2024","format":false,"excerpt":"A Academia Sobralense de Estudos e Letras (ASEL) celebrou nesta quinta-feira, 26 de setembro de 2024, a elei\u00e7\u00e3o de seu mais novo membro: Lidu\u00edno S\u00e1. Com uma vota\u00e7\u00e3o un\u00e2nime de 24 votos v\u00e1lidos, o literato assume a Cadeira n\u00ba 36, que at\u00e9 ent\u00e3o era ocupada pelo saudoso imortal Manoel de\u2026","rel":"","context":"In &quot;Atualidade&quot;","block_context":{"text":"Atualidade","link":"https:\/\/correiodasemana.com\/site\/category\/atualidade\/"},"img":{"alt_text":"","src":"https:\/\/i0.wp.com\/correiodasemana.com\/site\/wp-content\/uploads\/2024\/10\/academia-de-letras.jpg?resize=350%2C200&ssl=1","width":350,"height":200,"srcset":"https:\/\/i0.wp.com\/correiodasemana.com\/site\/wp-content\/uploads\/2024\/10\/academia-de-letras.jpg?resize=350%2C200&ssl=1 1x, https:\/\/i0.wp.com\/correiodasemana.com\/site\/wp-content\/uploads\/2024\/10\/academia-de-letras.jpg?resize=525%2C300&ssl=1 1.5x, https:\/\/i0.wp.com\/correiodasemana.com\/site\/wp-content\/uploads\/2024\/10\/academia-de-letras.jpg?resize=700%2C400&ssl=1 2x, https:\/\/i0.wp.com\/correiodasemana.com\/site\/wp-content\/uploads\/2024\/10\/academia-de-letras.jpg?resize=1050%2C600&ssl=1 3x, https:\/\/i0.wp.com\/correiodasemana.com\/site\/wp-content\/uploads\/2024\/10\/academia-de-letras.jpg?resize=1400%2C800&ssl=1 4x"},"classes":[]},{"id":25607,"url":"https:\/\/correiodasemana.com\/site\/noite-de-autografos-na-asel\/","url_meta":{"origin":37641,"position":1},"title":"Noite de aut\u00f3grafos na ASEL","author":"adminredacao","date":"Julho 11, 2023","format":false,"excerpt":"Ontem, dia 6 de julho de 2023, cumprindo agenda de anivers\u00e1rio de 250 anos de Sobral, a Academia Sobralense de Estudos e Letras-ASEL acolheu o seu S\u00f3cio Correspondente e Escritor, Carlos Aguiar \u2013 empres\u00e1rio sobralense residente em Bras\u00edlia, ocasi\u00e3o em que o mesmo lan\u00e7ou o livro de sua autoria: \u201c365\u2026","rel":"","context":"In &quot;Atualidade&quot;","block_context":{"text":"Atualidade","link":"https:\/\/correiodasemana.com\/site\/category\/atualidade\/"},"img":{"alt_text":"","src":"https:\/\/i0.wp.com\/correiodasemana.com\/site\/wp-content\/uploads\/2023\/07\/DSC0903.jpg?resize=350%2C200&ssl=1","width":350,"height":200,"srcset":"https:\/\/i0.wp.com\/correiodasemana.com\/site\/wp-content\/uploads\/2023\/07\/DSC0903.jpg?resize=350%2C200&ssl=1 1x, https:\/\/i0.wp.com\/correiodasemana.com\/site\/wp-content\/uploads\/2023\/07\/DSC0903.jpg?resize=525%2C300&ssl=1 1.5x, https:\/\/i0.wp.com\/correiodasemana.com\/site\/wp-content\/uploads\/2023\/07\/DSC0903.jpg?resize=700%2C400&ssl=1 2x"},"classes":[]},{"id":35627,"url":"https:\/\/correiodasemana.com\/site\/asel-homenageia-domingos-olimpio-nos-175-anos-de-nascimento\/","url_meta":{"origin":37641,"position":2},"title":"ASEL homenageia Domingos Ol\u00edmpio nos 175 anos de nascimento","author":"adminredacao","date":"Setembro 28, 2025","format":false,"excerpt":"Sess\u00e3o Magna da ASEL no Audit\u00f3rio do UNINTA Visita nos locais descritos no livro Luzia Homem A Academia Sobralense de Estudos e Letras (ASEL), com o apoio da Prefeitura Municipal de Sobral e do Centro Universit\u00e1rio Inta \u2013 UNINTA, prestou uma justa homenagem ao romancista sobralense Domingos Ol\u00edmpio Braga Cavalcanti,\u2026","rel":"","context":"In &quot;Atualidade&quot;","block_context":{"text":"Atualidade","link":"https:\/\/correiodasemana.com\/site\/category\/atualidade\/"},"img":{"alt_text":"","src":"https:\/\/i0.wp.com\/correiodasemana.com\/site\/wp-content\/uploads\/2025\/09\/uninta-4-scaled.jpg?resize=350%2C200&ssl=1","width":350,"height":200,"srcset":"https:\/\/i0.wp.com\/correiodasemana.com\/site\/wp-content\/uploads\/2025\/09\/uninta-4-scaled.jpg?resize=350%2C200&ssl=1 1x, https:\/\/i0.wp.com\/correiodasemana.com\/site\/wp-content\/uploads\/2025\/09\/uninta-4-scaled.jpg?resize=525%2C300&ssl=1 1.5x, https:\/\/i0.wp.com\/correiodasemana.com\/site\/wp-content\/uploads\/2025\/09\/uninta-4-scaled.jpg?resize=700%2C400&ssl=1 2x, https:\/\/i0.wp.com\/correiodasemana.com\/site\/wp-content\/uploads\/2025\/09\/uninta-4-scaled.jpg?resize=1050%2C600&ssl=1 3x, https:\/\/i0.wp.com\/correiodasemana.com\/site\/wp-content\/uploads\/2025\/09\/uninta-4-scaled.jpg?resize=1400%2C800&ssl=1 4x"},"classes":[]},{"id":27229,"url":"https:\/\/correiodasemana.com\/site\/sessao-solene-promovida-pela-academia-sobralense-de-estudos-e-letras-asel-para-dar-posse-ao-neocademico-dr-agenor-soares-e-silva-junior\/","url_meta":{"origin":37641,"position":3},"title":"SESS\u00c3O SOLENE PROMOVIDA PELA ACADEMIA SOBRALENSE DE ESTUDOS E LETRAS-ASEL PARA DAR POSSE AO NEOCAD\u00caMICO DR. AGENOR SOARES E SILVA J\u00daNIOR","author":"adminredacao","date":"Novembro 13, 2023","format":false,"excerpt":"Ontem, dia 9 de novembro de 2023, a Academia Sobralense de Estudos e Letras-ASEL, promoveu Sess\u00e3o Solene para dar posse a um novo imortal, que, segundo a tradi\u00e7\u00e3o deste Silogeu, passou por todas as exig\u00eancias estatut\u00e1rias e, finalmente, recebeu o t\u00edtulo de S\u00f3cio Efetivo desta centen\u00e1ria Academia. O agraciado trata-se\u2026","rel":"","context":"In &quot;Atualidade&quot;","block_context":{"text":"Atualidade","link":"https:\/\/correiodasemana.com\/site\/category\/atualidade\/"},"img":{"alt_text":"","src":"https:\/\/i0.wp.com\/correiodasemana.com\/site\/wp-content\/uploads\/2023\/11\/DSC0668-scaled.jpg?resize=350%2C200&ssl=1","width":350,"height":200,"srcset":"https:\/\/i0.wp.com\/correiodasemana.com\/site\/wp-content\/uploads\/2023\/11\/DSC0668-scaled.jpg?resize=350%2C200&ssl=1 1x, https:\/\/i0.wp.com\/correiodasemana.com\/site\/wp-content\/uploads\/2023\/11\/DSC0668-scaled.jpg?resize=525%2C300&ssl=1 1.5x, https:\/\/i0.wp.com\/correiodasemana.com\/site\/wp-content\/uploads\/2023\/11\/DSC0668-scaled.jpg?resize=700%2C400&ssl=1 2x, https:\/\/i0.wp.com\/correiodasemana.com\/site\/wp-content\/uploads\/2023\/11\/DSC0668-scaled.jpg?resize=1050%2C600&ssl=1 3x, https:\/\/i0.wp.com\/correiodasemana.com\/site\/wp-content\/uploads\/2023\/11\/DSC0668-scaled.jpg?resize=1400%2C800&ssl=1 4x"},"classes":[]},{"id":31075,"url":"https:\/\/correiodasemana.com\/site\/a-academia-sobralense-de-estudos-e-letras-asel-empossa-seu-novo-imortal-francisco-liduino-rodrigues-de-sa-na-cadeira-36\/","url_meta":{"origin":37641,"position":4},"title":"A Academia Sobralense de Estudos e Letras-asel empossa seu novo imortal, Francisco Liduino Rodrigues de S\u00e1, na Cadeira 36","author":"adminredacao","date":"Outubro 21, 2024","format":false,"excerpt":"Na noite de 18 de outubro de 2024 a Academia Sobralense de Estudos e Letras-ASEL, recebeu ilustres convidados, dentre eles 14 acad\u00eamicos e mais familiares e amigos do Professor e Escritor Francisco Liduino Rodrigues de S\u00e1 que foi empossado na Cadeira 36 e agora \u00e9 membro efetivo deste Centen\u00e1rio Silogeu.\u2026","rel":"","context":"In &quot;Atualidade&quot;","block_context":{"text":"Atualidade","link":"https:\/\/correiodasemana.com\/site\/category\/atualidade\/"},"img":{"alt_text":"","src":"https:\/\/i0.wp.com\/correiodasemana.com\/site\/wp-content\/uploads\/2024\/10\/grande-scaled.jpg?resize=350%2C200&ssl=1","width":350,"height":200,"srcset":"https:\/\/i0.wp.com\/correiodasemana.com\/site\/wp-content\/uploads\/2024\/10\/grande-scaled.jpg?resize=350%2C200&ssl=1 1x, https:\/\/i0.wp.com\/correiodasemana.com\/site\/wp-content\/uploads\/2024\/10\/grande-scaled.jpg?resize=525%2C300&ssl=1 1.5x, https:\/\/i0.wp.com\/correiodasemana.com\/site\/wp-content\/uploads\/2024\/10\/grande-scaled.jpg?resize=700%2C400&ssl=1 2x, https:\/\/i0.wp.com\/correiodasemana.com\/site\/wp-content\/uploads\/2024\/10\/grande-scaled.jpg?resize=1050%2C600&ssl=1 3x, https:\/\/i0.wp.com\/correiodasemana.com\/site\/wp-content\/uploads\/2024\/10\/grande-scaled.jpg?resize=1400%2C800&ssl=1 4x"},"classes":[]},{"id":35117,"url":"https:\/\/correiodasemana.com\/site\/lancamento-do-livro-bau-das-flores-de-autoria-da-poeta-celia-oliveira\/","url_meta":{"origin":37641,"position":5},"title":"LAN\u00c7AMENTO DO LIVRO \u201cBA\u00da DAS FLORES\u201d DE AUTORIA DA POETA C\u00c9LIA OLIVEIRA","author":"adminredacao","date":"Agosto 17, 2025","format":false,"excerpt":"Dia 9 de agosto de 2025, na Casa de Cultura, em Sobral-CE, a Advogada, Escritora e Poeta sobralense residente em Fortaleza, tamb\u00e9m S\u00f3cia Correspondente da Academia Sobralense de Estudos e Letras-ASEL, Dra. C\u00e9lia Oliveira, fez o lan\u00e7amento do seu livro BA\u00da DAS FLORES, anteriormente lan\u00e7ado na XV Bienal Internacional do\u2026","rel":"","context":"In &quot;Atualidade&quot;","block_context":{"text":"Atualidade","link":"https:\/\/correiodasemana.com\/site\/category\/atualidade\/"},"img":{"alt_text":"","src":"https:\/\/i0.wp.com\/correiodasemana.com\/site\/wp-content\/uploads\/2025\/08\/batch_bau-das-flores-1-300x200.jpg?resize=350%2C200&ssl=1","width":350,"height":200,"srcset":"https:\/\/i0.wp.com\/correiodasemana.com\/site\/wp-content\/uploads\/2025\/08\/batch_bau-das-flores-1-300x200.jpg?resize=350%2C200&ssl=1 1x, https:\/\/i0.wp.com\/correiodasemana.com\/site\/wp-content\/uploads\/2025\/08\/batch_bau-das-flores-1-300x200.jpg?resize=525%2C300&ssl=1 1.5x, https:\/\/i0.wp.com\/correiodasemana.com\/site\/wp-content\/uploads\/2025\/08\/batch_bau-das-flores-1-300x200.jpg?resize=700%2C400&ssl=1 2x"},"classes":[]}],"jetpack_sharing_enabled":true,"_links":{"self":[{"href":"https:\/\/correiodasemana.com\/site\/wp-json\/wp\/v2\/posts\/37641","targetHints":{"allow":["GET"]}}],"collection":[{"href":"https:\/\/correiodasemana.com\/site\/wp-json\/wp\/v2\/posts"}],"about":[{"href":"https:\/\/correiodasemana.com\/site\/wp-json\/wp\/v2\/types\/post"}],"author":[{"embeddable":true,"href":"https:\/\/correiodasemana.com\/site\/wp-json\/wp\/v2\/users\/7"}],"replies":[{"embeddable":true,"href":"https:\/\/correiodasemana.com\/site\/wp-json\/wp\/v2\/comments?post=37641"}],"version-history":[{"count":1,"href":"https:\/\/correiodasemana.com\/site\/wp-json\/wp\/v2\/posts\/37641\/revisions"}],"predecessor-version":[{"id":37661,"href":"https:\/\/correiodasemana.com\/site\/wp-json\/wp\/v2\/posts\/37641\/revisions\/37661"}],"wp:featuredmedia":[{"embeddable":true,"href":"https:\/\/correiodasemana.com\/site\/wp-json\/wp\/v2\/media\/37660"}],"wp:attachment":[{"href":"https:\/\/correiodasemana.com\/site\/wp-json\/wp\/v2\/media?parent=37641"}],"wp:term":[{"taxonomy":"category","embeddable":true,"href":"https:\/\/correiodasemana.com\/site\/wp-json\/wp\/v2\/categories?post=37641"},{"taxonomy":"post_tag","embeddable":true,"href":"https:\/\/correiodasemana.com\/site\/wp-json\/wp\/v2\/tags?post=37641"}],"curies":[{"name":"wp","href":"https:\/\/api.w.org\/{rel}","templated":true}]}}