{"id":37662,"date":"2026-03-10T23:26:23","date_gmt":"2026-03-11T02:26:23","guid":{"rendered":"https:\/\/correiodasemana.com\/site\/?p=37662"},"modified":"2026-03-10T23:26:23","modified_gmt":"2026-03-11T02:26:23","slug":"silveira-rocha","status":"publish","type":"post","link":"https:\/\/correiodasemana.com\/site\/silveira-rocha\/","title":{"rendered":"Silveira Rocha"},"content":{"rendered":"<p>C\u00e1 estou<br \/>\nQuanto eu resolvi voltar a ocupar um espa\u00e7o aqui no Correio da Semana, creiam, n\u00e3o foi com interesse de priorizar pautas da pol\u00edtica partid\u00e1ria, at\u00e9 porque o que se v\u00ea hoje em dia s\u00e3o provoca\u00e7\u00f5es substituindo debates, narrativas destruindo l\u00f3gicas, falsidade ideol\u00f3gica subestimando conceitos nobres, e os poderes apodrecidos agu\u00e7ando o olfato dos ratos ao grande queijo financeiro.<br \/>\nFalar de pol\u00edtica, apenas, j\u00e1 n\u00e3o tem a mesma import\u00e2ncia de outrora. Isto porque a classe opta pela autodestrui\u00e7\u00e3o, pela alimenta\u00e7\u00e3o do \u00f3dio, pela insignific\u00e2ncia dos seres e o descaso quanto aos princ\u00edpios da igualdade, da fraternidade e da liberdade a que todos t\u00eam direito. Assim sendo, n\u00e3o voltei para entrar na briga de interesses, mas para unir-me aos que ainda trazem na mem\u00f3ria e no comportamento: racionalidade, cren\u00e7a na justi\u00e7a divina e respeito ao pr\u00f3ximo. Esta \u00e9 a melhor pol\u00edtica.<\/p>\n<p>De novo em casa<br \/>\nEstou de volta ao aconchego do Correio da Semana, a minha grande e poderosa escola de jornalismo. Aqui aprendi a escrever em m\u00e1quinas r\u00fasticas, diagramar em mesas, esperar que as fotos fossem reveladas, secadas, recortadas, para depois serem entregues para a montagem. Tudo pronto, o material era encaminhado \u00e0s gr\u00e1ficas de Fortaleza, para produ\u00e7\u00e3o. Depois os exemplares eram trazidos de \u00f4nibus. Esse era o sistema de quando eu comecei. Fazer jornalismo nem sempre \u00e9 somente escrever, mas dedicar-se a uma arte sublime, em que mente, cora\u00e7\u00e3o e m\u00e3os contextualizam o teor informativo.<\/p>\n<p>Gratid\u00e3o que move<br \/>\nImensa gratid\u00e3o aos muitos amigos e especiais leitores que me incentivaram a retornar ao exerc\u00edcio do jornalismo. Estendo o manifesto \u00e0 dire\u00e7\u00e3o deste jornal t\u00e3o querido, do qual n\u00e3o me separo jamais.<\/p>\n<p>Somos o que o tempo nos faz<br \/>\nO tempo n\u00e3o nos torna decadentes, nem tampouco ultrapassados. Ele nos molda, nos refina e amplia a nitidez do olhar, a sensibilidade do ouvir e a verdadeira forma de avaliar suas mudan\u00e7as e comportamento dos seus passageiros. O tempo nos faz vinho precioso, nos faz racionais e menos imorais.<\/p>\n<p>C\u00e1 estou<br \/>\nDigo-lhes com toda a honestidade da alma: escrever nunca foi tarefa f\u00e1cil. Isso porque a escrita requer uma diversidade de fatores envolvendo inspira\u00e7\u00e3o, raz\u00e3o, conceito e defini\u00e7\u00e3o. Vejo com tristeza que a maioria dos que ora se formam em jornalismo n\u00e3o saia capacitada para a produ\u00e7\u00e3o de editoriais, document\u00e1rios, opini\u00f5es, dentre outros insumos do intelecto. Em suma, eles n\u00e3o fizeram ditados.<\/p>\n<p>Volto logo!<br \/>\nE para n\u00e3o dizer que n\u00e3o falarei de flores, na pr\u00f3xima coluna teremos informa\u00e7\u00f5es e posicionamentos quanto \u00e0s principais ocorr\u00eancias dos cen\u00e1rios federal, estadual e municipal.<\/p>\n","protected":false},"excerpt":{"rendered":"<p>C\u00e1 estou Quanto eu resolvi voltar a ocupar um espa\u00e7o aqui no Correio da Semana,&#8230;<\/p>\n","protected":false},"author":7,"featured_media":32314,"comment_status":"open","ping_status":"open","sticky":false,"template":"","format":"standard","meta":{"_jetpack_memberships_contains_paid_content":false,"footnotes":"","jetpack_publicize_message":"","jetpack_publicize_feature_enabled":true,"jetpack_social_post_already_shared":true,"jetpack_social_options":{"image_generator_settings":{"template":"highway","default_image_id":0,"font":"","enabled":false},"version":2}},"categories":[11,53],"tags":[],"class_list":["post-37662","post","type-post","status-publish","format-standard","has-post-thumbnail","hentry","category-artigos","category-silveira-rocha"],"jetpack_publicize_connections":[],"jetpack_featured_media_url":"https:\/\/correiodasemana.com\/site\/wp-content\/uploads\/2025\/01\/Logo-Silveira-Rocha-2.jpg","jetpack-related-posts":[{"id":12516,"url":"https:\/\/correiodasemana.com\/site\/coluna-silveira-rocha-publicacao-diaria-2\/","url_meta":{"origin":37662,"position":0},"title":"COLUNA SILVEIRA ROCHA \u2013 PUBLICA\u00c7\u00c3O DI\u00c1RIA","author":"","date":"Agosto 5, 2020","format":false,"excerpt":"NO LATE-ZAP COM MABEL Bom dia Mabel! Como est\u00e1 essa cadela midi\u00e1tica? N\u00e3o vou cham\u00e1-la, ainda, de pet influencie,mas vejo que logo mais voc\u00ea acaba chegando l\u00e1. Amiga, hoje eu vou revelar-lhe um segredo: o motivo que me fez voltar a conversar com voc\u00ea foi minha decep\u00e7\u00e3o com as pessoas.\u2026","rel":"","context":"In &quot;Artigos&quot;","block_context":{"text":"Artigos","link":"https:\/\/correiodasemana.com\/site\/category\/artigos\/"},"img":{"alt_text":"","src":"https:\/\/i0.wp.com\/correiodasemana.com\/site\/wp-content\/uploads\/2020\/08\/117163962_290238355633639_4284614535297516281_n-2.jpg?resize=350%2C200&ssl=1","width":350,"height":200,"srcset":"https:\/\/i0.wp.com\/correiodasemana.com\/site\/wp-content\/uploads\/2020\/08\/117163962_290238355633639_4284614535297516281_n-2.jpg?resize=350%2C200&ssl=1 1x, https:\/\/i0.wp.com\/correiodasemana.com\/site\/wp-content\/uploads\/2020\/08\/117163962_290238355633639_4284614535297516281_n-2.jpg?resize=525%2C300&ssl=1 1.5x, https:\/\/i0.wp.com\/correiodasemana.com\/site\/wp-content\/uploads\/2020\/08\/117163962_290238355633639_4284614535297516281_n-2.jpg?resize=700%2C400&ssl=1 2x"},"classes":[]},{"id":38201,"url":"https:\/\/correiodasemana.com\/site\/silveira-rocha-4\/","url_meta":{"origin":37662,"position":1},"title":"Silveira Rocha","author":"adminredacao","date":"Abril 19, 2026","format":false,"excerpt":"Campanha n\u00e3o tem seguro desemprego Ciro Gomes como ator \u00e9 um excelente trocador de partidos e de projetos. Seu principal objetivo \u00e9 somente se manter no poder, com ou sem poder, sobrevivendo de feitos do passado, de inteligentes narrativas e como profundo conhecedor dos problemas brasileiros. De tudo ele entende,\u2026","rel":"","context":"In &quot;Silveira Rocha&quot;","block_context":{"text":"Silveira Rocha","link":"https:\/\/correiodasemana.com\/site\/category\/silveira-rocha\/"},"img":{"alt_text":"","src":"","width":0,"height":0},"classes":[]},{"id":38038,"url":"https:\/\/correiodasemana.com\/site\/silveira-rocha-3\/","url_meta":{"origin":37662,"position":2},"title":"Silveira Rocha","author":"adminredacao","date":"Abril 13, 2026","format":false,"excerpt":"A pol\u00edtica que n\u00e3o se entende A pol\u00edtica estadual cearense, nunca em sua hist\u00f3ria, se mostrou t\u00e3o confusa como no atual momento em que est\u00e3o sendo disputados o cargo de governador e mais duas vagas para o Senado. Os mais renomados experts no assunto n\u00e3o conseguem compreender a f\u00f3rmula como\u2026","rel":"","context":"In &quot;Artigos&quot;","block_context":{"text":"Artigos","link":"https:\/\/correiodasemana.com\/site\/category\/artigos\/"},"img":{"alt_text":"","src":"","width":0,"height":0},"classes":[]},{"id":12455,"url":"https:\/\/correiodasemana.com\/site\/coluna-silveira-rocha-publicacao-diaria\/","url_meta":{"origin":37662,"position":3},"title":"COLUNA SILVEIRA ROCHA &#8211; PUBLICA\u00c7\u00c3O DI\u00c1RIA","author":"","date":"Agosto 3, 2020","format":false,"excerpt":"NO LATE-ZAP COM MABEL Mabel, eu sabia que mais cedo ou mais tarde eu flagraria voc\u00ea batendo papo nas redes sociais. Como eu a descobri? Ora bolas, quem n\u00e3o reconhece esse seu papo de comunista. Tome muito cuidado com o que fala, sen\u00e3o o Alex Imorais manda voc\u00ea para a\u2026","rel":"","context":"In &quot;Artigos&quot;","block_context":{"text":"Artigos","link":"https:\/\/correiodasemana.com\/site\/category\/artigos\/"},"img":{"alt_text":"","src":"https:\/\/i0.wp.com\/correiodasemana.com\/site\/wp-content\/uploads\/2020\/08\/117163962_290238355633639_4284614535297516281_n-1.jpg?resize=350%2C200&ssl=1","width":350,"height":200,"srcset":"https:\/\/i0.wp.com\/correiodasemana.com\/site\/wp-content\/uploads\/2020\/08\/117163962_290238355633639_4284614535297516281_n-1.jpg?resize=350%2C200&ssl=1 1x, https:\/\/i0.wp.com\/correiodasemana.com\/site\/wp-content\/uploads\/2020\/08\/117163962_290238355633639_4284614535297516281_n-1.jpg?resize=525%2C300&ssl=1 1.5x, https:\/\/i0.wp.com\/correiodasemana.com\/site\/wp-content\/uploads\/2020\/08\/117163962_290238355633639_4284614535297516281_n-1.jpg?resize=700%2C400&ssl=1 2x"},"classes":[]},{"id":37880,"url":"https:\/\/correiodasemana.com\/site\/silveira-rocha-2\/","url_meta":{"origin":37662,"position":4},"title":"Silveira Rocha","author":"adminredacao","date":"Abril 11, 2026","format":false,"excerpt":"Moscas na sopa do Ciro O Cear\u00e1 se depara e convive com um quadro pol\u00edtico que foge \u00e0 normalidade, principalmente no aspecto da moralidade, do respeito e da \u00e9tica, que s\u00e3o raros nesse nicho, mas que na atualidade exacerbam. Pela primeira vez v\u00ea-se uma briga entre irm\u00e3os e grupos, fatos\u2026","rel":"","context":"In &quot;Artigos&quot;","block_context":{"text":"Artigos","link":"https:\/\/correiodasemana.com\/site\/category\/artigos\/"},"img":{"alt_text":"","src":"","width":0,"height":0},"classes":[]},{"id":32313,"url":"https:\/\/correiodasemana.com\/site\/becco-ponto-com-199\/","url_meta":{"origin":37662,"position":5},"title":"BECCO PONTO.COM","author":"adminredacao","date":"Janeiro 27, 2025","format":false,"excerpt":"LIVRAI-NOS, SENHOR! Da a\u00e7\u00e3o dos secadores do novo poder. Do mercad\u00e3o dos reais no centro, ufa! Da onda taxa ou n\u00e3o taxa o \u201cPIX\u201d via Lula. Da ambi\u00e7\u00e3o dos pol\u00edticos de ocasi\u00e3o, ui! Dos vereadores novos em busca dos ninhos. Das faculdades facilitadas ao ensino, ui! Dos novos ricos, botando\u2026","rel":"","context":"In &quot;Artigos&quot;","block_context":{"text":"Artigos","link":"https:\/\/correiodasemana.com\/site\/category\/artigos\/"},"img":{"alt_text":"","src":"https:\/\/i0.wp.com\/correiodasemana.com\/site\/wp-content\/uploads\/2021\/09\/Dr-Chico-Prado-Trofeu-Dom-Jose-1.jpg?resize=350%2C200&ssl=1","width":350,"height":200,"srcset":"https:\/\/i0.wp.com\/correiodasemana.com\/site\/wp-content\/uploads\/2021\/09\/Dr-Chico-Prado-Trofeu-Dom-Jose-1.jpg?resize=350%2C200&ssl=1 1x, https:\/\/i0.wp.com\/correiodasemana.com\/site\/wp-content\/uploads\/2021\/09\/Dr-Chico-Prado-Trofeu-Dom-Jose-1.jpg?resize=525%2C300&ssl=1 1.5x, https:\/\/i0.wp.com\/correiodasemana.com\/site\/wp-content\/uploads\/2021\/09\/Dr-Chico-Prado-Trofeu-Dom-Jose-1.jpg?resize=700%2C400&ssl=1 2x, https:\/\/i0.wp.com\/correiodasemana.com\/site\/wp-content\/uploads\/2021\/09\/Dr-Chico-Prado-Trofeu-Dom-Jose-1.jpg?resize=1050%2C600&ssl=1 3x, https:\/\/i0.wp.com\/correiodasemana.com\/site\/wp-content\/uploads\/2021\/09\/Dr-Chico-Prado-Trofeu-Dom-Jose-1.jpg?resize=1400%2C800&ssl=1 4x"},"classes":[]}],"jetpack_sharing_enabled":true,"_links":{"self":[{"href":"https:\/\/correiodasemana.com\/site\/wp-json\/wp\/v2\/posts\/37662","targetHints":{"allow":["GET"]}}],"collection":[{"href":"https:\/\/correiodasemana.com\/site\/wp-json\/wp\/v2\/posts"}],"about":[{"href":"https:\/\/correiodasemana.com\/site\/wp-json\/wp\/v2\/types\/post"}],"author":[{"embeddable":true,"href":"https:\/\/correiodasemana.com\/site\/wp-json\/wp\/v2\/users\/7"}],"replies":[{"embeddable":true,"href":"https:\/\/correiodasemana.com\/site\/wp-json\/wp\/v2\/comments?post=37662"}],"version-history":[{"count":1,"href":"https:\/\/correiodasemana.com\/site\/wp-json\/wp\/v2\/posts\/37662\/revisions"}],"predecessor-version":[{"id":37663,"href":"https:\/\/correiodasemana.com\/site\/wp-json\/wp\/v2\/posts\/37662\/revisions\/37663"}],"wp:featuredmedia":[{"embeddable":true,"href":"https:\/\/correiodasemana.com\/site\/wp-json\/wp\/v2\/media\/32314"}],"wp:attachment":[{"href":"https:\/\/correiodasemana.com\/site\/wp-json\/wp\/v2\/media?parent=37662"}],"wp:term":[{"taxonomy":"category","embeddable":true,"href":"https:\/\/correiodasemana.com\/site\/wp-json\/wp\/v2\/categories?post=37662"},{"taxonomy":"post_tag","embeddable":true,"href":"https:\/\/correiodasemana.com\/site\/wp-json\/wp\/v2\/tags?post=37662"}],"curies":[{"name":"wp","href":"https:\/\/api.w.org\/{rel}","templated":true}]}}