{"id":37664,"date":"2026-03-10T23:28:32","date_gmt":"2026-03-11T02:28:32","guid":{"rendered":"https:\/\/correiodasemana.com\/site\/?p=37664"},"modified":"2026-03-10T23:28:32","modified_gmt":"2026-03-11T02:28:32","slug":"no-ceara-operacoes-do-governo-do-brasil-prendem-213-suspeitos-de-crimes-contra-mulheres-e-reforcam-acoes-do-pacto-contra-o-feminicidio","status":"publish","type":"post","link":"https:\/\/correiodasemana.com\/site\/no-ceara-operacoes-do-governo-do-brasil-prendem-213-suspeitos-de-crimes-contra-mulheres-e-reforcam-acoes-do-pacto-contra-o-feminicidio\/","title":{"rendered":"No Cear\u00e1, opera\u00e7\u00f5es do Governo do Brasil prendem 213 suspeitos de crimes contra mulheres e refor\u00e7am a\u00e7\u00f5es do Pacto contra o Feminic\u00eddio"},"content":{"rendered":"<p><em>Opera\u00e7\u00f5es Mulher Segura e Alerta Lil\u00e1s mobilizaram for\u00e7as de seguran\u00e7a federais e estaduais entre fevereiro e mar\u00e7o, resultando em pris\u00f5es em flagrante e cumprimento de mandados contra agressores em todo o pa\u00eds<\/em><\/p>\n<p>No Cear\u00e1, 213 pessoas foram presas durante opera\u00e7\u00f5es coordenadas pelo Governo do Brasil nas \u00faltimas semanas para combater a viol\u00eancia contra mulheres e meninas. As deten\u00e7\u00f5es ocorreram no \u00e2mbito da Opera\u00e7\u00e3o Mulher Segura, em parceria com as Secretarias de Seguran\u00e7a P\u00fablica estaduais, e da Opera\u00e7\u00e3o Alerta Lil\u00e1s II, conduzida pela Pol\u00edcia Rodovi\u00e1ria Federal (PRF).<br \/>\nNo estado, 207 pessoas foram presas na Opera\u00e7\u00e3o Mulher Segura, realizada entre 19 de fevereiro e 5 de mar\u00e7o. J\u00e1 a Opera\u00e7\u00e3o Alerta Lil\u00e1s, conduzida pela PRF entre 9 de fevereiro e 5 de mar\u00e7o, resultou em 6 pris\u00f5es em cumprimento de mandados relacionados a crimes de viol\u00eancia contra mulheres.<br \/>\nAs duas iniciativas fazem parte das a\u00e7\u00f5es do Pacto Brasil entre os Tr\u00eas Poderes para Enfrentamento do Feminic\u00eddio, que articula Executivo, Legislativo e Judici\u00e1rio para ampliar a preven\u00e7\u00e3o da viol\u00eancia, fortalecer a prote\u00e7\u00e3o \u00e0s v\u00edtimas e garantir a responsabiliza\u00e7\u00e3o de agressores.<br \/>\nNACIONAL \u2013\u00a0Em todo o pa\u00eds, as duas opera\u00e7\u00f5es coordenadas pelo Governo do Brasil resultaram na pris\u00e3o de 5.238 suspeitos de crimes relacionados \u00e0 viol\u00eancia de g\u00eanero. Na Opera\u00e7\u00e3o Mulher Segura, foram registradas 4.936 pris\u00f5es, sendo 3.199 em flagrante e 1.737 em cumprimento de mandados de pris\u00e3o. Na Alerta Lil\u00e1s, foram presas 302 em flagrante ou com mandados de pris\u00e3o relacionados a crimes de viol\u00eancia contra mulheres.<br \/>\nMILHARES DE AGENTES \u2013\u00a0Coordenada pelo Minist\u00e9rio da Justi\u00e7a e Seguran\u00e7a P\u00fablica, por meio da Secretaria Nacional de Seguran\u00e7a P\u00fablica (Senasp), a Opera\u00e7\u00e3o Mulher Segura contou com a participa\u00e7\u00e3o das for\u00e7as de seguran\u00e7a de 26 unidades da Federa\u00e7\u00e3o, com exce\u00e7\u00e3o do Paran\u00e1, que j\u00e1 realizava opera\u00e7\u00e3o semelhante no mesmo per\u00edodo.<br \/>\nDurante 15 dias, a opera\u00e7\u00e3o mobilizou 38.564 agentes de seguran\u00e7a, com apoio de 14.796 viaturas, em 2.050 munic\u00edpios brasileiros. Foram realizadas 42.339 dilig\u00eancias, com 18.002 medidas protetivas de urg\u00eancia acompanhadas e 24.337 v\u00edtimas atendidas.<br \/>\nNo campo da preven\u00e7\u00e3o, foram promovidas 1.802 campanhas de conscientiza\u00e7\u00e3o, que alcan\u00e7aram 2,2 milh\u00f5es de pessoas, refor\u00e7ando a\u00e7\u00f5es educativas voltadas ao enfrentamento da viol\u00eancia de g\u00eanero. Para ampliar a capacidade operacional dos estados, o Minist\u00e9rio da Justi\u00e7a destinou cerca de R$ 2,6 milh\u00f5es para pagamento de di\u00e1rias de policiais, ampliando o efetivo empregado nas a\u00e7\u00f5es. A opera\u00e7\u00e3o integra o Projeto VIPS \u2013 Vulnerabilizados Institucionalmente Protegidos e Seguros, iniciativa estrat\u00e9gica voltada \u00e0 prote\u00e7\u00e3o de grupos vulnerabilizados.<br \/>\nMAIOR DA HIST\u00d3RIA \u2013\u00a0Paralelamente \u00e0 mobiliza\u00e7\u00e3o nos estados, a Pol\u00edcia Rodovi\u00e1ria Federal realizou a Opera\u00e7\u00e3o Alerta Lil\u00e1s, considerada a maior a\u00e7\u00e3o da hist\u00f3ria da institui\u00e7\u00e3o voltada \u00e0 prote\u00e7\u00e3o de mulheres.<br \/>\nEntre 9 de fevereiro e 5 de mar\u00e7o, a PRF intensificou a\u00e7\u00f5es de intelig\u00eancia e fiscaliza\u00e7\u00e3o para localizar e prender agressores procurados pela Justi\u00e7a nas 27 unidades da Federa\u00e7\u00e3o. O resultado foi a pris\u00e3o de 302 pessoas em flagrante ou em cumprimento de mandados relacionados a crimes de viol\u00eancia contra mulheres, refor\u00e7ando o enfrentamento qualificado \u00e0 viol\u00eancia de g\u00eanero em \u00e2mbito nacional.<br \/>\nDo total das ocorr\u00eancias, 119 (39,4%) contaram com participa\u00e7\u00e3o da atividade de intelig\u00eancia da PRF. As demais 183 pris\u00f5es (60,6%) decorreram de flagrantes realizados pelo efetivo operacional.<br \/>\nPLANO DE TRABALHO \u2013\u00a0As opera\u00e7\u00f5es Mulher Segura e Alerta Lil\u00e1s II integram o plano de trabalho apresentado na \u00faltima quarta-feira (4) pelo Comit\u00ea Interinstitucional de Gest\u00e3o do Pacto Brasil entre os Tr\u00eas Poderes para Enfrentamento do Feminic\u00eddio. O plano tem a finalidade de organizar, integrar e consolidar as a\u00e7\u00f5es priorit\u00e1rias, previstas no compromisso firmado em 4 de fevereiro de 2026 pelos Poderes Executivo, Legislativo e Judici\u00e1rio para o enfrentamento ao feminic\u00eddio.<br \/>\nEntre as medidas previstas est\u00e1 a realiza\u00e7\u00e3o de mutir\u00f5es nacionais para cumprimento de mandados de pris\u00e3o de agressores, al\u00e9m do fortalecimento da rede de acolhimento e atendimento \u00e0s v\u00edtimas.<br \/>\nO plano tamb\u00e9m prev\u00ea a\u00e7\u00f5es para acelerar a concess\u00e3o e o monitoramento de medidas protetivas de urg\u00eancia, ampliar a integra\u00e7\u00e3o entre \u00f3rg\u00e3os de seguran\u00e7a e justi\u00e7a e promover iniciativas educativas voltadas \u00e0 preven\u00e7\u00e3o da viol\u00eancia de g\u00eanero.<br \/>\nTamb\u00e9m est\u00e3o previstas a cria\u00e7\u00e3o de um Centro Integrado Mulher Segura para monitoramento de dados, a implanta\u00e7\u00e3o de unidades m\u00f3veis de atendimento a mulheres em situa\u00e7\u00e3o de viol\u00eancia e a amplia\u00e7\u00e3o da rede de acolhimento.<\/p>\n<p>Fonte:\u00a0Secretaria de Comunica\u00e7\u00e3o Social da Presid\u00eancia da Rep\u00fablica<\/p>\n","protected":false},"excerpt":{"rendered":"<p>Opera\u00e7\u00f5es Mulher Segura e Alerta Lil\u00e1s mobilizaram for\u00e7as de seguran\u00e7a federais e estaduais entre fevereiro&#8230;<\/p>\n","protected":false},"author":7,"featured_media":18208,"comment_status":"open","ping_status":"open","sticky":false,"template":"","format":"standard","meta":{"_jetpack_memberships_contains_paid_content":false,"footnotes":"","jetpack_publicize_message":"","jetpack_publicize_feature_enabled":true,"jetpack_social_post_already_shared":true,"jetpack_social_options":{"image_generator_settings":{"template":"highway","default_image_id":0,"font":"","enabled":false},"version":2}},"categories":[1],"tags":[],"class_list":["post-37664","post","type-post","status-publish","format-standard","has-post-thumbnail","hentry","category-atualidade"],"jetpack_publicize_connections":[],"jetpack_featured_media_url":"https:\/\/correiodasemana.com\/site\/wp-content\/uploads\/2021\/12\/violencia-contra-mulheres.jpg","jetpack-related-posts":[{"id":23693,"url":"https:\/\/correiodasemana.com\/site\/operacao-carnaval-2023-no-ceara\/","url_meta":{"origin":37664,"position":0},"title":"Opera\u00e7\u00e3o Carnaval 2023 no Cear\u00e1","author":"","date":"Fevereiro 17, 2023","format":false,"excerpt":"A Pol\u00edcia Rodovi\u00e1ria Federal (PRF) dar\u00e1 o pontap\u00e9 inicial \u00e0 Opera\u00e7\u00e3o Carnaval no Cear\u00e1 nesta sexta-feira, 17. A principal finalidade da medida \u00e9 coibir, no Brasil inteiro, condutas perigosas e diminuir a acidentalidade nas rodovias at\u00e9 o dia 22 de fevereiro, data referente ao encerramento da festividade. Ap\u00f3s dois anos\u2026","rel":"","context":"In &quot;Atualidade&quot;","block_context":{"text":"Atualidade","link":"https:\/\/correiodasemana.com\/site\/category\/atualidade\/"},"img":{"alt_text":"","src":"https:\/\/i0.wp.com\/correiodasemana.com\/site\/wp-content\/uploads\/2023\/02\/Carnaval-PRF-1024x578.jpg.webp?resize=350%2C200&ssl=1","width":350,"height":200,"srcset":"https:\/\/i0.wp.com\/correiodasemana.com\/site\/wp-content\/uploads\/2023\/02\/Carnaval-PRF-1024x578.jpg.webp?resize=350%2C200&ssl=1 1x, https:\/\/i0.wp.com\/correiodasemana.com\/site\/wp-content\/uploads\/2023\/02\/Carnaval-PRF-1024x578.jpg.webp?resize=525%2C300&ssl=1 1.5x, https:\/\/i0.wp.com\/correiodasemana.com\/site\/wp-content\/uploads\/2023\/02\/Carnaval-PRF-1024x578.jpg.webp?resize=700%2C400&ssl=1 2x"},"classes":[]},{"id":15925,"url":"https:\/\/correiodasemana.com\/site\/violencia-contra-a-mulher-em-dois-meses-brasil-registrou-160-mil-atendimentos\/","url_meta":{"origin":37664,"position":1},"title":"Viol\u00eancia contra a mulher: Em dois meses, Brasil registrou 160 mil atendimentos","author":"","date":"Mar\u00e7o 14, 2021","format":false,"excerpt":"Segundo dados do Minist\u00e9rio da Justi\u00e7a e Seguran\u00e7a P\u00fablica, cerca de 8,5 mil pessoas foram presas e 56 mil inqu\u00e9ritos foram instaurados O Minist\u00e9rio da Justi\u00e7a e Seguran\u00e7a P\u00fablica divulgou, nesta segunda-feira (8), dia em que se comemora o Dia Internacional da Mulher, o resultado da Opera\u00e7\u00e3o Resguardo, maior a\u00e7\u00e3o\u2026","rel":"","context":"In &quot;Atualidade&quot;","block_context":{"text":"Atualidade","link":"https:\/\/correiodasemana.com\/site\/category\/atualidade\/"},"img":{"alt_text":"","src":"https:\/\/i0.wp.com\/correiodasemana.com\/site\/wp-content\/uploads\/2021\/03\/violencia-contra-a-mulher.jpg?resize=350%2C200&ssl=1","width":350,"height":200,"srcset":"https:\/\/i0.wp.com\/correiodasemana.com\/site\/wp-content\/uploads\/2021\/03\/violencia-contra-a-mulher.jpg?resize=350%2C200&ssl=1 1x, https:\/\/i0.wp.com\/correiodasemana.com\/site\/wp-content\/uploads\/2021\/03\/violencia-contra-a-mulher.jpg?resize=525%2C300&ssl=1 1.5x, https:\/\/i0.wp.com\/correiodasemana.com\/site\/wp-content\/uploads\/2021\/03\/violencia-contra-a-mulher.jpg?resize=700%2C400&ssl=1 2x"},"classes":[]},{"id":24241,"url":"https:\/\/correiodasemana.com\/site\/mais-de-300-pessoas-foram-presas-na-operacao-escola-segura\/","url_meta":{"origin":37664,"position":2},"title":"Mais de 300 pessoas foram presas na Opera\u00e7\u00e3o Escola Segura","author":"adminredacao","date":"Abril 24, 2023","format":false,"excerpt":"Balan\u00e7o foi divulgado pelo ministro Fl\u00e1vio Dino Por Gabriel Brum - Rep\u00f3rter da R\u00e1dio Nacional - S\u00e3o Lu\u00eds Desde o dia 5 de abril, 302 pessoas foram presas ou apreendidas pela Opera\u00e7\u00e3o Escola Segura. O ministro da Justi\u00e7a e Seguran\u00e7a P\u00fablica, Fl\u00e1vio Dino, apresentou balan\u00e7o das a\u00e7\u00f5es nesta quinta-feira (20).\u2026","rel":"","context":"In &quot;Atualidade&quot;","block_context":{"text":"Atualidade","link":"https:\/\/correiodasemana.com\/site\/category\/atualidade\/"},"img":{"alt_text":"","src":"https:\/\/i0.wp.com\/correiodasemana.com\/site\/wp-content\/uploads\/2023\/04\/operacao-escola-segura_mcamgo_abr_200420231818-11.jpg?resize=350%2C200&ssl=1","width":350,"height":200,"srcset":"https:\/\/i0.wp.com\/correiodasemana.com\/site\/wp-content\/uploads\/2023\/04\/operacao-escola-segura_mcamgo_abr_200420231818-11.jpg?resize=350%2C200&ssl=1 1x, https:\/\/i0.wp.com\/correiodasemana.com\/site\/wp-content\/uploads\/2023\/04\/operacao-escola-segura_mcamgo_abr_200420231818-11.jpg?resize=525%2C300&ssl=1 1.5x, https:\/\/i0.wp.com\/correiodasemana.com\/site\/wp-content\/uploads\/2023\/04\/operacao-escola-segura_mcamgo_abr_200420231818-11.jpg?resize=700%2C400&ssl=1 2x"},"classes":[]},{"id":15248,"url":"https:\/\/correiodasemana.com\/site\/prf-contabiliza-903-acidentes-e-67-mortes-em-rodovias-no-ano-novo\/","url_meta":{"origin":37664,"position":3},"title":"PRF contabiliza 903 acidentes e 67 mortes em rodovias no Ano-Novo","author":"","date":"Janeiro 4, 2021","format":false,"excerpt":"O total de v\u00edtimas fatais foi 9% menor do que o registrado em 2019 A Pol\u00edcia Rodovi\u00e1ria Federal (PRF) registrou 903 acidentes em rodovias federais entre os dias 30 de dezembro e 3 de janeiro. O n\u00famero \u00e9 1% maior do que o registrado no mesmo per\u00edodo de 2019. Deste\u2026","rel":"","context":"In &quot;Atualidade&quot;","block_context":{"text":"Atualidade","link":"https:\/\/correiodasemana.com\/site\/category\/atualidade\/"},"img":{"alt_text":"","src":"https:\/\/i0.wp.com\/correiodasemana.com\/site\/wp-content\/uploads\/2021\/01\/962282-prf-9.jpg?resize=350%2C200&ssl=1","width":350,"height":200,"srcset":"https:\/\/i0.wp.com\/correiodasemana.com\/site\/wp-content\/uploads\/2021\/01\/962282-prf-9.jpg?resize=350%2C200&ssl=1 1x, https:\/\/i0.wp.com\/correiodasemana.com\/site\/wp-content\/uploads\/2021\/01\/962282-prf-9.jpg?resize=525%2C300&ssl=1 1.5x, https:\/\/i0.wp.com\/correiodasemana.com\/site\/wp-content\/uploads\/2021\/01\/962282-prf-9.jpg?resize=700%2C400&ssl=1 2x, https:\/\/i0.wp.com\/correiodasemana.com\/site\/wp-content\/uploads\/2021\/01\/962282-prf-9.jpg?resize=1050%2C600&ssl=1 3x"},"classes":[]},{"id":33032,"url":"https:\/\/correiodasemana.com\/site\/marco-lilas-e-amarelo-a-importancia-da-saude-feminina-e-do-cuidado-emocional\/","url_meta":{"origin":37664,"position":4},"title":"Mar\u00e7o Lil\u00e1s e Amarelo: A Import\u00e2ncia da Sa\u00fade Feminina e do Cuidado Emocional","author":"adminredacao","date":"Mar\u00e7o 24, 2025","format":false,"excerpt":"O m\u00eas de mar\u00e7o \u00e9 marcado por duas campanhas essenciais para a sa\u00fade da mulher: o Mar\u00e7o Lil\u00e1s, que alerta sobre a preven\u00e7\u00e3o e o combate ao c\u00e2ncer de colo de \u00fatero, e o Mar\u00e7o Amarelo, dedicado \u00e0 conscientiza\u00e7\u00e3o sobre a endometriose. Al\u00e9m dos impactos f\u00edsicos dessas condi\u00e7\u00f5es, \u00e9 fundamental\u2026","rel":"","context":"In &quot;Artigos&quot;","block_context":{"text":"Artigos","link":"https:\/\/correiodasemana.com\/site\/category\/artigos\/"},"img":{"alt_text":"","src":"https:\/\/i0.wp.com\/correiodasemana.com\/site\/wp-content\/uploads\/2025\/03\/Coluna-DRA-MILENA-BOMFIM-ed.png?resize=350%2C200&ssl=1","width":350,"height":200},"classes":[]},{"id":30394,"url":"https:\/\/correiodasemana.com\/site\/hospital-regional-norte-e-referencia-no-atendimento-a-mulheres-vitimas-de-violencia-sexual\/","url_meta":{"origin":37664,"position":5},"title":"Hospital Regional Norte \u00e9 refer\u00eancia no atendimento a mulheres v\u00edtimas de viol\u00eancia sexual","author":"adminredacao","date":"Agosto 19, 2024","format":false,"excerpt":"A viol\u00eancia sexual contra a mulher n\u00e3o tem cara, profiss\u00e3o, ou idade. No Hospital Regional Norte (HRN), unidade da Secretaria da Sa\u00fade do Cear\u00e1 (Sesa), administrada pelo Instituto de Sa\u00fade e Gest\u00e3o Hospitalar (ISGH), refer\u00eancia no atendimento a v\u00edtimas desse tipo de crime em Sobral, mais de cem pessoas foram\u2026","rel":"","context":"In &quot;Atualidade&quot;","block_context":{"text":"Atualidade","link":"https:\/\/correiodasemana.com\/site\/category\/atualidade\/"},"img":{"alt_text":"","src":"https:\/\/i0.wp.com\/correiodasemana.com\/site\/wp-content\/uploads\/2024\/08\/Fachada-CASRM-HRN-scaled.jpg?resize=350%2C200&ssl=1","width":350,"height":200,"srcset":"https:\/\/i0.wp.com\/correiodasemana.com\/site\/wp-content\/uploads\/2024\/08\/Fachada-CASRM-HRN-scaled.jpg?resize=350%2C200&ssl=1 1x, https:\/\/i0.wp.com\/correiodasemana.com\/site\/wp-content\/uploads\/2024\/08\/Fachada-CASRM-HRN-scaled.jpg?resize=525%2C300&ssl=1 1.5x, https:\/\/i0.wp.com\/correiodasemana.com\/site\/wp-content\/uploads\/2024\/08\/Fachada-CASRM-HRN-scaled.jpg?resize=700%2C400&ssl=1 2x, https:\/\/i0.wp.com\/correiodasemana.com\/site\/wp-content\/uploads\/2024\/08\/Fachada-CASRM-HRN-scaled.jpg?resize=1050%2C600&ssl=1 3x, https:\/\/i0.wp.com\/correiodasemana.com\/site\/wp-content\/uploads\/2024\/08\/Fachada-CASRM-HRN-scaled.jpg?resize=1400%2C800&ssl=1 4x"},"classes":[]}],"jetpack_sharing_enabled":true,"_links":{"self":[{"href":"https:\/\/correiodasemana.com\/site\/wp-json\/wp\/v2\/posts\/37664","targetHints":{"allow":["GET"]}}],"collection":[{"href":"https:\/\/correiodasemana.com\/site\/wp-json\/wp\/v2\/posts"}],"about":[{"href":"https:\/\/correiodasemana.com\/site\/wp-json\/wp\/v2\/types\/post"}],"author":[{"embeddable":true,"href":"https:\/\/correiodasemana.com\/site\/wp-json\/wp\/v2\/users\/7"}],"replies":[{"embeddable":true,"href":"https:\/\/correiodasemana.com\/site\/wp-json\/wp\/v2\/comments?post=37664"}],"version-history":[{"count":1,"href":"https:\/\/correiodasemana.com\/site\/wp-json\/wp\/v2\/posts\/37664\/revisions"}],"predecessor-version":[{"id":37665,"href":"https:\/\/correiodasemana.com\/site\/wp-json\/wp\/v2\/posts\/37664\/revisions\/37665"}],"wp:featuredmedia":[{"embeddable":true,"href":"https:\/\/correiodasemana.com\/site\/wp-json\/wp\/v2\/media\/18208"}],"wp:attachment":[{"href":"https:\/\/correiodasemana.com\/site\/wp-json\/wp\/v2\/media?parent=37664"}],"wp:term":[{"taxonomy":"category","embeddable":true,"href":"https:\/\/correiodasemana.com\/site\/wp-json\/wp\/v2\/categories?post=37664"},{"taxonomy":"post_tag","embeddable":true,"href":"https:\/\/correiodasemana.com\/site\/wp-json\/wp\/v2\/tags?post=37664"}],"curies":[{"name":"wp","href":"https:\/\/api.w.org\/{rel}","templated":true}]}}