{"id":37666,"date":"2026-03-10T23:29:43","date_gmt":"2026-03-11T02:29:43","guid":{"rendered":"https:\/\/correiodasemana.com\/site\/?p=37666"},"modified":"2026-03-10T23:29:43","modified_gmt":"2026-03-11T02:29:43","slug":"hrn-e-base-polo-do-samu-192-ceara-em-sobral-recebem-reconhecimento-internacional-pela-qualidade-no-atendimento-ao-avc","status":"publish","type":"post","link":"https:\/\/correiodasemana.com\/site\/hrn-e-base-polo-do-samu-192-ceara-em-sobral-recebem-reconhecimento-internacional-pela-qualidade-no-atendimento-ao-avc\/","title":{"rendered":"HRN e Base Polo do Samu 192 Cear\u00e1 em Sobral recebem reconhecimento internacional pela qualidade no atendimento ao AVC"},"content":{"rendered":"<p>Por Thais Menezes Pereira Rodrigues &#8211; Analista de Comunica\u00e7\u00e3o e N\u00facleo de Comunica\u00e7\u00e3o<\/p>\n<p>O Hospital Regional Norte (HRN), unidade da Secretaria da Sa\u00fade do Cear\u00e1 (Sesa), e a Base Polo do Servi\u00e7o de Atendimento M\u00f3vel de Urg\u00eancia (Samu 192) Cear\u00e1, em Sobral, receberam, nesta quinta-feira (5), o Selo Diamante do ESO Angels Awards, programa internacional que reconhece e certifica a organiza\u00e7\u00e3o de servi\u00e7os de sa\u00fade no atendimento a pacientes com Acidente Vascular Cerebral (AVC).<br \/>\nAs placas de reconhecimento foram entregues durante solenidade no munic\u00edpio, destacando o trabalho integrado entre o atendimento r\u00e1pido realizado pelo Samu e o tratamento especializado ofertado pelo HRN. Na ocasi\u00e3o, Sobral se tornou a segunda cidade do Cear\u00e1 a conquistar o t\u00edtulo de Cidade Angels, sendo reconhecida internacionalmente pela organiza\u00e7\u00e3o da rede de cuidados voltada ao AVC.<\/p>\n<p>Integra\u00e7\u00e3o entre Samu e hospital agiliza atendimento<br \/>\nPara a gerente da Base Polo do Samu 192 Cear\u00e1 em Sobral, Nara Braga, o reconhecimento evidencia o trabalho de qualifica\u00e7\u00e3o cont\u00ednua das equipes e a import\u00e2ncia do atendimento r\u00e1pido nos casos de AVC. \u201cQuanto mais qualifica\u00e7\u00e3o e mais profissionais preparados para identificar rapidamente os sinais do AVC, menores s\u00e3o as sequelas para o paciente. Essa certifica\u00e7\u00e3o mostra que temos um hospital muito qualificado e equipes do Samu que passam por capacita\u00e7\u00f5es constantes para oferecer um atendimento cada vez mais eficiente\u201d, destaca.<br \/>\nO Samu Cear\u00e1 funciona 24 horas por dia e pode ser acionado pelo n\u00famero 192. O servi\u00e7o conta com equipes multidisciplinares formadas por m\u00e9dicos, enfermeiros, t\u00e9cnicos em Enfermagem e socorristas, respons\u00e1veis pelo atendimento pr\u00e9-hospitalar e transporte seguro dos pacientes at\u00e9 unidades de refer\u00eancia.<\/p>\n<p>HRN \u00e9 refer\u00eancia no cuidado ao AVC<br \/>\nCom um centro de refer\u00eancia no atendimento a pacientes v\u00edtimas de AVC isqu\u00eamico, o Hospital Regional Norte integra o Programa Angels desde 2023, iniciativa internacional que busca qualificar centros especializados no tratamento da doen\u00e7a e apoiar a implanta\u00e7\u00e3o de novos servi\u00e7os.<br \/>\nO coordenador m\u00e9dico da Unidade de AVC do HRN, Esp\u00e1rtaco Ribeiro, destaca que o reconhecimento refor\u00e7a o trabalho desenvolvido na regi\u00e3o. \u201c\u00c9 um dia muito especial para todos que cuidam do AVC. O t\u00edtulo de Cidade Angels mostra que realizamos um trabalho de excel\u00eancia na preven\u00e7\u00e3o, identifica\u00e7\u00e3o e cuidado aos pacientes. Quanto mais cedo os sinais s\u00e3o reconhecidos, maiores s\u00e3o as chances de tratamento e recupera\u00e7\u00e3o\u201d, afirma.<br \/>\nA unidade disp\u00f5e de 20 leitos destinados ao atendimento de pacientes com AVC agudo e subagudo, al\u00e9m de centro de fisioterapia e ambulat\u00f3rio para acompanhamento dos pacientes ap\u00f3s a alta hospitalar.<\/p>\n<p>Mobiliza\u00e7\u00e3o da sociedade fortalece combate ao AVC<br \/>\nConsultor cient\u00edfico do Programa Angels, Alessandro R\u00f4mulo ressaltou que o reconhecimento tamb\u00e9m reflete o envolvimento da sociedade nas a\u00e7\u00f5es de preven\u00e7\u00e3o e identifica\u00e7\u00e3o da doen\u00e7a. \u201cO Hospital Regional Norte tem uma unidade de AVC consolidada em alto padr\u00e3o, com estrutura, materiais e profissionais qualificados. Mas o paciente precisa chegar a tempo, porque a janela de tratamento \u00e9 curta. Por isso, o papel do Samu e da popula\u00e7\u00e3o \u00e9 fundamental\u201d, explica.<br \/>\nEle tamb\u00e9m destaca a import\u00e2ncia das a\u00e7\u00f5es educativas realizadas com estudantes por meio do programa Fast Heroes, que ensina crian\u00e7as a reconhecer sinais de AVC e acionar o servi\u00e7o de emerg\u00eancia. \u201cQuando ensinamos uma crian\u00e7a a identificar os sinais do AVC, ela leva esse conhecimento para a fam\u00edlia e para a comunidade. Isso amplia a rede de prote\u00e7\u00e3o e ajuda a salvar mais vidas\u201d, completa.<br \/>\nNo Brasil, mais de 150 hospitais participam do Programa Angels, iniciativa que nasceu na Europa e j\u00e1 re\u00fane mais de 2.800 hospitais em todo o mundo. Al\u00e9m do HRN e da Base Polo do Samu em Sobral, outras unidades da rede estadual, como o Hospital Regional do Sert\u00e3o Central (HRSC) a Base Polo do Samu, em Quixeramobim, o Hospital Regional do Cariri (HRC), em Juazeiro do Norte, e o Hospital Geral de Fortaleza (HGF), tamb\u00e9m integram o programa.<\/p>\n<p><a href=\"https:\/\/correiodasemana.com\/site\/hrn-e-base-polo-do-samu-192-ceara-em-sobral-recebem-reconhecimento-internacional-pela-qualidade-no-atendimento-ao-avc\/hospital-regional-sobral-1\/\" rel=\"attachment wp-att-37667\"><img fetchpriority=\"high\" decoding=\"async\" class=\"aligncenter size-full wp-image-37667\" src=\"https:\/\/correiodasemana.com\/site\/wp-content\/uploads\/2026\/03\/hospital-regional-sobral-1.jpeg\" alt=\"\" width=\"1280\" height=\"960\" srcset=\"https:\/\/correiodasemana.com\/site\/wp-content\/uploads\/2026\/03\/hospital-regional-sobral-1.jpeg 1280w, https:\/\/correiodasemana.com\/site\/wp-content\/uploads\/2026\/03\/hospital-regional-sobral-1-300x225.jpeg 300w, https:\/\/correiodasemana.com\/site\/wp-content\/uploads\/2026\/03\/hospital-regional-sobral-1-1024x768.jpeg 1024w, https:\/\/correiodasemana.com\/site\/wp-content\/uploads\/2026\/03\/hospital-regional-sobral-1-768x576.jpeg 768w\" sizes=\"(max-width: 1280px) 100vw, 1280px\" \/><\/a> <a href=\"https:\/\/correiodasemana.com\/site\/hrn-e-base-polo-do-samu-192-ceara-em-sobral-recebem-reconhecimento-internacional-pela-qualidade-no-atendimento-ao-avc\/hospital-regional-sobral-2\/\" rel=\"attachment wp-att-37668\"><img decoding=\"async\" class=\"aligncenter size-full wp-image-37668\" src=\"https:\/\/correiodasemana.com\/site\/wp-content\/uploads\/2026\/03\/hospital-regional-sobral-2.jpeg\" alt=\"\" width=\"1175\" height=\"953\" srcset=\"https:\/\/correiodasemana.com\/site\/wp-content\/uploads\/2026\/03\/hospital-regional-sobral-2.jpeg 1175w, https:\/\/correiodasemana.com\/site\/wp-content\/uploads\/2026\/03\/hospital-regional-sobral-2-300x243.jpeg 300w, https:\/\/correiodasemana.com\/site\/wp-content\/uploads\/2026\/03\/hospital-regional-sobral-2-1024x831.jpeg 1024w, https:\/\/correiodasemana.com\/site\/wp-content\/uploads\/2026\/03\/hospital-regional-sobral-2-768x623.jpeg 768w\" sizes=\"(max-width: 1175px) 100vw, 1175px\" \/><\/a> <a href=\"https:\/\/correiodasemana.com\/site\/hrn-e-base-polo-do-samu-192-ceara-em-sobral-recebem-reconhecimento-internacional-pela-qualidade-no-atendimento-ao-avc\/hospital-regional-sobral-3\/\" rel=\"attachment wp-att-37669\"><img decoding=\"async\" class=\"aligncenter size-full wp-image-37669\" src=\"https:\/\/correiodasemana.com\/site\/wp-content\/uploads\/2026\/03\/hospital-regional-sobral-3.jpeg\" alt=\"\" width=\"1280\" height=\"960\" srcset=\"https:\/\/correiodasemana.com\/site\/wp-content\/uploads\/2026\/03\/hospital-regional-sobral-3.jpeg 1280w, https:\/\/correiodasemana.com\/site\/wp-content\/uploads\/2026\/03\/hospital-regional-sobral-3-300x225.jpeg 300w, https:\/\/correiodasemana.com\/site\/wp-content\/uploads\/2026\/03\/hospital-regional-sobral-3-1024x768.jpeg 1024w, https:\/\/correiodasemana.com\/site\/wp-content\/uploads\/2026\/03\/hospital-regional-sobral-3-768x576.jpeg 768w\" sizes=\"(max-width: 1280px) 100vw, 1280px\" \/><\/a><\/p>\n","protected":false},"excerpt":{"rendered":"<p>Por Thais Menezes Pereira Rodrigues &#8211; Analista de Comunica\u00e7\u00e3o e N\u00facleo de Comunica\u00e7\u00e3o O Hospital&#8230;<\/p>\n","protected":false},"author":7,"featured_media":37667,"comment_status":"open","ping_status":"open","sticky":false,"template":"","format":"standard","meta":{"_jetpack_memberships_contains_paid_content":false,"footnotes":"","jetpack_publicize_message":"","jetpack_publicize_feature_enabled":true,"jetpack_social_post_already_shared":true,"jetpack_social_options":{"image_generator_settings":{"template":"highway","default_image_id":0,"font":"","enabled":false},"version":2}},"categories":[1],"tags":[],"class_list":["post-37666","post","type-post","status-publish","format-standard","has-post-thumbnail","hentry","category-atualidade"],"jetpack_publicize_connections":[],"jetpack_featured_media_url":"https:\/\/correiodasemana.com\/site\/wp-content\/uploads\/2026\/03\/hospital-regional-sobral-1.jpeg","jetpack-related-posts":[{"id":31180,"url":"https:\/\/correiodasemana.com\/site\/hospital-regional-norte-realiza-acoes-de-conscientizacao-sobre-o-avc\/","url_meta":{"origin":37666,"position":0},"title":"Hospital Regional Norte realiza a\u00e7\u00f5es de conscientiza\u00e7\u00e3o sobre o AVC","author":"adminredacao","date":"Novembro 3, 2024","format":false,"excerpt":"O servi\u00e7o de AVC do Hospital Regional Norte (HRN), em Sobral, unidade da Secretaria da Sa\u00fade do Cear\u00e1, administrada pelo Instituto de Sa\u00fade e Gest\u00e3o Hospitalar (ISGH), em Sobral, realiza a\u00e7\u00f5es de conscientiza\u00e7\u00e3o e combate ao AVC com exposi\u00e7\u00e3o de stands em locais p\u00fablicos da cidade de Sobral. Al\u00e9m da\u2026","rel":"","context":"In &quot;Atualidade&quot;","block_context":{"text":"Atualidade","link":"https:\/\/correiodasemana.com\/site\/category\/atualidade\/"},"img":{"alt_text":"","src":"https:\/\/i0.wp.com\/correiodasemana.com\/site\/wp-content\/uploads\/2024\/11\/Diretor-HRN-3-1-scaled.jpg?resize=350%2C200&ssl=1","width":350,"height":200,"srcset":"https:\/\/i0.wp.com\/correiodasemana.com\/site\/wp-content\/uploads\/2024\/11\/Diretor-HRN-3-1-scaled.jpg?resize=350%2C200&ssl=1 1x, https:\/\/i0.wp.com\/correiodasemana.com\/site\/wp-content\/uploads\/2024\/11\/Diretor-HRN-3-1-scaled.jpg?resize=525%2C300&ssl=1 1.5x, https:\/\/i0.wp.com\/correiodasemana.com\/site\/wp-content\/uploads\/2024\/11\/Diretor-HRN-3-1-scaled.jpg?resize=700%2C400&ssl=1 2x, https:\/\/i0.wp.com\/correiodasemana.com\/site\/wp-content\/uploads\/2024\/11\/Diretor-HRN-3-1-scaled.jpg?resize=1050%2C600&ssl=1 3x, https:\/\/i0.wp.com\/correiodasemana.com\/site\/wp-content\/uploads\/2024\/11\/Diretor-HRN-3-1-scaled.jpg?resize=1400%2C800&ssl=1 4x"},"classes":[]},{"id":31427,"url":"https:\/\/correiodasemana.com\/site\/unidades-de-avc-no-interior-do-ceara-oferecem-atendimento-especializado-a-populacao\/","url_meta":{"origin":37666,"position":1},"title":"Unidades de AVC no interior do Cear\u00e1 oferecem atendimento especializado \u00e0 popula\u00e7\u00e3o","author":"adminredacao","date":"Novembro 18, 2024","format":false,"excerpt":"Uma das doen\u00e7as que mais mata no Brasil, o Acidente Vascular Cerebral (AVC) n\u00e3o escolhe idade. Embora seja mais comum em idosos, o AVC pode acometer inclusive crian\u00e7as, em casos de malforma\u00e7\u00e3o nas art\u00e9rias e veias. Foi o caso de Rafaely Silva Dantas, 9 (foto). A menina, que mora em\u2026","rel":"","context":"In &quot;Atualidade&quot;","block_context":{"text":"Atualidade","link":"https:\/\/correiodasemana.com\/site\/category\/atualidade\/"},"img":{"alt_text":"","src":"https:\/\/i0.wp.com\/correiodasemana.com\/site\/wp-content\/uploads\/2024\/11\/221028_INAUG-UNID-AVC-SOBRAL_CG4465-1-1200x802-1.jpg?resize=350%2C200&ssl=1","width":350,"height":200,"srcset":"https:\/\/i0.wp.com\/correiodasemana.com\/site\/wp-content\/uploads\/2024\/11\/221028_INAUG-UNID-AVC-SOBRAL_CG4465-1-1200x802-1.jpg?resize=350%2C200&ssl=1 1x, https:\/\/i0.wp.com\/correiodasemana.com\/site\/wp-content\/uploads\/2024\/11\/221028_INAUG-UNID-AVC-SOBRAL_CG4465-1-1200x802-1.jpg?resize=525%2C300&ssl=1 1.5x, https:\/\/i0.wp.com\/correiodasemana.com\/site\/wp-content\/uploads\/2024\/11\/221028_INAUG-UNID-AVC-SOBRAL_CG4465-1-1200x802-1.jpg?resize=700%2C400&ssl=1 2x, https:\/\/i0.wp.com\/correiodasemana.com\/site\/wp-content\/uploads\/2024\/11\/221028_INAUG-UNID-AVC-SOBRAL_CG4465-1-1200x802-1.jpg?resize=1050%2C600&ssl=1 3x"},"classes":[]},{"id":29215,"url":"https:\/\/correiodasemana.com\/site\/hrn-promove-encontro-para-atualizacao-de-fluxo-de-encaminhamento-de-pacientes-com-avc\/","url_meta":{"origin":37666,"position":2},"title":"HRN promove encontro para atualiza\u00e7\u00e3o de fluxo de encaminhamento de pacientes com AVC","author":"adminredacao","date":"Maio 13, 2024","format":false,"excerpt":"O Hospital Regional Norte (HRN), unidade da Secretaria da Sa\u00fade do Cear\u00e1 (Sesa), administrada pelo Instituto de Sa\u00fade e Gest\u00e3o Hospitalar (ISGH), em Sobral, promoveu na ter\u00e7a-feira (7) o Encontro de Atualiza\u00e7\u00e3o de Fluxo de Encaminhamento de Pacientes para a unidade de atendimento a pacientes v\u00edtimas de Acidente Vascular Cerebral\u2026","rel":"","context":"In &quot;Atualidade&quot;","block_context":{"text":"Atualidade","link":"https:\/\/correiodasemana.com\/site\/category\/atualidade\/"},"img":{"alt_text":"","src":"https:\/\/i0.wp.com\/correiodasemana.com\/site\/wp-content\/uploads\/2024\/05\/a-150x150.jpg?resize=350%2C200&ssl=1","width":350,"height":200},"classes":[]},{"id":11946,"url":"https:\/\/correiodasemana.com\/site\/regiao-norte-recebe-57-novos-respiradores-e-soma-agora-185-leitos-de-uti-2\/","url_meta":{"origin":37666,"position":3},"title":"Regi\u00e3o Norte recebe 57 novos respiradores e soma agora 185 leitos de UTI","author":"","date":"Julho 19, 2020","format":false,"excerpt":"Os munic\u00edpios de Sobral, Crate\u00fas, Tiangu\u00e1, Ubajara e Camocim receberam juntos mais 57 respiradores e com isso a regi\u00e3o agora conta com 185 leitos de Unidade de Terapia Intensiva (UTI), a maioria exclusivos para o tratamento de Covid-19. A distribui\u00e7\u00e3o dos 300 novos ventiladores mec\u00e2nicos do modelo VG70, adquiridos com\u2026","rel":"","context":"In &quot;Atualidade&quot;","block_context":{"text":"Atualidade","link":"https:\/\/correiodasemana.com\/site\/category\/atualidade\/"},"img":{"alt_text":"","src":"https:\/\/i0.wp.com\/correiodasemana.com\/site\/wp-content\/uploads\/2020\/07\/HRN-UTI-COVID19.jpg?resize=350%2C200&ssl=1","width":350,"height":200,"srcset":"https:\/\/i0.wp.com\/correiodasemana.com\/site\/wp-content\/uploads\/2020\/07\/HRN-UTI-COVID19.jpg?resize=350%2C200&ssl=1 1x, https:\/\/i0.wp.com\/correiodasemana.com\/site\/wp-content\/uploads\/2020\/07\/HRN-UTI-COVID19.jpg?resize=525%2C300&ssl=1 1.5x, https:\/\/i0.wp.com\/correiodasemana.com\/site\/wp-content\/uploads\/2020\/07\/HRN-UTI-COVID19.jpg?resize=700%2C400&ssl=1 2x, https:\/\/i0.wp.com\/correiodasemana.com\/site\/wp-content\/uploads\/2020\/07\/HRN-UTI-COVID19.jpg?resize=1050%2C600&ssl=1 3x, https:\/\/i0.wp.com\/correiodasemana.com\/site\/wp-content\/uploads\/2020\/07\/HRN-UTI-COVID19.jpg?resize=1400%2C800&ssl=1 4x"},"classes":[]},{"id":11933,"url":"https:\/\/correiodasemana.com\/site\/regiao-norte-recebe-57-novos-respiradores-e-soma-agora-185-leitos-de-uti\/","url_meta":{"origin":37666,"position":4},"title":"Regi\u00e3o Norte recebe 57 novos respiradores e soma agora 185 leitos de UTI","author":"","date":"Julho 16, 2020","format":false,"excerpt":"A distribui\u00e7\u00e3o dos 300 novos ventiladores mec\u00e2nicos do modelo VG70, adquiridos com recursos pr\u00f3prios do Governo do Cear\u00e1, foi conclu\u00edda para a Regi\u00e3o de Sa\u00fade Norte. Os munic\u00edpios de Sobral, Crate\u00fas, Tiangu\u00e1, Ubajara e Camocim receberam juntos mais 57 respiradores e com isso a regi\u00e3o agora conta com 185 leitos\u2026","rel":"","context":"In &quot;Atualidade&quot;","block_context":{"text":"Atualidade","link":"https:\/\/correiodasemana.com\/site\/category\/atualidade\/"},"img":{"alt_text":"","src":"https:\/\/i0.wp.com\/correiodasemana.com\/site\/wp-content\/uploads\/2020\/07\/200618_HRN-UTI-COVID19_TF19082.jpg?resize=350%2C200&ssl=1","width":350,"height":200,"srcset":"https:\/\/i0.wp.com\/correiodasemana.com\/site\/wp-content\/uploads\/2020\/07\/200618_HRN-UTI-COVID19_TF19082.jpg?resize=350%2C200&ssl=1 1x, https:\/\/i0.wp.com\/correiodasemana.com\/site\/wp-content\/uploads\/2020\/07\/200618_HRN-UTI-COVID19_TF19082.jpg?resize=525%2C300&ssl=1 1.5x, https:\/\/i0.wp.com\/correiodasemana.com\/site\/wp-content\/uploads\/2020\/07\/200618_HRN-UTI-COVID19_TF19082.jpg?resize=700%2C400&ssl=1 2x, https:\/\/i0.wp.com\/correiodasemana.com\/site\/wp-content\/uploads\/2020\/07\/200618_HRN-UTI-COVID19_TF19082.jpg?resize=1050%2C600&ssl=1 3x, https:\/\/i0.wp.com\/correiodasemana.com\/site\/wp-content\/uploads\/2020\/07\/200618_HRN-UTI-COVID19_TF19082.jpg?resize=1400%2C800&ssl=1 4x"},"classes":[]},{"id":37695,"url":"https:\/\/correiodasemana.com\/site\/obesidade-aumenta-risco-de-avc-e-exige-mudanca-de-habitos-destaca-neurologista-do-hospital-regional-norte\/","url_meta":{"origin":37666,"position":5},"title":"Obesidade aumenta risco de AVC e exige mudan\u00e7a de h\u00e1bitos, destaca neurologista do Hospital Regional Norte","author":"adminredacao","date":"Mar\u00e7o 10, 2026","format":false,"excerpt":"A obesidade \u00e9 considerada um dos principais fatores de risco para o Acidente Vascular Cerebral (AVC), especialmente o tipo isqu\u00eamico, provocado pela obstru\u00e7\u00e3o de uma art\u00e9ria que leva sangue ao c\u00e9rebro. O alerta \u00e9 do m\u00e9dico neurologista Esp\u00e1rtaco Ribeiro, coordenador da Unidade de AVC do Hospital Regional Norte (HRN), unidade\u2026","rel":"","context":"In &quot;Atualidade&quot;","block_context":{"text":"Atualidade","link":"https:\/\/correiodasemana.com\/site\/category\/atualidade\/"},"img":{"alt_text":"","src":"https:\/\/i0.wp.com\/correiodasemana.com\/site\/wp-content\/uploads\/2026\/03\/hospital-regional-avc-1.jpg?resize=350%2C200&ssl=1","width":350,"height":200,"srcset":"https:\/\/i0.wp.com\/correiodasemana.com\/site\/wp-content\/uploads\/2026\/03\/hospital-regional-avc-1.jpg?resize=350%2C200&ssl=1 1x, https:\/\/i0.wp.com\/correiodasemana.com\/site\/wp-content\/uploads\/2026\/03\/hospital-regional-avc-1.jpg?resize=525%2C300&ssl=1 1.5x, https:\/\/i0.wp.com\/correiodasemana.com\/site\/wp-content\/uploads\/2026\/03\/hospital-regional-avc-1.jpg?resize=700%2C400&ssl=1 2x, https:\/\/i0.wp.com\/correiodasemana.com\/site\/wp-content\/uploads\/2026\/03\/hospital-regional-avc-1.jpg?resize=1050%2C600&ssl=1 3x"},"classes":[]}],"jetpack_sharing_enabled":true,"_links":{"self":[{"href":"https:\/\/correiodasemana.com\/site\/wp-json\/wp\/v2\/posts\/37666","targetHints":{"allow":["GET"]}}],"collection":[{"href":"https:\/\/correiodasemana.com\/site\/wp-json\/wp\/v2\/posts"}],"about":[{"href":"https:\/\/correiodasemana.com\/site\/wp-json\/wp\/v2\/types\/post"}],"author":[{"embeddable":true,"href":"https:\/\/correiodasemana.com\/site\/wp-json\/wp\/v2\/users\/7"}],"replies":[{"embeddable":true,"href":"https:\/\/correiodasemana.com\/site\/wp-json\/wp\/v2\/comments?post=37666"}],"version-history":[{"count":2,"href":"https:\/\/correiodasemana.com\/site\/wp-json\/wp\/v2\/posts\/37666\/revisions"}],"predecessor-version":[{"id":37671,"href":"https:\/\/correiodasemana.com\/site\/wp-json\/wp\/v2\/posts\/37666\/revisions\/37671"}],"wp:featuredmedia":[{"embeddable":true,"href":"https:\/\/correiodasemana.com\/site\/wp-json\/wp\/v2\/media\/37667"}],"wp:attachment":[{"href":"https:\/\/correiodasemana.com\/site\/wp-json\/wp\/v2\/media?parent=37666"}],"wp:term":[{"taxonomy":"category","embeddable":true,"href":"https:\/\/correiodasemana.com\/site\/wp-json\/wp\/v2\/categories?post=37666"},{"taxonomy":"post_tag","embeddable":true,"href":"https:\/\/correiodasemana.com\/site\/wp-json\/wp\/v2\/tags?post=37666"}],"curies":[{"name":"wp","href":"https:\/\/api.w.org\/{rel}","templated":true}]}}