{"id":37672,"date":"2026-03-10T23:30:22","date_gmt":"2026-03-11T02:30:22","guid":{"rendered":"https:\/\/correiodasemana.com\/site\/?p=37672"},"modified":"2026-03-10T23:30:22","modified_gmt":"2026-03-11T02:30:22","slug":"de-olho-na-lingua-152","status":"publish","type":"post","link":"https:\/\/correiodasemana.com\/site\/de-olho-na-lingua-152\/","title":{"rendered":"De Olho na L\u00edngua"},"content":{"rendered":"<p>Por e P\u00f4r<br \/>\nPor (sem acento circunflexo) \u00e9 preposi\u00e7\u00e3o: Vou por este caminho. P\u00f4r (com acento circunflexo) \u00e9 verbo: Vou p\u00f4r o livro sobre a mesa.<br \/>\nObs.1: Esse caso \u00e9 uma das exce\u00e7\u00f5es que ficaram ap\u00f3s a mudan\u00e7a ortogr\u00e1fica de 1971, que atribui a regra do acento diferencial; Obs.2: Somente o verbo p\u00f4r tem acento circunflexo. Observe que expor, compor, dispor, impor, recompor (derivados do verbo p\u00f4r) n\u00e3o s\u00e3o acentuados; Obs.3: As demais palavras terminadas em \u201cor\u201d n\u00e3o tem acento gr\u00e1fico: cor, for, dor, isopor, etc.<\/p>\n<p>Existem palavras da L\u00edngua Portuguesa com dois acentos gr\u00e1ficos<br \/>\nN\u00e3o. S\u00f3 temos tr\u00eas acentos gr\u00e1ficos: (\u00b4) &#8211; agudo, (`) grave e (^) circunflexo. O (~) til n\u00e3o \u00e9 acento gr\u00e1fico. \u00c9 um sinal diacr\u00edtico. Indica nasaliza\u00e7\u00e3o\/nasala\u00e7\u00e3o da vogal. Exs.: \u00f3rg\u00e3o, \u00f3rf\u00e3o, b\u00ean\u00e7\u00e3o, z\u00e2ng\u00e3o tem acento.<\/p>\n<p>O palha\u00e7o fazia todos rirem<br \/>\nOs verbos fazer, mandar, deixar, ver, ouvir, sentir e perceber podem ter flexionado o infinitivo, quando o sujeito deste \u00e9 pronome indefinido ou substantivo de plural. A obrigatoriedade do Infinitivo no singular se restringe apenas ao caso de pronomes obl\u00edquos. Exs.: O palha\u00e7o fazia-os rir; Mandei-as entrar; Deixei-os sair; Vi-as chorar; Senti-as mexer. N\u00e3o sendo esse o caso, o Infinitivo pode aparecer ou n\u00e3o no singular (ou plural) indiferentemente. Exs.: O palha\u00e7o fazia todo rir (ou rirem); Mandei as meninas entrar (ou entrarem); Deixei os meninos sair (ou sa\u00edrem); Vi os homens chorar (ou chorarem); Ouvi os garotos cantar (ou cantarem).<\/p>\n<p>\u201cTudo \u00e9 flores no passado\u201d ou \u201cTudo s\u00e3o flores no passado\u201d<br \/>\nAmbas corretas. Tanto pode concordar com o pronome indefinido \u201ctudo\u201d como com o predicativo.<\/p>\n<p>Adquirir \/ Distinguir \/ Extinguir<br \/>\nNesses tr\u00eas verbos a letra \u201cu\u201d n\u00e3o soa. N\u00e3o pronuncie adq\u00fcirir, disting\u00fcir extinguir.<\/p>\n<p>Plural distributivo<br \/>\nN\u00e3o foi publicado o nome dos aprovados no concurso.<br \/>\nMorte = Falecimento?<br \/>\nN\u00e3o. Morte aplica-se a velhos e mo\u00e7as. Falecimento diz-se com mais propriedade dos velhos. Morte d\u00e1 a ideia de viol\u00eancia, de afronta. Falecimento s\u00f3 indica um efeito natural: A morte, consternou toda a cidade; O casal teve de adiar a lua de mel em virtude do falecimento do pai da noiva.<\/p>\n<p>\u201c\u00c9 poss\u00edvel que o autor n\u00e3o me creia\u201d ou \u201c\u00c9 poss\u00edvel que o autor me n\u00e3o creia\u201d?<br \/>\nAmbas corretas. No Portugu\u00eas contempor\u00e2neo \u00e9 mais corrente a constru\u00e7\u00e3o: \u00c9 poss\u00edvel que o autor n\u00e3o creia em mim\u201d (M. de Assis)<\/p>\n<p>Voc\u00ea sabe o que aposs\u00ednclise?<br \/>\n\u00c9 a intercala\u00e7\u00e3o de uma ou mais palavras entre o pronome complemento \u00e1tono e o verbo. Ex.: O que se n\u00e3o deve dizer; O que lhe n\u00e3o dissemos, em vez da constru\u00e7\u00e3o \u201cO que n\u00e3o se deve dizer\u201d e \u201cO que n\u00e3o lhe dissemos\u201d.<br \/>\nVoc\u00ea sabe o que \u00e9 anaptixe ou suarab\u00e1cti?<br \/>\n\u00c9 um metaplasmo por aumento. Consiste em uma ep\u00eantese especial, quando se desfaz um grupo de consoantes com a intercala\u00e7\u00e3o de uma vogal. Grupa garupa o povo inculto faz largo uso do suarab\u00e1cti (ou anaptixe). Exs.: adevogado (advogado), obter (obter), opito (opto), indiguinar-se (indignar-se), absolutamente (absolutamente), adijetivo (adjetivo), pinei (pneu), pissicologia (psicologia).<\/p>\n<p>\u201cDe um modo geral\u201d ou \u201cDe modo geral\u201d?<br \/>\nDiga corretamente: \u201cDe modo geral\u201d, deixando de lado o pronome indefinido \u201cum\u201d.<br \/>\n(*) Professor Ant\u00f4nio da Costa \u00e9 graduado em Letras Plenas, com Especializa\u00e7\u00e3o em L\u00edngua Portuguesa e Literatura, na Universidade Estadual Vale do Acara\u00fa (UVA). Contatos: (088) 99373-7724.<\/p>\n","protected":false},"excerpt":{"rendered":"<p>Por e P\u00f4r Por (sem acento circunflexo) \u00e9 preposi\u00e7\u00e3o: Vou por este caminho. P\u00f4r (com&#8230;<\/p>\n","protected":false},"author":7,"featured_media":17923,"comment_status":"open","ping_status":"open","sticky":false,"template":"","format":"standard","meta":{"_jetpack_memberships_contains_paid_content":false,"footnotes":"","jetpack_publicize_message":"","jetpack_publicize_feature_enabled":true,"jetpack_social_post_already_shared":true,"jetpack_social_options":{"image_generator_settings":{"template":"highway","default_image_id":0,"font":"","enabled":false},"version":2}},"categories":[11,12],"tags":[],"class_list":["post-37672","post","type-post","status-publish","format-standard","has-post-thumbnail","hentry","category-artigos","category-de-olho-na-lingua"],"jetpack_publicize_connections":[],"jetpack_featured_media_url":"https:\/\/correiodasemana.com\/site\/wp-content\/uploads\/2021\/11\/DE-OLHO-NA-LIN-GUA-Antonio-da-Costa.jpg","jetpack-related-posts":[{"id":31840,"url":"https:\/\/correiodasemana.com\/site\/de-olho-na-lingua-110\/","url_meta":{"origin":37672,"position":0},"title":"De Olho na L\u00edngua","author":"adminredacao","date":"Dezembro 24, 2024","format":false,"excerpt":"Eufemismo X Disfemismo Eufemismo \u00e9 o emprego de termos mais agrad\u00e1veis para a suavizar uma express\u00e3o e imprimir uma visualiza\u00e7\u00e3o positiva a ela. Logo, o eufemismo \u00e9 uma figura oposta ao disfemismo. Ex.: Ela \u00e9 minha ajudante (secret\u00e1ria do lar) - em substitui\u00e7\u00e3o a empregada dom\u00e9stica; Deu adeus (partiu\/deixou esse\u2026","rel":"","context":"In &quot;Artigos&quot;","block_context":{"text":"Artigos","link":"https:\/\/correiodasemana.com\/site\/category\/artigos\/"},"img":{"alt_text":"","src":"","width":0,"height":0},"classes":[]},{"id":9860,"url":"https:\/\/correiodasemana.com\/site\/de-olho-na-lingua-20\/","url_meta":{"origin":37672,"position":1},"title":"De Olho na L\u00edngua","author":"","date":"Novembro 18, 2019","format":false,"excerpt":"\u00c0 vista \/ a vista \/ \u00e0 vista de Emprega-se o acento grave no \u201ca\u201d quando representa a pura preposi\u00e7\u00e3o \u201ca\u201d, que rege o substantivo feminino singular, formando uma locu\u00e7\u00e3o que, por motivo de clareza, vem assinalada com acento diferencial. Exs.: \u201cEu, quando quiser mulher, j\u00e1 sabe: pago ali mesmo!\u2026","rel":"","context":"In &quot;Artigos&quot;","block_context":{"text":"Artigos","link":"https:\/\/correiodasemana.com\/site\/category\/artigos\/"},"img":{"alt_text":"","src":"https:\/\/i0.wp.com\/correiodasemana.com\/site\/wp-content\/uploads\/2018\/02\/escrevendo-uma-letra-na-ma%CC%81quina-de-escrever-do-vintage-47570680.jpg?resize=350%2C200&ssl=1","width":350,"height":200,"srcset":"https:\/\/i0.wp.com\/correiodasemana.com\/site\/wp-content\/uploads\/2018\/02\/escrevendo-uma-letra-na-ma%CC%81quina-de-escrever-do-vintage-47570680.jpg?resize=350%2C200&ssl=1 1x, https:\/\/i0.wp.com\/correiodasemana.com\/site\/wp-content\/uploads\/2018\/02\/escrevendo-uma-letra-na-ma%CC%81quina-de-escrever-do-vintage-47570680.jpg?resize=525%2C300&ssl=1 1.5x, https:\/\/i0.wp.com\/correiodasemana.com\/site\/wp-content\/uploads\/2018\/02\/escrevendo-uma-letra-na-ma%CC%81quina-de-escrever-do-vintage-47570680.jpg?resize=700%2C400&ssl=1 2x"},"classes":[]},{"id":37284,"url":"https:\/\/correiodasemana.com\/site\/de-olho-na-lingua-149\/","url_meta":{"origin":37672,"position":2},"title":"De Olho na L\u00edngua","author":"adminredacao","date":"Fevereiro 11, 2026","format":false,"excerpt":"A mim me parece Express\u00e3o muito usada no Portugu\u00eas coloquial, \u00e9 coordenada por alguns gram\u00e1ticos mais tradicionalistas. A express\u00e3o \u00e9, de fato, um pleonasmo, mas a L\u00edngua o acatou como pleonasmo estil\u00edstico. A linguagem informal, o padr\u00e3o oculto, quer que se diga: parece-me, parece a mim, express\u00f5es que soam muito\u2026","rel":"","context":"In &quot;Artigos&quot;","block_context":{"text":"Artigos","link":"https:\/\/correiodasemana.com\/site\/category\/artigos\/"},"img":{"alt_text":"","src":"","width":0,"height":0},"classes":[]},{"id":32713,"url":"https:\/\/correiodasemana.com\/site\/de-olho-na-lingua-117\/","url_meta":{"origin":37672,"position":3},"title":"De Olho na L\u00edngua","author":"adminredacao","date":"Fevereiro 25, 2025","format":false,"excerpt":"\u201cDeus lhe aben\u00e7oe!\u201d ou \u201cDeus o aben\u00e7oe!\u201d? Diga-se corretamente: Deus o aben\u00e7oe! O verbo aben\u00e7oar \u00e9 um verbo transitivo direto. Isso significa que ele exige um complemento direto, sem necessidade de preposi\u00e7\u00e3o: Deus aben\u00e7oe os justos. Como vimos, o verbo aben\u00e7oar rege complemento direto. Portanto, a forma correta \u00e9 \u201cDeus\u2026","rel":"","context":"In &quot;Artigos&quot;","block_context":{"text":"Artigos","link":"https:\/\/correiodasemana.com\/site\/category\/artigos\/"},"img":{"alt_text":"","src":"","width":0,"height":0},"classes":[]},{"id":33934,"url":"https:\/\/correiodasemana.com\/site\/de-olho-na-lingua-123\/","url_meta":{"origin":37672,"position":4},"title":"De Olho na L\u00edngua","author":"adminredacao","date":"Junho 3, 2025","format":false,"excerpt":"Habitat natural ou simplesmente habitat? A express\u00e3o \u201chabitat natural\u201d refere-se ao ambiente onde um organismo vive e se reproduz, sem a interfer\u00eancia do homem. Ou seja: \u00e9 o local natural em que ele encontra as condi\u00e7\u00f5es necess\u00e1rias para sobreviver, crescer e se reproduzir. \u00c9 o lugar onde ele encontra alimento,\u2026","rel":"","context":"In &quot;Artigos&quot;","block_context":{"text":"Artigos","link":"https:\/\/correiodasemana.com\/site\/category\/artigos\/"},"img":{"alt_text":"","src":"","width":0,"height":0},"classes":[]},{"id":27845,"url":"https:\/\/correiodasemana.com\/site\/de-olho-na-lingua-74\/","url_meta":{"origin":37672,"position":5},"title":"De Olho na L\u00edngua","author":"adminredacao","date":"Dezembro 26, 2023","format":false,"excerpt":"Cateter \u00c9 palavra ox\u00edtona, isto \u00e9, a s\u00edlaba t\u00f4nica \u00e9 a \u00faltima (ter). N\u00e3o leva acento porque \u00e9 palavra ox\u00edtona terminada em \u201cr\u201d. \u00c9 termo de medicina que designa tubo de baixo calibre que se introduz no corpo, especialmente em a\u00e7\u00f5es diagn\u00f3sticas ou terap\u00eauticas. Ex.: N\u00e3o se usa gaze na\u2026","rel":"","context":"In &quot;De olho na l\u00edngua&quot;","block_context":{"text":"De olho na l\u00edngua","link":"https:\/\/correiodasemana.com\/site\/category\/de-olho-na-lingua\/"},"img":{"alt_text":"","src":"","width":0,"height":0},"classes":[]}],"jetpack_sharing_enabled":true,"_links":{"self":[{"href":"https:\/\/correiodasemana.com\/site\/wp-json\/wp\/v2\/posts\/37672","targetHints":{"allow":["GET"]}}],"collection":[{"href":"https:\/\/correiodasemana.com\/site\/wp-json\/wp\/v2\/posts"}],"about":[{"href":"https:\/\/correiodasemana.com\/site\/wp-json\/wp\/v2\/types\/post"}],"author":[{"embeddable":true,"href":"https:\/\/correiodasemana.com\/site\/wp-json\/wp\/v2\/users\/7"}],"replies":[{"embeddable":true,"href":"https:\/\/correiodasemana.com\/site\/wp-json\/wp\/v2\/comments?post=37672"}],"version-history":[{"count":1,"href":"https:\/\/correiodasemana.com\/site\/wp-json\/wp\/v2\/posts\/37672\/revisions"}],"predecessor-version":[{"id":37673,"href":"https:\/\/correiodasemana.com\/site\/wp-json\/wp\/v2\/posts\/37672\/revisions\/37673"}],"wp:featuredmedia":[{"embeddable":true,"href":"https:\/\/correiodasemana.com\/site\/wp-json\/wp\/v2\/media\/17923"}],"wp:attachment":[{"href":"https:\/\/correiodasemana.com\/site\/wp-json\/wp\/v2\/media?parent=37672"}],"wp:term":[{"taxonomy":"category","embeddable":true,"href":"https:\/\/correiodasemana.com\/site\/wp-json\/wp\/v2\/categories?post=37672"},{"taxonomy":"post_tag","embeddable":true,"href":"https:\/\/correiodasemana.com\/site\/wp-json\/wp\/v2\/tags?post=37672"}],"curies":[{"name":"wp","href":"https:\/\/api.w.org\/{rel}","templated":true}]}}