{"id":37674,"date":"2026-03-10T23:31:17","date_gmt":"2026-03-11T02:31:17","guid":{"rendered":"https:\/\/correiodasemana.com\/site\/?p=37674"},"modified":"2026-03-10T23:31:17","modified_gmt":"2026-03-11T02:31:17","slug":"poucas-e-boas-81","status":"publish","type":"post","link":"https:\/\/correiodasemana.com\/site\/poucas-e-boas-81\/","title":{"rendered":"Poucas e Boas"},"content":{"rendered":"<p>Muitas homenagens e algumas manifesta\u00e7\u00f5es estar\u00e3o acontecendo amanh\u00e3, por conta do transcurso de mais um Dia Internacional da Mulher. Quanto \u00e0 origem da data, a vers\u00e3o mais aceita aponta para o ocorrido em 8 de mar\u00e7o de 1857, numa f\u00e1brica de tecidos de Nova Iorque, EUA. Cento e vinte e nove mulheres organizavam uma greve reivindicando uma jornada de 10 horas de trabalho por dia, bem como equipara\u00e7\u00e3o salarial com os homens que desempenhavam igual fun\u00e7\u00e3o.<br \/>\nReprimidas pela pol\u00edcia, foram refugiar-se na pr\u00f3pria f\u00e1brica. Mas, de forma covarde e brutal, os patr\u00f5es e a pol\u00edcia trancaram as portas e atearam fogo, matando-as todas carbonizadas.<br \/>\nEssa infeliz ocorr\u00eancia superou todos os outros acontecimentos desagrad\u00e1veis e violentos que tamb\u00e9m contribu\u00edram para a cria\u00e7\u00e3o da comemora\u00e7\u00e3o em 1910, numa Confer\u00eancia em Copenhagen, Dinamarca. Oficializado pela Organiza\u00e7\u00e3o das Na\u00e7\u00f5es Unidas (ONU) em 1975, o Dia Internacional da Mulher \u00e9 comemorado em 8 de mar\u00e7o desde o in\u00edcio do s\u00e9culo 20.<br \/>\nApesar de ter estimulado o surgimento de nova consci\u00eancia nas mulheres para lutar por seus direitos, o fato cruel que originou a data deve servir n\u00e3o apenas para lamenta\u00e7\u00e3o, mas tamb\u00e9m como est\u00edmulo para prosseguir na defesa de direitos. Al\u00e9m disso, a trag\u00e9dia tamb\u00e9m deve ser lembrada e utilizada como sinal de alerta para a ado\u00e7\u00e3o de mais questionamento e prud\u00eancia nas estrat\u00e9gias, bem como no uso de instrumentos que levam a novas conquistas. Que essa triste lembran\u00e7a reforce em cada mulher a consci\u00eancia de que para se alcan\u00e7ar vit\u00f3rias e progredir \u00e9 imprescind\u00edvel muita uni\u00e3o, e n\u00e3o divis\u00e3o. E uni\u00e3o n\u00e3o s\u00f3 com o mesmo sexo, mas com o oposto tamb\u00e9m.<br \/>\nVale lembrar que, a exemplo dos negros, \u00e9 ineg\u00e1vel que atrav\u00e9s de muitas lutas as mulheres t\u00eam obtido consider\u00e1veis vit\u00f3rias. E isso lhes tem aberto e garantido mais espa\u00e7os em todas as \u00e1reas. Agora, que jamais esque\u00e7am: muitos negros, por defenderem de forma cega e irracional suas causas, muitas vezes terminam esbarrando no preconceito aos brancos. Que cuidem, portanto, para que o movimento feminista n\u00e3o fuja do controle e se transforme em preconceito aos homens, o que seria passar a praticar o mesmo que ora condenam. Seria o preconceito \u00e0s avessas. Portanto, nem oito, nem oitenta. Equil\u00edbrio \u00e9 a palavra-chave.<br \/>\n\u00c9 evidente que ainda h\u00e1 muito a fazer para reduzir a desigualdade entre os sexos. \u00c9 imperioso que continuem a luta por mais espa\u00e7os e contra o preconceito e a viol\u00eancia contra o sexo feminino, o que se comprova nos \u00faltimos anos pelo alarmante n\u00famero de agress\u00f5es e assassinato de mulheres (feminic\u00eddio). Esse e outros temas devem fazer parte da pauta dos questionamentos n\u00e3o apenas no 8 de mar\u00e7o, mas em todos os outros dias do ano.<br \/>\nS\u00f3 isso n\u00e3o \u00e9 o bastante, n\u00e3o \u00e9 o suficiente para inverter o quadro degradante em que vem submergindo a sociedade brasileira, onde a mulher deveria ter papel de maior relev\u00e2ncia.<br \/>\nLamentavelmente, nesse enfoque a figura da mulher, com as devidas exce\u00e7\u00f5es, continua sendo desrespeitada em seus direitos, massacrada e vista apenas como objeto de explora\u00e7\u00e3o nos mais diversos sentidos. O pior \u00e9 que, muitas vezes, com sua anu\u00eancia ou pela falta de coragem para impor-se, buscar e exigir respeito como elemento imprescind\u00edvel da constitui\u00e7\u00e3o e da sobreviv\u00eancia da fam\u00edlia. Mas h\u00e1 jeito: investir em educa\u00e7\u00e3o e na preserva\u00e7\u00e3o fam\u00edlia. Possivelmente, essa seja a sa\u00edda.<br \/>\nQue amanh\u00e3 (8 de mar\u00e7o) compromissos de questionar esses temas tamb\u00e9m fa\u00e7am parte dos prop\u00f3sitos dos que estar\u00e3o se desdobrando para enviar \u00e0s mulheres os mais belos buqu\u00eas de flores, requintados presentes ou cart\u00f5es de felicita\u00e7\u00e3o. Elas merecem isso e muito mais. Enfim, mais da metade da popula\u00e7\u00e3o mundial \u00e9 composta de mulheres, e o restante prov\u00e9m dela. Resta-nos, portanto, apenas homenage\u00e1-las, respeit\u00e1-las e proteg\u00ea-las.<br \/>\nDe cora\u00e7\u00e3o, desejo a todas as mulheres o mesmo que desejo \u00e0s da minha fam\u00edlia, que hoje trabalham para transformar seus frutos em grandes homens e mulheres.<br \/>\n****<\/p>\n<p>Muito macho<br \/>\nUm amigo, que se vangloriava de ser muito macho porque s\u00f3 havia gerado filhos, vivia a me insultar pelo fato de eu ter somente filhas. \u201cS\u00f3 trabalha pros outros; s\u00f3 faz mulher\u201d, dizia ele. E depois de mais uma sess\u00e3o de zombaria amig\u00e1vel, diante de bom p\u00fablico resolvi dar-lhe o troco, e disse: \u201cPois \u00e9, meu caro, sempre pe\u00e7o a Deus que, mesmo involuntariamente, eu procure fazer exatamente aquilo de que mais gosto (MULHER)\u201d. Da\u00ed, o supermacho afrouxou e nunca mais tocou no assunto.<br \/>\nPreven\u00e7\u00e3o<br \/>\nNa mesma data em que se homenageia as mulheres que, pelo menos por aqui (CE), seja observado que tamb\u00e9m transcorre o Dia Estadual de Preven\u00e7\u00e3o ao C\u00e2ncer de Mama e ao C\u00e2ncer do Colo Uterino, criado pela Lei N\u00ba 13.233, de 27.06.2002. Oferecer condi\u00e7\u00f5es de preven\u00e7\u00e3o para elas n\u00e3o \u00e9 fazer nenhum favor, mas, sim, um dever do Estado. Apesar disso, que exijam seus direitos!<\/p>\n<p>\u201cCorage, mui\u00e9s!\u201d<br \/>\nPossivelmente as mulheres de hoje ouviriam isso dessa brava e famosa aniversariante de 8 de mar\u00e7o: Maria Gomes de Oliveira &#8211; Maria D\u00e9a, ou Maria de Lampi\u00e3o ou, ainda, Maria Bonita. Nascida em 08.03.1911, em Gl\u00f3ria, atual Paulo Afonso (BA), foi a primeira mulher a participar de um grupo de cangaceiros.<\/p>\n<p>Perdeu a cabe\u00e7a<br \/>\nEm 1928, viu o famoso cangaceiro, encantou-se, largou a casa e o marido, o sapateiro Jos\u00e9 Miguel da Silva (Z\u00e9 de Nen\u00e9m), e virou mulher de Virgulino Ferreira da Silva, o Rei do Canga\u00e7o. Anos depois, em 28.07.1938, Maria Bonita, Lampi\u00e3o e outros cangaceiros foram assassinados na Grota de Angicos, em Sergipe. Segundo a hist\u00f3ria, ela foi a \u00fanica pessoa do bando decapitada ainda com vida.<\/p>\n<p>P\u00e9rolas do R\u00e1dio<br \/>\nOuvi numa emissora local: \u201cDiariamente cruzo com a mulher que me deu a luz do saber que hoje repassado aos ouvintes. Isso me garante valor que se junta ao meu sal\u00e1rio\u201d. Que animal iluminado! ALERTA: Com certos verbos (cruzar, por exemplo) e com certas verbas (valores), todo cuidado \u00e9 pouco.<\/p>\n<p>\u00c9 mesmo, n\u00e9?<br \/>\n\u201cA amizade \u00e9 uma predisposi\u00e7\u00e3o rec\u00edproca que torna dois seres igualmente ciosos da felicidade um do outro.\u201d (Plat\u00e3o).<\/p>\n<p>DOMINGO NA EDUCADORA FM 107,5 &#8211; SOBRAL-CE \u00c1UDIO: https:\/\/l.radios.com.br\/r\/12869 \u00c1UDIOV\u00cdDEO: https:\/\/www.facebook.com\/educadoradonordestefm Neste domingo (8), das 10h30 \u00e0s 12h30, no PROGRAMA ARTEM\u00cdSIO DA COSTA, na Educadora FM 107,5 de Sobral. Com not\u00edcias, reportagens, entrevistas, curiosidades e m\u00fasica de boa qualidade. DESTAQUE &#8211; ENQUETE do Dia Internacional da Mulher: \u201cQUE ATITUDES TODA MULHER DEVE ADOTAR PARA QUE SEJA DEVIDAMENTE RESPEITADA, MAIS VALORIZADA E QUE FIQUE MENOS VULNER\u00c1VEL A ASS\u00c9DIOS E VIOL\u00caNCIAS?\u201d Participe: 3611-1550 \/\/ 3611-2496 \/\/ Facebook: Artem\u00edsio da Costa. LEIA, CRITIQUE, SUGIRA E DIVULGUE www.artemisiodacosta.blogspot.com<\/p>\n","protected":false},"excerpt":{"rendered":"<p>Muitas homenagens e algumas manifesta\u00e7\u00f5es estar\u00e3o acontecendo amanh\u00e3, por conta do transcurso de mais um&#8230;<\/p>\n","protected":false},"author":7,"featured_media":24516,"comment_status":"open","ping_status":"open","sticky":false,"template":"","format":"standard","meta":{"_jetpack_memberships_contains_paid_content":false,"footnotes":"","jetpack_publicize_message":"","jetpack_publicize_feature_enabled":true,"jetpack_social_post_already_shared":true,"jetpack_social_options":{"image_generator_settings":{"template":"highway","default_image_id":0,"font":"","enabled":false},"version":2}},"categories":[11,82],"tags":[],"class_list":["post-37674","post","type-post","status-publish","format-standard","has-post-thumbnail","hentry","category-artigos","category-poucas-e-boas"],"jetpack_publicize_connections":[],"jetpack_featured_media_url":"https:\/\/correiodasemana.com\/site\/wp-content\/uploads\/2023\/05\/artemisio-da-costa-2.jpg","jetpack-related-posts":[{"id":28587,"url":"https:\/\/correiodasemana.com\/site\/poucas-e-boas-28\/","url_meta":{"origin":37674,"position":0},"title":"POUCAS E BOAS","author":"adminredacao","date":"Mar\u00e7o 4, 2024","format":false,"excerpt":"A vez delas! Na sexta-feira (8) transcorrer\u00e1 mais um Dia Internacional da Mulher. E mais uma vez insisto em mais questionamento sobre a necessidade de maior presen\u00e7a delas na pol\u00edtica. S\u00f3 mesmo disputando, elegendo-se e assumindo cargas, atingir\u00e3o o percentual m\u00ednimo de vagas nos partidos que a lei lhes assegura.\u2026","rel":"","context":"In &quot;Artigos&quot;","block_context":{"text":"Artigos","link":"https:\/\/correiodasemana.com\/site\/category\/artigos\/"},"img":{"alt_text":"","src":"https:\/\/i0.wp.com\/correiodasemana.com\/site\/wp-content\/uploads\/2023\/05\/artemisio-da-costa-2.jpg?resize=350%2C200&ssl=1","width":350,"height":200},"classes":[]},{"id":19084,"url":"https:\/\/correiodasemana.com\/site\/poucas-e-boas-8\/","url_meta":{"origin":37674,"position":1},"title":"Poucas e boas","author":"","date":"Mar\u00e7o 7, 2022","format":false,"excerpt":"A VEZ DELAS! Na ter\u00e7a-feira (8) transcorrer\u00e1 mais um Dia Internacional da Mulher. E mais uma vez insisto em mais questionamento sobre a necessidade de maior presen\u00e7a delas na pol\u00edtica. S\u00f3 mesmo disputando, elegendo-se e assumindo cargas, atingir\u00e3o o percentual m\u00ednimo de vagas nos partidos que a lei lhes assegura.\u2026","rel":"","context":"In &quot;Artigos&quot;","block_context":{"text":"Artigos","link":"https:\/\/correiodasemana.com\/site\/category\/artigos\/"},"img":{"alt_text":"","src":"https:\/\/i0.wp.com\/correiodasemana.com\/site\/wp-content\/uploads\/2022\/03\/neto-artemisio-da-costa-190x300.jpg?resize=350%2C200&ssl=1","width":350,"height":200},"classes":[]},{"id":35285,"url":"https:\/\/correiodasemana.com\/site\/poucas-e-boas-64\/","url_meta":{"origin":37674,"position":2},"title":"POUCAS E BOAS","author":"adminredacao","date":"Agosto 25, 2025","format":false,"excerpt":"A BALADA \u00a0 J\u00e1 ultrapassa setenta o n\u00famero de homic\u00eddios ocorridos em Sobral, contabilizando de janeiro\/2025 at\u00e9 hoje. Vale salientar que muitas vezes n\u00e3o s\u00e3o levadas em conta as subnotifica\u00e7\u00f5es. S\u00e3o os casos inicialmente ficam registrados apenas como les\u00e3o corporal grave (mas com morte dias depois) e casos que s\u00e3o\u2026","rel":"","context":"In &quot;Artigos&quot;","block_context":{"text":"Artigos","link":"https:\/\/correiodasemana.com\/site\/category\/artigos\/"},"img":{"alt_text":"","src":"https:\/\/i0.wp.com\/correiodasemana.com\/site\/wp-content\/uploads\/2023\/05\/artemisio-da-costa-2.jpg?resize=350%2C200&ssl=1","width":350,"height":200},"classes":[]},{"id":30769,"url":"https:\/\/correiodasemana.com\/site\/poucas-e-boas-47\/","url_meta":{"origin":37674,"position":3},"title":"POUCAS E BOAS","author":"adminredacao","date":"Setembro 23, 2024","format":false,"excerpt":"\u201cEsse, sim, \u00e9 que \u00e9 o homem!\u201d Certa vez, numa lanchonete de Sobral, \u201csem querer querendo\u201d, como diria o saudoso comediante mexicano Roberto G\u00f3mez Bola\u00f1os (Chaves), ouvi um curioso di\u00e1logo de amigos que chegavam de um distrito sobralense. Referindo-se a um famoso e pol\u00edtico local, um deles disse muito alegre:\u2026","rel":"","context":"In &quot;Artigos&quot;","block_context":{"text":"Artigos","link":"https:\/\/correiodasemana.com\/site\/category\/artigos\/"},"img":{"alt_text":"","src":"https:\/\/i0.wp.com\/correiodasemana.com\/site\/wp-content\/uploads\/2023\/05\/artemisio-da-costa-2.jpg?resize=350%2C200&ssl=1","width":350,"height":200},"classes":[]},{"id":25958,"url":"https:\/\/correiodasemana.com\/site\/poucas-e-boas-13\/","url_meta":{"origin":37674,"position":4},"title":"POUCAS E BOAS","author":"adminredacao","date":"Agosto 8, 2023","format":false,"excerpt":"Padre Ibiapina merece mais de sua terra Neste s\u00e1bado, 5 de agosto, transcorre o 217\u00ba anivers\u00e1rio de nascimento do Padre Ibiapina; antes, em 19 de fevereiro deste ano foi lembrado o 140\u00ba ano de sua morte. N\u00e3o obstante o valioso e incans\u00e1vel trabalho de pesquisa e divulga\u00e7\u00e3o do Monsenhor Sadoc\u2026","rel":"","context":"In &quot;Artigos&quot;","block_context":{"text":"Artigos","link":"https:\/\/correiodasemana.com\/site\/category\/artigos\/"},"img":{"alt_text":"","src":"https:\/\/i0.wp.com\/correiodasemana.com\/site\/wp-content\/uploads\/2023\/05\/artemisio-da-costa-2.jpg?resize=350%2C200&ssl=1","width":350,"height":200},"classes":[]},{"id":36083,"url":"https:\/\/correiodasemana.com\/site\/poucas-e-boas-70\/","url_meta":{"origin":37674,"position":5},"title":"POUCAS E BOAS","author":"adminredacao","date":"Outubro 29, 2025","format":false,"excerpt":"M\u00e3os ao Alto! Certa vez, num bairro de Sobral, surpreso assisti a uma cena protagonizada por tr\u00eas garotos de aproximadamente sete anos. Eles brincavam de pol\u00edcia e bandido, mas n\u00e3o t\u00e3o tranquilamente como merecem. Simulavam uma abordagem: Um recostado \u00e0 parede e com as m\u00e3os para cima; outro fazendo busca\u2026","rel":"","context":"In &quot;Artigos&quot;","block_context":{"text":"Artigos","link":"https:\/\/correiodasemana.com\/site\/category\/artigos\/"},"img":{"alt_text":"","src":"https:\/\/i0.wp.com\/correiodasemana.com\/site\/wp-content\/uploads\/2023\/05\/artemisio-da-costa-2.jpg?resize=350%2C200&ssl=1","width":350,"height":200},"classes":[]}],"jetpack_sharing_enabled":true,"_links":{"self":[{"href":"https:\/\/correiodasemana.com\/site\/wp-json\/wp\/v2\/posts\/37674","targetHints":{"allow":["GET"]}}],"collection":[{"href":"https:\/\/correiodasemana.com\/site\/wp-json\/wp\/v2\/posts"}],"about":[{"href":"https:\/\/correiodasemana.com\/site\/wp-json\/wp\/v2\/types\/post"}],"author":[{"embeddable":true,"href":"https:\/\/correiodasemana.com\/site\/wp-json\/wp\/v2\/users\/7"}],"replies":[{"embeddable":true,"href":"https:\/\/correiodasemana.com\/site\/wp-json\/wp\/v2\/comments?post=37674"}],"version-history":[{"count":1,"href":"https:\/\/correiodasemana.com\/site\/wp-json\/wp\/v2\/posts\/37674\/revisions"}],"predecessor-version":[{"id":37675,"href":"https:\/\/correiodasemana.com\/site\/wp-json\/wp\/v2\/posts\/37674\/revisions\/37675"}],"wp:featuredmedia":[{"embeddable":true,"href":"https:\/\/correiodasemana.com\/site\/wp-json\/wp\/v2\/media\/24516"}],"wp:attachment":[{"href":"https:\/\/correiodasemana.com\/site\/wp-json\/wp\/v2\/media?parent=37674"}],"wp:term":[{"taxonomy":"category","embeddable":true,"href":"https:\/\/correiodasemana.com\/site\/wp-json\/wp\/v2\/categories?post=37674"},{"taxonomy":"post_tag","embeddable":true,"href":"https:\/\/correiodasemana.com\/site\/wp-json\/wp\/v2\/tags?post=37674"}],"curies":[{"name":"wp","href":"https:\/\/api.w.org\/{rel}","templated":true}]}}