{"id":37676,"date":"2026-03-10T23:32:27","date_gmt":"2026-03-11T02:32:27","guid":{"rendered":"https:\/\/correiodasemana.com\/site\/?p=37676"},"modified":"2026-03-10T23:32:27","modified_gmt":"2026-03-11T02:32:27","slug":"regiao-episcopal-sede-paroquias-realizam-mutirao-de-confissoes-no-periodo-quaresmal","status":"publish","type":"post","link":"https:\/\/correiodasemana.com\/site\/regiao-episcopal-sede-paroquias-realizam-mutirao-de-confissoes-no-periodo-quaresmal\/","title":{"rendered":"Regi\u00e3o Episcopal Sede: Par\u00f3quias realizam Mutir\u00e3o de Confiss\u00f5es no per\u00edodo quaresmal"},"content":{"rendered":"<p>Desde o dia 03 de mar\u00e7o, as par\u00f3quias que fazem parte da Regi\u00e3o Episcopal Sede est\u00e3o realizando o Mutir\u00e3o de Confiss\u00f5es em diversas localidades dos munic\u00edpios de Sobral e Forquilha, incluindo o distrito de Jord\u00e3o.<br \/>\nA iniciativa acontece anualmente durante o tempo da Quaresma, per\u00edodo em que a Igreja convida os fi\u00e9is \u00e0 convers\u00e3o, \u00e0 penit\u00eancia e \u00e0 reconcilia\u00e7\u00e3o com Deus, preparando espiritualmente os crist\u00e3os para a celebra\u00e7\u00e3o da P\u00e1scoa do Senhor.<br \/>\nDurante o mutir\u00e3o, v\u00e1rios sacerdotes se re\u00fanem em uma mesma par\u00f3quia para atender os fi\u00e9is que desejam receber o sacramento da Reconcilia\u00e7\u00e3o. J\u00e1 receberam os mutir\u00f5es as par\u00f3quias: S\u00e3o Paulo Ap\u00f3stolo, bairro Terrenos Novos; Sagrado Cora\u00e7\u00e3o de Jesus, no Centro; S\u00e3o Francisco de Assis, em Forquilha; Santa Luzia, bairro Renato Parente e Quase-Par\u00f3quia de Nossa Senhora da Sa\u00fade, no distrito de Jord\u00e3o.<br \/>\nA programa\u00e7\u00e3o contempla diferentes par\u00f3quias da regi\u00e3o, possibilitando que um maior n\u00famero de pessoas participe deste momento de gra\u00e7a e renova\u00e7\u00e3o espiritual. De acordo com a programa\u00e7\u00e3o, at\u00e9 o final do m\u00eas de mar\u00e7o, outras par\u00f3quias na sede e distritos receber\u00e3o os mutir\u00f5es.<br \/>\nSegundo o vig\u00e1rio episcopal da Regi\u00e3o Sede, padre Denilson de Sousa, o mutir\u00e3o \u00e9 um forte convite \u00e0 viv\u00eancia mais profunda da f\u00e9 neste tempo quaresmal. \u201cAl\u00e9m da import\u00e2ncia do nosso povo receber o sacramento, n\u00f3s padres nos unimos por um bem maior, tamb\u00e9m \u00e9 um momento de unidade para que possamos atender as in\u00fameras realidades\u201d, destacou.<br \/>\nA realiza\u00e7\u00e3o do Mutir\u00e3o de Confiss\u00f5es tem contado com a participa\u00e7\u00e3o expressiva dos fi\u00e9is, que procuram as igrejas para viver esse momento de encontro com a miseric\u00f3rdia de Deus e de prepara\u00e7\u00e3o para a Semana Santa.<br \/>\nTha\u00eds Helena &#8211; Jornalista &#8211; Jornal Correio da Semana<\/p>\n<p><a href=\"https:\/\/correiodasemana.com\/site\/regiao-episcopal-sede-paroquias-realizam-mutirao-de-confissoes-no-periodo-quaresmal\/paroquia-do-sagrado-coracao-de-jesus-2\/\" rel=\"attachment wp-att-37677\"><img fetchpriority=\"high\" decoding=\"async\" class=\"aligncenter size-full wp-image-37677\" src=\"https:\/\/correiodasemana.com\/site\/wp-content\/uploads\/2026\/03\/Paroquia-do-Sagrado-Coracao-de-Jesus-2.jpeg\" alt=\"\" width=\"1280\" height=\"720\" srcset=\"https:\/\/correiodasemana.com\/site\/wp-content\/uploads\/2026\/03\/Paroquia-do-Sagrado-Coracao-de-Jesus-2.jpeg 1280w, https:\/\/correiodasemana.com\/site\/wp-content\/uploads\/2026\/03\/Paroquia-do-Sagrado-Coracao-de-Jesus-2-300x169.jpeg 300w, https:\/\/correiodasemana.com\/site\/wp-content\/uploads\/2026\/03\/Paroquia-do-Sagrado-Coracao-de-Jesus-2-1024x576.jpeg 1024w, https:\/\/correiodasemana.com\/site\/wp-content\/uploads\/2026\/03\/Paroquia-do-Sagrado-Coracao-de-Jesus-2-768x432.jpeg 768w\" sizes=\"(max-width: 1280px) 100vw, 1280px\" \/><\/a> <a href=\"https:\/\/correiodasemana.com\/site\/regiao-episcopal-sede-paroquias-realizam-mutirao-de-confissoes-no-periodo-quaresmal\/paroquia-do-sagrado-coracao-de-jesus\/\" rel=\"attachment wp-att-37678\"><img decoding=\"async\" class=\"aligncenter size-full wp-image-37678\" src=\"https:\/\/correiodasemana.com\/site\/wp-content\/uploads\/2026\/03\/Paroquia-do-Sagrado-Coracao-de-Jesus.jpeg\" alt=\"\" width=\"1200\" height=\"1600\" srcset=\"https:\/\/correiodasemana.com\/site\/wp-content\/uploads\/2026\/03\/Paroquia-do-Sagrado-Coracao-de-Jesus.jpeg 1200w, https:\/\/correiodasemana.com\/site\/wp-content\/uploads\/2026\/03\/Paroquia-do-Sagrado-Coracao-de-Jesus-225x300.jpeg 225w, https:\/\/correiodasemana.com\/site\/wp-content\/uploads\/2026\/03\/Paroquia-do-Sagrado-Coracao-de-Jesus-768x1024.jpeg 768w, https:\/\/correiodasemana.com\/site\/wp-content\/uploads\/2026\/03\/Paroquia-do-Sagrado-Coracao-de-Jesus-1152x1536.jpeg 1152w, https:\/\/correiodasemana.com\/site\/wp-content\/uploads\/2026\/03\/Paroquia-do-Sagrado-Coracao-de-Jesus-1024x1365.jpeg 1024w\" sizes=\"(max-width: 1200px) 100vw, 1200px\" \/><\/a> <a href=\"https:\/\/correiodasemana.com\/site\/regiao-episcopal-sede-paroquias-realizam-mutirao-de-confissoes-no-periodo-quaresmal\/quase-paroquia-de-nossa-senhora-da-saude-jordao-3\/\" rel=\"attachment wp-att-37679\"><img decoding=\"async\" class=\"aligncenter size-full wp-image-37679\" src=\"https:\/\/correiodasemana.com\/site\/wp-content\/uploads\/2026\/03\/Quase-Paroquia-de-Nossa-Senhora-da-Saude-Jordao.jpeg\" alt=\"\" width=\"1280\" height=\"960\" srcset=\"https:\/\/correiodasemana.com\/site\/wp-content\/uploads\/2026\/03\/Quase-Paroquia-de-Nossa-Senhora-da-Saude-Jordao.jpeg 1280w, https:\/\/correiodasemana.com\/site\/wp-content\/uploads\/2026\/03\/Quase-Paroquia-de-Nossa-Senhora-da-Saude-Jordao-300x225.jpeg 300w, https:\/\/correiodasemana.com\/site\/wp-content\/uploads\/2026\/03\/Quase-Paroquia-de-Nossa-Senhora-da-Saude-Jordao-1024x768.jpeg 1024w, https:\/\/correiodasemana.com\/site\/wp-content\/uploads\/2026\/03\/Quase-Paroquia-de-Nossa-Senhora-da-Saude-Jordao-768x576.jpeg 768w\" sizes=\"(max-width: 1280px) 100vw, 1280px\" \/><\/a> <a href=\"https:\/\/correiodasemana.com\/site\/regiao-episcopal-sede-paroquias-realizam-mutirao-de-confissoes-no-periodo-quaresmal\/quase-paroquia-de-nossa-senhora-da-saude-jordao-4\/\" rel=\"attachment wp-att-37680\"><img loading=\"lazy\" decoding=\"async\" class=\"aligncenter size-full wp-image-37680\" src=\"https:\/\/correiodasemana.com\/site\/wp-content\/uploads\/2026\/03\/Quase-Paroquia-de-Nossa-Senhora-da-Saude-Jordao-1.jpeg\" alt=\"\" width=\"1280\" height=\"960\" srcset=\"https:\/\/correiodasemana.com\/site\/wp-content\/uploads\/2026\/03\/Quase-Paroquia-de-Nossa-Senhora-da-Saude-Jordao-1.jpeg 1280w, https:\/\/correiodasemana.com\/site\/wp-content\/uploads\/2026\/03\/Quase-Paroquia-de-Nossa-Senhora-da-Saude-Jordao-1-300x225.jpeg 300w, https:\/\/correiodasemana.com\/site\/wp-content\/uploads\/2026\/03\/Quase-Paroquia-de-Nossa-Senhora-da-Saude-Jordao-1-1024x768.jpeg 1024w, https:\/\/correiodasemana.com\/site\/wp-content\/uploads\/2026\/03\/Quase-Paroquia-de-Nossa-Senhora-da-Saude-Jordao-1-768x576.jpeg 768w\" sizes=\"(max-width: 1280px) 100vw, 1280px\" \/><\/a><\/p>\n","protected":false},"excerpt":{"rendered":"<p>Desde o dia 03 de mar\u00e7o, as par\u00f3quias que fazem parte da Regi\u00e3o Episcopal Sede&#8230;<\/p>\n","protected":false},"author":7,"featured_media":37680,"comment_status":"open","ping_status":"open","sticky":false,"template":"","format":"standard","meta":{"_jetpack_memberships_contains_paid_content":false,"footnotes":"","jetpack_publicize_message":"","jetpack_publicize_feature_enabled":true,"jetpack_social_post_already_shared":true,"jetpack_social_options":{"image_generator_settings":{"template":"highway","default_image_id":0,"font":"","enabled":false},"version":2}},"categories":[1],"tags":[],"class_list":["post-37676","post","type-post","status-publish","format-standard","has-post-thumbnail","hentry","category-atualidade"],"jetpack_publicize_connections":[],"jetpack_featured_media_url":"https:\/\/correiodasemana.com\/site\/wp-content\/uploads\/2026\/03\/Quase-Paroquia-de-Nossa-Senhora-da-Saude-Jordao-1.jpeg","jetpack-related-posts":[{"id":33359,"url":"https:\/\/correiodasemana.com\/site\/regiao-episcopal-sede-mutirao-de-confissoes-reune-centenas-de-fieis\/","url_meta":{"origin":37676,"position":0},"title":"Regi\u00e3o Episcopal Sede: Mutir\u00e3o de Confiss\u00f5es re\u00fane centenas de fieis","author":"adminredacao","date":"Abril 14, 2025","format":false,"excerpt":"Entre os meses de mar\u00e7o e abril, 11 par\u00f3quias e 2 quase-par\u00f3quias que fazem parte da Regi\u00e3o Episcopal Sede da Diocese de Sobral realizaram o Mutir\u00e3o de Confiss\u00f5es durante o per\u00edodo quaresmal. A a\u00e7\u00e3o teve como objetivo manter a unidade em toda a regi\u00e3o e proporcionar um atendimento ampliado, em\u2026","rel":"","context":"In &quot;Atualidade&quot;","block_context":{"text":"Atualidade","link":"https:\/\/correiodasemana.com\/site\/category\/atualidade\/"},"img":{"alt_text":"","src":"https:\/\/i0.wp.com\/correiodasemana.com\/site\/wp-content\/uploads\/2025\/04\/Paroquia-de-Nossa-Senhora-do-Patrocinio-1.jpeg?resize=350%2C200&ssl=1","width":350,"height":200,"srcset":"https:\/\/i0.wp.com\/correiodasemana.com\/site\/wp-content\/uploads\/2025\/04\/Paroquia-de-Nossa-Senhora-do-Patrocinio-1.jpeg?resize=350%2C200&ssl=1 1x, https:\/\/i0.wp.com\/correiodasemana.com\/site\/wp-content\/uploads\/2025\/04\/Paroquia-de-Nossa-Senhora-do-Patrocinio-1.jpeg?resize=525%2C300&ssl=1 1.5x, https:\/\/i0.wp.com\/correiodasemana.com\/site\/wp-content\/uploads\/2025\/04\/Paroquia-de-Nossa-Senhora-do-Patrocinio-1.jpeg?resize=700%2C400&ssl=1 2x, https:\/\/i0.wp.com\/correiodasemana.com\/site\/wp-content\/uploads\/2025\/04\/Paroquia-de-Nossa-Senhora-do-Patrocinio-1.jpeg?resize=1050%2C600&ssl=1 3x, https:\/\/i0.wp.com\/correiodasemana.com\/site\/wp-content\/uploads\/2025\/04\/Paroquia-de-Nossa-Senhora-do-Patrocinio-1.jpeg?resize=1400%2C800&ssl=1 4x"},"classes":[]},{"id":32584,"url":"https:\/\/correiodasemana.com\/site\/primeira-reuniao-do-ano-da-regiao-episcopal-sede-acontece-em-sobral\/","url_meta":{"origin":37676,"position":1},"title":"Primeira reuni\u00e3o do ano da Regi\u00e3o Episcopal Sede acontece em Sobral","author":"adminredacao","date":"Fevereiro 18, 2025","format":false,"excerpt":"Na manh\u00e3 do \u00faltimo s\u00e1bado, 08 de fevereiro, o clero, religiosas, representantes das pastorais, grupos, movimentos e novas comunidades que fazem parte da Regi\u00e3o Episcopal Sede reuniram-se no audit\u00f3rio da Par\u00f3quia de Nossa Senhora do Patroc\u00ednio em Sobral para a primeira reuni\u00e3o ordin\u00e1ria do ano. O encontro foi conduzido pelo\u2026","rel":"","context":"In &quot;Atualidade&quot;","block_context":{"text":"Atualidade","link":"https:\/\/correiodasemana.com\/site\/category\/atualidade\/"},"img":{"alt_text":"","src":"https:\/\/i0.wp.com\/correiodasemana.com\/site\/wp-content\/uploads\/2025\/02\/WhatsApp-Image-2025-02-08-at-22.15.32-1.jpeg?resize=350%2C200&ssl=1","width":350,"height":200,"srcset":"https:\/\/i0.wp.com\/correiodasemana.com\/site\/wp-content\/uploads\/2025\/02\/WhatsApp-Image-2025-02-08-at-22.15.32-1.jpeg?resize=350%2C200&ssl=1 1x, https:\/\/i0.wp.com\/correiodasemana.com\/site\/wp-content\/uploads\/2025\/02\/WhatsApp-Image-2025-02-08-at-22.15.32-1.jpeg?resize=525%2C300&ssl=1 1.5x, https:\/\/i0.wp.com\/correiodasemana.com\/site\/wp-content\/uploads\/2025\/02\/WhatsApp-Image-2025-02-08-at-22.15.32-1.jpeg?resize=700%2C400&ssl=1 2x, https:\/\/i0.wp.com\/correiodasemana.com\/site\/wp-content\/uploads\/2025\/02\/WhatsApp-Image-2025-02-08-at-22.15.32-1.jpeg?resize=1050%2C600&ssl=1 3x"},"classes":[]},{"id":31138,"url":"https:\/\/correiodasemana.com\/site\/encontro-bimestral-da-regiao-episcopal-sede-acontece-em-sobral\/","url_meta":{"origin":37676,"position":2},"title":"Encontro Bimestral da Regi\u00e3o Episcopal Sede acontece em Sobral","author":"adminredacao","date":"Outubro 21, 2024","format":false,"excerpt":"Na manh\u00e3 deste s\u00e1bado, 19 de outubro, a Par\u00f3quia de S\u00e3o Paulo Ap\u00f3stolo situada no bairro Terrenos Novos em Sobral, sediou a Reuni\u00e3o da Regi\u00e3o Episcopal Sede que re\u00fane presb\u00edteros, di\u00e1conos, religiosas (os) e leigos (as) coordenadores dos grupos, movimentos e pastorais que fazem parte das par\u00f3quias de Sobral, Forquilha,\u2026","rel":"","context":"In &quot;Atualidade&quot;","block_context":{"text":"Atualidade","link":"https:\/\/correiodasemana.com\/site\/category\/atualidade\/"},"img":{"alt_text":"","src":"https:\/\/i0.wp.com\/correiodasemana.com\/site\/wp-content\/uploads\/2024\/10\/WhatsApp-Image-2024-10-19-at-17.24.43.jpeg?resize=350%2C200&ssl=1","width":350,"height":200,"srcset":"https:\/\/i0.wp.com\/correiodasemana.com\/site\/wp-content\/uploads\/2024\/10\/WhatsApp-Image-2024-10-19-at-17.24.43.jpeg?resize=350%2C200&ssl=1 1x, https:\/\/i0.wp.com\/correiodasemana.com\/site\/wp-content\/uploads\/2024\/10\/WhatsApp-Image-2024-10-19-at-17.24.43.jpeg?resize=525%2C300&ssl=1 1.5x, https:\/\/i0.wp.com\/correiodasemana.com\/site\/wp-content\/uploads\/2024\/10\/WhatsApp-Image-2024-10-19-at-17.24.43.jpeg?resize=700%2C400&ssl=1 2x, https:\/\/i0.wp.com\/correiodasemana.com\/site\/wp-content\/uploads\/2024\/10\/WhatsApp-Image-2024-10-19-at-17.24.43.jpeg?resize=1050%2C600&ssl=1 3x, https:\/\/i0.wp.com\/correiodasemana.com\/site\/wp-content\/uploads\/2024\/10\/WhatsApp-Image-2024-10-19-at-17.24.43.jpeg?resize=1400%2C800&ssl=1 4x"},"classes":[]},{"id":31975,"url":"https:\/\/correiodasemana.com\/site\/regiao-episcopal-sede-realiza-ultima-reuniao-do-ano-na-paroquia-do-sagrado-coracao-de-jesus\/","url_meta":{"origin":37676,"position":3},"title":"Regi\u00e3o Episcopal Sede realiza \u00faltima reuni\u00e3o do ano na Par\u00f3quia do Sagrado Cora\u00e7\u00e3o de Jesus","author":"adminredacao","date":"Dezembro 24, 2024","format":false,"excerpt":"Os cl\u00e9rigos, religiosas, representantes das novas comunidades e pastorais que fazem parte da Regi\u00e3o Episcopal Sede reuniram-se na manh\u00e3 do \u00faltimo s\u00e1bado, 14 de dezembro, para a \u00faltima reuni\u00e3o do ano. O encontro foi sediado pela Par\u00f3quia do Sagrado Cora\u00e7\u00e3o de Jesus. A Regi\u00e3o \u00e9 composta por todas as par\u00f3quias,\u2026","rel":"","context":"In &quot;Atualidade&quot;","block_context":{"text":"Atualidade","link":"https:\/\/correiodasemana.com\/site\/category\/atualidade\/"},"img":{"alt_text":"","src":"https:\/\/i0.wp.com\/correiodasemana.com\/site\/wp-content\/uploads\/2024\/12\/paroquia-sede-4.jpeg?resize=350%2C200&ssl=1","width":350,"height":200,"srcset":"https:\/\/i0.wp.com\/correiodasemana.com\/site\/wp-content\/uploads\/2024\/12\/paroquia-sede-4.jpeg?resize=350%2C200&ssl=1 1x, https:\/\/i0.wp.com\/correiodasemana.com\/site\/wp-content\/uploads\/2024\/12\/paroquia-sede-4.jpeg?resize=525%2C300&ssl=1 1.5x, https:\/\/i0.wp.com\/correiodasemana.com\/site\/wp-content\/uploads\/2024\/12\/paroquia-sede-4.jpeg?resize=700%2C400&ssl=1 2x, https:\/\/i0.wp.com\/correiodasemana.com\/site\/wp-content\/uploads\/2024\/12\/paroquia-sede-4.jpeg?resize=1050%2C600&ssl=1 3x, https:\/\/i0.wp.com\/correiodasemana.com\/site\/wp-content\/uploads\/2024\/12\/paroquia-sede-4.jpeg?resize=1400%2C800&ssl=1 4x"},"classes":[]},{"id":25879,"url":"https:\/\/correiodasemana.com\/site\/regiao-episcopal-vale-do-acarau-paroquia-de-acarau-sedia-2o-muticom\/","url_meta":{"origin":37676,"position":4},"title":"Regi\u00e3o Episcopal Vale do Acara\u00fa: Par\u00f3quia de Acara\u00fa sedia 2\u00ba MUTICOM","author":"adminredacao","date":"Julho 31, 2023","format":false,"excerpt":"O dia 23 de julho de 2023 ficou marcado na mem\u00f3ria de centenas de agentes da pastoral da comunica\u00e7\u00e3o da Diocese de Sobral. A Par\u00f3quia de Nossa Senhora da Concei\u00e7\u00e3o em Acara\u00fa, abriu as portas para receber o segundo encontro do Mutir\u00e3o de Comunica\u00e7\u00e3o (MUTICOM). Participaram membros das par\u00f3quias de:\u2026","rel":"","context":"In &quot;Atualidade&quot;","block_context":{"text":"Atualidade","link":"https:\/\/correiodasemana.com\/site\/category\/atualidade\/"},"img":{"alt_text":"","src":"https:\/\/i0.wp.com\/correiodasemana.com\/site\/wp-content\/uploads\/2023\/07\/PASCOM-EM-ACARAU.jpeg?resize=350%2C200&ssl=1","width":350,"height":200,"srcset":"https:\/\/i0.wp.com\/correiodasemana.com\/site\/wp-content\/uploads\/2023\/07\/PASCOM-EM-ACARAU.jpeg?resize=350%2C200&ssl=1 1x, https:\/\/i0.wp.com\/correiodasemana.com\/site\/wp-content\/uploads\/2023\/07\/PASCOM-EM-ACARAU.jpeg?resize=525%2C300&ssl=1 1.5x, https:\/\/i0.wp.com\/correiodasemana.com\/site\/wp-content\/uploads\/2023\/07\/PASCOM-EM-ACARAU.jpeg?resize=700%2C400&ssl=1 2x, https:\/\/i0.wp.com\/correiodasemana.com\/site\/wp-content\/uploads\/2023\/07\/PASCOM-EM-ACARAU.jpeg?resize=1050%2C600&ssl=1 3x, https:\/\/i0.wp.com\/correiodasemana.com\/site\/wp-content\/uploads\/2023\/07\/PASCOM-EM-ACARAU.jpeg?resize=1400%2C800&ssl=1 4x"},"classes":[]},{"id":20059,"url":"https:\/\/correiodasemana.com\/site\/paroquia-de-marco-sedia-muticom-na-regiao-vale-do-acarau\/","url_meta":{"origin":37676,"position":5},"title":"Par\u00f3quia de Marco sedia MUTICOM na Regi\u00e3o Vale do Acara\u00fa","author":"","date":"Junho 12, 2022","format":false,"excerpt":"(Thais Helena \u2013 Reda\u00e7\u00e3o Correio da Semana) A PASCOM Diocesana de Sobral em comunh\u00e3o com a Par\u00f3quia de Marco e a Regi\u00e3o Vale do Acara\u00fa realizou no \u00faltimo s\u00e1bado, 04 de junho, o MUTICOM. O MUTICOM (Mutir\u00e3o de Comunica\u00e7\u00e3o) teve como objetivo reunir os agentes da pastoral da comunica\u00e7\u00e3o com\u2026","rel":"","context":"In &quot;Atualidade&quot;","block_context":{"text":"Atualidade","link":"https:\/\/correiodasemana.com\/site\/category\/atualidade\/"},"img":{"alt_text":"","src":"https:\/\/i0.wp.com\/correiodasemana.com\/site\/wp-content\/uploads\/2022\/06\/muticom-em-Marco-CE-1-300x200.jpeg?resize=350%2C200&ssl=1","width":350,"height":200},"classes":[]}],"jetpack_sharing_enabled":true,"_links":{"self":[{"href":"https:\/\/correiodasemana.com\/site\/wp-json\/wp\/v2\/posts\/37676","targetHints":{"allow":["GET"]}}],"collection":[{"href":"https:\/\/correiodasemana.com\/site\/wp-json\/wp\/v2\/posts"}],"about":[{"href":"https:\/\/correiodasemana.com\/site\/wp-json\/wp\/v2\/types\/post"}],"author":[{"embeddable":true,"href":"https:\/\/correiodasemana.com\/site\/wp-json\/wp\/v2\/users\/7"}],"replies":[{"embeddable":true,"href":"https:\/\/correiodasemana.com\/site\/wp-json\/wp\/v2\/comments?post=37676"}],"version-history":[{"count":2,"href":"https:\/\/correiodasemana.com\/site\/wp-json\/wp\/v2\/posts\/37676\/revisions"}],"predecessor-version":[{"id":37682,"href":"https:\/\/correiodasemana.com\/site\/wp-json\/wp\/v2\/posts\/37676\/revisions\/37682"}],"wp:featuredmedia":[{"embeddable":true,"href":"https:\/\/correiodasemana.com\/site\/wp-json\/wp\/v2\/media\/37680"}],"wp:attachment":[{"href":"https:\/\/correiodasemana.com\/site\/wp-json\/wp\/v2\/media?parent=37676"}],"wp:term":[{"taxonomy":"category","embeddable":true,"href":"https:\/\/correiodasemana.com\/site\/wp-json\/wp\/v2\/categories?post=37676"},{"taxonomy":"post_tag","embeddable":true,"href":"https:\/\/correiodasemana.com\/site\/wp-json\/wp\/v2\/tags?post=37676"}],"curies":[{"name":"wp","href":"https:\/\/api.w.org\/{rel}","templated":true}]}}