{"id":37683,"date":"2026-03-10T23:39:49","date_gmt":"2026-03-11T02:39:49","guid":{"rendered":"https:\/\/correiodasemana.com\/site\/?p=37683"},"modified":"2026-03-10T23:39:49","modified_gmt":"2026-03-11T02:39:49","slug":"vocasiyyon-2026-a-festa-da-vocacao-filhos-de-siao-jesus-subiu-a-montanha-e-chamou-os-que-ele-quis","status":"publish","type":"post","link":"https:\/\/correiodasemana.com\/site\/vocasiyyon-2026-a-festa-da-vocacao-filhos-de-siao-jesus-subiu-a-montanha-e-chamou-os-que-ele-quis\/","title":{"rendered":"Vocasiyy\u00f5n 2026 \u2013 A festa da voca\u00e7\u00e3o Filhos de Si\u00e3o Jesus subiu \u00e0 montanha e chamou os que Ele quis"},"content":{"rendered":"<p>Conduzidos por S\u00e3o Marcos 3, 13.<br \/>\nJesus subiu a montanha e, ap\u00f3s uma conversa longa com o Pai, desce do monte e escolhe os que Ele quer. Ele sobe a montanha e chama aqueles que Ele quer.<\/p>\n<p>Por que n\u00f3s estamos aqui hoje?<br \/>\nAcima de tudo, Ele subiu a montanha e escolheu a quem Ele quis e quer. N\u00e3o \u00e9 a Comunidade Filhos de Si\u00e3o que escolhe seus membros; entre n\u00f3s h\u00e1 irm\u00e3os de todo jeito. Quem escolhe \u00e9 Jesus, e Ele escolhe quem Ele quer.<br \/>\nEstamos aqui do nosso jeito porque Ele quer. A gente n\u00e3o sabe explicar; s\u00f3 sabemos que temos que seguir!<\/p>\n<p>A escolha n\u00e3o \u00e9 uma decis\u00e3o nossa, \u00e9 de Jesus<br \/>\nA escolha \u00e9 d\u2019Ele, n\u00e3o \u00e9 nossa! Deus nos escolheu sem m\u00e9rito nenhum. Deus n\u00e3o chama de qualquer jeito; Ele chama pelo nome. Isso significa que o nome \u00e9 a nossa identidade mais profunda e aquilo que o Pai projetou. Deus chama voc\u00ea com tudo o que voc\u00ea \u00e9, mis\u00e9rias e bondades. Ele nos chama sabendo quem somos. Independentemente de quem somos, Ele chama.<br \/>\nO chamado pelo nome \u00e9 um chamado de amor. Temos qualidades, mas, antes de tudo, \u00e9 porque Ele nos ama: um amor incondicional. Ele n\u00e3o te troca por ningu\u00e9m; Ele preferiu a mim e a voc\u00ea. N\u00e3o nos troca por nada!<br \/>\nNossa vida, nossa hist\u00f3ria, \u00e9 acolhida amorosamente pelo Senhor. N\u00e3o \u00e9 por perfei\u00e7\u00e3o; \u00e9 amor, \u00e9 miseric\u00f3rdia. Do mesmo jeito que chamou os disc\u00edpulos pelo nome, Ele tamb\u00e9m continua a chamar da maneira como quer: pelo nome.<\/p>\n<p>O chamado \u00e9 por inteiro, completo, como somos<br \/>\nO meu \u201csim\u201d \u00e9 um socorro para o mundo. Deus quer um sinal de vida, paz, amor e reconcilia\u00e7\u00e3o. Tudo est\u00e1 gritando, pedindo socorro. Deus grita por mim e por voc\u00ea: para sermos luz neste mundo de trevas.<br \/>\nDeus chama em vista das necessidades do mundo, da Igreja e do homem. N\u00e3o \u00e9 sobre mim, mas por causa do outro. Deus quer sua vida por causa de outras vidas.<br \/>\nA voz do Senhor \u00e9 inconfund\u00edvel; n\u00e3o d\u00e1 para duvidar. A gente a distingue de todas as outras vozes. H\u00e1 um olhar que escolhe, e esse olhar de Deus chama. A iniciativa \u00e9 d\u2019Ele: chama porque quer e chama para enviar.<br \/>\nN\u00e3o \u00e9 uma conquista humana; \u00e9 escolha amorosa do nosso Deus. Todo chamado, toda voca\u00e7\u00e3o, \u00e9 ordenado para uma miss\u00e3o, e o carisma Filhos de Si\u00e3o tem a miss\u00e3o de tornar o Amor Amado, mostrar o Amor \u00e0 humanidade para que a humanidade O ame.<br \/>\nTodo chamado espera uma resposta. Deus, h\u00e1 tempo, vem nos carregando debaixo do Seu manto, vem acenando e quer uma resposta. De nossa parte, \u00e9 preciso responder \u00e0 escolha de Jesus. Dentre muitos habitantes desta cidade, Deus escolheu a n\u00f3s. A resposta \u00e9 livre. Deus n\u00e3o vai oprimir voc\u00ea a fazer uma caminhada for\u00e7ada.<br \/>\nVander L\u00facia Menezes Farias<br \/>\nFundadora e Moderadora Geral da Comunidade Filhos de Si\u00e3o<\/p>\n","protected":false},"excerpt":{"rendered":"<p>Conduzidos por S\u00e3o Marcos 3, 13. Jesus subiu a montanha e, ap\u00f3s uma conversa longa&#8230;<\/p>\n","protected":false},"author":7,"featured_media":36869,"comment_status":"open","ping_status":"open","sticky":false,"template":"","format":"standard","meta":{"_jetpack_memberships_contains_paid_content":false,"footnotes":"","jetpack_publicize_message":"","jetpack_publicize_feature_enabled":true,"jetpack_social_post_already_shared":true,"jetpack_social_options":{"image_generator_settings":{"template":"highway","default_image_id":0,"font":"","enabled":false},"version":2}},"categories":[87],"tags":[],"class_list":["post-37683","post","type-post","status-publish","format-standard","has-post-thumbnail","hentry","category-filhos-de-siao"],"jetpack_publicize_connections":[],"jetpack_featured_media_url":"https:\/\/correiodasemana.com\/site\/wp-content\/uploads\/2026\/01\/Igreja-da-Se-Sobral.jpg","jetpack-related-posts":[{"id":26431,"url":"https:\/\/correiodasemana.com\/site\/filhos-de-siao-8\/","url_meta":{"origin":37683,"position":0},"title":"FILHOS DE SI\u00c3O","author":"adminredacao","date":"Setembro 4, 2023","format":false,"excerpt":"Carisma, dom de Deus A palavra \u201ccarisma\u201d quer dizer \u201cgra\u00e7a\u201d, sendo uma express\u00e3o t\u00e3o falada no nosso meio, para n\u00f3s carisma \u00e9 algo novo na Igreja, nos tempos de hoje. Todo carisma \u00e9 um dom que Deus concede a algu\u00e9m para o bem dos homens, para as necessidades do mundo\u2026","rel":"","context":"In &quot;Artigos&quot;","block_context":{"text":"Artigos","link":"https:\/\/correiodasemana.com\/site\/category\/artigos\/"},"img":{"alt_text":"","src":"https:\/\/i0.wp.com\/correiodasemana.com\/site\/wp-content\/uploads\/2018\/02\/Igreja_Se%CC%81.jpg?resize=350%2C200&ssl=1","width":350,"height":200,"srcset":"https:\/\/i0.wp.com\/correiodasemana.com\/site\/wp-content\/uploads\/2018\/02\/Igreja_Se%CC%81.jpg?resize=350%2C200&ssl=1 1x, https:\/\/i0.wp.com\/correiodasemana.com\/site\/wp-content\/uploads\/2018\/02\/Igreja_Se%CC%81.jpg?resize=525%2C300&ssl=1 1.5x, https:\/\/i0.wp.com\/correiodasemana.com\/site\/wp-content\/uploads\/2018\/02\/Igreja_Se%CC%81.jpg?resize=700%2C400&ssl=1 2x, https:\/\/i0.wp.com\/correiodasemana.com\/site\/wp-content\/uploads\/2018\/02\/Igreja_Se%CC%81.jpg?resize=1050%2C600&ssl=1 3x, https:\/\/i0.wp.com\/correiodasemana.com\/site\/wp-content\/uploads\/2018\/02\/Igreja_Se%CC%81.jpg?resize=1400%2C800&ssl=1 4x"},"classes":[]},{"id":26583,"url":"https:\/\/correiodasemana.com\/site\/filhos-de-siao-10\/","url_meta":{"origin":37683,"position":1},"title":"FILHOS DE SI\u00c3O","author":"adminredacao","date":"Setembro 18, 2023","format":false,"excerpt":"\u201cVinde \u00e0 nascente das \u00e1guas\u201d O Senhor nos convidou hoje para a nascente das \u00e1guas. Vinde comer! Aqui na nascente das \u00e1guas tem o alimento! Meus irm\u00e3os, Jesus nos trouxe para a nascente das \u00e1guas. Por que perder o dinheiro com aquilo que n\u00e3o alimenta? A gente fica desperdi\u00e7ando o\u2026","rel":"","context":"In &quot;Artigos&quot;","block_context":{"text":"Artigos","link":"https:\/\/correiodasemana.com\/site\/category\/artigos\/"},"img":{"alt_text":"","src":"https:\/\/i0.wp.com\/correiodasemana.com\/site\/wp-content\/uploads\/2018\/02\/Igreja_Se%CC%81.jpg?resize=350%2C200&ssl=1","width":350,"height":200,"srcset":"https:\/\/i0.wp.com\/correiodasemana.com\/site\/wp-content\/uploads\/2018\/02\/Igreja_Se%CC%81.jpg?resize=350%2C200&ssl=1 1x, https:\/\/i0.wp.com\/correiodasemana.com\/site\/wp-content\/uploads\/2018\/02\/Igreja_Se%CC%81.jpg?resize=525%2C300&ssl=1 1.5x, https:\/\/i0.wp.com\/correiodasemana.com\/site\/wp-content\/uploads\/2018\/02\/Igreja_Se%CC%81.jpg?resize=700%2C400&ssl=1 2x, https:\/\/i0.wp.com\/correiodasemana.com\/site\/wp-content\/uploads\/2018\/02\/Igreja_Se%CC%81.jpg?resize=1050%2C600&ssl=1 3x, https:\/\/i0.wp.com\/correiodasemana.com\/site\/wp-content\/uploads\/2018\/02\/Igreja_Se%CC%81.jpg?resize=1400%2C800&ssl=1 4x"},"classes":[]},{"id":27135,"url":"https:\/\/correiodasemana.com\/site\/comunidade-catolica-filhos-de-siao\/","url_meta":{"origin":37683,"position":2},"title":"COMUNIDADE CAT\u00d3LICA FILHOS DE SI\u00c3O","author":"adminredacao","date":"Novembro 6, 2023","format":false,"excerpt":"Frutificar o carisma N\u00e3o \u00e9 f\u00e1cil evangelizar na pr\u00f3pria casa\u2026 O pr\u00f3prio Jesus n\u00e3o foi aceito em sua terra. Tem algu\u00e9m feliz aqui? Feliz porqu\u00ea veio? Vir ao retiro \u00e9 como voltar a ser algu\u00e9m de novo, pois estamos atentos para escutar aqueles que Deus enviou para falar conosco. Ao\u2026","rel":"","context":"In &quot;Artigos&quot;","block_context":{"text":"Artigos","link":"https:\/\/correiodasemana.com\/site\/category\/artigos\/"},"img":{"alt_text":"","src":"https:\/\/i0.wp.com\/correiodasemana.com\/site\/wp-content\/uploads\/2019\/07\/Igreja_S%C3%A9.jpg?resize=350%2C200&ssl=1","width":350,"height":200,"srcset":"https:\/\/i0.wp.com\/correiodasemana.com\/site\/wp-content\/uploads\/2019\/07\/Igreja_S%C3%A9.jpg?resize=350%2C200&ssl=1 1x, https:\/\/i0.wp.com\/correiodasemana.com\/site\/wp-content\/uploads\/2019\/07\/Igreja_S%C3%A9.jpg?resize=525%2C300&ssl=1 1.5x, https:\/\/i0.wp.com\/correiodasemana.com\/site\/wp-content\/uploads\/2019\/07\/Igreja_S%C3%A9.jpg?resize=700%2C400&ssl=1 2x, https:\/\/i0.wp.com\/correiodasemana.com\/site\/wp-content\/uploads\/2019\/07\/Igreja_S%C3%A9.jpg?resize=1050%2C600&ssl=1 3x, https:\/\/i0.wp.com\/correiodasemana.com\/site\/wp-content\/uploads\/2019\/07\/Igreja_S%C3%A9.jpg?resize=1400%2C800&ssl=1 4x"},"classes":[]},{"id":34272,"url":"https:\/\/correiodasemana.com\/site\/comunidade-catolica-filhos-de-siao-10\/","url_meta":{"origin":37683,"position":3},"title":"COMUNIDADE CAT\u00d3LICA FILHOS DE SI\u00c3O","author":"adminredacao","date":"Junho 23, 2025","format":false,"excerpt":"O nosso nome representa na nossa identidade. n\u00e3o pode ser retirado de n\u00f3s pois nos acompanha desde sempre. N\u00f3s temos um nome: somos Filhos de Si\u00e3o. Esse \u00e9 o nome que nos representa. Ele \u00e9 parte importante da nossa hist\u00f3ria, nos identifica e n\u00e3o pode ser tirado nem mudado. A\u2026","rel":"","context":"In &quot;Artigos&quot;","block_context":{"text":"Artigos","link":"https:\/\/correiodasemana.com\/site\/category\/artigos\/"},"img":{"alt_text":"","src":"https:\/\/i0.wp.com\/correiodasemana.com\/site\/wp-content\/uploads\/2019\/07\/Igreja_S%C3%A9.jpg?resize=350%2C200&ssl=1","width":350,"height":200,"srcset":"https:\/\/i0.wp.com\/correiodasemana.com\/site\/wp-content\/uploads\/2019\/07\/Igreja_S%C3%A9.jpg?resize=350%2C200&ssl=1 1x, https:\/\/i0.wp.com\/correiodasemana.com\/site\/wp-content\/uploads\/2019\/07\/Igreja_S%C3%A9.jpg?resize=525%2C300&ssl=1 1.5x, https:\/\/i0.wp.com\/correiodasemana.com\/site\/wp-content\/uploads\/2019\/07\/Igreja_S%C3%A9.jpg?resize=700%2C400&ssl=1 2x, https:\/\/i0.wp.com\/correiodasemana.com\/site\/wp-content\/uploads\/2019\/07\/Igreja_S%C3%A9.jpg?resize=1050%2C600&ssl=1 3x, https:\/\/i0.wp.com\/correiodasemana.com\/site\/wp-content\/uploads\/2019\/07\/Igreja_S%C3%A9.jpg?resize=1400%2C800&ssl=1 4x"},"classes":[]},{"id":30032,"url":"https:\/\/correiodasemana.com\/site\/comunidade-filhos-de-siao-12\/","url_meta":{"origin":37683,"position":4},"title":"COMUNIDADE FILHOS DE SI\u00c3O","author":"adminredacao","date":"Julho 22, 2024","format":false,"excerpt":"A Experi\u00eancia de um Sim Definitivo Partilharei um pouco da minha experi\u00eancia de um sim definitivo. Conduzidos por S\u00e3o Jo\u00e3o 15, 9. \u201cPerseverai no meu Amor\u201d \u2013 esse \u00e9 o rema do meu Sim, do meu acordo, da minha consagra\u00e7\u00e3o definitiva. Olhando para minha hist\u00f3ria e para minha caminhada e\u2026","rel":"","context":"In &quot;Artigos&quot;","block_context":{"text":"Artigos","link":"https:\/\/correiodasemana.com\/site\/category\/artigos\/"},"img":{"alt_text":"","src":"https:\/\/i0.wp.com\/correiodasemana.com\/site\/wp-content\/uploads\/2019\/07\/Igreja_S%C3%A9.jpg?resize=350%2C200&ssl=1","width":350,"height":200,"srcset":"https:\/\/i0.wp.com\/correiodasemana.com\/site\/wp-content\/uploads\/2019\/07\/Igreja_S%C3%A9.jpg?resize=350%2C200&ssl=1 1x, https:\/\/i0.wp.com\/correiodasemana.com\/site\/wp-content\/uploads\/2019\/07\/Igreja_S%C3%A9.jpg?resize=525%2C300&ssl=1 1.5x, https:\/\/i0.wp.com\/correiodasemana.com\/site\/wp-content\/uploads\/2019\/07\/Igreja_S%C3%A9.jpg?resize=700%2C400&ssl=1 2x, https:\/\/i0.wp.com\/correiodasemana.com\/site\/wp-content\/uploads\/2019\/07\/Igreja_S%C3%A9.jpg?resize=1050%2C600&ssl=1 3x, https:\/\/i0.wp.com\/correiodasemana.com\/site\/wp-content\/uploads\/2019\/07\/Igreja_S%C3%A9.jpg?resize=1400%2C800&ssl=1 4x"},"classes":[]},{"id":27030,"url":"https:\/\/correiodasemana.com\/site\/filhos-de-siao-12\/","url_meta":{"origin":37683,"position":5},"title":"FILHOS DE SI\u00c3O","author":"adminredacao","date":"Outubro 23, 2023","format":false,"excerpt":"Encarnar o Carisma Filhos de Si\u00e3o Sabendo dessa realidade, \u00e9 preciso tomar posse do carisma. Ele \u00e9 uma pot\u00eancia, uma for\u00e7a que nos transforma, molda e deixa capacitado para toda boa obra - de eternidade, louvor e adora\u00e7\u00e3o. O Senhor te fez um separado e deu algo extraordin\u00e1rio: o dom\u2026","rel":"","context":"In &quot;Artigos&quot;","block_context":{"text":"Artigos","link":"https:\/\/correiodasemana.com\/site\/category\/artigos\/"},"img":{"alt_text":"","src":"https:\/\/i0.wp.com\/correiodasemana.com\/site\/wp-content\/uploads\/2018\/02\/Igreja_Se%CC%81.jpg?resize=350%2C200&ssl=1","width":350,"height":200,"srcset":"https:\/\/i0.wp.com\/correiodasemana.com\/site\/wp-content\/uploads\/2018\/02\/Igreja_Se%CC%81.jpg?resize=350%2C200&ssl=1 1x, https:\/\/i0.wp.com\/correiodasemana.com\/site\/wp-content\/uploads\/2018\/02\/Igreja_Se%CC%81.jpg?resize=525%2C300&ssl=1 1.5x, https:\/\/i0.wp.com\/correiodasemana.com\/site\/wp-content\/uploads\/2018\/02\/Igreja_Se%CC%81.jpg?resize=700%2C400&ssl=1 2x, https:\/\/i0.wp.com\/correiodasemana.com\/site\/wp-content\/uploads\/2018\/02\/Igreja_Se%CC%81.jpg?resize=1050%2C600&ssl=1 3x, https:\/\/i0.wp.com\/correiodasemana.com\/site\/wp-content\/uploads\/2018\/02\/Igreja_Se%CC%81.jpg?resize=1400%2C800&ssl=1 4x"},"classes":[]}],"jetpack_sharing_enabled":true,"_links":{"self":[{"href":"https:\/\/correiodasemana.com\/site\/wp-json\/wp\/v2\/posts\/37683","targetHints":{"allow":["GET"]}}],"collection":[{"href":"https:\/\/correiodasemana.com\/site\/wp-json\/wp\/v2\/posts"}],"about":[{"href":"https:\/\/correiodasemana.com\/site\/wp-json\/wp\/v2\/types\/post"}],"author":[{"embeddable":true,"href":"https:\/\/correiodasemana.com\/site\/wp-json\/wp\/v2\/users\/7"}],"replies":[{"embeddable":true,"href":"https:\/\/correiodasemana.com\/site\/wp-json\/wp\/v2\/comments?post=37683"}],"version-history":[{"count":2,"href":"https:\/\/correiodasemana.com\/site\/wp-json\/wp\/v2\/posts\/37683\/revisions"}],"predecessor-version":[{"id":37685,"href":"https:\/\/correiodasemana.com\/site\/wp-json\/wp\/v2\/posts\/37683\/revisions\/37685"}],"wp:featuredmedia":[{"embeddable":true,"href":"https:\/\/correiodasemana.com\/site\/wp-json\/wp\/v2\/media\/36869"}],"wp:attachment":[{"href":"https:\/\/correiodasemana.com\/site\/wp-json\/wp\/v2\/media?parent=37683"}],"wp:term":[{"taxonomy":"category","embeddable":true,"href":"https:\/\/correiodasemana.com\/site\/wp-json\/wp\/v2\/categories?post=37683"},{"taxonomy":"post_tag","embeddable":true,"href":"https:\/\/correiodasemana.com\/site\/wp-json\/wp\/v2\/tags?post=37683"}],"curies":[{"name":"wp","href":"https:\/\/api.w.org\/{rel}","templated":true}]}}