{"id":37686,"date":"2026-03-10T23:41:36","date_gmt":"2026-03-11T02:41:36","guid":{"rendered":"https:\/\/correiodasemana.com\/site\/?p=37686"},"modified":"2026-03-10T23:41:36","modified_gmt":"2026-03-11T02:41:36","slug":"vida-a-dois","status":"publish","type":"post","link":"https:\/\/correiodasemana.com\/site\/vida-a-dois\/","title":{"rendered":"Vida a dois"},"content":{"rendered":"<p>A literatura sobre relacionamentos diz que \u00e9 poss\u00edvel saber antecipadamente quando o amor acabou mesmo antes de a pessoa que amamos nos diga isso. O nosso cora\u00e7\u00e3o \u00e9 capaz de perceber, sentir e pressente isso. Mas n\u00e3o h\u00e1 necessidade de se espiritualizar, porque h\u00e1 certas frases que nos indicam que o amor acabou, mesmo que nosso parceiro ainda n\u00e3o tenha nos dito isso.<br \/>\nIsso n\u00e3o significa que sempre ouviremos algo quando o amor acabar. Mas, de acordo com Ana Maria Sep\u00e9, doutora em psicologia, especialista e pesquisadora em psican\u00e1lise, h\u00e1 algumas frases que se repetem. Ouvi-las e identific\u00e1-las pode ser um sinal para conversar e dizer adeus ao relacionamento em que n\u00e3o h\u00e1 mais amor.<br \/>\nConforme diz Sep\u00e9, \u201c\u00e0s vezes nos sentimos t\u00e3o inseguros ou com medo de perder algu\u00e9m que perdemos a racionalidade de vista\u201d. J\u00e1 a psic\u00f3loga Silvia Vidal aconselha que \u201cembora a esperan\u00e7a seja a \u00faltima coisa que se perde, \u00e0s vezes \u00e9 preciso perd\u00ea-la e ser realista para saber quando parar de insistir para seguir em frente\u201d.<br \/>\nNum relacionamento h\u00e1 pelo menos quatro senten\u00e7as t\u00edpicas que um parceiro n\u00e3o deve dizer ao outro quando um relacionamento come\u00e7a a n\u00e3o fluir bem:\u00a01 &#8211; \u201cVoc\u00ea \u00e9 insuport\u00e1vel\u201d.\u00a0Ora, discutir \u00e9 normal e \u00e9 at\u00e9 saud\u00e1vel. Mas \u00e9 preciso aprender a discutir, pois n\u00e3o se trata de evitar conflitos nos relacionamentos, mas de aprender a administr\u00e1-los. Fazer isso da maneira correta \u00e9 construtivo e ajuda n\u00e3o apenas o casal se conhecer melhor, mas tamb\u00e9m a fortalecer o v\u00ednculo conjugal.<br \/>\nNo entanto, o problema surge quando o acaloramento da discuss\u00e3o vira briga desarrazoada e isso se torna um campo de batalha. As conversas acaloradas aumentam, se intensificam, os gritos surgem e os insultos aparecem.<br \/>\nDe acordo com especialista, se essa din\u00e2mica continuar ao longo do tempo, pouco a pouco o relacionamento vai se desgastando at\u00e9 atingir picos de agress\u00e3o que podem levar \u00e0 viol\u00eancia verbal e, nos piores casos, at\u00e9 mesmo \u00e0 viol\u00eancia f\u00edsica. N\u00e3o se insulta algu\u00e9m que se ama de maneira saud\u00e1vel, n\u00e3o importa o quanto a pessoa esteja com raiva.<br \/>\n2. \u201cSomos muito diferentes\u201d\u00a0&#8211;\u00a0\u201cA incompatibilidade em um casal se manifesta em muitas atitudes, primeiro o distanciamento emocional e depois a insatisfa\u00e7\u00e3o de um em rela\u00e7\u00e3o ao outro\u201d, diz Sep\u00e9.<br \/>\nQuando nos apaixonamos, naquela primeira fase do amor, n\u00e3o enxergamos os defeitos do parceiro, que tendem a aparecer ao longo tempo.<br \/>\nSe a pessoa repetir que voc\u00eas s\u00e3o muito diferentes, podemos estar diante do que a psicologia chama de \u201cincompatibilidade de casal\u201d. H\u00e1 tempo, venderam-nos a ideia de que os opostos se atraem, assim como \u201cquem briga se quer bem\u201d. Mas a verdade \u00e9 que um dos truques para fazer um relacionamento dar certo \u00e9 ter coisas em comum, especialmente em termos de estilo de vida.<br \/>\nAs diferen\u00e7as nesses aspectos podem ser obst\u00e1culos intranspon\u00edveis em um relacionamento e, de fato, segundo a psicologia, as incompatibilidades s\u00e3o um dos motivos pelos quais deixamos de amar nosso parceiro.<br \/>\n3. \u201cEu n\u00e3o tenho tempo\u201d\u00a0&#8211;\u00a0Essa frase \u00e9 reflexo de um dos sinais mais claros de que o relacionamento n\u00e3o est\u00e1 indo bem: n\u00e3o temos tempo para ficar juntos. N\u00e3o ter tempo \u00e9 um problema de prioridades. Reservamos tempo para o que consideramos importante e, se n\u00e3o for voc\u00ea, \u00e9 porque talvez n\u00e3o seja mais voc\u00ea.<br \/>\nA vida de um casal \u00e9 caracterizada por uma escolha di\u00e1ria de estar juntos, de compartilhar n\u00e3o apenas objetivos da vida, mas tamb\u00e9m o tempo. Se houver um distanciamento emocional entre os parceiros, a falta de comportamentos como intimidade ou interesse na vida um do outro, \u00e9 um sinal claro de que o relacionamento est\u00e1 se deteriorando, como explicam os especialistas.<br \/>\n4. \u201cN\u00e3o estou com vontade\/Estou entediado\u201d\u00a0&#8211;\u00a0\u00c9 claro que nem voc\u00ea, nem seu parceiro est\u00e3o l\u00e1 para entreter um ao outro, mas se um disser que fica entediado ao fazer coisas como casal, especialmente quando faziam como antes, algo mudou.<br \/>\nSe houver uma sensa\u00e7\u00e3o de t\u00e9dio no relacionamento, sem interesse ou motiva\u00e7\u00e3o, e que continue ao longo do tempo, isso \u00e9 um sinal. N\u00e3o significa que nunca tenhamos que ficar entediados, haver\u00e1 fases em que isso acontecer\u00e1, mas, de acordo com especialistas, \u201cficar entediado por muito tempo em um relacionamento pode ser um sinal de que voc\u00eas pararam de se divertir juntos, de que n\u00e3o compartilham mais sonhos e desejos e, portanto, se sentem muito solit\u00e1rios\u201d.<br \/>\nPara evitar isso, podemos incluir a met\u00e1fora 1+1 \u00e9 mais que 2, que, al\u00e9m de manter a paix\u00e3o, pode nos ajudar a nos livrar do t\u00e9dio com novos planos. Ou simplesmente procurem algo que ambos gostem, para fazer juntos, desde ir ao cinema ou at\u00e9 mesmo fazer um pouco de atividades caseiras, mas fazer juntos.<br \/>\nSe voc\u00ea, leitor\/leitora amigo(a) perceber alguma dessas situa\u00e7\u00f5es, o ideal \u00e9 come\u00e7ar a repensar seu relacionamento. Pense sobre isso e veja o que acontece. Primeiro, resolva o que est\u00e1 acontecendo com voc\u00ea sozinho(a) e, depois, com a cabe\u00e7a fria, converse com seu parceiro. Pode haver algo acontecendo que voc\u00ea n\u00e3o saiba, como algo errado no trabalho, algo sobre o relacionamento que ele\/ela gosta ou simplesmente que as coisas mudaram.<br \/>\nConversando e expondo o que est\u00e1 acontecendo, voc\u00eas podem encontrar uma solu\u00e7\u00e3o juntos. Pode ser apostar no relacionamento e tentar fazer com que ele d\u00ea certo, ou sair com respeito e tentar garantir que todo o amor que voc\u00eas t\u00eam um pelo outro n\u00e3o termine em um rompimento que os magoar\u00e1 ainda mais os dois.<br \/>\nHerculano Costa (*)<\/p>\n","protected":false},"excerpt":{"rendered":"<p>A literatura sobre relacionamentos diz que \u00e9 poss\u00edvel saber antecipadamente quando o amor acabou mesmo&#8230;<\/p>\n","protected":false},"author":7,"featured_media":18585,"comment_status":"open","ping_status":"open","sticky":false,"template":"","format":"standard","meta":{"_jetpack_memberships_contains_paid_content":false,"footnotes":"","jetpack_publicize_message":"","jetpack_publicize_feature_enabled":true,"jetpack_social_post_already_shared":true,"jetpack_social_options":{"image_generator_settings":{"template":"highway","default_image_id":0,"font":"","enabled":false},"version":2}},"categories":[11,97],"tags":[],"class_list":["post-37686","post","type-post","status-publish","format-standard","has-post-thumbnail","hentry","category-artigos","category-herculano-costa"],"jetpack_publicize_connections":[],"jetpack_featured_media_url":"https:\/\/correiodasemana.com\/site\/wp-content\/uploads\/2022\/01\/Herculano-Costa.jpg","jetpack-related-posts":[{"id":26335,"url":"https:\/\/correiodasemana.com\/site\/filhos-de-siao-7\/","url_meta":{"origin":37686,"position":0},"title":"Filhos de Si\u00e3o","author":"adminredacao","date":"Agosto 27, 2023","format":false,"excerpt":"O grande an\u00fancio: Deus \u00e9 amor Eu li recentemente que o \u00f3bvio tamb\u00e9m precisa ser dito, ent\u00e3o vou come\u00e7ar dizendo que: Deus te ama! Na exorta\u00e7\u00e3o Christus Vivit, o Papa nos diz que esta \u00e9 uma verdade que n\u00e3o pode nunca ser silenciada, quantas vezes forem poss\u00edveis, oportuna e inoportunamente,\u2026","rel":"","context":"In &quot;Artigos&quot;","block_context":{"text":"Artigos","link":"https:\/\/correiodasemana.com\/site\/category\/artigos\/"},"img":{"alt_text":"","src":"https:\/\/i0.wp.com\/correiodasemana.com\/site\/wp-content\/uploads\/2018\/02\/Igreja_Se%CC%81.jpg?resize=350%2C200&ssl=1","width":350,"height":200,"srcset":"https:\/\/i0.wp.com\/correiodasemana.com\/site\/wp-content\/uploads\/2018\/02\/Igreja_Se%CC%81.jpg?resize=350%2C200&ssl=1 1x, https:\/\/i0.wp.com\/correiodasemana.com\/site\/wp-content\/uploads\/2018\/02\/Igreja_Se%CC%81.jpg?resize=525%2C300&ssl=1 1.5x, https:\/\/i0.wp.com\/correiodasemana.com\/site\/wp-content\/uploads\/2018\/02\/Igreja_Se%CC%81.jpg?resize=700%2C400&ssl=1 2x, https:\/\/i0.wp.com\/correiodasemana.com\/site\/wp-content\/uploads\/2018\/02\/Igreja_Se%CC%81.jpg?resize=1050%2C600&ssl=1 3x, https:\/\/i0.wp.com\/correiodasemana.com\/site\/wp-content\/uploads\/2018\/02\/Igreja_Se%CC%81.jpg?resize=1400%2C800&ssl=1 4x"},"classes":[]},{"id":18135,"url":"https:\/\/correiodasemana.com\/site\/como-conviver-com-as-agressoes-verbais-ii\/","url_meta":{"origin":37686,"position":1},"title":"Como conviver com as agress\u00f5es verbais II","author":"","date":"Novembro 28, 2021","format":false,"excerpt":"Vamos falar outra vez sobre a raiva, sobre esse sentimento que todos n\u00f3s temos de vez em quando, sobre as agress\u00f5es verbais que muitas vezes s\u00e3o piores at\u00e9 que uma agress\u00e3o f\u00edsica. Elas incomodam o interior mental das pessoas que podem chegar a ter ang\u00fastia, tormento, agonia, depress\u00e3o. Nessa vida\u2026","rel":"","context":"In &quot;Artigos&quot;","block_context":{"text":"Artigos","link":"https:\/\/correiodasemana.com\/site\/category\/artigos\/"},"img":{"alt_text":"","src":"https:\/\/i0.wp.com\/correiodasemana.com\/site\/wp-content\/uploads\/2021\/08\/Salmito-Campos.jpg?resize=350%2C200&ssl=1","width":350,"height":200,"srcset":"https:\/\/i0.wp.com\/correiodasemana.com\/site\/wp-content\/uploads\/2021\/08\/Salmito-Campos.jpg?resize=350%2C200&ssl=1 1x, https:\/\/i0.wp.com\/correiodasemana.com\/site\/wp-content\/uploads\/2021\/08\/Salmito-Campos.jpg?resize=525%2C300&ssl=1 1.5x, https:\/\/i0.wp.com\/correiodasemana.com\/site\/wp-content\/uploads\/2021\/08\/Salmito-Campos.jpg?resize=700%2C400&ssl=1 2x, https:\/\/i0.wp.com\/correiodasemana.com\/site\/wp-content\/uploads\/2021\/08\/Salmito-Campos.jpg?resize=1050%2C600&ssl=1 3x, https:\/\/i0.wp.com\/correiodasemana.com\/site\/wp-content\/uploads\/2021\/08\/Salmito-Campos.jpg?resize=1400%2C800&ssl=1 4x"},"classes":[]},{"id":17553,"url":"https:\/\/correiodasemana.com\/site\/uma-carta-impressionando-os-anjos\/","url_meta":{"origin":37686,"position":2},"title":"UMA CARTA: \u201cIMPRESSIONANDO OS ANJOS\u201d\u00a0","author":"","date":"Setembro 19, 2021","format":false,"excerpt":"Quando meu amigo Samyr Figueiredo faleceu, Voc\u00ea n\u00e3o acreditou. Ao me ver chorando, tentando me animar, Voc\u00ea pediu que eu ouvisse a can\u00e7\u00e3o religiosa \u201cVerdades do Tempo\u201d, de Thiago Brado. Em dado trecho da m\u00fasica se ouve: \u201cPassado n\u00e3o volta, futuro n\u00e3o temos e o hoje n\u00e3o acabou\/ Por isso\u2026","rel":"","context":"In &quot;Artigos&quot;","block_context":{"text":"Artigos","link":"https:\/\/correiodasemana.com\/site\/category\/artigos\/"},"img":{"alt_text":"","src":"https:\/\/i0.wp.com\/correiodasemana.com\/site\/wp-content\/uploads\/2018\/02\/Jose%CC%81-1.jpg?resize=350%2C200&ssl=1","width":350,"height":200,"srcset":"https:\/\/i0.wp.com\/correiodasemana.com\/site\/wp-content\/uploads\/2018\/02\/Jose%CC%81-1.jpg?resize=350%2C200&ssl=1 1x, https:\/\/i0.wp.com\/correiodasemana.com\/site\/wp-content\/uploads\/2018\/02\/Jose%CC%81-1.jpg?resize=525%2C300&ssl=1 1.5x, https:\/\/i0.wp.com\/correiodasemana.com\/site\/wp-content\/uploads\/2018\/02\/Jose%CC%81-1.jpg?resize=700%2C400&ssl=1 2x"},"classes":[]},{"id":33369,"url":"https:\/\/correiodasemana.com\/site\/sermao-do-encontro\/","url_meta":{"origin":37686,"position":3},"title":"SERM\u00c3O DO ENCONTRO","author":"adminredacao","date":"Abril 14, 2025","format":false,"excerpt":"Sobral, 11 de abril de 2025 Pe. Em\u00eddio Moura Gomes Pe. Berg me convidou para conduzir este paneg\u00edrico. A partir de ent\u00e3o eu fiquei pensando no significado deste encontro de Jesus com sua sant\u00edssima M\u00e3e no caminho do Calv\u00e1rio. Este encontro nos conduz a meditar sobre natureza humana e como\u2026","rel":"","context":"In &quot;Atualidade&quot;","block_context":{"text":"Atualidade","link":"https:\/\/correiodasemana.com\/site\/category\/atualidade\/"},"img":{"alt_text":"","src":"https:\/\/i0.wp.com\/correiodasemana.com\/site\/wp-content\/uploads\/2025\/04\/DSC_7298.jpg?resize=350%2C200&ssl=1","width":350,"height":200,"srcset":"https:\/\/i0.wp.com\/correiodasemana.com\/site\/wp-content\/uploads\/2025\/04\/DSC_7298.jpg?resize=350%2C200&ssl=1 1x, https:\/\/i0.wp.com\/correiodasemana.com\/site\/wp-content\/uploads\/2025\/04\/DSC_7298.jpg?resize=525%2C300&ssl=1 1.5x, https:\/\/i0.wp.com\/correiodasemana.com\/site\/wp-content\/uploads\/2025\/04\/DSC_7298.jpg?resize=700%2C400&ssl=1 2x, https:\/\/i0.wp.com\/correiodasemana.com\/site\/wp-content\/uploads\/2025\/04\/DSC_7298.jpg?resize=1050%2C600&ssl=1 3x, https:\/\/i0.wp.com\/correiodasemana.com\/site\/wp-content\/uploads\/2025\/04\/DSC_7298.jpg?resize=1400%2C800&ssl=1 4x"},"classes":[]},{"id":9059,"url":"https:\/\/correiodasemana.com\/site\/precisamos-falar-sobre-suicidio\/","url_meta":{"origin":37686,"position":4},"title":"Precisamos falar sobre Suic\u00eddio","author":"","date":"Setembro 8, 2019","format":false,"excerpt":"Por Priscila Duarte Segundo a Organiza\u00e7\u00e3o Mundial da Sa\u00fade (OMS) a cada 40 segundos uma pessoa se suicida no mundo, sendo a segunda principal morte entre jovens com idade entre 15 e 29 anos. No dia 10 de setembro \u00e9 celebrado o dia Mundial da Preven\u00e7\u00e3o contra o suic\u00eddio, por\u2026","rel":"","context":"In &quot;Atualidade&quot;","block_context":{"text":"Atualidade","link":"https:\/\/correiodasemana.com\/site\/category\/atualidade\/"},"img":{"alt_text":"","src":"https:\/\/i0.wp.com\/correiodasemana.com\/site\/wp-content\/uploads\/2019\/09\/P%C3%A1g.-04.png?resize=350%2C200&ssl=1","width":350,"height":200,"srcset":"https:\/\/i0.wp.com\/correiodasemana.com\/site\/wp-content\/uploads\/2019\/09\/P%C3%A1g.-04.png?resize=350%2C200&ssl=1 1x, https:\/\/i0.wp.com\/correiodasemana.com\/site\/wp-content\/uploads\/2019\/09\/P%C3%A1g.-04.png?resize=525%2C300&ssl=1 1.5x, https:\/\/i0.wp.com\/correiodasemana.com\/site\/wp-content\/uploads\/2019\/09\/P%C3%A1g.-04.png?resize=700%2C400&ssl=1 2x"},"classes":[]},{"id":27279,"url":"https:\/\/correiodasemana.com\/site\/comunidade-catolica-filhos-de-siao-2\/","url_meta":{"origin":37686,"position":5},"title":"COMUNIDADE CAT\u00d3LICA FILHOS DE SI\u00c3O","author":"adminredacao","date":"Novembro 20, 2023","format":false,"excerpt":"N\u00e3o vos conformeis com este mundo Aquilo que mais atrai \u00e9 ouvir algu\u00e9m encontrado, o testemunho de uma pessoa que foi achada, que se conformou \u00e0 vontade de Deus. Voc\u00ea \u00e9 encontrado na vida? \u00c9 capaz de dizer achei o \u201cmeu lugar no mundo\u201d, na sociedade? Olhe para si mesmo.\u2026","rel":"","context":"In &quot;A voz do Pastor&quot;","block_context":{"text":"A voz do Pastor","link":"https:\/\/correiodasemana.com\/site\/category\/a-voz-do-pastor\/"},"img":{"alt_text":"","src":"https:\/\/i0.wp.com\/correiodasemana.com\/site\/wp-content\/uploads\/2019\/07\/Igreja_S%C3%A9.jpg?resize=350%2C200&ssl=1","width":350,"height":200,"srcset":"https:\/\/i0.wp.com\/correiodasemana.com\/site\/wp-content\/uploads\/2019\/07\/Igreja_S%C3%A9.jpg?resize=350%2C200&ssl=1 1x, https:\/\/i0.wp.com\/correiodasemana.com\/site\/wp-content\/uploads\/2019\/07\/Igreja_S%C3%A9.jpg?resize=525%2C300&ssl=1 1.5x, https:\/\/i0.wp.com\/correiodasemana.com\/site\/wp-content\/uploads\/2019\/07\/Igreja_S%C3%A9.jpg?resize=700%2C400&ssl=1 2x, https:\/\/i0.wp.com\/correiodasemana.com\/site\/wp-content\/uploads\/2019\/07\/Igreja_S%C3%A9.jpg?resize=1050%2C600&ssl=1 3x, https:\/\/i0.wp.com\/correiodasemana.com\/site\/wp-content\/uploads\/2019\/07\/Igreja_S%C3%A9.jpg?resize=1400%2C800&ssl=1 4x"},"classes":[]}],"jetpack_sharing_enabled":true,"_links":{"self":[{"href":"https:\/\/correiodasemana.com\/site\/wp-json\/wp\/v2\/posts\/37686","targetHints":{"allow":["GET"]}}],"collection":[{"href":"https:\/\/correiodasemana.com\/site\/wp-json\/wp\/v2\/posts"}],"about":[{"href":"https:\/\/correiodasemana.com\/site\/wp-json\/wp\/v2\/types\/post"}],"author":[{"embeddable":true,"href":"https:\/\/correiodasemana.com\/site\/wp-json\/wp\/v2\/users\/7"}],"replies":[{"embeddable":true,"href":"https:\/\/correiodasemana.com\/site\/wp-json\/wp\/v2\/comments?post=37686"}],"version-history":[{"count":1,"href":"https:\/\/correiodasemana.com\/site\/wp-json\/wp\/v2\/posts\/37686\/revisions"}],"predecessor-version":[{"id":37687,"href":"https:\/\/correiodasemana.com\/site\/wp-json\/wp\/v2\/posts\/37686\/revisions\/37687"}],"wp:featuredmedia":[{"embeddable":true,"href":"https:\/\/correiodasemana.com\/site\/wp-json\/wp\/v2\/media\/18585"}],"wp:attachment":[{"href":"https:\/\/correiodasemana.com\/site\/wp-json\/wp\/v2\/media?parent=37686"}],"wp:term":[{"taxonomy":"category","embeddable":true,"href":"https:\/\/correiodasemana.com\/site\/wp-json\/wp\/v2\/categories?post=37686"},{"taxonomy":"post_tag","embeddable":true,"href":"https:\/\/correiodasemana.com\/site\/wp-json\/wp\/v2\/tags?post=37686"}],"curies":[{"name":"wp","href":"https:\/\/api.w.org\/{rel}","templated":true}]}}