{"id":37688,"date":"2026-03-10T23:42:56","date_gmt":"2026-03-11T02:42:56","guid":{"rendered":"https:\/\/correiodasemana.com\/site\/?p=37688"},"modified":"2026-03-10T23:42:56","modified_gmt":"2026-03-11T02:42:56","slug":"assembleia-regional-2026-da-fazenda-da-esperanca","status":"publish","type":"post","link":"https:\/\/correiodasemana.com\/site\/assembleia-regional-2026-da-fazenda-da-esperanca\/","title":{"rendered":"Assembleia Regional 2026 da Fazenda da Esperan\u00e7a"},"content":{"rendered":"<p>Conforme o Planejamento Anual da Regi\u00e3o do Nordeste de 2026 foi realizado no per\u00edodo de 20 a 22 de fevereiro o encontro das diretorias do Nordeste na Fazenda da Esperan\u00e7a Santa Rosa em Garanhuns Pernambuco. No per\u00edodo de 23 a 26\/02 aconteceu o encontro de respons\u00e1veis de Fazendas da Esperan\u00e7a, de 27\/02 a 01\/03 a Assembleia Regional da Fam\u00edlia da Esperan\u00e7a e elei\u00e7\u00f5es dos membros de Promessas dos delegados que ir\u00e3o representar na Assembleia Extraordin\u00e1ria da Fam\u00edlia da Esperan\u00e7a que acontecer\u00e1 em setembro deste ano.<br \/>\n\u00c9 um tempo importante para toda \u00e0 Fam\u00edlia da Esperan\u00e7a, pois cada delegado eleito levar\u00e1 consigo a voz, a realidade e os objetivos de nossa regi\u00e3o. Foram momentos especiais de comunh\u00e3o, escuta e discernimento. Todos os participantes assumem com responsabilidade, esp\u00edrito de unidade e ora\u00e7\u00e3o, buscando sempre o bem maior da miss\u00e3o desta Obra de Deus. Todas as atividades dos respons\u00e1veis e diretorias foram conduzidas com unidade como verdadeira fam\u00edlia na confian\u00e7a e na esperan\u00e7a.<br \/>\nA Fazenda da Esperan\u00e7a S\u00e3o Bento foi representada pelos respons\u00e1veis Hudson Freire e V\u00e2nia M\u00e1rcia como tamb\u00e9m os representantes da diretoria local Francirene Tomaz e Ivanildo Melo. V\u00e1rias tem\u00e1ticas foram abordadas como a import\u00e2ncia da doa\u00e7\u00e3o de vida de todos os membros da fam\u00edlia da esperan\u00e7a no projeto de Deus de salvar vidas das drogas formando assim a inova\u00e7\u00e3o do homem novo.<br \/>\nA Assembleia Regional foi encerrada com a celebra\u00e7\u00e3o da Santa Missa com o Bispo de Garanhuns Dom Agnaldo Tem\u00f3teo da Silveira onde destacou a Fazenda da Esperan\u00e7a como um local de cura integral, onde a viv\u00eancia do Evangelho, a espiritualidade e o trabalho transformam vidas. Elogiou o carisma da institui\u00e7\u00e3o em recuperar dependentes qu\u00edmicos atrav\u00e9s do amor e da conviv\u00eancia, definindo a obra como um \u201csinal concreto de esperan\u00e7a\u201d e um ambiente de \u201cdesintoxica\u00e7\u00e3o\u201d humana e espiritual.<\/p>\n<p><a href=\"https:\/\/correiodasemana.com\/site\/assembleia-regional-2026-da-fazenda-da-esperanca\/foto1-9\/\" rel=\"attachment wp-att-37689\"><img fetchpriority=\"high\" decoding=\"async\" class=\"aligncenter size-full wp-image-37689\" src=\"https:\/\/correiodasemana.com\/site\/wp-content\/uploads\/2026\/03\/foto1.jpeg\" alt=\"\" width=\"960\" height=\"1280\" srcset=\"https:\/\/correiodasemana.com\/site\/wp-content\/uploads\/2026\/03\/foto1.jpeg 960w, https:\/\/correiodasemana.com\/site\/wp-content\/uploads\/2026\/03\/foto1-225x300.jpeg 225w, https:\/\/correiodasemana.com\/site\/wp-content\/uploads\/2026\/03\/foto1-768x1024.jpeg 768w\" sizes=\"(max-width: 960px) 100vw, 960px\" \/><\/a> <a href=\"https:\/\/correiodasemana.com\/site\/assembleia-regional-2026-da-fazenda-da-esperanca\/foto2-6\/\" rel=\"attachment wp-att-37690\"><img decoding=\"async\" class=\"aligncenter size-full wp-image-37690\" src=\"https:\/\/correiodasemana.com\/site\/wp-content\/uploads\/2026\/03\/foto2.jpeg\" alt=\"\" width=\"1600\" height=\"1073\" srcset=\"https:\/\/correiodasemana.com\/site\/wp-content\/uploads\/2026\/03\/foto2.jpeg 1600w, https:\/\/correiodasemana.com\/site\/wp-content\/uploads\/2026\/03\/foto2-300x201.jpeg 300w, https:\/\/correiodasemana.com\/site\/wp-content\/uploads\/2026\/03\/foto2-1024x687.jpeg 1024w, https:\/\/correiodasemana.com\/site\/wp-content\/uploads\/2026\/03\/foto2-768x515.jpeg 768w, https:\/\/correiodasemana.com\/site\/wp-content\/uploads\/2026\/03\/foto2-1536x1030.jpeg 1536w\" sizes=\"(max-width: 1600px) 100vw, 1600px\" \/><\/a> <a href=\"https:\/\/correiodasemana.com\/site\/assembleia-regional-2026-da-fazenda-da-esperanca\/foto3-3\/\" rel=\"attachment wp-att-37691\"><img decoding=\"async\" class=\"aligncenter size-full wp-image-37691\" src=\"https:\/\/correiodasemana.com\/site\/wp-content\/uploads\/2026\/03\/foto3.jpeg\" alt=\"\" width=\"900\" height=\"1600\" srcset=\"https:\/\/correiodasemana.com\/site\/wp-content\/uploads\/2026\/03\/foto3.jpeg 900w, https:\/\/correiodasemana.com\/site\/wp-content\/uploads\/2026\/03\/foto3-169x300.jpeg 169w, https:\/\/correiodasemana.com\/site\/wp-content\/uploads\/2026\/03\/foto3-576x1024.jpeg 576w, https:\/\/correiodasemana.com\/site\/wp-content\/uploads\/2026\/03\/foto3-768x1365.jpeg 768w, https:\/\/correiodasemana.com\/site\/wp-content\/uploads\/2026\/03\/foto3-864x1536.jpeg 864w\" sizes=\"(max-width: 900px) 100vw, 900px\" \/><\/a> <a href=\"https:\/\/correiodasemana.com\/site\/assembleia-regional-2026-da-fazenda-da-esperanca\/foto4-4\/\" rel=\"attachment wp-att-37692\"><img loading=\"lazy\" decoding=\"async\" class=\"aligncenter size-full wp-image-37692\" src=\"https:\/\/correiodasemana.com\/site\/wp-content\/uploads\/2026\/03\/foto4.jpeg\" alt=\"\" width=\"1600\" height=\"900\" srcset=\"https:\/\/correiodasemana.com\/site\/wp-content\/uploads\/2026\/03\/foto4.jpeg 1600w, https:\/\/correiodasemana.com\/site\/wp-content\/uploads\/2026\/03\/foto4-300x169.jpeg 300w, https:\/\/correiodasemana.com\/site\/wp-content\/uploads\/2026\/03\/foto4-1024x576.jpeg 1024w, https:\/\/correiodasemana.com\/site\/wp-content\/uploads\/2026\/03\/foto4-768x432.jpeg 768w, https:\/\/correiodasemana.com\/site\/wp-content\/uploads\/2026\/03\/foto4-1536x864.jpeg 1536w\" sizes=\"(max-width: 1600px) 100vw, 1600px\" \/><\/a><\/p>\n","protected":false},"excerpt":{"rendered":"<p>Conforme o Planejamento Anual da Regi\u00e3o do Nordeste de 2026 foi realizado no per\u00edodo de&#8230;<\/p>\n","protected":false},"author":7,"featured_media":37690,"comment_status":"open","ping_status":"open","sticky":false,"template":"","format":"standard","meta":{"_jetpack_memberships_contains_paid_content":false,"footnotes":"","jetpack_publicize_message":"","jetpack_publicize_feature_enabled":true,"jetpack_social_post_already_shared":true,"jetpack_social_options":{"image_generator_settings":{"template":"highway","default_image_id":0,"font":"","enabled":false},"version":2}},"categories":[1],"tags":[],"class_list":["post-37688","post","type-post","status-publish","format-standard","has-post-thumbnail","hentry","category-atualidade"],"jetpack_publicize_connections":[],"jetpack_featured_media_url":"https:\/\/correiodasemana.com\/site\/wp-content\/uploads\/2026\/03\/foto2.jpeg","jetpack-related-posts":[{"id":31599,"url":"https:\/\/correiodasemana.com\/site\/assembleia-geral-da-familia-da-esperanca-em-sao-paulo\/","url_meta":{"origin":37688,"position":0},"title":"Assembleia Geral da Fam\u00edlia da Esperan\u00e7a em S\u00e3o Paulo","author":"adminredacao","date":"Novembro 24, 2024","format":false,"excerpt":"No per\u00edodo de 15 a 17 de novembro foi realizada na Fazenda da Esperan\u00e7a S\u00e3o Lib\u00f3rio, Pedrinhas- Guaratinguet\u00e1\/SP a Assembleia Geral da Associa\u00e7\u00e3o Privada de Fi\u00e9is de Direito Pontif\u00edcio- Fam\u00edlia da Esperan\u00e7a com todos os membros da Fam\u00edlia da Esperan\u00e7a. Os representantes da Fazenda da Esperan\u00e7a de Sobral foram os\u2026","rel":"","context":"In &quot;Atualidade&quot;","block_context":{"text":"Atualidade","link":"https:\/\/correiodasemana.com\/site\/category\/atualidade\/"},"img":{"alt_text":"","src":"https:\/\/i0.wp.com\/correiodasemana.com\/site\/wp-content\/uploads\/2024\/11\/WhatsApp-Image-2024-11-19-at-15.14.13-1.jpeg?resize=350%2C200&ssl=1","width":350,"height":200,"srcset":"https:\/\/i0.wp.com\/correiodasemana.com\/site\/wp-content\/uploads\/2024\/11\/WhatsApp-Image-2024-11-19-at-15.14.13-1.jpeg?resize=350%2C200&ssl=1 1x, https:\/\/i0.wp.com\/correiodasemana.com\/site\/wp-content\/uploads\/2024\/11\/WhatsApp-Image-2024-11-19-at-15.14.13-1.jpeg?resize=525%2C300&ssl=1 1.5x, https:\/\/i0.wp.com\/correiodasemana.com\/site\/wp-content\/uploads\/2024\/11\/WhatsApp-Image-2024-11-19-at-15.14.13-1.jpeg?resize=700%2C400&ssl=1 2x, https:\/\/i0.wp.com\/correiodasemana.com\/site\/wp-content\/uploads\/2024\/11\/WhatsApp-Image-2024-11-19-at-15.14.13-1.jpeg?resize=1050%2C600&ssl=1 3x"},"classes":[]},{"id":15752,"url":"https:\/\/correiodasemana.com\/site\/missionaria-partilha-sua-experiencia-em-prol-da-recuperacao-de-mulheres-na-fazenda-da-esperanca\/","url_meta":{"origin":37688,"position":1},"title":"Mission\u00e1ria partilha sua experi\u00eancia em prol da recupera\u00e7\u00e3o de mulheres na Fazenda da Esperan\u00e7a","author":"","date":"Fevereiro 24, 2021","format":false,"excerpt":"\u201cDeixei tudo para tr\u00e1s, fam\u00edlia, trabalho e comecei essa divina aventura de escolher Deus como tudo\u201d A Fazenda da Esperan\u00e7a \u00e9 uma Associa\u00e7\u00e3o Internacional de Fi\u00e9is com reconhecimento pontif\u00edcio. Seu carisma teve in\u00edcio com a experi\u00eancia do jovem paulista Nelson Giovanelli, que \u00e0 \u00e9poca encontrou uma forma concreta de viver\u2026","rel":"","context":"In &quot;Atualidade&quot;","block_context":{"text":"Atualidade","link":"https:\/\/correiodasemana.com\/site\/category\/atualidade\/"},"img":{"alt_text":"","src":"https:\/\/i0.wp.com\/correiodasemana.com\/site\/wp-content\/uploads\/2021\/02\/WhatsApp-Image-2021-02-18-at-18.59.59.jpeg?resize=350%2C200&ssl=1","width":350,"height":200,"srcset":"https:\/\/i0.wp.com\/correiodasemana.com\/site\/wp-content\/uploads\/2021\/02\/WhatsApp-Image-2021-02-18-at-18.59.59.jpeg?resize=350%2C200&ssl=1 1x, https:\/\/i0.wp.com\/correiodasemana.com\/site\/wp-content\/uploads\/2021\/02\/WhatsApp-Image-2021-02-18-at-18.59.59.jpeg?resize=525%2C300&ssl=1 1.5x, https:\/\/i0.wp.com\/correiodasemana.com\/site\/wp-content\/uploads\/2021\/02\/WhatsApp-Image-2021-02-18-at-18.59.59.jpeg?resize=700%2C400&ssl=1 2x"},"classes":[]},{"id":15727,"url":"https:\/\/correiodasemana.com\/site\/fazenda-da-esperanca-na-serra-da-meruoca-tem-inauguracao-prevista-para-abril-de-2021\/","url_meta":{"origin":37688,"position":2},"title":"Fazenda da Esperan\u00e7a na Serra da Meruoca tem inaugura\u00e7\u00e3o prevista para abril de 2021","author":"","date":"Fevereiro 16, 2021","format":false,"excerpt":"Primeira unidade feminina da Fazenda na regi\u00e3o ter\u00e1 capacidade para acolher 15 mulheres em recupera\u00e7\u00e3o das drogas J\u00e1 se encontra em fase de finaliza\u00e7\u00e3o a primeira unidade feminina da Fazenda da Esperan\u00e7a na regi\u00e3o Norte do Cear\u00e1, destinada \u00e0 recupera\u00e7\u00e3o de mulheres contra o v\u00edcio das drogas. O projeto, que\u2026","rel":"","context":"In &quot;Atualidade&quot;","block_context":{"text":"Atualidade","link":"https:\/\/correiodasemana.com\/site\/category\/atualidade\/"},"img":{"alt_text":"","src":"https:\/\/i0.wp.com\/correiodasemana.com\/site\/wp-content\/uploads\/2021\/02\/WhatsApp-Image-2021-02-11-at-18.07.09.jpeg?resize=350%2C200&ssl=1","width":350,"height":200,"srcset":"https:\/\/i0.wp.com\/correiodasemana.com\/site\/wp-content\/uploads\/2021\/02\/WhatsApp-Image-2021-02-11-at-18.07.09.jpeg?resize=350%2C200&ssl=1 1x, https:\/\/i0.wp.com\/correiodasemana.com\/site\/wp-content\/uploads\/2021\/02\/WhatsApp-Image-2021-02-11-at-18.07.09.jpeg?resize=525%2C300&ssl=1 1.5x, https:\/\/i0.wp.com\/correiodasemana.com\/site\/wp-content\/uploads\/2021\/02\/WhatsApp-Image-2021-02-11-at-18.07.09.jpeg?resize=700%2C400&ssl=1 2x, https:\/\/i0.wp.com\/correiodasemana.com\/site\/wp-content\/uploads\/2021\/02\/WhatsApp-Image-2021-02-11-at-18.07.09.jpeg?resize=1050%2C600&ssl=1 3x"},"classes":[]},{"id":33966,"url":"https:\/\/correiodasemana.com\/site\/grupo-esperanca-viva-de-sobral-comemora-15-anos\/","url_meta":{"origin":37688,"position":3},"title":"Grupo Esperan\u00e7a Viva de Sobral comemora 15 anos","author":"adminredacao","date":"Junho 3, 2025","format":false,"excerpt":"H\u00e1 15 anos em 2010 o Grupo Esperan\u00e7a Viva (GEV) de Sobral dava in\u00edcio a sua miss\u00e3o de acolher pessoas com problemas de depend\u00eancia qu\u00edmica junto com seus familiares. E a incumb\u00eancia do grupo at\u00e9 hoje \u00e9 fazer uma ponte para o ingresso do adicto na Fazenda da Esperan\u00e7a S\u00e3o\u2026","rel":"","context":"In &quot;Atualidade&quot;","block_context":{"text":"Atualidade","link":"https:\/\/correiodasemana.com\/site\/category\/atualidade\/"},"img":{"alt_text":"","src":"https:\/\/i0.wp.com\/correiodasemana.com\/site\/wp-content\/uploads\/2025\/06\/Fazenda-da-esperanca-3-2.jpeg?resize=350%2C200&ssl=1","width":350,"height":200,"srcset":"https:\/\/i0.wp.com\/correiodasemana.com\/site\/wp-content\/uploads\/2025\/06\/Fazenda-da-esperanca-3-2.jpeg?resize=350%2C200&ssl=1 1x, https:\/\/i0.wp.com\/correiodasemana.com\/site\/wp-content\/uploads\/2025\/06\/Fazenda-da-esperanca-3-2.jpeg?resize=525%2C300&ssl=1 1.5x, https:\/\/i0.wp.com\/correiodasemana.com\/site\/wp-content\/uploads\/2025\/06\/Fazenda-da-esperanca-3-2.jpeg?resize=700%2C400&ssl=1 2x, https:\/\/i0.wp.com\/correiodasemana.com\/site\/wp-content\/uploads\/2025\/06\/Fazenda-da-esperanca-3-2.jpeg?resize=1050%2C600&ssl=1 3x, https:\/\/i0.wp.com\/correiodasemana.com\/site\/wp-content\/uploads\/2025\/06\/Fazenda-da-esperanca-3-2.jpeg?resize=1400%2C800&ssl=1 4x"},"classes":[]},{"id":30252,"url":"https:\/\/correiodasemana.com\/site\/encontro-regional-da-familia-da-esperanca-de-sobral\/","url_meta":{"origin":37688,"position":4},"title":"Encontro Regional da Fam\u00edlia da Esperan\u00e7a de Sobral","author":"adminredacao","date":"Agosto 3, 2024","format":false,"excerpt":"A Fam\u00edlia da Esperan\u00e7a \u00e9 uma Associa\u00e7\u00e3o Internacional de Fi\u00e9is, aprovada pelo Pontif\u00edcio Conselho para os Leigos da Igreja Cat\u00f3lica, uma nova comunidade nascida em meio aos mais necessitados. O objetivo da Fam\u00edlia da Esperan\u00e7a \u00e9 a santifica\u00e7\u00e3o de seus membros atrav\u00e9s da pr\u00e1tica do amor rec\u00edproco, da viv\u00eancia das\u2026","rel":"","context":"In &quot;Atualidade&quot;","block_context":{"text":"Atualidade","link":"https:\/\/correiodasemana.com\/site\/category\/atualidade\/"},"img":{"alt_text":"","src":"https:\/\/i0.wp.com\/correiodasemana.com\/site\/wp-content\/uploads\/2024\/08\/WhatsApp-Image-2024-07-22-at-09.11.15.jpeg?resize=350%2C200&ssl=1","width":350,"height":200,"srcset":"https:\/\/i0.wp.com\/correiodasemana.com\/site\/wp-content\/uploads\/2024\/08\/WhatsApp-Image-2024-07-22-at-09.11.15.jpeg?resize=350%2C200&ssl=1 1x, https:\/\/i0.wp.com\/correiodasemana.com\/site\/wp-content\/uploads\/2024\/08\/WhatsApp-Image-2024-07-22-at-09.11.15.jpeg?resize=525%2C300&ssl=1 1.5x, https:\/\/i0.wp.com\/correiodasemana.com\/site\/wp-content\/uploads\/2024\/08\/WhatsApp-Image-2024-07-22-at-09.11.15.jpeg?resize=700%2C400&ssl=1 2x, https:\/\/i0.wp.com\/correiodasemana.com\/site\/wp-content\/uploads\/2024\/08\/WhatsApp-Image-2024-07-22-at-09.11.15.jpeg?resize=1050%2C600&ssl=1 3x, https:\/\/i0.wp.com\/correiodasemana.com\/site\/wp-content\/uploads\/2024\/08\/WhatsApp-Image-2024-07-22-at-09.11.15.jpeg?resize=1400%2C800&ssl=1 4x"},"classes":[]},{"id":10817,"url":"https:\/\/correiodasemana.com\/site\/regiao-episcopal-6\/","url_meta":{"origin":37688,"position":5},"title":"Regi\u00e3o Episcopal","author":"","date":"Fevereiro 17, 2020","format":false,"excerpt":"POR MARCILEY SALLES Despertar com Cristo 2020 - Tendo a Deus, tenho tudo \u00c9 com grande alegria que a Comunidade Cat\u00f3lica Cristo Rei, de Ipu \u2013 CE convida voc\u00ea e sua fam\u00edlia para o Despertar com Cristo, este ano ser\u00e1 realizada de 22 \u00e0 25 de fevereiro em Ip\u00fa, e\u2026","rel":"","context":"In &quot;Diocese&quot;","block_context":{"text":"Diocese","link":"https:\/\/correiodasemana.com\/site\/category\/diocese\/"},"img":{"alt_text":"","src":"https:\/\/i0.wp.com\/correiodasemana.com\/site\/wp-content\/uploads\/2018\/02\/Igreja_Se%CC%81.jpg?resize=350%2C200&ssl=1","width":350,"height":200,"srcset":"https:\/\/i0.wp.com\/correiodasemana.com\/site\/wp-content\/uploads\/2018\/02\/Igreja_Se%CC%81.jpg?resize=350%2C200&ssl=1 1x, https:\/\/i0.wp.com\/correiodasemana.com\/site\/wp-content\/uploads\/2018\/02\/Igreja_Se%CC%81.jpg?resize=525%2C300&ssl=1 1.5x, https:\/\/i0.wp.com\/correiodasemana.com\/site\/wp-content\/uploads\/2018\/02\/Igreja_Se%CC%81.jpg?resize=700%2C400&ssl=1 2x, https:\/\/i0.wp.com\/correiodasemana.com\/site\/wp-content\/uploads\/2018\/02\/Igreja_Se%CC%81.jpg?resize=1050%2C600&ssl=1 3x, https:\/\/i0.wp.com\/correiodasemana.com\/site\/wp-content\/uploads\/2018\/02\/Igreja_Se%CC%81.jpg?resize=1400%2C800&ssl=1 4x"},"classes":[]}],"jetpack_sharing_enabled":true,"_links":{"self":[{"href":"https:\/\/correiodasemana.com\/site\/wp-json\/wp\/v2\/posts\/37688","targetHints":{"allow":["GET"]}}],"collection":[{"href":"https:\/\/correiodasemana.com\/site\/wp-json\/wp\/v2\/posts"}],"about":[{"href":"https:\/\/correiodasemana.com\/site\/wp-json\/wp\/v2\/types\/post"}],"author":[{"embeddable":true,"href":"https:\/\/correiodasemana.com\/site\/wp-json\/wp\/v2\/users\/7"}],"replies":[{"embeddable":true,"href":"https:\/\/correiodasemana.com\/site\/wp-json\/wp\/v2\/comments?post=37688"}],"version-history":[{"count":2,"href":"https:\/\/correiodasemana.com\/site\/wp-json\/wp\/v2\/posts\/37688\/revisions"}],"predecessor-version":[{"id":37694,"href":"https:\/\/correiodasemana.com\/site\/wp-json\/wp\/v2\/posts\/37688\/revisions\/37694"}],"wp:featuredmedia":[{"embeddable":true,"href":"https:\/\/correiodasemana.com\/site\/wp-json\/wp\/v2\/media\/37690"}],"wp:attachment":[{"href":"https:\/\/correiodasemana.com\/site\/wp-json\/wp\/v2\/media?parent=37688"}],"wp:term":[{"taxonomy":"category","embeddable":true,"href":"https:\/\/correiodasemana.com\/site\/wp-json\/wp\/v2\/categories?post=37688"},{"taxonomy":"post_tag","embeddable":true,"href":"https:\/\/correiodasemana.com\/site\/wp-json\/wp\/v2\/tags?post=37688"}],"curies":[{"name":"wp","href":"https:\/\/api.w.org\/{rel}","templated":true}]}}