{"id":37695,"date":"2026-03-10T23:44:48","date_gmt":"2026-03-11T02:44:48","guid":{"rendered":"https:\/\/correiodasemana.com\/site\/?p=37695"},"modified":"2026-03-10T23:44:48","modified_gmt":"2026-03-11T02:44:48","slug":"obesidade-aumenta-risco-de-avc-e-exige-mudanca-de-habitos-destaca-neurologista-do-hospital-regional-norte","status":"publish","type":"post","link":"https:\/\/correiodasemana.com\/site\/obesidade-aumenta-risco-de-avc-e-exige-mudanca-de-habitos-destaca-neurologista-do-hospital-regional-norte\/","title":{"rendered":"Obesidade aumenta risco de AVC e exige mudan\u00e7a de h\u00e1bitos, destaca neurologista do Hospital Regional Norte"},"content":{"rendered":"<p>A obesidade \u00e9 considerada um dos principais fatores de risco para o Acidente Vascular Cerebral (AVC), especialmente o tipo isqu\u00eamico, provocado pela obstru\u00e7\u00e3o de uma art\u00e9ria que leva sangue ao c\u00e9rebro. O alerta \u00e9 do m\u00e9dico neurologista Esp\u00e1rtaco Ribeiro, coordenador da Unidade de AVC do Hospital Regional Norte (HRN), unidade da Secretaria da Sa\u00fade do Cear\u00e1 (Sesa) em Sobral e refer\u00eancia no atendimento aos casos na Regi\u00e3o Norte do estado.<br \/>\nSegundo o especialista, o excesso de peso favorece o ac\u00famulo de gordura, ou seja, colesterol, principalmente os considerados \u201cruins\u201d como o colesterol LDL e os triglicer\u00eddeos nas art\u00e9rias, comprometendo a circula\u00e7\u00e3o sangu\u00ednea.\u00a0\u201cA obesidade pode ser considerada um grande fator de risco para o AVC. O ac\u00famulo de colesterol ruim no nosso corpo acaba comprometendo a circula\u00e7\u00e3o no c\u00e9rebro e pode favorecer a obstru\u00e7\u00e3o ou \u2018entupimento\u2019 de uma das art\u00e9rias cerebrais\u201d,\u00a0explica.<br \/>\nAl\u00e9m de contribuir diretamente para a obstru\u00e7\u00e3o dos vasos sangu\u00edneos, a obesidade costuma estar associada a outras condi\u00e7\u00f5es que ampliam ainda mais o risco de AVC. Entre elas, destacam-se a hipertens\u00e3o arterial, o diabetes e as altera\u00e7\u00f5es do colesterol.<br \/>\nOutro ponto de aten\u00e7\u00e3o, segundo o m\u00e9dico, \u00e9 a s\u00edndrome da apneia do sono, comum em pessoas com obesidade, que prejudica a qualidade do sono e tamb\u00e9m impacta a sa\u00fade cardiovascular. Ele ainda chama a aten\u00e7\u00e3o para fatores emocionais, como a ansiedade descontrolada, que pode levar ao consumo excessivo de alimentos ultraprocessados e, consequentemente, ao ganho de peso.<br \/>\nEmbora o risco aumente com o avan\u00e7o da idade, pessoas jovens com obesidade tamb\u00e9m precisam se preocupar.\u00a0\u201cNos jovens, o excesso de peso pode estar relacionado ao aumento do colesterol, e isso tamb\u00e9m pode ser causa de AVC\u201d, destaca Esp\u00e1rtaco Ribeiro. Ele acrescenta que o problema na juventude tende a gerar um ciclo prejudicial, reduzindo a pr\u00e1tica de atividades f\u00edsicas e comprometendo a qualidade de vida ao longo dos anos.<\/p>\n<p>Preven\u00e7\u00e3o e atendimento r\u00e1pido salvam vidas<br \/>\nA boa not\u00edcia \u00e9 que a ado\u00e7\u00e3o de h\u00e1bitos saud\u00e1veis reduz significativamente o risco. A orienta\u00e7\u00e3o envolve reeduca\u00e7\u00e3o alimentar, com acompanhamento profissional, e a pr\u00e1tica regular de exerc\u00edcios f\u00edsicos.<br \/>\n\u201cQuanto mais cedo forem iniciadas a educa\u00e7\u00e3o alimentar e a pr\u00e1tica de atividades f\u00edsicas, melhor. S\u00f3 a dieta n\u00e3o \u00e9 suficiente. A pr\u00e1tica regular de atividades f\u00edsicas \u00e9 essencial. Hoje, assim como a gente respira e se alimenta, a gente precisa tamb\u00e9m fazer atividade f\u00edsica\u201d, afirma o neurologista. Ele refor\u00e7a que a disciplina \u00e9 fundamental e que, conforme publica\u00e7\u00f5es recentes, a realiza\u00e7\u00e3o de 30 a 45 minutos de exerc\u00edcio, pelo menos cinco dias por semana, j\u00e1 traz benef\u00edcios importantes ao organismo.<br \/>\nMesmo com a preven\u00e7\u00e3o, \u00e9 essencial reconhecer rapidamente os sinais de um AVC. Fraqueza em um lado do corpo, dificuldade para falar, boca desviada e dificuldade para engolir s\u00e3o sintomas que exigem atendimento imediato.\u00a0\u201cQuanto mais r\u00e1pido o AVC for tratado, menores ser\u00e3o as consequ\u00eancias e maior ser\u00e1 a possibilidade de recupera\u00e7\u00e3o\u201d, enfatiza.<br \/>\nPacientes com suspeita devem ser levados ao atendimento emergencial preferencialmente nas primeiras horas ap\u00f3s o in\u00edcio dos sintomas. Em Sobral, a refer\u00eancia \u00e9 o Hospital Regional Norte. Moradores de outros munic\u00edpios da Regi\u00e3o Norte devem procurar a unidade de sa\u00fade local para que seja acionado o Servi\u00e7o de Atendimento M\u00f3vel de Urg\u00eancia (Samu 192) Cear\u00e1, que far\u00e1 contato com o HRN para transfer\u00eancia imediata ao setor especializado, reduzindo o tempo at\u00e9 o in\u00edcio do tratamento.<br \/>\nRefer\u00eancia para a regi\u00e3o, a Unidade de AVC do HRN conta com fluxo espec\u00edfico para agilizar o atendimento e aumentar as chances de recupera\u00e7\u00e3o dos pacientes, refor\u00e7ando a import\u00e2ncia tanto da preven\u00e7\u00e3o quanto da a\u00e7\u00e3o r\u00e1pida diante dos primeiros sinais.<\/p>\n<p><a href=\"https:\/\/correiodasemana.com\/site\/obesidade-aumenta-risco-de-avc-e-exige-mudanca-de-habitos-destaca-neurologista-do-hospital-regional-norte\/hospital-regional-avc-1\/\" rel=\"attachment wp-att-37696\"><img fetchpriority=\"high\" decoding=\"async\" class=\"aligncenter size-full wp-image-37696\" src=\"https:\/\/correiodasemana.com\/site\/wp-content\/uploads\/2026\/03\/hospital-regional-avc-1.jpg\" alt=\"\" width=\"1200\" height=\"900\" srcset=\"https:\/\/correiodasemana.com\/site\/wp-content\/uploads\/2026\/03\/hospital-regional-avc-1.jpg 1200w, https:\/\/correiodasemana.com\/site\/wp-content\/uploads\/2026\/03\/hospital-regional-avc-1-300x225.jpg 300w, https:\/\/correiodasemana.com\/site\/wp-content\/uploads\/2026\/03\/hospital-regional-avc-1-1024x768.jpg 1024w, https:\/\/correiodasemana.com\/site\/wp-content\/uploads\/2026\/03\/hospital-regional-avc-1-768x576.jpg 768w\" sizes=\"(max-width: 1200px) 100vw, 1200px\" \/><\/a> <a href=\"https:\/\/correiodasemana.com\/site\/obesidade-aumenta-risco-de-avc-e-exige-mudanca-de-habitos-destaca-neurologista-do-hospital-regional-norte\/hospital-regional-avc-2\/\" rel=\"attachment wp-att-37697\"><img decoding=\"async\" class=\"aligncenter size-full wp-image-37697\" src=\"https:\/\/correiodasemana.com\/site\/wp-content\/uploads\/2026\/03\/hospital-regional-avc-2.jpg\" alt=\"\" width=\"1200\" height=\"800\" srcset=\"https:\/\/correiodasemana.com\/site\/wp-content\/uploads\/2026\/03\/hospital-regional-avc-2.jpg 1200w, https:\/\/correiodasemana.com\/site\/wp-content\/uploads\/2026\/03\/hospital-regional-avc-2-300x200.jpg 300w, https:\/\/correiodasemana.com\/site\/wp-content\/uploads\/2026\/03\/hospital-regional-avc-2-1024x683.jpg 1024w, https:\/\/correiodasemana.com\/site\/wp-content\/uploads\/2026\/03\/hospital-regional-avc-2-768x512.jpg 768w\" sizes=\"(max-width: 1200px) 100vw, 1200px\" \/><\/a><\/p>\n","protected":false},"excerpt":{"rendered":"<p>A obesidade \u00e9 considerada um dos principais fatores de risco para o Acidente Vascular Cerebral&#8230;<\/p>\n","protected":false},"author":7,"featured_media":37696,"comment_status":"open","ping_status":"open","sticky":false,"template":"","format":"standard","meta":{"_jetpack_memberships_contains_paid_content":false,"footnotes":"","jetpack_publicize_message":"","jetpack_publicize_feature_enabled":true,"jetpack_social_post_already_shared":true,"jetpack_social_options":{"image_generator_settings":{"template":"highway","default_image_id":0,"font":"","enabled":false},"version":2}},"categories":[1],"tags":[],"class_list":["post-37695","post","type-post","status-publish","format-standard","has-post-thumbnail","hentry","category-atualidade"],"jetpack_publicize_connections":[],"jetpack_featured_media_url":"https:\/\/correiodasemana.com\/site\/wp-content\/uploads\/2026\/03\/hospital-regional-avc-1.jpg","jetpack-related-posts":[{"id":31427,"url":"https:\/\/correiodasemana.com\/site\/unidades-de-avc-no-interior-do-ceara-oferecem-atendimento-especializado-a-populacao\/","url_meta":{"origin":37695,"position":0},"title":"Unidades de AVC no interior do Cear\u00e1 oferecem atendimento especializado \u00e0 popula\u00e7\u00e3o","author":"adminredacao","date":"Novembro 18, 2024","format":false,"excerpt":"Uma das doen\u00e7as que mais mata no Brasil, o Acidente Vascular Cerebral (AVC) n\u00e3o escolhe idade. Embora seja mais comum em idosos, o AVC pode acometer inclusive crian\u00e7as, em casos de malforma\u00e7\u00e3o nas art\u00e9rias e veias. Foi o caso de Rafaely Silva Dantas, 9 (foto). A menina, que mora em\u2026","rel":"","context":"In &quot;Atualidade&quot;","block_context":{"text":"Atualidade","link":"https:\/\/correiodasemana.com\/site\/category\/atualidade\/"},"img":{"alt_text":"","src":"https:\/\/i0.wp.com\/correiodasemana.com\/site\/wp-content\/uploads\/2024\/11\/221028_INAUG-UNID-AVC-SOBRAL_CG4465-1-1200x802-1.jpg?resize=350%2C200&ssl=1","width":350,"height":200,"srcset":"https:\/\/i0.wp.com\/correiodasemana.com\/site\/wp-content\/uploads\/2024\/11\/221028_INAUG-UNID-AVC-SOBRAL_CG4465-1-1200x802-1.jpg?resize=350%2C200&ssl=1 1x, https:\/\/i0.wp.com\/correiodasemana.com\/site\/wp-content\/uploads\/2024\/11\/221028_INAUG-UNID-AVC-SOBRAL_CG4465-1-1200x802-1.jpg?resize=525%2C300&ssl=1 1.5x, https:\/\/i0.wp.com\/correiodasemana.com\/site\/wp-content\/uploads\/2024\/11\/221028_INAUG-UNID-AVC-SOBRAL_CG4465-1-1200x802-1.jpg?resize=700%2C400&ssl=1 2x, https:\/\/i0.wp.com\/correiodasemana.com\/site\/wp-content\/uploads\/2024\/11\/221028_INAUG-UNID-AVC-SOBRAL_CG4465-1-1200x802-1.jpg?resize=1050%2C600&ssl=1 3x"},"classes":[]},{"id":23902,"url":"https:\/\/correiodasemana.com\/site\/ambulatorio-de-avc-do-hrn-em-sobral-acompanha-pacientes-apos-alta-hospitalar\/","url_meta":{"origin":37695,"position":1},"title":"Ambulat\u00f3rio de AVC do HRN, em Sobral, acompanha pacientes ap\u00f3s alta hospitalar","author":"adminredacao","date":"Abril 11, 2023","format":false,"excerpt":"Os pacientes egressos da Unidade de Acidente Vascular Cerebral (AVC) do Hospital Regional Norte (HRN), em Sobral, passaram a ser acompanhados pelo atendimento ambulatorial do equipamento. Iniciado em mar\u00e7o deste ano, o servi\u00e7o oferece assist\u00eancia com m\u00e9dico neurologista. Cerca de 40 pessoas j\u00e1 foram beneficiadas. O espa\u00e7o possui 20 leitos\u2026","rel":"","context":"In &quot;Atualidade&quot;","block_context":{"text":"Atualidade","link":"https:\/\/correiodasemana.com\/site\/category\/atualidade\/"},"img":{"alt_text":"","src":"https:\/\/i0.wp.com\/correiodasemana.com\/site\/wp-content\/uploads\/2023\/04\/Arteriografia-cerebral-Maria-do-Socorro-de-Lima-Bruno-2-2-2-scaled.jpg?resize=350%2C200&ssl=1","width":350,"height":200,"srcset":"https:\/\/i0.wp.com\/correiodasemana.com\/site\/wp-content\/uploads\/2023\/04\/Arteriografia-cerebral-Maria-do-Socorro-de-Lima-Bruno-2-2-2-scaled.jpg?resize=350%2C200&ssl=1 1x, https:\/\/i0.wp.com\/correiodasemana.com\/site\/wp-content\/uploads\/2023\/04\/Arteriografia-cerebral-Maria-do-Socorro-de-Lima-Bruno-2-2-2-scaled.jpg?resize=525%2C300&ssl=1 1.5x, https:\/\/i0.wp.com\/correiodasemana.com\/site\/wp-content\/uploads\/2023\/04\/Arteriografia-cerebral-Maria-do-Socorro-de-Lima-Bruno-2-2-2-scaled.jpg?resize=700%2C400&ssl=1 2x, https:\/\/i0.wp.com\/correiodasemana.com\/site\/wp-content\/uploads\/2023\/04\/Arteriografia-cerebral-Maria-do-Socorro-de-Lima-Bruno-2-2-2-scaled.jpg?resize=1050%2C600&ssl=1 3x, https:\/\/i0.wp.com\/correiodasemana.com\/site\/wp-content\/uploads\/2023\/04\/Arteriografia-cerebral-Maria-do-Socorro-de-Lima-Bruno-2-2-2-scaled.jpg?resize=1400%2C800&ssl=1 4x"},"classes":[]},{"id":31180,"url":"https:\/\/correiodasemana.com\/site\/hospital-regional-norte-realiza-acoes-de-conscientizacao-sobre-o-avc\/","url_meta":{"origin":37695,"position":2},"title":"Hospital Regional Norte realiza a\u00e7\u00f5es de conscientiza\u00e7\u00e3o sobre o AVC","author":"adminredacao","date":"Novembro 3, 2024","format":false,"excerpt":"O servi\u00e7o de AVC do Hospital Regional Norte (HRN), em Sobral, unidade da Secretaria da Sa\u00fade do Cear\u00e1, administrada pelo Instituto de Sa\u00fade e Gest\u00e3o Hospitalar (ISGH), em Sobral, realiza a\u00e7\u00f5es de conscientiza\u00e7\u00e3o e combate ao AVC com exposi\u00e7\u00e3o de stands em locais p\u00fablicos da cidade de Sobral. Al\u00e9m da\u2026","rel":"","context":"In &quot;Atualidade&quot;","block_context":{"text":"Atualidade","link":"https:\/\/correiodasemana.com\/site\/category\/atualidade\/"},"img":{"alt_text":"","src":"https:\/\/i0.wp.com\/correiodasemana.com\/site\/wp-content\/uploads\/2024\/11\/Diretor-HRN-3-1-scaled.jpg?resize=350%2C200&ssl=1","width":350,"height":200,"srcset":"https:\/\/i0.wp.com\/correiodasemana.com\/site\/wp-content\/uploads\/2024\/11\/Diretor-HRN-3-1-scaled.jpg?resize=350%2C200&ssl=1 1x, https:\/\/i0.wp.com\/correiodasemana.com\/site\/wp-content\/uploads\/2024\/11\/Diretor-HRN-3-1-scaled.jpg?resize=525%2C300&ssl=1 1.5x, https:\/\/i0.wp.com\/correiodasemana.com\/site\/wp-content\/uploads\/2024\/11\/Diretor-HRN-3-1-scaled.jpg?resize=700%2C400&ssl=1 2x, https:\/\/i0.wp.com\/correiodasemana.com\/site\/wp-content\/uploads\/2024\/11\/Diretor-HRN-3-1-scaled.jpg?resize=1050%2C600&ssl=1 3x, https:\/\/i0.wp.com\/correiodasemana.com\/site\/wp-content\/uploads\/2024\/11\/Diretor-HRN-3-1-scaled.jpg?resize=1400%2C800&ssl=1 4x"},"classes":[]},{"id":29215,"url":"https:\/\/correiodasemana.com\/site\/hrn-promove-encontro-para-atualizacao-de-fluxo-de-encaminhamento-de-pacientes-com-avc\/","url_meta":{"origin":37695,"position":3},"title":"HRN promove encontro para atualiza\u00e7\u00e3o de fluxo de encaminhamento de pacientes com AVC","author":"adminredacao","date":"Maio 13, 2024","format":false,"excerpt":"O Hospital Regional Norte (HRN), unidade da Secretaria da Sa\u00fade do Cear\u00e1 (Sesa), administrada pelo Instituto de Sa\u00fade e Gest\u00e3o Hospitalar (ISGH), em Sobral, promoveu na ter\u00e7a-feira (7) o Encontro de Atualiza\u00e7\u00e3o de Fluxo de Encaminhamento de Pacientes para a unidade de atendimento a pacientes v\u00edtimas de Acidente Vascular Cerebral\u2026","rel":"","context":"In &quot;Atualidade&quot;","block_context":{"text":"Atualidade","link":"https:\/\/correiodasemana.com\/site\/category\/atualidade\/"},"img":{"alt_text":"","src":"https:\/\/i0.wp.com\/correiodasemana.com\/site\/wp-content\/uploads\/2024\/05\/a-150x150.jpg?resize=350%2C200&ssl=1","width":350,"height":200},"classes":[]},{"id":14478,"url":"https:\/\/correiodasemana.com\/site\/enfrentamento-negativo-de-situacoes-pode-levar-a-doencas-diz-medico\/","url_meta":{"origin":37695,"position":4},"title":"Enfrentamento negativo de situa\u00e7\u00f5es pode levar a doen\u00e7as, diz m\u00e9dico","author":"","date":"Novembro 11, 2020","format":false,"excerpt":"Orienta\u00e7\u00e3o \u00e9 de que o problema seja abordado com pacientes O enfrentamento negativo de situa\u00e7\u00f5es, envolvendo o sentimento de raiva, falta de perd\u00e3o e rumina\u00e7\u00e3o, pode levar ao adoecimento, conforme avaliou o m\u00e9dico cardiologista \u00c1lvaro Avezum, diretor da Sociedade de Cardiologia do Estado de S\u00e3o Paulo (Socesp). A recomenda\u00e7\u00e3o da\u2026","rel":"","context":"In &quot;Atualidade&quot;","block_context":{"text":"Atualidade","link":"https:\/\/correiodasemana.com\/site\/category\/atualidade\/"},"img":{"alt_text":"","src":"https:\/\/i0.wp.com\/correiodasemana.com\/site\/wp-content\/uploads\/2020\/11\/1023603-03062016-_dsc5717_1.jpg?resize=350%2C200&ssl=1","width":350,"height":200,"srcset":"https:\/\/i0.wp.com\/correiodasemana.com\/site\/wp-content\/uploads\/2020\/11\/1023603-03062016-_dsc5717_1.jpg?resize=350%2C200&ssl=1 1x, https:\/\/i0.wp.com\/correiodasemana.com\/site\/wp-content\/uploads\/2020\/11\/1023603-03062016-_dsc5717_1.jpg?resize=525%2C300&ssl=1 1.5x, https:\/\/i0.wp.com\/correiodasemana.com\/site\/wp-content\/uploads\/2020\/11\/1023603-03062016-_dsc5717_1.jpg?resize=700%2C400&ssl=1 2x, https:\/\/i0.wp.com\/correiodasemana.com\/site\/wp-content\/uploads\/2020\/11\/1023603-03062016-_dsc5717_1.jpg?resize=1050%2C600&ssl=1 3x"},"classes":[]},{"id":14167,"url":"https:\/\/correiodasemana.com\/site\/amamentar-reduz-risco-de-cancer-de-mama-orienta-especialista-do-hospital-regional-norte\/","url_meta":{"origin":37695,"position":5},"title":"Amamentar reduz risco de c\u00e2ncer de mama, orienta especialista do Hospital Regional Norte","author":"","date":"Outubro 20, 2020","format":false,"excerpt":"Por Joc\u00e9lio Tavares. - Com informa\u00e7\u00f5es de Teresa Fernandes. O outubro rosa \u00e9 uma campanha que anualmente incentiva o autocuidado e a preven\u00e7\u00e3o dos c\u00e2nceres de mama e ov\u00e1rio, que est\u00e3o entre os mais comuns em mulheres. Uma das formas de prevenir esses tipos de c\u00e2nceres \u00e9 a amamenta\u00e7\u00e3o. Al\u00e9m\u2026","rel":"","context":"In &quot;Atualidade&quot;","block_context":{"text":"Atualidade","link":"https:\/\/correiodasemana.com\/site\/category\/atualidade\/"},"img":{"alt_text":"","src":"https:\/\/i0.wp.com\/correiodasemana.com\/site\/wp-content\/uploads\/2020\/10\/foto-2-1.jpg?resize=350%2C200&ssl=1","width":350,"height":200,"srcset":"https:\/\/i0.wp.com\/correiodasemana.com\/site\/wp-content\/uploads\/2020\/10\/foto-2-1.jpg?resize=350%2C200&ssl=1 1x, https:\/\/i0.wp.com\/correiodasemana.com\/site\/wp-content\/uploads\/2020\/10\/foto-2-1.jpg?resize=525%2C300&ssl=1 1.5x"},"classes":[]}],"jetpack_sharing_enabled":true,"_links":{"self":[{"href":"https:\/\/correiodasemana.com\/site\/wp-json\/wp\/v2\/posts\/37695","targetHints":{"allow":["GET"]}}],"collection":[{"href":"https:\/\/correiodasemana.com\/site\/wp-json\/wp\/v2\/posts"}],"about":[{"href":"https:\/\/correiodasemana.com\/site\/wp-json\/wp\/v2\/types\/post"}],"author":[{"embeddable":true,"href":"https:\/\/correiodasemana.com\/site\/wp-json\/wp\/v2\/users\/7"}],"replies":[{"embeddable":true,"href":"https:\/\/correiodasemana.com\/site\/wp-json\/wp\/v2\/comments?post=37695"}],"version-history":[{"count":2,"href":"https:\/\/correiodasemana.com\/site\/wp-json\/wp\/v2\/posts\/37695\/revisions"}],"predecessor-version":[{"id":37699,"href":"https:\/\/correiodasemana.com\/site\/wp-json\/wp\/v2\/posts\/37695\/revisions\/37699"}],"wp:featuredmedia":[{"embeddable":true,"href":"https:\/\/correiodasemana.com\/site\/wp-json\/wp\/v2\/media\/37696"}],"wp:attachment":[{"href":"https:\/\/correiodasemana.com\/site\/wp-json\/wp\/v2\/media?parent=37695"}],"wp:term":[{"taxonomy":"category","embeddable":true,"href":"https:\/\/correiodasemana.com\/site\/wp-json\/wp\/v2\/categories?post=37695"},{"taxonomy":"post_tag","embeddable":true,"href":"https:\/\/correiodasemana.com\/site\/wp-json\/wp\/v2\/tags?post=37695"}],"curies":[{"name":"wp","href":"https:\/\/api.w.org\/{rel}","templated":true}]}}