{"id":37700,"date":"2026-03-10T23:46:23","date_gmt":"2026-03-11T02:46:23","guid":{"rendered":"https:\/\/correiodasemana.com\/site\/?p=37700"},"modified":"2026-03-10T23:46:23","modified_gmt":"2026-03-11T02:46:23","slug":"em-tempo-317","status":"publish","type":"post","link":"https:\/\/correiodasemana.com\/site\/em-tempo-317\/","title":{"rendered":"Em Tempo"},"content":{"rendered":"<p>274 vagas para docentes e t\u00e9cnicos<br \/>\nForam publicados editais do concurso p\u00fablico do Instituto Federal de Educa\u00e7\u00e3o, Ci\u00eancia e Tecnologia do Cear\u00e1 (IFCE) 2026. S\u00e3o 274 vagas: 169 para docentes e 105 para t\u00e9cnicos administrativos (n\u00edveis m\u00e9dio, t\u00e9cnico e superior). As inscri\u00e7\u00f5es seguem at\u00e9 o dia 20 de mar\u00e7o.<br \/>\nAs provas objetivas ser\u00e3o aplicadas em tr\u00eas cidades: Fortaleza, Juazeiro do Norte e Sobral. Previs\u00e3o de homologa\u00e7\u00e3o \u00e9 2 de julho, com convoca\u00e7\u00f5es a partir de agosto e primeiras posses em setembro. Banca organizadora \u00e9 o Instituto AOCP (http:\/\/www.institutoaocp.org.br).<\/p>\n<p>Tour virtual da Gruta de Ubajara<br \/>\nPesquisadores da Universidade Federal do Cear\u00e1 (UFC) desenvolveram um tour virtual imersivo da Gruta de Ubajara, um dos mais relevantes patrim\u00f4nios naturais do Nordeste, com realidade aumentada e tecnologias 3D. Passeios est\u00e3o dispon\u00edveis na plataforma DocumentaCE.<br \/>\nProjeto pode ser acessado por computadores, tablets, smartphones e \u00f3culos de realidade virtual. A tecnologia permite que usu\u00e1rios percorram galerias, observem forma\u00e7\u00f5es geol\u00f3gicas e compreendam diversos aspectos da gruta do Parque Nacional de Ubajara, mesmo \u00e0 dist\u00e2ncia<\/p>\n<p><a href=\"https:\/\/correiodasemana.com\/site\/em-tempo-317\/gilberto-gil-altas-horas\/\" rel=\"attachment wp-att-37701\"><img fetchpriority=\"high\" decoding=\"async\" class=\"aligncenter size-full wp-image-37701\" src=\"https:\/\/correiodasemana.com\/site\/wp-content\/uploads\/2026\/03\/GILBERTO-GIL-altas-horas.jpg\" alt=\"\" width=\"1080\" height=\"607\" srcset=\"https:\/\/correiodasemana.com\/site\/wp-content\/uploads\/2026\/03\/GILBERTO-GIL-altas-horas.jpg 1080w, https:\/\/correiodasemana.com\/site\/wp-content\/uploads\/2026\/03\/GILBERTO-GIL-altas-horas-300x169.jpg 300w, https:\/\/correiodasemana.com\/site\/wp-content\/uploads\/2026\/03\/GILBERTO-GIL-altas-horas-1024x576.jpg 1024w, https:\/\/correiodasemana.com\/site\/wp-content\/uploads\/2026\/03\/GILBERTO-GIL-altas-horas-768x432.jpg 768w\" sizes=\"(max-width: 1080px) 100vw, 1080px\" \/><\/a>Especial homenageia Gilberto Gil<br \/>\nFoto: Divulga\u00e7\u00e3o\/TV Globo<br \/>\nPrograma especial teve a participa\u00e7\u00e3o de artistas importantes para a m\u00fasica brasileira<br \/>\nO cantor e compositor Gilberto Gil foi o grande homenageado da edi\u00e7\u00e3o de s\u00e1bado, dia 28 de fevereiro, do programa \u201cAltas Horas\u201d, da TV Globo. Nomes como Lenine, Margareth Menezes, MC Hariel e Seu Jorge, al\u00e9m do pr\u00f3prio Gil, estiveram entre os convidados da vez.<br \/>\nO objetivo foi celebrar a vida e obra do artista, refor\u00e7ando \u201co legado de um dos maiores \u00edcones da cultura brasileira\u201d. Em mais de cinquenta \u00e1lbuns, Gil incorpora gama ecl\u00e9tica de suas influ\u00eancias, com rock, g\u00eaneros brasileiros, m\u00fasica africana, funk, m\u00fasica disco e reggae.<\/p>\n<p>55\u00ba Concurso de reda\u00e7\u00e3o de cartas<br \/>\nEscolas p\u00fablicas e privadas de todo Brasil podem realizar inscri\u00e7\u00f5es para 55\u00ba Concurso Internacional de Reda\u00e7\u00e3o de Cartas, realizado pelos Correios para estudantes de at\u00e9 15 anos. O autor da melhor reda\u00e7\u00e3o na fase nacional recebe pr\u00eamio de R$ 7.500 e sua escola, R$ 7.875.<br \/>\nO tema deste ano \u00e9: \u201cEscreva uma carta a um amigo explicando a import\u00e2ncia das rela\u00e7\u00f5es humanas num mundo digital\u201d. Inscri\u00e7\u00f5es v\u00e3o at\u00e9 27 de mar\u00e7o e devem ser feitas pelas escolas que selecionam at\u00e9 duas cartas para represent\u00e1-las. Informa\u00e7\u00f5es: www.correios.com.br.<\/p>\n<p>Inscri\u00e7\u00f5es do Mestrado em Artes<br \/>\nInstituto de Cultura e Arte da Universidade Federal do Cear\u00e1 (UFC), em parceria com o Instituto Federal do Cear\u00e1 (IFCE) e a Funda\u00e7\u00e3o Ita\u00fa, abre sele\u00e7\u00e3o com 40 vagas para forma\u00e7\u00e3o de turma especial de Produ\u00e7\u00e3o e Gest\u00e3o Cultural do Mestrado Profissional em Artes (IFCE).<br \/>\nPrograma \u00e9 voltado para artistas, gestores, produtores e agentes culturais. Inscri\u00e7\u00f5es s\u00e3o gratuitas e est\u00e3o abertas at\u00e9 10 de mar\u00e7o, exclusivamente pela plataforma da Escola Funda\u00e7\u00e3o Ita\u00fa. Ingresso ocorrer\u00e1 ainda no semestre 2026.1. Resultado final est\u00e1 previsto para 28 de abril.<\/p>\n<p>Dica da Coluna<br \/>\nLeia o Blog do Edilson (www.blogdoedilson.com.br): Cultura, educa\u00e7\u00e3o, pol\u00edtica e utilidade p\u00fablica.<\/p>\n","protected":false},"excerpt":{"rendered":"<p>274 vagas para docentes e t\u00e9cnicos Foram publicados editais do concurso p\u00fablico do Instituto Federal&#8230;<\/p>\n","protected":false},"author":7,"featured_media":10199,"comment_status":"open","ping_status":"open","sticky":false,"template":"","format":"standard","meta":{"_jetpack_memberships_contains_paid_content":false,"footnotes":"","jetpack_publicize_message":"","jetpack_publicize_feature_enabled":true,"jetpack_social_post_already_shared":true,"jetpack_social_options":{"image_generator_settings":{"template":"highway","default_image_id":0,"font":"","enabled":false},"version":2}},"categories":[11,36],"tags":[],"class_list":["post-37700","post","type-post","status-publish","format-standard","has-post-thumbnail","hentry","category-artigos","category-em-tempo"],"jetpack_publicize_connections":[],"jetpack_featured_media_url":"https:\/\/correiodasemana.com\/site\/wp-content\/uploads\/2019\/12\/FOTO-EDILSON-SILVA-2.jpg","jetpack-related-posts":[{"id":33692,"url":"https:\/\/correiodasemana.com\/site\/em-tempo-276\/","url_meta":{"origin":37700,"position":0},"title":"EM TEMPO \u2022","author":"adminredacao","date":"Maio 12, 2025","format":false,"excerpt":"Especializa\u00e7\u00e3o UFC em Energias Renov\u00e1veis Est\u00e3o abertas, at\u00e9 14 de maio, inscri\u00e7\u00f5es para a Especializa\u00e7\u00e3o em Energias Renov\u00e1veis para a Transi\u00e7\u00e3o Energ\u00e9tica, novo curso de p\u00f3s-gradua\u00e7\u00e3o do Departamento de Engenharia El\u00e9trica da Universidade Federal do Cear\u00e1 (UFC). Informa\u00e7\u00f5es no site https:\/\/si3.ufc.br\/sigaa. Com in\u00edcio previsto para junho de 2025, o curso\u2026","rel":"","context":"In &quot;Artigos&quot;","block_context":{"text":"Artigos","link":"https:\/\/correiodasemana.com\/site\/category\/artigos\/"},"img":{"alt_text":"","src":"https:\/\/i0.wp.com\/correiodasemana.com\/site\/wp-content\/uploads\/2025\/05\/BELCHIOR-NO-BECCO-150x150.jpg?resize=350%2C200&ssl=1","width":350,"height":200,"srcset":"https:\/\/i0.wp.com\/correiodasemana.com\/site\/wp-content\/uploads\/2025\/05\/BELCHIOR-NO-BECCO-150x150.jpg?resize=350%2C200&ssl=1 1x, https:\/\/i0.wp.com\/correiodasemana.com\/site\/wp-content\/uploads\/2025\/05\/BELCHIOR-NO-BECCO-150x150.jpg?resize=525%2C300&ssl=1 1.5x, https:\/\/i0.wp.com\/correiodasemana.com\/site\/wp-content\/uploads\/2025\/05\/BELCHIOR-NO-BECCO-150x150.jpg?resize=700%2C400&ssl=1 2x"},"classes":[]},{"id":33602,"url":"https:\/\/correiodasemana.com\/site\/em-tempo-275\/","url_meta":{"origin":37700,"position":1},"title":"EM TEMPO \u2022","author":"adminredacao","date":"Maio 5, 2025","format":false,"excerpt":"Um passeio virtual na Gruta de Ubajara Que tal visitar a Gruta de Ubajara, na Serra da Ibiapaba, Cear\u00e1, sem sair de casa? Essa \u00e9 a ideia do projeto DocumentaCE, realizado pelo Instituto de Arquitetura e Urbanismo e Design da Universidade Federal do Cear\u00e1. Lan\u00e7amento do passeio virtual est\u00e1 previsto\u2026","rel":"","context":"In &quot;Artigos&quot;","block_context":{"text":"Artigos","link":"https:\/\/correiodasemana.com\/site\/category\/artigos\/"},"img":{"alt_text":"","src":"https:\/\/i0.wp.com\/correiodasemana.com\/site\/wp-content\/uploads\/2025\/05\/IMG_3701-2048x1365-1-768x512-1-150x150.jpeg?resize=350%2C200&ssl=1","width":350,"height":200,"srcset":"https:\/\/i0.wp.com\/correiodasemana.com\/site\/wp-content\/uploads\/2025\/05\/IMG_3701-2048x1365-1-768x512-1-150x150.jpeg?resize=350%2C200&ssl=1 1x, https:\/\/i0.wp.com\/correiodasemana.com\/site\/wp-content\/uploads\/2025\/05\/IMG_3701-2048x1365-1-768x512-1-150x150.jpeg?resize=525%2C300&ssl=1 1.5x, https:\/\/i0.wp.com\/correiodasemana.com\/site\/wp-content\/uploads\/2025\/05\/IMG_3701-2048x1365-1-768x512-1-150x150.jpeg?resize=700%2C400&ssl=1 2x"},"classes":[]},{"id":37590,"url":"https:\/\/correiodasemana.com\/site\/em-tempo-316\/","url_meta":{"origin":37700,"position":2},"title":"EM TEMPO \u2022","author":"adminredacao","date":"Mar\u00e7o 3, 2026","format":false,"excerpt":"Fortalecimento da agricultura ecol\u00f3gica A Universidade Estadual Vale do Acara\u00fa (UVA), com apoio do Conselho Nacional de Desenvolvimento Cient\u00edfico e Tecnol\u00f3gico (CNPq), recebeu, dia 12 de fevereiro, equipamentos e insumos paraa\u00e7\u00f5es de pesquisa e inova\u00e7\u00e3o voltadas \u00e0 agroecologia e \u00e0 produ\u00e7\u00e3o org\u00e2nica. Entre os itens, destaca-se um tratorito, entregue na\u2026","rel":"","context":"In &quot;Artigos&quot;","block_context":{"text":"Artigos","link":"https:\/\/correiodasemana.com\/site\/category\/artigos\/"},"img":{"alt_text":"","src":"https:\/\/i0.wp.com\/correiodasemana.com\/site\/wp-content\/uploads\/2026\/03\/okFeito-Pipa-_.jpg?resize=350%2C200&ssl=1","width":350,"height":200,"srcset":"https:\/\/i0.wp.com\/correiodasemana.com\/site\/wp-content\/uploads\/2026\/03\/okFeito-Pipa-_.jpg?resize=350%2C200&ssl=1 1x, https:\/\/i0.wp.com\/correiodasemana.com\/site\/wp-content\/uploads\/2026\/03\/okFeito-Pipa-_.jpg?resize=525%2C300&ssl=1 1.5x, https:\/\/i0.wp.com\/correiodasemana.com\/site\/wp-content\/uploads\/2026\/03\/okFeito-Pipa-_.jpg?resize=700%2C400&ssl=1 2x, https:\/\/i0.wp.com\/correiodasemana.com\/site\/wp-content\/uploads\/2026\/03\/okFeito-Pipa-_.jpg?resize=1050%2C600&ssl=1 3x"},"classes":[]},{"id":37543,"url":"https:\/\/correiodasemana.com\/site\/em-tempo-315\/","url_meta":{"origin":37700,"position":3},"title":"EM TEMPO \u2022","author":"adminredacao","date":"Fevereiro 23, 2026","format":false,"excerpt":"IFCE divulga concurso com 274 vagas Foram publicados, dia 13 de fevereiro, no Di\u00e1rio Oficial da Uni\u00e3o, editais do Concurso P\u00fablico do Instituto Federal de Educa\u00e7\u00e3o, Ci\u00eancia e Tecnologia do Cear\u00e1 (IFCE) 2026. S\u00e3o 274 vagas: 169 para docentes e 105 para t\u00e9cnicos administrativos (n\u00edveis m\u00e9dio, t\u00e9cnico e superior). As\u2026","rel":"","context":"In &quot;Atualidade&quot;","block_context":{"text":"Atualidade","link":"https:\/\/correiodasemana.com\/site\/category\/atualidade\/"},"img":{"alt_text":"","src":"https:\/\/i0.wp.com\/correiodasemana.com\/site\/wp-content\/uploads\/2026\/02\/orcamento-agnte-secreto-150x150.jpg?resize=350%2C200&ssl=1","width":350,"height":200,"srcset":"https:\/\/i0.wp.com\/correiodasemana.com\/site\/wp-content\/uploads\/2026\/02\/orcamento-agnte-secreto-150x150.jpg?resize=350%2C200&ssl=1 1x, https:\/\/i0.wp.com\/correiodasemana.com\/site\/wp-content\/uploads\/2026\/02\/orcamento-agnte-secreto-150x150.jpg?resize=525%2C300&ssl=1 1.5x, https:\/\/i0.wp.com\/correiodasemana.com\/site\/wp-content\/uploads\/2026\/02\/orcamento-agnte-secreto-150x150.jpg?resize=700%2C400&ssl=1 2x, https:\/\/i0.wp.com\/correiodasemana.com\/site\/wp-content\/uploads\/2026\/02\/orcamento-agnte-secreto-150x150.jpg?resize=1050%2C600&ssl=1 3x"},"classes":[]},{"id":14395,"url":"https:\/\/correiodasemana.com\/site\/em-tempo-55\/","url_meta":{"origin":37700,"position":4},"title":"Em Tempo","author":"","date":"Novembro 3, 2020","format":false,"excerpt":"Bienal Internacional de Teatro A Bienal Internacional de Teatro do Cear\u00e1 realiza entre os dias 04 e 14 de novembro, a mostra internacional de espet\u00e1culos. O evento \u00e9 gratuito e a transmiss\u00e3o da programa\u00e7\u00e3o ser\u00e1 atrav\u00e9s do canal do Youtube e Facebook BITCE. As montagens trazem o tema \u201cTeatro e\u2026","rel":"","context":"In &quot;Artigos&quot;","block_context":{"text":"Artigos","link":"https:\/\/correiodasemana.com\/site\/category\/artigos\/"},"img":{"alt_text":"","src":"https:\/\/i0.wp.com\/correiodasemana.com\/site\/wp-content\/uploads\/2019\/12\/FOTO-EDILSON-SILVA-2.jpg?resize=350%2C200&ssl=1","width":350,"height":200,"srcset":"https:\/\/i0.wp.com\/correiodasemana.com\/site\/wp-content\/uploads\/2019\/12\/FOTO-EDILSON-SILVA-2.jpg?resize=350%2C200&ssl=1 1x, https:\/\/i0.wp.com\/correiodasemana.com\/site\/wp-content\/uploads\/2019\/12\/FOTO-EDILSON-SILVA-2.jpg?resize=525%2C300&ssl=1 1.5x, https:\/\/i0.wp.com\/correiodasemana.com\/site\/wp-content\/uploads\/2019\/12\/FOTO-EDILSON-SILVA-2.jpg?resize=700%2C400&ssl=1 2x"},"classes":[]},{"id":12628,"url":"https:\/\/correiodasemana.com\/site\/em-tempo-43\/","url_meta":{"origin":37700,"position":5},"title":"Em Tempo","author":"","date":"Agosto 10, 2020","format":false,"excerpt":"Semana Mundial de Amamenta\u00e7\u00e3o O Hospital Regional Norte (HRN) realizou programa\u00e7\u00e3o especial no Agosto Dourado, na Semana Mundial de Amamenta\u00e7\u00e3o, celebrada at\u00e9 o dia 7, tendo como destaque lives no Youtube da Secretaria da Sa\u00fade e um \u201cmama\u00e7o virtual\u201d, com a postagem de fotografias. Especialistas debateram sobre diversos assuntos, como\u2026","rel":"","context":"In &quot;Artigos&quot;","block_context":{"text":"Artigos","link":"https:\/\/correiodasemana.com\/site\/category\/artigos\/"},"img":{"alt_text":"","src":"https:\/\/i0.wp.com\/correiodasemana.com\/site\/wp-content\/uploads\/2019\/12\/FOTO-EDILSON-SILVA-2.jpg?resize=350%2C200&ssl=1","width":350,"height":200,"srcset":"https:\/\/i0.wp.com\/correiodasemana.com\/site\/wp-content\/uploads\/2019\/12\/FOTO-EDILSON-SILVA-2.jpg?resize=350%2C200&ssl=1 1x, https:\/\/i0.wp.com\/correiodasemana.com\/site\/wp-content\/uploads\/2019\/12\/FOTO-EDILSON-SILVA-2.jpg?resize=525%2C300&ssl=1 1.5x, https:\/\/i0.wp.com\/correiodasemana.com\/site\/wp-content\/uploads\/2019\/12\/FOTO-EDILSON-SILVA-2.jpg?resize=700%2C400&ssl=1 2x"},"classes":[]}],"jetpack_sharing_enabled":true,"_links":{"self":[{"href":"https:\/\/correiodasemana.com\/site\/wp-json\/wp\/v2\/posts\/37700","targetHints":{"allow":["GET"]}}],"collection":[{"href":"https:\/\/correiodasemana.com\/site\/wp-json\/wp\/v2\/posts"}],"about":[{"href":"https:\/\/correiodasemana.com\/site\/wp-json\/wp\/v2\/types\/post"}],"author":[{"embeddable":true,"href":"https:\/\/correiodasemana.com\/site\/wp-json\/wp\/v2\/users\/7"}],"replies":[{"embeddable":true,"href":"https:\/\/correiodasemana.com\/site\/wp-json\/wp\/v2\/comments?post=37700"}],"version-history":[{"count":2,"href":"https:\/\/correiodasemana.com\/site\/wp-json\/wp\/v2\/posts\/37700\/revisions"}],"predecessor-version":[{"id":37703,"href":"https:\/\/correiodasemana.com\/site\/wp-json\/wp\/v2\/posts\/37700\/revisions\/37703"}],"wp:featuredmedia":[{"embeddable":true,"href":"https:\/\/correiodasemana.com\/site\/wp-json\/wp\/v2\/media\/10199"}],"wp:attachment":[{"href":"https:\/\/correiodasemana.com\/site\/wp-json\/wp\/v2\/media?parent=37700"}],"wp:term":[{"taxonomy":"category","embeddable":true,"href":"https:\/\/correiodasemana.com\/site\/wp-json\/wp\/v2\/categories?post=37700"},{"taxonomy":"post_tag","embeddable":true,"href":"https:\/\/correiodasemana.com\/site\/wp-json\/wp\/v2\/tags?post=37700"}],"curies":[{"name":"wp","href":"https:\/\/api.w.org\/{rel}","templated":true}]}}