{"id":37704,"date":"2026-03-10T23:47:58","date_gmt":"2026-03-11T02:47:58","guid":{"rendered":"https:\/\/correiodasemana.com\/site\/?p=37704"},"modified":"2026-03-10T23:47:58","modified_gmt":"2026-03-11T02:47:58","slug":"retiro-quaresmal-da-quase-paroquia-da-divina-misericordia-reune-centenas-de-fieis-em-sobral","status":"publish","type":"post","link":"https:\/\/correiodasemana.com\/site\/retiro-quaresmal-da-quase-paroquia-da-divina-misericordia-reune-centenas-de-fieis-em-sobral\/","title":{"rendered":"Retiro Quaresmal da Quase-Par\u00f3quia da Divina Miseric\u00f3rdia re\u00fane centenas de fi\u00e9is em Sobral"},"content":{"rendered":"<p>A Quase-Par\u00f3quia da Divina Miseric\u00f3rdia realizou, de 27 de fevereiro a 1\u00ba de mar\u00e7o, o Retiro Quaresmal, com o tema: \u201cEu te amei\u201d (Ap 3, 9), no audit\u00f3rio do Centro Universit\u00e1rio INTA \u2013 UNINTA, em Sobral.<\/p>\n<p>O encontro reuniu centenas de pessoas que, ao longo desses dias, viveram um profundo tempo de sil\u00eancio, escuta e acolhimento da miseric\u00f3rdia de Deus no cora\u00e7\u00e3o. A programa\u00e7\u00e3o favoreceu momentos de ora\u00e7\u00e3o, reflex\u00e3o e partilha, conduzindo os participantes a uma experi\u00eancia pessoal de encontro com Cristo e espiritual pr\u00f3pria do tempo quaresmal.<br \/>\nAl\u00e9m da participa\u00e7\u00e3o do quase-p\u00e1roco, Pe. \u00cdtalo Arcanjo, a programa\u00e7\u00e3o contou com a presen\u00e7a de sacerdotes e leigos que contribu\u00edram com o retiro por meio de prega\u00e7\u00f5es, adora\u00e7\u00e3o ao Sant\u00edssimo Sacramento, celebra\u00e7\u00f5es eucar\u00edsticas e momentos de medita\u00e7\u00e3o sobre o tema.<br \/>\nEntre os convidados estiveram: Pe. Edilson Leite, fundador da Comunidade Servos da Divina Miseric\u00f3rdia e do Imaculado Cora\u00e7\u00e3o de Maria; Pe. Pedro Morais, da Alian\u00e7a de Miseric\u00f3rdia; Ir. Jo\u00e3o de Jesus, da comunidade Servos da Divina Miseric\u00f3rdia; Pe. Helano Samy, da Arquidiocese de Fortaleza; e Jos\u00e9 Daniel, fundador da Comunidade Mariana Alian\u00e7a de Paz.<\/p>\n<p>Para a participante R\u00fabia Cavalcante, o retiro teve um significado especial de recome\u00e7o.<br \/>\n\u201cSenti Deus falar ao meu cora\u00e7\u00e3o de forma clara e amorosa, restaurando \u00e1reas que eu nem percebia que precisavam de cuidado. Levo comigo uma f\u00e9 mais firme, um olhar mais misericordioso e o desejo de ser instrumento de paz dentro da minha casa, vivendo com mais amor, tempo de qualidade, ora\u00e7\u00e3o e uni\u00e3o em fam\u00edlia\u201d, destacou.<br \/>\nO retiro encerrou na manh\u00e3 do dia 1\u00ba de mar\u00e7o com a Santa Missa do 2\u00ba Domingo da Quaresma, presidida pelo bispo diocesano de Sobral, Dom Jos\u00e9 Luiz Gomes de Vasconcelos, concelebrada pelo quase-p\u00e1roco e auxiliada pelos di\u00e1conos C\u00e2ndido Aguiar e Edmar Filho.<br \/>\nMomentos como este fortalecem a f\u00e9, renovam a esperan\u00e7a e ajudam os fi\u00e9is a viver com maior profundidade o caminho quaresmal, preparando o cora\u00e7\u00e3o para a celebra\u00e7\u00e3o do mist\u00e9rio da P\u00e1scoa do Senhor.<br \/>\nThais Helena &#8211; Jornalista \u2013 Jornal Correio da Semana<\/p>\n<p><a href=\"https:\/\/correiodasemana.com\/site\/retiro-quaresmal-da-quase-paroquia-da-divina-misericordia-reune-centenas-de-fieis-em-sobral\/quaresma-1\/\" rel=\"attachment wp-att-37705\"><img fetchpriority=\"high\" decoding=\"async\" class=\"aligncenter size-full wp-image-37705\" src=\"https:\/\/correiodasemana.com\/site\/wp-content\/uploads\/2026\/03\/quaresma-1.jpeg\" alt=\"\" width=\"1430\" height=\"953\" srcset=\"https:\/\/correiodasemana.com\/site\/wp-content\/uploads\/2026\/03\/quaresma-1.jpeg 1430w, https:\/\/correiodasemana.com\/site\/wp-content\/uploads\/2026\/03\/quaresma-1-300x200.jpeg 300w, https:\/\/correiodasemana.com\/site\/wp-content\/uploads\/2026\/03\/quaresma-1-1024x682.jpeg 1024w, https:\/\/correiodasemana.com\/site\/wp-content\/uploads\/2026\/03\/quaresma-1-768x512.jpeg 768w\" sizes=\"(max-width: 1430px) 100vw, 1430px\" \/><\/a> <a href=\"https:\/\/correiodasemana.com\/site\/retiro-quaresmal-da-quase-paroquia-da-divina-misericordia-reune-centenas-de-fieis-em-sobral\/quaresma-2\/\" rel=\"attachment wp-att-37706\"><img decoding=\"async\" class=\"aligncenter size-full wp-image-37706\" src=\"https:\/\/correiodasemana.com\/site\/wp-content\/uploads\/2026\/03\/quaresma-2.jpeg\" alt=\"\" width=\"1430\" height=\"953\" srcset=\"https:\/\/correiodasemana.com\/site\/wp-content\/uploads\/2026\/03\/quaresma-2.jpeg 1430w, https:\/\/correiodasemana.com\/site\/wp-content\/uploads\/2026\/03\/quaresma-2-300x200.jpeg 300w, https:\/\/correiodasemana.com\/site\/wp-content\/uploads\/2026\/03\/quaresma-2-1024x682.jpeg 1024w, https:\/\/correiodasemana.com\/site\/wp-content\/uploads\/2026\/03\/quaresma-2-768x512.jpeg 768w\" sizes=\"(max-width: 1430px) 100vw, 1430px\" \/><\/a> <a href=\"https:\/\/correiodasemana.com\/site\/retiro-quaresmal-da-quase-paroquia-da-divina-misericordia-reune-centenas-de-fieis-em-sobral\/quaresma-3\/\" rel=\"attachment wp-att-37707\"><img decoding=\"async\" class=\"aligncenter size-full wp-image-37707\" src=\"https:\/\/correiodasemana.com\/site\/wp-content\/uploads\/2026\/03\/quaresma-3.jpeg\" alt=\"\" width=\"952\" height=\"634\" srcset=\"https:\/\/correiodasemana.com\/site\/wp-content\/uploads\/2026\/03\/quaresma-3.jpeg 952w, https:\/\/correiodasemana.com\/site\/wp-content\/uploads\/2026\/03\/quaresma-3-300x200.jpeg 300w, https:\/\/correiodasemana.com\/site\/wp-content\/uploads\/2026\/03\/quaresma-3-768x511.jpeg 768w\" sizes=\"(max-width: 952px) 100vw, 952px\" \/><\/a> <a href=\"https:\/\/correiodasemana.com\/site\/retiro-quaresmal-da-quase-paroquia-da-divina-misericordia-reune-centenas-de-fieis-em-sobral\/quaresma-4\/\" rel=\"attachment wp-att-37708\"><img loading=\"lazy\" decoding=\"async\" class=\"aligncenter size-full wp-image-37708\" src=\"https:\/\/correiodasemana.com\/site\/wp-content\/uploads\/2026\/03\/quaresma-4.jpeg\" alt=\"\" width=\"1430\" height=\"953\" srcset=\"https:\/\/correiodasemana.com\/site\/wp-content\/uploads\/2026\/03\/quaresma-4.jpeg 1430w, https:\/\/correiodasemana.com\/site\/wp-content\/uploads\/2026\/03\/quaresma-4-300x200.jpeg 300w, https:\/\/correiodasemana.com\/site\/wp-content\/uploads\/2026\/03\/quaresma-4-1024x682.jpeg 1024w, https:\/\/correiodasemana.com\/site\/wp-content\/uploads\/2026\/03\/quaresma-4-768x512.jpeg 768w\" sizes=\"(max-width: 1430px) 100vw, 1430px\" \/><\/a> <a href=\"https:\/\/correiodasemana.com\/site\/retiro-quaresmal-da-quase-paroquia-da-divina-misericordia-reune-centenas-de-fieis-em-sobral\/quaresma-5\/\" rel=\"attachment wp-att-37709\"><img loading=\"lazy\" decoding=\"async\" class=\"aligncenter size-full wp-image-37709\" src=\"https:\/\/correiodasemana.com\/site\/wp-content\/uploads\/2026\/03\/quaresma-5.jpeg\" alt=\"\" width=\"1430\" height=\"953\" srcset=\"https:\/\/correiodasemana.com\/site\/wp-content\/uploads\/2026\/03\/quaresma-5.jpeg 1430w, https:\/\/correiodasemana.com\/site\/wp-content\/uploads\/2026\/03\/quaresma-5-300x200.jpeg 300w, https:\/\/correiodasemana.com\/site\/wp-content\/uploads\/2026\/03\/quaresma-5-1024x682.jpeg 1024w, https:\/\/correiodasemana.com\/site\/wp-content\/uploads\/2026\/03\/quaresma-5-768x512.jpeg 768w\" sizes=\"(max-width: 1430px) 100vw, 1430px\" \/><\/a> <a href=\"https:\/\/correiodasemana.com\/site\/retiro-quaresmal-da-quase-paroquia-da-divina-misericordia-reune-centenas-de-fieis-em-sobral\/quaresma-6\/\" rel=\"attachment wp-att-37710\"><img loading=\"lazy\" decoding=\"async\" class=\"aligncenter size-full wp-image-37710\" src=\"https:\/\/correiodasemana.com\/site\/wp-content\/uploads\/2026\/03\/quaresma-6.jpeg\" alt=\"\" width=\"1430\" height=\"953\" srcset=\"https:\/\/correiodasemana.com\/site\/wp-content\/uploads\/2026\/03\/quaresma-6.jpeg 1430w, https:\/\/correiodasemana.com\/site\/wp-content\/uploads\/2026\/03\/quaresma-6-300x200.jpeg 300w, https:\/\/correiodasemana.com\/site\/wp-content\/uploads\/2026\/03\/quaresma-6-1024x682.jpeg 1024w, https:\/\/correiodasemana.com\/site\/wp-content\/uploads\/2026\/03\/quaresma-6-768x512.jpeg 768w\" sizes=\"(max-width: 1430px) 100vw, 1430px\" \/><\/a><\/p>\n","protected":false},"excerpt":{"rendered":"<p>A Quase-Par\u00f3quia da Divina Miseric\u00f3rdia realizou, de 27 de fevereiro a 1\u00ba de mar\u00e7o, o&#8230;<\/p>\n","protected":false},"author":7,"featured_media":37708,"comment_status":"open","ping_status":"open","sticky":false,"template":"","format":"standard","meta":{"_jetpack_memberships_contains_paid_content":false,"footnotes":"","jetpack_publicize_message":"","jetpack_publicize_feature_enabled":true,"jetpack_social_post_already_shared":true,"jetpack_social_options":{"image_generator_settings":{"template":"highway","default_image_id":0,"font":"","enabled":false},"version":2}},"categories":[1],"tags":[],"class_list":["post-37704","post","type-post","status-publish","format-standard","has-post-thumbnail","hentry","category-atualidade"],"jetpack_publicize_connections":[],"jetpack_featured_media_url":"https:\/\/correiodasemana.com\/site\/wp-content\/uploads\/2026\/03\/quaresma-4.jpeg","jetpack-related-posts":[{"id":33129,"url":"https:\/\/correiodasemana.com\/site\/segunda-edicao-do-retiro-quaresmal-da-quase-paroquia-da-divina-misericordia-reune-fieis-em-sobral\/","url_meta":{"origin":37704,"position":0},"title":"Segunda edi\u00e7\u00e3o do Retiro Quaresmal da Quase-Par\u00f3quia da Divina Miseric\u00f3rdia re\u00fane fi\u00e9is em Sobral","author":"adminredacao","date":"Mar\u00e7o 31, 2025","format":false,"excerpt":"A Quase-Par\u00f3quia da Divina Miseric\u00f3rdia realizou de 21 a 23 de mar\u00e7o, a segunda edi\u00e7\u00e3o do Retiro Quaresmal no audit\u00f3rio Oscar Spindola Rodrigues, no Centro Universit\u00e1rio INTA - UNINTA, em Sobral. Com o tema: \u201cEste \u00e9 o cora\u00e7\u00e3o que tanto amou\u201d, frase dita pelo Santo Padre, o Papa Francisco, o\u2026","rel":"","context":"In &quot;Atualidade&quot;","block_context":{"text":"Atualidade","link":"https:\/\/correiodasemana.com\/site\/category\/atualidade\/"},"img":{"alt_text":"","src":"https:\/\/i0.wp.com\/correiodasemana.com\/site\/wp-content\/uploads\/2025\/03\/Retiro-quaresmal-da-divina-misericordia-4.jpeg?resize=350%2C200&ssl=1","width":350,"height":200,"srcset":"https:\/\/i0.wp.com\/correiodasemana.com\/site\/wp-content\/uploads\/2025\/03\/Retiro-quaresmal-da-divina-misericordia-4.jpeg?resize=350%2C200&ssl=1 1x, https:\/\/i0.wp.com\/correiodasemana.com\/site\/wp-content\/uploads\/2025\/03\/Retiro-quaresmal-da-divina-misericordia-4.jpeg?resize=525%2C300&ssl=1 1.5x, https:\/\/i0.wp.com\/correiodasemana.com\/site\/wp-content\/uploads\/2025\/03\/Retiro-quaresmal-da-divina-misericordia-4.jpeg?resize=700%2C400&ssl=1 2x, https:\/\/i0.wp.com\/correiodasemana.com\/site\/wp-content\/uploads\/2025\/03\/Retiro-quaresmal-da-divina-misericordia-4.jpeg?resize=1050%2C600&ssl=1 3x, https:\/\/i0.wp.com\/correiodasemana.com\/site\/wp-content\/uploads\/2025\/03\/Retiro-quaresmal-da-divina-misericordia-4.jpeg?resize=1400%2C800&ssl=1 4x"},"classes":[]},{"id":32935,"url":"https:\/\/correiodasemana.com\/site\/quase-paroquia-da-divina-misericordia-realizara-2-retiro-quaresmal-em-sobral\/","url_meta":{"origin":37704,"position":1},"title":"Quase Par\u00f3quia da Divina Miseric\u00f3rdia realizar\u00e1 2\u00b0 Retiro Quaresmal em Sobral","author":"adminredacao","date":"Mar\u00e7o 17, 2025","format":false,"excerpt":"Nos dias 21, 22 e 23 de mar\u00e7o, a Quase Par\u00f3quia da Divina Miseric\u00f3rdia promover\u00e1 o 2\u00b0 Retiro Quaresmal, um encontro especial de espiritualidade e f\u00e9, onde acontecer\u00e1 na Faculdade UNINTA, em Sobral, e ser\u00e1 uma oportunidade para os fi\u00e9is aprofundarem sua rela\u00e7\u00e3o com Cristo por meio da devo\u00e7\u00e3o ao\u2026","rel":"","context":"In &quot;Atualidade&quot;","block_context":{"text":"Atualidade","link":"https:\/\/correiodasemana.com\/site\/category\/atualidade\/"},"img":{"alt_text":"","src":"https:\/\/i0.wp.com\/correiodasemana.com\/site\/wp-content\/uploads\/2025\/03\/WhatsApp-Image-2025-03-14-at-16.35.07-1.jpeg?resize=350%2C200&ssl=1","width":350,"height":200,"srcset":"https:\/\/i0.wp.com\/correiodasemana.com\/site\/wp-content\/uploads\/2025\/03\/WhatsApp-Image-2025-03-14-at-16.35.07-1.jpeg?resize=350%2C200&ssl=1 1x, https:\/\/i0.wp.com\/correiodasemana.com\/site\/wp-content\/uploads\/2025\/03\/WhatsApp-Image-2025-03-14-at-16.35.07-1.jpeg?resize=525%2C300&ssl=1 1.5x, https:\/\/i0.wp.com\/correiodasemana.com\/site\/wp-content\/uploads\/2025\/03\/WhatsApp-Image-2025-03-14-at-16.35.07-1.jpeg?resize=700%2C400&ssl=1 2x, https:\/\/i0.wp.com\/correiodasemana.com\/site\/wp-content\/uploads\/2025\/03\/WhatsApp-Image-2025-03-14-at-16.35.07-1.jpeg?resize=1050%2C600&ssl=1 3x"},"classes":[]},{"id":28621,"url":"https:\/\/correiodasemana.com\/site\/area-pastoral-da-divina-misericordia-realiza-retiro-quaresmal\/","url_meta":{"origin":37704,"position":2},"title":"\u00c1rea Pastoral da Divina Miseric\u00f3rdia realiza retiro quaresmal","author":"adminredacao","date":"Mar\u00e7o 11, 2024","format":false,"excerpt":"Nos dias 1, 2 e 3 de mar\u00e7o aconteceu em Sobral o 1\u00ba Retiro Quaresmal no Audit\u00f3rio Dr. Oscar Sp\u00edndola Rodrigues, no Centro Universit\u00e1rio INTA - UNINTA, realizado pela \u00c1rea Pastoral da Divina Miseric\u00f3rdia. O retiro espiritual se faz necess\u00e1rio para estar em uma melhor comunh\u00e3o com Deus. \u00c9 importante\u2026","rel":"","context":"In &quot;Atualidade&quot;","block_context":{"text":"Atualidade","link":"https:\/\/correiodasemana.com\/site\/category\/atualidade\/"},"img":{"alt_text":"","src":"https:\/\/i0.wp.com\/correiodasemana.com\/site\/wp-content\/uploads\/2024\/03\/429588407_798699775615991_583651126982265424_n.jpg?resize=350%2C200&ssl=1","width":350,"height":200,"srcset":"https:\/\/i0.wp.com\/correiodasemana.com\/site\/wp-content\/uploads\/2024\/03\/429588407_798699775615991_583651126982265424_n.jpg?resize=350%2C200&ssl=1 1x, https:\/\/i0.wp.com\/correiodasemana.com\/site\/wp-content\/uploads\/2024\/03\/429588407_798699775615991_583651126982265424_n.jpg?resize=525%2C300&ssl=1 1.5x, https:\/\/i0.wp.com\/correiodasemana.com\/site\/wp-content\/uploads\/2024\/03\/429588407_798699775615991_583651126982265424_n.jpg?resize=700%2C400&ssl=1 2x, https:\/\/i0.wp.com\/correiodasemana.com\/site\/wp-content\/uploads\/2024\/03\/429588407_798699775615991_583651126982265424_n.jpg?resize=1050%2C600&ssl=1 3x"},"classes":[]},{"id":33359,"url":"https:\/\/correiodasemana.com\/site\/regiao-episcopal-sede-mutirao-de-confissoes-reune-centenas-de-fieis\/","url_meta":{"origin":37704,"position":3},"title":"Regi\u00e3o Episcopal Sede: Mutir\u00e3o de Confiss\u00f5es re\u00fane centenas de fieis","author":"adminredacao","date":"Abril 14, 2025","format":false,"excerpt":"Entre os meses de mar\u00e7o e abril, 11 par\u00f3quias e 2 quase-par\u00f3quias que fazem parte da Regi\u00e3o Episcopal Sede da Diocese de Sobral realizaram o Mutir\u00e3o de Confiss\u00f5es durante o per\u00edodo quaresmal. A a\u00e7\u00e3o teve como objetivo manter a unidade em toda a regi\u00e3o e proporcionar um atendimento ampliado, em\u2026","rel":"","context":"In &quot;Atualidade&quot;","block_context":{"text":"Atualidade","link":"https:\/\/correiodasemana.com\/site\/category\/atualidade\/"},"img":{"alt_text":"","src":"https:\/\/i0.wp.com\/correiodasemana.com\/site\/wp-content\/uploads\/2025\/04\/Paroquia-de-Nossa-Senhora-do-Patrocinio-1.jpeg?resize=350%2C200&ssl=1","width":350,"height":200,"srcset":"https:\/\/i0.wp.com\/correiodasemana.com\/site\/wp-content\/uploads\/2025\/04\/Paroquia-de-Nossa-Senhora-do-Patrocinio-1.jpeg?resize=350%2C200&ssl=1 1x, https:\/\/i0.wp.com\/correiodasemana.com\/site\/wp-content\/uploads\/2025\/04\/Paroquia-de-Nossa-Senhora-do-Patrocinio-1.jpeg?resize=525%2C300&ssl=1 1.5x, https:\/\/i0.wp.com\/correiodasemana.com\/site\/wp-content\/uploads\/2025\/04\/Paroquia-de-Nossa-Senhora-do-Patrocinio-1.jpeg?resize=700%2C400&ssl=1 2x, https:\/\/i0.wp.com\/correiodasemana.com\/site\/wp-content\/uploads\/2025\/04\/Paroquia-de-Nossa-Senhora-do-Patrocinio-1.jpeg?resize=1050%2C600&ssl=1 3x, https:\/\/i0.wp.com\/correiodasemana.com\/site\/wp-content\/uploads\/2025\/04\/Paroquia-de-Nossa-Senhora-do-Patrocinio-1.jpeg?resize=1400%2C800&ssl=1 4x"},"classes":[]},{"id":37676,"url":"https:\/\/correiodasemana.com\/site\/regiao-episcopal-sede-paroquias-realizam-mutirao-de-confissoes-no-periodo-quaresmal\/","url_meta":{"origin":37704,"position":4},"title":"Regi\u00e3o Episcopal Sede: Par\u00f3quias realizam Mutir\u00e3o de Confiss\u00f5es no per\u00edodo quaresmal","author":"adminredacao","date":"Mar\u00e7o 10, 2026","format":false,"excerpt":"Desde o dia 03 de mar\u00e7o, as par\u00f3quias que fazem parte da Regi\u00e3o Episcopal Sede est\u00e3o realizando o Mutir\u00e3o de Confiss\u00f5es em diversas localidades dos munic\u00edpios de Sobral e Forquilha, incluindo o distrito de Jord\u00e3o. A iniciativa acontece anualmente durante o tempo da Quaresma, per\u00edodo em que a Igreja convida\u2026","rel":"","context":"In &quot;Atualidade&quot;","block_context":{"text":"Atualidade","link":"https:\/\/correiodasemana.com\/site\/category\/atualidade\/"},"img":{"alt_text":"","src":"https:\/\/i0.wp.com\/correiodasemana.com\/site\/wp-content\/uploads\/2026\/03\/Quase-Paroquia-de-Nossa-Senhora-da-Saude-Jordao-1.jpeg?resize=350%2C200&ssl=1","width":350,"height":200,"srcset":"https:\/\/i0.wp.com\/correiodasemana.com\/site\/wp-content\/uploads\/2026\/03\/Quase-Paroquia-de-Nossa-Senhora-da-Saude-Jordao-1.jpeg?resize=350%2C200&ssl=1 1x, https:\/\/i0.wp.com\/correiodasemana.com\/site\/wp-content\/uploads\/2026\/03\/Quase-Paroquia-de-Nossa-Senhora-da-Saude-Jordao-1.jpeg?resize=525%2C300&ssl=1 1.5x, https:\/\/i0.wp.com\/correiodasemana.com\/site\/wp-content\/uploads\/2026\/03\/Quase-Paroquia-de-Nossa-Senhora-da-Saude-Jordao-1.jpeg?resize=700%2C400&ssl=1 2x, https:\/\/i0.wp.com\/correiodasemana.com\/site\/wp-content\/uploads\/2026\/03\/Quase-Paroquia-de-Nossa-Senhora-da-Saude-Jordao-1.jpeg?resize=1050%2C600&ssl=1 3x"},"classes":[]},{"id":38244,"url":"https:\/\/correiodasemana.com\/site\/dom-vasconcelos-celebrou-na-quase-paroquia-da-divina-misericordia-a-festa-da-misericordia\/","url_meta":{"origin":37704,"position":5},"title":"Dom Vasconcelos celebrou na Quase-Par\u00f3quia da Divina Miseric\u00f3rdia a Festa da Miseric\u00f3rdia","author":"adminredacao","date":"Abril 19, 2026","format":false,"excerpt":"A Quase-Par\u00f3quia da Divina Miseric\u00f3rdia, entre os dias 2 e 12 de abril, mergulhou no amor de Deus, em um tempo marcado por f\u00e9, ora\u00e7\u00e3o e comunh\u00e3o durante a realiza\u00e7\u00e3o da tradicional Festa da Miseric\u00f3rdia, no Espa\u00e7o Domus. A programa\u00e7\u00e3o teve in\u00edcio na Quinta-Feira Santa (02 de abril), com a\u2026","rel":"","context":"In &quot;Atualidade&quot;","block_context":{"text":"Atualidade","link":"https:\/\/correiodasemana.com\/site\/category\/atualidade\/"},"img":{"alt_text":"","src":"https:\/\/i0.wp.com\/correiodasemana.com\/site\/wp-content\/uploads\/2026\/04\/IMG_5558-1.jpg?resize=350%2C200&ssl=1","width":350,"height":200,"srcset":"https:\/\/i0.wp.com\/correiodasemana.com\/site\/wp-content\/uploads\/2026\/04\/IMG_5558-1.jpg?resize=350%2C200&ssl=1 1x, https:\/\/i0.wp.com\/correiodasemana.com\/site\/wp-content\/uploads\/2026\/04\/IMG_5558-1.jpg?resize=525%2C300&ssl=1 1.5x, https:\/\/i0.wp.com\/correiodasemana.com\/site\/wp-content\/uploads\/2026\/04\/IMG_5558-1.jpg?resize=700%2C400&ssl=1 2x, https:\/\/i0.wp.com\/correiodasemana.com\/site\/wp-content\/uploads\/2026\/04\/IMG_5558-1.jpg?resize=1050%2C600&ssl=1 3x, https:\/\/i0.wp.com\/correiodasemana.com\/site\/wp-content\/uploads\/2026\/04\/IMG_5558-1.jpg?resize=1400%2C800&ssl=1 4x"},"classes":[]}],"jetpack_sharing_enabled":true,"_links":{"self":[{"href":"https:\/\/correiodasemana.com\/site\/wp-json\/wp\/v2\/posts\/37704","targetHints":{"allow":["GET"]}}],"collection":[{"href":"https:\/\/correiodasemana.com\/site\/wp-json\/wp\/v2\/posts"}],"about":[{"href":"https:\/\/correiodasemana.com\/site\/wp-json\/wp\/v2\/types\/post"}],"author":[{"embeddable":true,"href":"https:\/\/correiodasemana.com\/site\/wp-json\/wp\/v2\/users\/7"}],"replies":[{"embeddable":true,"href":"https:\/\/correiodasemana.com\/site\/wp-json\/wp\/v2\/comments?post=37704"}],"version-history":[{"count":2,"href":"https:\/\/correiodasemana.com\/site\/wp-json\/wp\/v2\/posts\/37704\/revisions"}],"predecessor-version":[{"id":37712,"href":"https:\/\/correiodasemana.com\/site\/wp-json\/wp\/v2\/posts\/37704\/revisions\/37712"}],"wp:featuredmedia":[{"embeddable":true,"href":"https:\/\/correiodasemana.com\/site\/wp-json\/wp\/v2\/media\/37708"}],"wp:attachment":[{"href":"https:\/\/correiodasemana.com\/site\/wp-json\/wp\/v2\/media?parent=37704"}],"wp:term":[{"taxonomy":"category","embeddable":true,"href":"https:\/\/correiodasemana.com\/site\/wp-json\/wp\/v2\/categories?post=37704"},{"taxonomy":"post_tag","embeddable":true,"href":"https:\/\/correiodasemana.com\/site\/wp-json\/wp\/v2\/tags?post=37704"}],"curies":[{"name":"wp","href":"https:\/\/api.w.org\/{rel}","templated":true}]}}