{"id":37713,"date":"2026-03-10T23:49:37","date_gmt":"2026-03-11T02:49:37","guid":{"rendered":"https:\/\/correiodasemana.com\/site\/?p=37713"},"modified":"2026-03-10T23:49:37","modified_gmt":"2026-03-11T02:49:37","slug":"documentos-da-causa-de-waldir-lopes-de-castro-sao-oficialmente-entregues-ao-dicasterio-para-as-causas-dos-santos","status":"publish","type":"post","link":"https:\/\/correiodasemana.com\/site\/documentos-da-causa-de-waldir-lopes-de-castro-sao-oficialmente-entregues-ao-dicasterio-para-as-causas-dos-santos\/","title":{"rendered":"Documentos da Causa de Waldir Lopes de Castro s\u00e3o oficialmente entregues ao Dicast\u00e9rio para as Causas dos Santos"},"content":{"rendered":"<p>A Comiss\u00e3o Diocesana da Causa de Beatifica\u00e7\u00e3o e Canoniza\u00e7\u00e3o do Servo de Deus Waldir Lopes de Castro realizou, na manh\u00e3 desta quinta-feira, (05\/03\/2026), a entrega oficial da documenta\u00e7\u00e3o ao Dicast\u00e9rio para as Causas dos Santos, em Vaticano.<br \/>\nO material re\u00fane os documentos e testemunhos coletados durante a fase diocesana do processo, que investigou a vida, as virtudes e a fama de santidade do Servo de Deus. A entrega marca um passo importante na continuidade da causa, que agora segue para an\u00e1lise na Santa S\u00e9.<br \/>\nEsteve presente no momento, o bispo diocesano de Sobral, Dom Vasconcelos; o p\u00e1roco da Par\u00f3quia de S\u00e3o Manuel, monsenhor Nonato Timb\u00f3; o administrador da Causa, professor Jos\u00e9 Lu\u00eds Lira e o postulador da Causa, Dr. Paollo Vilotta. Os documentos foram oficialmente recebidos por Federico Favero, representante do Dicast\u00e9rio, e em seguida a comitiva foi recebida pelo secret\u00e1rio do Dicast\u00e9rio, arcebispo Dom F\u00e1bio Fabene.<br \/>\nPara o\u00a0administrador da Causa,\u00a0Dr. Jos\u00e9 Lu\u00eds Lira, este momento representa uma etapa significativa para a Igreja particular, que confia \u00e0 Igreja o discernimento sobre a vida e o testemunho do Servo de Deus Waldir Lopes de Castro, cuja mem\u00f3ria continua a inspirar f\u00e9, dedica\u00e7\u00e3o e servi\u00e7o ao Evangelho.<\/p>\n<p>O Servo de Deus Waldir Lopes de Castro<br \/>\nConhecido carinhosamente como monsenhor Waldir, \u00e9 uma das figuras mais queridas e significativas da hist\u00f3ria recente da Igreja na Diocese. Seu testemunho sacerdotal, marcado pela simplicidade pelo amor ao povo e pelo compromisso com a evangeliza\u00e7\u00e3o e a promo\u00e7\u00e3o humana, permanece vivo na mem\u00f3ria dos fi\u00e9is, especialmente na cidade de Marco, onde exerceu grande parte de seu minist\u00e9rio.<br \/>\nMonsenhor Waldir nasceu em 2 de fevereiro de 1931, na cidade de Sobral, Cear\u00e1, em uma fam\u00edlia simples e profundamente enraizada na f\u00e9 crist\u00e3. Desde a inf\u00e2ncia, revelou sensibilidade religiosa, esp\u00edrito solid\u00e1rio e inclina\u00e7\u00e3o para a vida sacerdotal. Esses sinais vocacionais foram amadurecendo ao longo dos anos, levando-o a ingressar no semin\u00e1rio, onde se destacou pela piedade, disciplina e dedica\u00e7\u00e3o aos estudos.<br \/>\nFoi ordenado sacerdote em 8 de dezembro de 1956, solenidade da Imaculada Concei\u00e7\u00e3o, data que marcou profundamente sua espiritualidade e sua devo\u00e7\u00e3o mariana. Desde os primeiros anos de minist\u00e9rio, Monsenhor Waldir se revelou um pastor pr\u00f3ximo do povo, atento \u00e0s realidades do interior e profundamente comprometido com a miss\u00e3o evangelizadora da Igreja.]<br \/>\nGrande parte de sua vida sacerdotal foi dedicada \u00e0 Par\u00f3quia S\u00e3o Manuel, no munic\u00edpio de Marco (CE), onde exerceu o minist\u00e9rio de p\u00e1roco por muitos anos. Ali, construiu uma hist\u00f3ria marcada pela presen\u00e7a constante junto \u00e0s comunidades, pelo cuidado com a vida lit\u00fargica e sacramental e pelo incentivo \u00e0 participa\u00e7\u00e3o ativa dos leigos. Era conhecido por visitar fam\u00edlias, acompanhar os doentes, consolar os aflitos e orientar com paci\u00eancia e sabedoria aqueles que o procuravam.<br \/>\nO sacerdote teve papel decisivo no fortalecimento das Comunidades Eclesiais de Base, na organiza\u00e7\u00e3o pastoral da par\u00f3quia e na valoriza\u00e7\u00e3o do d\u00edzimo como express\u00e3o de f\u00e9 e corresponsabilidade. Com vis\u00e3o ampla e sensibilidade social, compreendia que a evangeliza\u00e7\u00e3o precisava caminhar lado a lado com a promo\u00e7\u00e3o da dignidade humana.<br \/>\nPor isso, empenhou-se fortemente na \u00e1rea da educa\u00e7\u00e3o, sendo um dos grandes incentivadores e fundadores do Centro Educacional S\u00e3o Manuel, obra que marcou gera\u00e7\u00f5es e contribuiu para o desenvolvimento humano e social da regi\u00e3o.<br \/>\nEm reconhecimento ao seu servi\u00e7o fiel e dedicado \u00e0 Igreja, recebeu em 27 de fevereiro de 1975 o t\u00edtulo de Capel\u00e3o de Sua Santidade, passando a ser conhecido como monsenhor. A honraria, por\u00e9m, n\u00e3o alterou seu modo de viver: continuou simples, acess\u00edvel e inteiramente dedicado ao povo, mantendo um estilo de vida marcado pela humildade e pelo esp\u00edrito evang\u00e9lico.<br \/>\nMonsenhor Waldir era amplamente reconhecido por sua vida de ora\u00e7\u00e3o, sua serenidade e sua capacidade de escuta. Sua palavra firme e ao mesmo tempo acolhedora orientava consci\u00eancias e fortalecia a f\u00e9 dos que com ele conviviam. Ap\u00f3s sua morte, ocorrida em 22 de dezembro de 2001, cresceu espontaneamente entre os fi\u00e9is a fama de santidade, acompanhada de testemunhos de gra\u00e7as alcan\u00e7adas por sua intercess\u00e3o.<br \/>\nSeu t\u00famulo, localizado no Santu\u00e1rio do Sagrado Cora\u00e7\u00e3o de Jesus, em Marco, tornou-se lugar de ora\u00e7\u00e3o, visita\u00e7\u00e3o e devo\u00e7\u00e3o, onde o povo manifesta gratid\u00e3o e confian\u00e7a, reconhecendo nele um verdadeiro pastor segundo o cora\u00e7\u00e3o de Cristo.<br \/>\nAtenta a essa devo\u00e7\u00e3o popular e ap\u00f3s criteriosa an\u00e1lise, a Diocese de Sobral deu in\u00edcio ao processo can\u00f4nico para investigar a vida, as virtudes e a fama de santidade de monsenhor Waldir. Em 7 de fevereiro de 2020, a Santa S\u00e9 concedeu o\u00a0nihil obstat, autorizando oficialmente a abertura da causa de beatifica\u00e7\u00e3o e canoniza\u00e7\u00e3o. Pouco tempo depois, em 15 de dezembro de 2020, foi solenemente instaurada a fase diocesana da causa.<br \/>\nAp\u00f3s um intenso trabalho de pesquisa hist\u00f3rica, an\u00e1lise documental e oitiva de testemunhas que conviveram com o Servo de Deus, a fase diocesana foi encerrada solenemente em 12 de dezembro de 2025, na cidade de Marco. Toda a documenta\u00e7\u00e3o foi ent\u00e3o enviada \u00e0 Santa S\u00e9, onde a causa segue agora para a fase romana, sob a an\u00e1lise do Dicast\u00e9rio para as Causas dos Santos.<br \/>\nA vida e o minist\u00e9rio do Servo de Deus monsenhor Waldir Lopes de Castro continuam a ecoar como testemunho de fidelidade, servi\u00e7o e amor \u00e0 Igreja. Seu exemplo recorda que a santidade se constr\u00f3i no cotidiano, na doa\u00e7\u00e3o silenciosa, na proximidade com o povo e na entrega generosa ao Evangelho. Sua mem\u00f3ria segue inspirando sacerdotes, religiosos e leigos a viverem com autenticidade o chamado crist\u00e3o, colocando-se a servi\u00e7o do Reino de Deus e dos irm\u00e3os, especialmente dos mais necessitados.<\/p>\n<p>Thais Helena &#8211; Jornalista \u2013 Jornal Correio da Semana<\/p>\n<p><a href=\"https:\/\/correiodasemana.com\/site\/documentos-da-causa-de-waldir-lopes-de-castro-sao-oficialmente-entregues-ao-dicasterio-para-as-causas-dos-santos\/dom-vasconcelos-em-roma-1\/\" rel=\"attachment wp-att-37714\"><img fetchpriority=\"high\" decoding=\"async\" class=\"aligncenter size-full wp-image-37714\" src=\"https:\/\/correiodasemana.com\/site\/wp-content\/uploads\/2026\/03\/dom-vasconcelos-em-roma-1.jpeg\" alt=\"\" width=\"1600\" height=\"1200\" srcset=\"https:\/\/correiodasemana.com\/site\/wp-content\/uploads\/2026\/03\/dom-vasconcelos-em-roma-1.jpeg 1600w, https:\/\/correiodasemana.com\/site\/wp-content\/uploads\/2026\/03\/dom-vasconcelos-em-roma-1-300x225.jpeg 300w, https:\/\/correiodasemana.com\/site\/wp-content\/uploads\/2026\/03\/dom-vasconcelos-em-roma-1-1024x768.jpeg 1024w, https:\/\/correiodasemana.com\/site\/wp-content\/uploads\/2026\/03\/dom-vasconcelos-em-roma-1-768x576.jpeg 768w, https:\/\/correiodasemana.com\/site\/wp-content\/uploads\/2026\/03\/dom-vasconcelos-em-roma-1-1536x1152.jpeg 1536w\" sizes=\"(max-width: 1600px) 100vw, 1600px\" \/><\/a> <a href=\"https:\/\/correiodasemana.com\/site\/documentos-da-causa-de-waldir-lopes-de-castro-sao-oficialmente-entregues-ao-dicasterio-para-as-causas-dos-santos\/dom-vasconcelos-em-roma-2\/\" rel=\"attachment wp-att-37715\"><img decoding=\"async\" class=\"aligncenter size-full wp-image-37715\" src=\"https:\/\/correiodasemana.com\/site\/wp-content\/uploads\/2026\/03\/dom-vasconcelos-em-roma-2.jpeg\" alt=\"\" width=\"1600\" height=\"1200\" srcset=\"https:\/\/correiodasemana.com\/site\/wp-content\/uploads\/2026\/03\/dom-vasconcelos-em-roma-2.jpeg 1600w, https:\/\/correiodasemana.com\/site\/wp-content\/uploads\/2026\/03\/dom-vasconcelos-em-roma-2-300x225.jpeg 300w, https:\/\/correiodasemana.com\/site\/wp-content\/uploads\/2026\/03\/dom-vasconcelos-em-roma-2-1024x768.jpeg 1024w, https:\/\/correiodasemana.com\/site\/wp-content\/uploads\/2026\/03\/dom-vasconcelos-em-roma-2-768x576.jpeg 768w, https:\/\/correiodasemana.com\/site\/wp-content\/uploads\/2026\/03\/dom-vasconcelos-em-roma-2-1536x1152.jpeg 1536w\" sizes=\"(max-width: 1600px) 100vw, 1600px\" \/><\/a><\/p>\n","protected":false},"excerpt":{"rendered":"<p>A Comiss\u00e3o Diocesana da Causa de Beatifica\u00e7\u00e3o e Canoniza\u00e7\u00e3o do Servo de Deus Waldir Lopes&#8230;<\/p>\n","protected":false},"author":7,"featured_media":37715,"comment_status":"open","ping_status":"open","sticky":false,"template":"","format":"standard","meta":{"_jetpack_memberships_contains_paid_content":false,"footnotes":"","jetpack_publicize_message":"","jetpack_publicize_feature_enabled":true,"jetpack_social_post_already_shared":true,"jetpack_social_options":{"image_generator_settings":{"template":"highway","default_image_id":0,"font":"","enabled":false},"version":2}},"categories":[1],"tags":[],"class_list":["post-37713","post","type-post","status-publish","format-standard","has-post-thumbnail","hentry","category-atualidade"],"jetpack_publicize_connections":[],"jetpack_featured_media_url":"https:\/\/correiodasemana.com\/site\/wp-content\/uploads\/2026\/03\/dom-vasconcelos-em-roma-2.jpeg","jetpack-related-posts":[{"id":36473,"url":"https:\/\/correiodasemana.com\/site\/encerramento-da-fase-diocesana-da-causa-de-beatificacao-de-monsenhor-waldir-lopes-de-castro-sera-no-dia-12-de-dezembro\/","url_meta":{"origin":37713,"position":0},"title":"Encerramento da fase diocesana da Causa de Beatifica\u00e7\u00e3o de Monsenhor Waldir Lopes de Castro ser\u00e1 no dia 12 de dezembro","author":"adminredacao","date":"Novembro 25, 2025","format":false,"excerpt":"A Diocese de Sobral realizar\u00e1, no dia 12 de dezembro, o Encerramento da Fase Diocesana da Causa de Beatifica\u00e7\u00e3o e Canoniza\u00e7\u00e3o do Servo de Deus Monsenhor Waldir Lopes de Castro. A cerim\u00f4nia acontecer\u00e1 na Pra\u00e7a do Santu\u00e1rio do Sagrado Cora\u00e7\u00e3o de Jesus, em Marco, a partir das 19h, e marcar\u00e1\u2026","rel":"","context":"In &quot;Atualidade&quot;","block_context":{"text":"Atualidade","link":"https:\/\/correiodasemana.com\/site\/category\/atualidade\/"},"img":{"alt_text":"","src":"https:\/\/i0.wp.com\/correiodasemana.com\/site\/wp-content\/uploads\/2025\/11\/Foto-Oficial-Mons.-Waldir.png?resize=350%2C200&ssl=1","width":350,"height":200,"srcset":"https:\/\/i0.wp.com\/correiodasemana.com\/site\/wp-content\/uploads\/2025\/11\/Foto-Oficial-Mons.-Waldir.png?resize=350%2C200&ssl=1 1x, https:\/\/i0.wp.com\/correiodasemana.com\/site\/wp-content\/uploads\/2025\/11\/Foto-Oficial-Mons.-Waldir.png?resize=525%2C300&ssl=1 1.5x, https:\/\/i0.wp.com\/correiodasemana.com\/site\/wp-content\/uploads\/2025\/11\/Foto-Oficial-Mons.-Waldir.png?resize=700%2C400&ssl=1 2x, https:\/\/i0.wp.com\/correiodasemana.com\/site\/wp-content\/uploads\/2025\/11\/Foto-Oficial-Mons.-Waldir.png?resize=1050%2C600&ssl=1 3x"},"classes":[]},{"id":37981,"url":"https:\/\/correiodasemana.com\/site\/entrega-do-inquerito-diocesano-de-beatificacao-e-de-canonizacao-do-servo-de-deus-waldir-lopes-de-castro-no-vaticano-e-peregrinacao-a-assis\/","url_meta":{"origin":37713,"position":1},"title":"Entrega do Inqu\u00e9rito Diocesano de Beatifica\u00e7\u00e3o e de Canoniza\u00e7\u00e3o do Servo de Deus Waldir Lopes de Castro no Vaticano e peregrina\u00e7\u00e3o \u00e0 Assis","author":"adminredacao","date":"Abril 13, 2026","format":false,"excerpt":"Por Jos\u00e9 Lu\u00eds Lira Entrevista na R\u00e1dio Vaticana e Entrega do Inqu\u00e9rito Ainda era madrugada no Brasil, dia 5 de mar\u00e7o de 2026, por volta de 5h30min, quando Dom Jos\u00e9 Luiz Gomes de Vasconcelos, Bispo Diocesano de Sobral, Mons. Raimundo Nonato Timb\u00f3 de Paiva, P\u00e1roco de Marco e Vig\u00e1rio Geral\u2026","rel":"","context":"In &quot;Atualidade&quot;","block_context":{"text":"Atualidade","link":"https:\/\/correiodasemana.com\/site\/category\/atualidade\/"},"img":{"alt_text":"","src":"https:\/\/i0.wp.com\/correiodasemana.com\/site\/wp-content\/uploads\/2026\/04\/diocese-de-sobral-no-vaticano-2.jpeg?resize=350%2C200&ssl=1","width":350,"height":200,"srcset":"https:\/\/i0.wp.com\/correiodasemana.com\/site\/wp-content\/uploads\/2026\/04\/diocese-de-sobral-no-vaticano-2.jpeg?resize=350%2C200&ssl=1 1x, https:\/\/i0.wp.com\/correiodasemana.com\/site\/wp-content\/uploads\/2026\/04\/diocese-de-sobral-no-vaticano-2.jpeg?resize=525%2C300&ssl=1 1.5x, https:\/\/i0.wp.com\/correiodasemana.com\/site\/wp-content\/uploads\/2026\/04\/diocese-de-sobral-no-vaticano-2.jpeg?resize=700%2C400&ssl=1 2x, https:\/\/i0.wp.com\/correiodasemana.com\/site\/wp-content\/uploads\/2026\/04\/diocese-de-sobral-no-vaticano-2.jpeg?resize=1050%2C600&ssl=1 3x"},"classes":[]},{"id":10819,"url":"https:\/\/correiodasemana.com\/site\/santa-se-concede-a-autorizacao-para-a-abertura-da-causa-de-beatificacao-e-eleva-o-mons-waldir-a-condicao-de-servo-de-deus\/","url_meta":{"origin":37713,"position":2},"title":"Santa S\u00e9 concede a autoriza\u00e7\u00e3o para a abertura da Causa de Beatifica\u00e7\u00e3o e eleva o Mons. Waldir \u00e0 condi\u00e7\u00e3o de Servo de Deus","author":"","date":"Fevereiro 17, 2020","format":false,"excerpt":"No final da manh\u00e3 de sexta, dia 7, quando a edi\u00e7\u00e3o semanal do Correio da Semana j\u00e1 havia sido encerrada, o Bispo Diocesano de Sobral, Dom Jos\u00e9 Luiz Gomes de Vasconcelos, recebeu o Nihil Obstat da Santa S\u00e9 para a abertura da Causa de Beatifica\u00e7\u00e3o e de Canoniza\u00e7\u00e3o do Mons.\u2026","rel":"","context":"In &quot;Diocese&quot;","block_context":{"text":"Diocese","link":"https:\/\/correiodasemana.com\/site\/category\/diocese\/"},"img":{"alt_text":"","src":"https:\/\/i0.wp.com\/correiodasemana.com\/site\/wp-content\/uploads\/2020\/02\/IMG-20200209-WA0032.jpg?resize=350%2C200&ssl=1","width":350,"height":200,"srcset":"https:\/\/i0.wp.com\/correiodasemana.com\/site\/wp-content\/uploads\/2020\/02\/IMG-20200209-WA0032.jpg?resize=350%2C200&ssl=1 1x, https:\/\/i0.wp.com\/correiodasemana.com\/site\/wp-content\/uploads\/2020\/02\/IMG-20200209-WA0032.jpg?resize=525%2C300&ssl=1 1.5x, https:\/\/i0.wp.com\/correiodasemana.com\/site\/wp-content\/uploads\/2020\/02\/IMG-20200209-WA0032.jpg?resize=700%2C400&ssl=1 2x, https:\/\/i0.wp.com\/correiodasemana.com\/site\/wp-content\/uploads\/2020\/02\/IMG-20200209-WA0032.jpg?resize=1050%2C600&ssl=1 3x"},"classes":[]},{"id":37718,"url":"https:\/\/correiodasemana.com\/site\/bispo-de-sobral-no-ceara-dom-vasconcelos-visita-a-radio-vaticano\/","url_meta":{"origin":37713,"position":3},"title":"Bispo de Sobral, no Cear\u00e1, Dom Vasconcelos, visita a R\u00e1dio Vaticano","author":"adminredacao","date":"Mar\u00e7o 10, 2026","format":false,"excerpt":"Por Vatican News Recebemos nesta quinta-feira, nos est\u00fadios da R\u00e1dio Vaticano \u2013 Vatican News o bispo de Sobral no Cear\u00e1, Dom Jos\u00e9 Luiz Gomes de Vasconcelos, acompanhado monsenhor Raimundo Nonato Timb\u00f3 de Paiva, p\u00e1roco de Marco e pelo dr. Jos\u00e9 Lu\u00eds Lira, vice-postulador na causa de mons. Waldir Lopes. Dom\u2026","rel":"","context":"In &quot;Atualidade&quot;","block_context":{"text":"Atualidade","link":"https:\/\/correiodasemana.com\/site\/category\/atualidade\/"},"img":{"alt_text":"","src":"https:\/\/i0.wp.com\/correiodasemana.com\/site\/wp-content\/uploads\/2026\/03\/dom-vasconcelos-na-radio-vaticano-2.jpeg?resize=350%2C200&ssl=1","width":350,"height":200,"srcset":"https:\/\/i0.wp.com\/correiodasemana.com\/site\/wp-content\/uploads\/2026\/03\/dom-vasconcelos-na-radio-vaticano-2.jpeg?resize=350%2C200&ssl=1 1x, https:\/\/i0.wp.com\/correiodasemana.com\/site\/wp-content\/uploads\/2026\/03\/dom-vasconcelos-na-radio-vaticano-2.jpeg?resize=525%2C300&ssl=1 1.5x, https:\/\/i0.wp.com\/correiodasemana.com\/site\/wp-content\/uploads\/2026\/03\/dom-vasconcelos-na-radio-vaticano-2.jpeg?resize=700%2C400&ssl=1 2x, https:\/\/i0.wp.com\/correiodasemana.com\/site\/wp-content\/uploads\/2026\/03\/dom-vasconcelos-na-radio-vaticano-2.jpeg?resize=1050%2C600&ssl=1 3x, https:\/\/i0.wp.com\/correiodasemana.com\/site\/wp-content\/uploads\/2026\/03\/dom-vasconcelos-na-radio-vaticano-2.jpeg?resize=1400%2C800&ssl=1 4x"},"classes":[]},{"id":36756,"url":"https:\/\/correiodasemana.com\/site\/cerimonia-marca-encerramento-da-causa-diocesana-de-beatificacao-e-canonizacao-do-servo-de-deus-monsenhor-waldir-lopes-em-marco\/","url_meta":{"origin":37713,"position":4},"title":"Cerim\u00f4nia marca encerramento da Causa Diocesana de Beatifica\u00e7\u00e3o e Canoniza\u00e7\u00e3o do Servo de Deus Monsenhor Waldir Lopes em Marco","author":"adminredacao","date":"Dezembro 15, 2025","format":false,"excerpt":"A cidade de Marco viveu, na noite desta sexta-feira (12\/12), um momento hist\u00f3rico ao presenciar a Cerim\u00f4nia de Encerramento da Causa Diocesana de Beatifica\u00e7\u00e3o e Canoniza\u00e7\u00e3o do Servo de Deus Monsenhor Waldir Lopes de Castro, realizada na pra\u00e7a do Santu\u00e1rio do Sagrado Cora\u00e7\u00e3o de Jesus. Inicialmente, aconteceu a sess\u00e3o do\u2026","rel":"","context":"In &quot;Atualidade&quot;","block_context":{"text":"Atualidade","link":"https:\/\/correiodasemana.com\/site\/category\/atualidade\/"},"img":{"alt_text":"","src":"https:\/\/i0.wp.com\/correiodasemana.com\/site\/wp-content\/uploads\/2025\/12\/DIOCESE-BEATIFICACAO-7.jpeg?resize=350%2C200&ssl=1","width":350,"height":200,"srcset":"https:\/\/i0.wp.com\/correiodasemana.com\/site\/wp-content\/uploads\/2025\/12\/DIOCESE-BEATIFICACAO-7.jpeg?resize=350%2C200&ssl=1 1x, https:\/\/i0.wp.com\/correiodasemana.com\/site\/wp-content\/uploads\/2025\/12\/DIOCESE-BEATIFICACAO-7.jpeg?resize=525%2C300&ssl=1 1.5x, https:\/\/i0.wp.com\/correiodasemana.com\/site\/wp-content\/uploads\/2025\/12\/DIOCESE-BEATIFICACAO-7.jpeg?resize=700%2C400&ssl=1 2x, https:\/\/i0.wp.com\/correiodasemana.com\/site\/wp-content\/uploads\/2025\/12\/DIOCESE-BEATIFICACAO-7.jpeg?resize=1050%2C600&ssl=1 3x"},"classes":[]},{"id":15092,"url":"https:\/\/correiodasemana.com\/site\/causa-de-beatificacao-e-de-canonizacao-do-servo-de-deus-waldir-lopes-de-castro-sera-aberta\/","url_meta":{"origin":37713,"position":5},"title":"Causa de Beatifica\u00e7\u00e3o e de Canoniza\u00e7\u00e3o do Servo de Deus Waldir Lopes de Castro ser\u00e1 aberta","author":"","date":"Dezembro 21, 2020","format":false,"excerpt":"J\u00e1 se encontra na cidade de Marco o Dr. Paolo Vilotta, postulador credenciado junto \u00e0 Congrega\u00e7\u00e3o das Causas dos Santos, da Santa S\u00e9, acompanhado dos doutores Ronaldo Frigini, Ana L\u00facia Frigini e Jos\u00e9 Lu\u00eds Lira, para a abertura da Causa de Beatifica\u00e7\u00e3o e de Canoniza\u00e7\u00e3o do Servo de Deus Waldir\u2026","rel":"","context":"In &quot;Atualidade&quot;","block_context":{"text":"Atualidade","link":"https:\/\/correiodasemana.com\/site\/category\/atualidade\/"},"img":{"alt_text":"","src":"https:\/\/i0.wp.com\/correiodasemana.com\/site\/wp-content\/uploads\/2020\/12\/Mons.-Waldir.jpg?resize=350%2C200&ssl=1","width":350,"height":200,"srcset":"https:\/\/i0.wp.com\/correiodasemana.com\/site\/wp-content\/uploads\/2020\/12\/Mons.-Waldir.jpg?resize=350%2C200&ssl=1 1x, https:\/\/i0.wp.com\/correiodasemana.com\/site\/wp-content\/uploads\/2020\/12\/Mons.-Waldir.jpg?resize=525%2C300&ssl=1 1.5x, https:\/\/i0.wp.com\/correiodasemana.com\/site\/wp-content\/uploads\/2020\/12\/Mons.-Waldir.jpg?resize=700%2C400&ssl=1 2x"},"classes":[]}],"jetpack_sharing_enabled":true,"_links":{"self":[{"href":"https:\/\/correiodasemana.com\/site\/wp-json\/wp\/v2\/posts\/37713","targetHints":{"allow":["GET"]}}],"collection":[{"href":"https:\/\/correiodasemana.com\/site\/wp-json\/wp\/v2\/posts"}],"about":[{"href":"https:\/\/correiodasemana.com\/site\/wp-json\/wp\/v2\/types\/post"}],"author":[{"embeddable":true,"href":"https:\/\/correiodasemana.com\/site\/wp-json\/wp\/v2\/users\/7"}],"replies":[{"embeddable":true,"href":"https:\/\/correiodasemana.com\/site\/wp-json\/wp\/v2\/comments?post=37713"}],"version-history":[{"count":2,"href":"https:\/\/correiodasemana.com\/site\/wp-json\/wp\/v2\/posts\/37713\/revisions"}],"predecessor-version":[{"id":37717,"href":"https:\/\/correiodasemana.com\/site\/wp-json\/wp\/v2\/posts\/37713\/revisions\/37717"}],"wp:featuredmedia":[{"embeddable":true,"href":"https:\/\/correiodasemana.com\/site\/wp-json\/wp\/v2\/media\/37715"}],"wp:attachment":[{"href":"https:\/\/correiodasemana.com\/site\/wp-json\/wp\/v2\/media?parent=37713"}],"wp:term":[{"taxonomy":"category","embeddable":true,"href":"https:\/\/correiodasemana.com\/site\/wp-json\/wp\/v2\/categories?post=37713"},{"taxonomy":"post_tag","embeddable":true,"href":"https:\/\/correiodasemana.com\/site\/wp-json\/wp\/v2\/tags?post=37713"}],"curies":[{"name":"wp","href":"https:\/\/api.w.org\/{rel}","templated":true}]}}