{"id":37718,"date":"2026-03-10T23:51:00","date_gmt":"2026-03-11T02:51:00","guid":{"rendered":"https:\/\/correiodasemana.com\/site\/?p=37718"},"modified":"2026-03-10T23:51:00","modified_gmt":"2026-03-11T02:51:00","slug":"bispo-de-sobral-no-ceara-dom-vasconcelos-visita-a-radio-vaticano","status":"publish","type":"post","link":"https:\/\/correiodasemana.com\/site\/bispo-de-sobral-no-ceara-dom-vasconcelos-visita-a-radio-vaticano\/","title":{"rendered":"Bispo de Sobral, no Cear\u00e1, Dom Vasconcelos, visita a R\u00e1dio Vaticano"},"content":{"rendered":"<p>Por Vatican News<\/p>\n<p>Recebemos nesta quinta-feira, nos est\u00fadios da R\u00e1dio Vaticano \u2013 Vatican News o bispo de Sobral no Cear\u00e1, Dom Jos\u00e9 Luiz Gomes de Vasconcelos, acompanhado monsenhor Raimundo Nonato Timb\u00f3 de Paiva, p\u00e1roco de Marco e pelo dr. Jos\u00e9 Lu\u00eds Lira, vice-postulador na causa de mons. Waldir Lopes.<\/p>\n<p>Dom Jos\u00e9 nos falou sobre o motivo da sua passagem por Roma nesses dias.<br \/>\nDevemos entregar ao Dicast\u00e9rio para a causa dos Santos a documenta\u00e7\u00e3o do encerramento do processo de beatifica\u00e7\u00e3o e canoniza\u00e7\u00e3o do mons. Waldir Lopes que foi p\u00e1roco de Marco, na nossa diocese entre 1964 e 2001. Estou acompanhado do p\u00e1roco de Marco, mons. Nonato Timb\u00f3 e tamb\u00e9m pelo vice-postulador da causa dos Santos o professor Jos\u00e9 Lu\u00eds Lira. Tamb\u00e9m nos acompanhar\u00e1 o postulador doutor Paulo Villota.<\/p>\n<p>Poderia nos falar um pouco sobre a vida de mons. Waldir?<br \/>\nMons. Waldir eu n\u00e3o conheci pessoalmente, mas existe uma grande fama de santidade, de uma venera\u00e7\u00e3o muito grande por ele. N\u00f3s podemos dizer que assim como S\u00e3o Jo\u00e3o Maria Vianney foi o modelo para os p\u00e1rocos de todas as \u00e9pocas, mons. Waldir tem sido um modelo para os p\u00e1rocos dos tempos hodiernos. Ele soube acolher a diversidade de carismas de sua Par\u00f3quia seja a Renova\u00e7\u00e3o carism\u00e1tica, seja comunidades eclesiais de base e deixou muitos frutos. Um p\u00e1roco paterno. S\u00f3 para ter uma ideia as missas dominicais embora tenham v\u00e1rias missas durante o dia, mas sobretudo \u00e0 noite, as missas dominicais t\u00eam que ser campais. Tem a igreja matriz, que \u00e9 grande, tem o santu\u00e1rio dedicado ao Sagrado Cora\u00e7\u00e3o de Jesus que \u00e9 tamb\u00e9m bem maior, mas as igrejas n\u00e3o comportam o povo. O \u00edndice de catolicidade \u00e9 97%. \u00a0Veja s\u00f3, as pessoas lotam a pra\u00e7a todos os domingos como se fosse uma festa de padroeiro. Confiss\u00f5es nem se fala., S\u00f3 para ter uma ideia, mons. Timb\u00f3 est\u00e1 aqui, e pode testemunhar, n\u00f3s fizemos a inscri\u00e7\u00e3o para catequese crismal dentro de uma perspectiva catecumenal; dura 2 anos a catequese. Foram escritos naquela Par\u00f3quia que n\u00e3o \u00e9 a maior Par\u00f3quia da diocese de Sobral, foram inscritos 1.200 jovens. Depois de 2 anos foram crismados 960 jovens.<\/p>\n<p>O senhor tem uma resposta para isso?<br \/>\nEu atribuo tudo isso \u00e0 boa semeadura de mons. Waldir Lopes. Marco \u00e9 tamb\u00e9m um polo moveleiro. Durante a quaresma alguns anos atr\u00e1s t\u00ednhamos tr\u00eas padres naquela Par\u00f3quia. Foram visitar uma determinada empresa e se colocaram \u00e0 disposi\u00e7\u00e3o dos funcion\u00e1rios que quisessem se confessar, se confessaram 800 funcion\u00e1rios. Isso nos deixa encantado sem falar de novas comunidades que l\u00e1 existe. O trabalho de caridade que \u00e9 o compromisso com os pobres, com os necessitados. Tamb\u00e9m o d\u00edzimo. Mons. Waldir implantou o d\u00edzimo dentro de uma consci\u00eancia eclesial muito bela\u2026<\/p>\n<p>O Servo de Deus Waldir Lopes de Castro<br \/>\nO Servo de Deus Waldir Lopes de Castro, conhecido carinhosamente como Monsenhor Waldir, \u00e9 uma das figuras mais queridas e significativas da hist\u00f3ria recente da Igreja na Diocese de Sobral. Seu testemunho sacerdotal, marcado pela simplicidade, pelo amor ao povo e pelo compromisso com a evangeliza\u00e7\u00e3o e a promo\u00e7\u00e3o humana, permanece vivo na mem\u00f3ria dos fi\u00e9is, especialmente na cidade de Marco, onde exerceu grande parte de seu minist\u00e9rio.<br \/>\nMonsenhor Waldir nasceu em 2 de fevereiro de 1931, na cidade de Sobral, Cear\u00e1, em uma fam\u00edlia simples e profundamente enraizada na f\u00e9 crist\u00e3. Desde a inf\u00e2ncia, revelou sensibilidade religiosa, esp\u00edrito solid\u00e1rio e inclina\u00e7\u00e3o para a vida sacerdotal. Esses sinais vocacionais foram amadurecendo ao longo dos anos, levando-o a ingressar no semin\u00e1rio, onde se destacou pela piedade, disciplina e dedica\u00e7\u00e3o aos estudos.<br \/>\nFoi ordenado sacerdote em 8 de dezembro de 1956, solenidade da Imaculada Concei\u00e7\u00e3o, data que marcou profundamente sua espiritualidade e sua devo\u00e7\u00e3o mariana. Desde os primeiros anos de minist\u00e9rio, Monsenhor Waldir se revelou um pastor pr\u00f3ximo do povo, atento \u00e0s realidades do interior e profundamente comprometido com a miss\u00e3o evangelizadora da Igreja.<br \/>\nGrande parte de sua vida sacerdotal foi dedicada \u00e0 Par\u00f3quia S\u00e3o Manuel, no munic\u00edpio de Marco (CE), onde exerceu o minist\u00e9rio de p\u00e1roco por muitos anos. Ali, construiu uma hist\u00f3ria marcada pela presen\u00e7a constante junto \u00e0s comunidades, pelo cuidado com a vida lit\u00fargica e sacramental e pelo incentivo \u00e0 participa\u00e7\u00e3o ativa dos leigos. Era conhecido por visitar fam\u00edlias, acompanhar os doentes, consolar os aflitos e orientar com paci\u00eancia e sabedoria aqueles que o procuravam.<br \/>\nMonsenhor Waldir teve papel decisivo no fortalecimento das Comunidades Eclesiais de Base, na organiza\u00e7\u00e3o pastoral da par\u00f3quia e na valoriza\u00e7\u00e3o do d\u00edzimo como express\u00e3o de f\u00e9 e corresponsabilidade. Com vis\u00e3o ampla e sensibilidade social, compreendia que a evangeliza\u00e7\u00e3o precisava caminhar lado a lado com a promo\u00e7\u00e3o da dignidade humana. Por isso, empenhou-se fortemente na \u00e1rea da educa\u00e7\u00e3o, sendo um dos grandes incentivadores e fundadores do Centro Educacional S\u00e3o Manuel, obra que marcou gera\u00e7\u00f5es e contribuiu para o desenvolvimento humano e social da regi\u00e3o.<br \/>\nEm reconhecimento ao seu servi\u00e7o fiel e dedicado \u00e0 Igreja, recebeu em 27 de fevereiro de 1975 o t\u00edtulo de Capel\u00e3o de Sua Santidade, passando a ser conhecido como Monsenhor. A honraria, por\u00e9m, n\u00e3o alterou seu modo de viver: continuou simples, acess\u00edvel e inteiramente dedicado ao povo, mantendo um estilo de vida marcado pela humildade e pelo esp\u00edrito evang\u00e9lico.<br \/>\nMonsenhor Waldir era amplamente reconhecido por sua vida de ora\u00e7\u00e3o, sua serenidade e sua capacidade de escuta. Sua palavra firme e ao mesmo tempo acolhedora orientava consci\u00eancias e fortalecia a f\u00e9 dos que com ele conviviam. Ap\u00f3s sua morte, ocorrida em 22 de dezembro de 2001, cresceu espontaneamente entre os fi\u00e9is a fama de santidade, acompanhada de testemunhos de gra\u00e7as alcan\u00e7adas por sua intercess\u00e3o.<br \/>\nSeu t\u00famulo, localizado no Santu\u00e1rio do Sagrado Cora\u00e7\u00e3o de Jesus, em Marco, tornou-se lugar de ora\u00e7\u00e3o, visita\u00e7\u00e3o e devo\u00e7\u00e3o, onde o povo manifesta gratid\u00e3o e confian\u00e7a, reconhecendo nele um verdadeiro pastor segundo o cora\u00e7\u00e3o de Cristo.<br \/>\nAtenta a essa devo\u00e7\u00e3o popular e ap\u00f3s criteriosa an\u00e1lise, a Diocese de Sobral deu in\u00edcio ao processo can\u00f4nico para investigar a vida, as virtudes e a fama de santidade de Monsenhor Waldir. Em 7 de fevereiro de 2020, a Santa S\u00e9 concedeu o\u00a0nihil obstat, autorizando oficialmente a abertura da causa de beatifica\u00e7\u00e3o e canoniza\u00e7\u00e3o. Pouco tempo depois, em 15 de dezembro de 2020, foi solenemente instaurada a fase diocesana da causa.<br \/>\nAp\u00f3s um intenso trabalho de pesquisa hist\u00f3rica, an\u00e1lise documental e oitiva de testemunhas que conviveram com o Servo de Deus, a fase diocesana foi encerrada solenemente em 12 de dezembro de 2025, na cidade de Marco. Toda a documenta\u00e7\u00e3o foi ent\u00e3o enviada \u00e0 Santa S\u00e9, onde a causa segue agora para a fase romana, sob a an\u00e1lise do Dicast\u00e9rio para as Causas dos Santos.<br \/>\nA vida e o minist\u00e9rio do Servo de Deus Monsenhor Waldir Lopes de Castro continuam a ecoar como testemunho de fidelidade, servi\u00e7o e amor \u00e0 Igreja. Seu exemplo recorda que a santidade se constr\u00f3i no cotidiano, na doa\u00e7\u00e3o silenciosa, na proximidade com o povo e na entrega generosa ao Evangelho. Sua mem\u00f3ria segue inspirando sacerdotes, religiosos e leigos a viverem com autenticidade o chamado crist\u00e3o, colocando-se a servi\u00e7o do Reino de Deus e dos irm\u00e3os, especialmente dos mais necessitados.<br \/>\nFonte: Diocese de Sobral<\/p>\n<p><a href=\"https:\/\/correiodasemana.com\/site\/bispo-de-sobral-no-ceara-dom-vasconcelos-visita-a-radio-vaticano\/dom-vasconcelos-na-radio-vaticano-1\/\" rel=\"attachment wp-att-37719\"><img fetchpriority=\"high\" decoding=\"async\" class=\"aligncenter size-full wp-image-37719\" src=\"https:\/\/correiodasemana.com\/site\/wp-content\/uploads\/2026\/03\/dom-vasconcelos-na-radio-vaticano-1.jpeg\" alt=\"\" width=\"1600\" height=\"1200\" srcset=\"https:\/\/correiodasemana.com\/site\/wp-content\/uploads\/2026\/03\/dom-vasconcelos-na-radio-vaticano-1.jpeg 1600w, https:\/\/correiodasemana.com\/site\/wp-content\/uploads\/2026\/03\/dom-vasconcelos-na-radio-vaticano-1-300x225.jpeg 300w, https:\/\/correiodasemana.com\/site\/wp-content\/uploads\/2026\/03\/dom-vasconcelos-na-radio-vaticano-1-1024x768.jpeg 1024w, https:\/\/correiodasemana.com\/site\/wp-content\/uploads\/2026\/03\/dom-vasconcelos-na-radio-vaticano-1-768x576.jpeg 768w, https:\/\/correiodasemana.com\/site\/wp-content\/uploads\/2026\/03\/dom-vasconcelos-na-radio-vaticano-1-1536x1152.jpeg 1536w\" sizes=\"(max-width: 1600px) 100vw, 1600px\" \/><\/a> <a href=\"https:\/\/correiodasemana.com\/site\/bispo-de-sobral-no-ceara-dom-vasconcelos-visita-a-radio-vaticano\/dom-vasconcelos-na-radio-vaticano-2\/\" rel=\"attachment wp-att-37720\"><img decoding=\"async\" class=\"aligncenter size-full wp-image-37720\" src=\"https:\/\/correiodasemana.com\/site\/wp-content\/uploads\/2026\/03\/dom-vasconcelos-na-radio-vaticano-2.jpeg\" alt=\"\" width=\"1600\" height=\"1200\" srcset=\"https:\/\/correiodasemana.com\/site\/wp-content\/uploads\/2026\/03\/dom-vasconcelos-na-radio-vaticano-2.jpeg 1600w, https:\/\/correiodasemana.com\/site\/wp-content\/uploads\/2026\/03\/dom-vasconcelos-na-radio-vaticano-2-300x225.jpeg 300w, https:\/\/correiodasemana.com\/site\/wp-content\/uploads\/2026\/03\/dom-vasconcelos-na-radio-vaticano-2-1024x768.jpeg 1024w, https:\/\/correiodasemana.com\/site\/wp-content\/uploads\/2026\/03\/dom-vasconcelos-na-radio-vaticano-2-768x576.jpeg 768w, https:\/\/correiodasemana.com\/site\/wp-content\/uploads\/2026\/03\/dom-vasconcelos-na-radio-vaticano-2-1536x1152.jpeg 1536w\" sizes=\"(max-width: 1600px) 100vw, 1600px\" \/><\/a><\/p>\n","protected":false},"excerpt":{"rendered":"<p>Por Vatican News Recebemos nesta quinta-feira, nos est\u00fadios da R\u00e1dio Vaticano \u2013 Vatican News o&#8230;<\/p>\n","protected":false},"author":7,"featured_media":37720,"comment_status":"open","ping_status":"open","sticky":false,"template":"","format":"standard","meta":{"_jetpack_memberships_contains_paid_content":false,"footnotes":"","jetpack_publicize_message":"","jetpack_publicize_feature_enabled":true,"jetpack_social_post_already_shared":true,"jetpack_social_options":{"image_generator_settings":{"template":"highway","default_image_id":0,"font":"","enabled":false},"version":2}},"categories":[1],"tags":[],"class_list":["post-37718","post","type-post","status-publish","format-standard","has-post-thumbnail","hentry","category-atualidade"],"jetpack_publicize_connections":[],"jetpack_featured_media_url":"https:\/\/correiodasemana.com\/site\/wp-content\/uploads\/2026\/03\/dom-vasconcelos-na-radio-vaticano-2.jpeg","jetpack-related-posts":[{"id":10819,"url":"https:\/\/correiodasemana.com\/site\/santa-se-concede-a-autorizacao-para-a-abertura-da-causa-de-beatificacao-e-eleva-o-mons-waldir-a-condicao-de-servo-de-deus\/","url_meta":{"origin":37718,"position":0},"title":"Santa S\u00e9 concede a autoriza\u00e7\u00e3o para a abertura da Causa de Beatifica\u00e7\u00e3o e eleva o Mons. Waldir \u00e0 condi\u00e7\u00e3o de Servo de Deus","author":"","date":"Fevereiro 17, 2020","format":false,"excerpt":"No final da manh\u00e3 de sexta, dia 7, quando a edi\u00e7\u00e3o semanal do Correio da Semana j\u00e1 havia sido encerrada, o Bispo Diocesano de Sobral, Dom Jos\u00e9 Luiz Gomes de Vasconcelos, recebeu o Nihil Obstat da Santa S\u00e9 para a abertura da Causa de Beatifica\u00e7\u00e3o e de Canoniza\u00e7\u00e3o do Mons.\u2026","rel":"","context":"In &quot;Diocese&quot;","block_context":{"text":"Diocese","link":"https:\/\/correiodasemana.com\/site\/category\/diocese\/"},"img":{"alt_text":"","src":"https:\/\/i0.wp.com\/correiodasemana.com\/site\/wp-content\/uploads\/2020\/02\/IMG-20200209-WA0032.jpg?resize=350%2C200&ssl=1","width":350,"height":200,"srcset":"https:\/\/i0.wp.com\/correiodasemana.com\/site\/wp-content\/uploads\/2020\/02\/IMG-20200209-WA0032.jpg?resize=350%2C200&ssl=1 1x, https:\/\/i0.wp.com\/correiodasemana.com\/site\/wp-content\/uploads\/2020\/02\/IMG-20200209-WA0032.jpg?resize=525%2C300&ssl=1 1.5x, https:\/\/i0.wp.com\/correiodasemana.com\/site\/wp-content\/uploads\/2020\/02\/IMG-20200209-WA0032.jpg?resize=700%2C400&ssl=1 2x, https:\/\/i0.wp.com\/correiodasemana.com\/site\/wp-content\/uploads\/2020\/02\/IMG-20200209-WA0032.jpg?resize=1050%2C600&ssl=1 3x"},"classes":[]},{"id":9373,"url":"https:\/\/correiodasemana.com\/site\/causa-de-beatificacao-e-de-canonizacao-do-mons-waldir-sera-aberta\/","url_meta":{"origin":37718,"position":1},"title":"Causa de Beatifica\u00e7\u00e3o e de Canoniza\u00e7\u00e3o do Mons. Waldir ser\u00e1 aberta","author":"","date":"Outubro 7, 2019","format":false,"excerpt":"Dia 3 \u00faltimo, quinta-feira, data da celebra\u00e7\u00e3o da mem\u00f3ria dos Protom\u00e1rtires do Brasil ou M\u00e1rtires de Cunha\u00fa e Urua\u00e7u, no Rio Grande do Norte, Santos Andr\u00e9 de Soveral, Ambr\u00f3sio Francisco Ferro, sacerdotes, Mateus Moreira e 27 leigos, Dom Jos\u00e9 Luiz Gomes de Vasconcelos, Bispo de Sobral, recebeu o Pe. Raimundo\u2026","rel":"","context":"In &quot;Atualidade&quot;","block_context":{"text":"Atualidade","link":"https:\/\/correiodasemana.com\/site\/category\/atualidade\/"},"img":{"alt_text":"","src":"https:\/\/i0.wp.com\/correiodasemana.com\/site\/wp-content\/uploads\/2019\/10\/FOTO-OFICAL-Pe.-Timb%C3%B3-Dom-Vasconcelos-e-Prof.-Luis-Lira.jpg?resize=350%2C200&ssl=1","width":350,"height":200,"srcset":"https:\/\/i0.wp.com\/correiodasemana.com\/site\/wp-content\/uploads\/2019\/10\/FOTO-OFICAL-Pe.-Timb%C3%B3-Dom-Vasconcelos-e-Prof.-Luis-Lira.jpg?resize=350%2C200&ssl=1 1x, https:\/\/i0.wp.com\/correiodasemana.com\/site\/wp-content\/uploads\/2019\/10\/FOTO-OFICAL-Pe.-Timb%C3%B3-Dom-Vasconcelos-e-Prof.-Luis-Lira.jpg?resize=525%2C300&ssl=1 1.5x, https:\/\/i0.wp.com\/correiodasemana.com\/site\/wp-content\/uploads\/2019\/10\/FOTO-OFICAL-Pe.-Timb%C3%B3-Dom-Vasconcelos-e-Prof.-Luis-Lira.jpg?resize=700%2C400&ssl=1 2x, https:\/\/i0.wp.com\/correiodasemana.com\/site\/wp-content\/uploads\/2019\/10\/FOTO-OFICAL-Pe.-Timb%C3%B3-Dom-Vasconcelos-e-Prof.-Luis-Lira.jpg?resize=1050%2C600&ssl=1 3x, https:\/\/i0.wp.com\/correiodasemana.com\/site\/wp-content\/uploads\/2019\/10\/FOTO-OFICAL-Pe.-Timb%C3%B3-Dom-Vasconcelos-e-Prof.-Luis-Lira.jpg?resize=1400%2C800&ssl=1 4x"},"classes":[]},{"id":37981,"url":"https:\/\/correiodasemana.com\/site\/entrega-do-inquerito-diocesano-de-beatificacao-e-de-canonizacao-do-servo-de-deus-waldir-lopes-de-castro-no-vaticano-e-peregrinacao-a-assis\/","url_meta":{"origin":37718,"position":2},"title":"Entrega do Inqu\u00e9rito Diocesano de Beatifica\u00e7\u00e3o e de Canoniza\u00e7\u00e3o do Servo de Deus Waldir Lopes de Castro no Vaticano e peregrina\u00e7\u00e3o \u00e0 Assis","author":"adminredacao","date":"Abril 13, 2026","format":false,"excerpt":"Por Jos\u00e9 Lu\u00eds Lira Entrevista na R\u00e1dio Vaticana e Entrega do Inqu\u00e9rito Ainda era madrugada no Brasil, dia 5 de mar\u00e7o de 2026, por volta de 5h30min, quando Dom Jos\u00e9 Luiz Gomes de Vasconcelos, Bispo Diocesano de Sobral, Mons. Raimundo Nonato Timb\u00f3 de Paiva, P\u00e1roco de Marco e Vig\u00e1rio Geral\u2026","rel":"","context":"In &quot;Atualidade&quot;","block_context":{"text":"Atualidade","link":"https:\/\/correiodasemana.com\/site\/category\/atualidade\/"},"img":{"alt_text":"","src":"https:\/\/i0.wp.com\/correiodasemana.com\/site\/wp-content\/uploads\/2026\/04\/diocese-de-sobral-no-vaticano-2.jpeg?resize=350%2C200&ssl=1","width":350,"height":200,"srcset":"https:\/\/i0.wp.com\/correiodasemana.com\/site\/wp-content\/uploads\/2026\/04\/diocese-de-sobral-no-vaticano-2.jpeg?resize=350%2C200&ssl=1 1x, https:\/\/i0.wp.com\/correiodasemana.com\/site\/wp-content\/uploads\/2026\/04\/diocese-de-sobral-no-vaticano-2.jpeg?resize=525%2C300&ssl=1 1.5x, https:\/\/i0.wp.com\/correiodasemana.com\/site\/wp-content\/uploads\/2026\/04\/diocese-de-sobral-no-vaticano-2.jpeg?resize=700%2C400&ssl=1 2x, https:\/\/i0.wp.com\/correiodasemana.com\/site\/wp-content\/uploads\/2026\/04\/diocese-de-sobral-no-vaticano-2.jpeg?resize=1050%2C600&ssl=1 3x"},"classes":[]},{"id":15090,"url":"https:\/\/correiodasemana.com\/site\/na-alegria-do-advento-a-felicidade-dos-santos\/","url_meta":{"origin":37718,"position":3},"title":"NA ALEGRIA DO ADVENTO, A FELICIDADE DOS SANTOS!","author":"","date":"Dezembro 21, 2020","format":false,"excerpt":"Vivemos o per\u00edodo do advento, tempo de esperas, literalmente. Naquela noite magna em que a Estrela brilhou nos c\u00e9us de Bel\u00e9m, nasceu-nos o Salvador, Jesus. Deus-Filho que quis vir at\u00e9 n\u00f3s, viver como n\u00f3s, experimentando as dificuldades da vida, exceto em rela\u00e7\u00e3o ao pecado. Neste domingo, a Igreja celebra o\u2026","rel":"","context":"In &quot;Artigos&quot;","block_context":{"text":"Artigos","link":"https:\/\/correiodasemana.com\/site\/category\/artigos\/"},"img":{"alt_text":"","src":"https:\/\/i0.wp.com\/correiodasemana.com\/site\/wp-content\/uploads\/2019\/07\/Jose%CC%81-1.jpg?resize=350%2C200&ssl=1","width":350,"height":200,"srcset":"https:\/\/i0.wp.com\/correiodasemana.com\/site\/wp-content\/uploads\/2019\/07\/Jose%CC%81-1.jpg?resize=350%2C200&ssl=1 1x, https:\/\/i0.wp.com\/correiodasemana.com\/site\/wp-content\/uploads\/2019\/07\/Jose%CC%81-1.jpg?resize=525%2C300&ssl=1 1.5x, https:\/\/i0.wp.com\/correiodasemana.com\/site\/wp-content\/uploads\/2019\/07\/Jose%CC%81-1.jpg?resize=700%2C400&ssl=1 2x"},"classes":[]},{"id":15092,"url":"https:\/\/correiodasemana.com\/site\/causa-de-beatificacao-e-de-canonizacao-do-servo-de-deus-waldir-lopes-de-castro-sera-aberta\/","url_meta":{"origin":37718,"position":4},"title":"Causa de Beatifica\u00e7\u00e3o e de Canoniza\u00e7\u00e3o do Servo de Deus Waldir Lopes de Castro ser\u00e1 aberta","author":"","date":"Dezembro 21, 2020","format":false,"excerpt":"J\u00e1 se encontra na cidade de Marco o Dr. Paolo Vilotta, postulador credenciado junto \u00e0 Congrega\u00e7\u00e3o das Causas dos Santos, da Santa S\u00e9, acompanhado dos doutores Ronaldo Frigini, Ana L\u00facia Frigini e Jos\u00e9 Lu\u00eds Lira, para a abertura da Causa de Beatifica\u00e7\u00e3o e de Canoniza\u00e7\u00e3o do Servo de Deus Waldir\u2026","rel":"","context":"In &quot;Atualidade&quot;","block_context":{"text":"Atualidade","link":"https:\/\/correiodasemana.com\/site\/category\/atualidade\/"},"img":{"alt_text":"","src":"https:\/\/i0.wp.com\/correiodasemana.com\/site\/wp-content\/uploads\/2020\/12\/Mons.-Waldir.jpg?resize=350%2C200&ssl=1","width":350,"height":200,"srcset":"https:\/\/i0.wp.com\/correiodasemana.com\/site\/wp-content\/uploads\/2020\/12\/Mons.-Waldir.jpg?resize=350%2C200&ssl=1 1x, https:\/\/i0.wp.com\/correiodasemana.com\/site\/wp-content\/uploads\/2020\/12\/Mons.-Waldir.jpg?resize=525%2C300&ssl=1 1.5x, https:\/\/i0.wp.com\/correiodasemana.com\/site\/wp-content\/uploads\/2020\/12\/Mons.-Waldir.jpg?resize=700%2C400&ssl=1 2x"},"classes":[]},{"id":15116,"url":"https:\/\/correiodasemana.com\/site\/causa-de-beatificacao-e-de-canonizacao-do-servo-de-deus-waldir-lopes-de-castro-e-aberta-no-ceara\/","url_meta":{"origin":37718,"position":5},"title":"Causa de Beatifica\u00e7\u00e3o e de Canoniza\u00e7\u00e3o do Servo  de Deus, Waldir Lopes de Castro \u00e9 aberta no Cear\u00e1","author":"","date":"Dezembro 21, 2020","format":false,"excerpt":"Waldir Lopes de Castro realizou servi\u00e7os pastorais no Cear\u00e1 e passou a ter fama de santidade ap\u00f3s a morte, em 2001 Por Joc\u00e9lio Tavares. Aconteceu, na noite do \u00faltimo dia 15\/12 (ter\u00e7a-feira), no Santu\u00e1rio Sagrado Cora\u00e7\u00e3o de Jesus, na cidade de Marco, interior do Cear\u00e1, a abertura da causa de\u2026","rel":"","context":"In &quot;Diocese&quot;","block_context":{"text":"Diocese","link":"https:\/\/correiodasemana.com\/site\/category\/diocese\/"},"img":{"alt_text":"","src":"https:\/\/i0.wp.com\/correiodasemana.com\/site\/wp-content\/uploads\/2020\/12\/DSC6273.jpg?resize=350%2C200&ssl=1","width":350,"height":200,"srcset":"https:\/\/i0.wp.com\/correiodasemana.com\/site\/wp-content\/uploads\/2020\/12\/DSC6273.jpg?resize=350%2C200&ssl=1 1x, https:\/\/i0.wp.com\/correiodasemana.com\/site\/wp-content\/uploads\/2020\/12\/DSC6273.jpg?resize=525%2C300&ssl=1 1.5x, https:\/\/i0.wp.com\/correiodasemana.com\/site\/wp-content\/uploads\/2020\/12\/DSC6273.jpg?resize=700%2C400&ssl=1 2x"},"classes":[]}],"jetpack_sharing_enabled":true,"_links":{"self":[{"href":"https:\/\/correiodasemana.com\/site\/wp-json\/wp\/v2\/posts\/37718","targetHints":{"allow":["GET"]}}],"collection":[{"href":"https:\/\/correiodasemana.com\/site\/wp-json\/wp\/v2\/posts"}],"about":[{"href":"https:\/\/correiodasemana.com\/site\/wp-json\/wp\/v2\/types\/post"}],"author":[{"embeddable":true,"href":"https:\/\/correiodasemana.com\/site\/wp-json\/wp\/v2\/users\/7"}],"replies":[{"embeddable":true,"href":"https:\/\/correiodasemana.com\/site\/wp-json\/wp\/v2\/comments?post=37718"}],"version-history":[{"count":2,"href":"https:\/\/correiodasemana.com\/site\/wp-json\/wp\/v2\/posts\/37718\/revisions"}],"predecessor-version":[{"id":37722,"href":"https:\/\/correiodasemana.com\/site\/wp-json\/wp\/v2\/posts\/37718\/revisions\/37722"}],"wp:featuredmedia":[{"embeddable":true,"href":"https:\/\/correiodasemana.com\/site\/wp-json\/wp\/v2\/media\/37720"}],"wp:attachment":[{"href":"https:\/\/correiodasemana.com\/site\/wp-json\/wp\/v2\/media?parent=37718"}],"wp:term":[{"taxonomy":"category","embeddable":true,"href":"https:\/\/correiodasemana.com\/site\/wp-json\/wp\/v2\/categories?post=37718"},{"taxonomy":"post_tag","embeddable":true,"href":"https:\/\/correiodasemana.com\/site\/wp-json\/wp\/v2\/tags?post=37718"}],"curies":[{"name":"wp","href":"https:\/\/api.w.org\/{rel}","templated":true}]}}