{"id":37723,"date":"2026-03-10T23:52:10","date_gmt":"2026-03-11T02:52:10","guid":{"rendered":"https:\/\/correiodasemana.com\/site\/?p=37723"},"modified":"2026-03-10T23:52:10","modified_gmt":"2026-03-11T02:52:10","slug":"dom-vasconcelos-participa-de-audiencia-geral-com-o-papa-leao-xiv-no-vaticano","status":"publish","type":"post","link":"https:\/\/correiodasemana.com\/site\/dom-vasconcelos-participa-de-audiencia-geral-com-o-papa-leao-xiv-no-vaticano\/","title":{"rendered":"Dom Vasconcelos participa de Audi\u00eancia Geral com o Papa Le\u00e3o XIV no Vaticano"},"content":{"rendered":"<p>Na manh\u00e3 da \u00faltima quarta-feira (04\/03), o bispo da Diocese de Sobral, Jos\u00e9 Luiz Gomes de Vasconcelos, participou da catequese da Audi\u00eancia Geral com o Papa Le\u00e3o XIV, realizada na Pra\u00e7a S\u00e3o Pedro, no Vaticano.<br \/>\nNa ocasi\u00e3o, o Sumo Pont\u00edfice deu continuidade ao ciclo de catequeses dedicadas \u00e0 Lumen Gentium, refletindo sobre a natureza e a miss\u00e3o da Igreja.<br \/>\nDurante a reflex\u00e3o, o Santo Padre ressaltou que n\u00e3o existe uma Igreja ideal e pura, separada da realidade humana, mas a \u00fanica Igreja de Cristo, encarnada na hist\u00f3ria e peregrina no mundo. O Papa destacou ainda que a Igreja \u00e9 chamada a viver sua miss\u00e3o no meio da humanidade, sendo sinal de esperan\u00e7a, comunh\u00e3o e servi\u00e7o.<br \/>\nAp\u00f3s a catequese, Dom Vasconcelos teve a oportunidade de cumprimentar o Pont\u00edfice e recebeu a assinatura do Papa em seu primeiro documento escrito como Pont\u00edfice, \u201cDilexi te\u201d. Neste momento especial, o bispo levou consigo a f\u00e9 e as ora\u00e7\u00f5es de todo o povo da Diocese de Sobral, representando a Igreja particular neste encontro com o sucessor de Pedro.<br \/>\n\u201cFoi um momento de muita emo\u00e7\u00e3o. Ouvi de Sua Santidade uma sauda\u00e7\u00e3o carinhosa, palavras de motiva\u00e7\u00e3o para as a\u00e7\u00f5es da catequese e uma breve abordagem sobre os documentos do Conc\u00edlio Vaticano II\u201d, destacou o bispo.<br \/>\nA participa\u00e7\u00e3o na Audi\u00eancia Geral integrou a agenda de Dom Vasconcelos em Roma, onde tamb\u00e9m realizou compromissos relacionados \u00e0 entrega da documenta\u00e7\u00e3o da causa de beatifica\u00e7\u00e3o e canoniza\u00e7\u00e3o do Servo de Deus Waldir Lopes de Castro ao Dicast\u00e9rio para as Causas dos Santos.<br \/>\nThais Helena &#8211; Jornalista &#8211; Jornal Correio da Semana<\/p>\n","protected":false},"excerpt":{"rendered":"<p>Na manh\u00e3 da \u00faltima quarta-feira (04\/03), o bispo da Diocese de Sobral, Jos\u00e9 Luiz Gomes&#8230;<\/p>\n","protected":false},"author":7,"featured_media":37724,"comment_status":"open","ping_status":"open","sticky":false,"template":"","format":"standard","meta":{"_jetpack_memberships_contains_paid_content":false,"footnotes":"","jetpack_publicize_message":"","jetpack_publicize_feature_enabled":true,"jetpack_social_post_already_shared":true,"jetpack_social_options":{"image_generator_settings":{"template":"highway","default_image_id":0,"font":"","enabled":false},"version":2}},"categories":[1],"tags":[],"class_list":["post-37723","post","type-post","status-publish","format-standard","has-post-thumbnail","hentry","category-atualidade"],"jetpack_publicize_connections":[],"jetpack_featured_media_url":"https:\/\/correiodasemana.com\/site\/wp-content\/uploads\/2026\/03\/dom-vasconcelos-com-papa-no-vaticano.jpeg","jetpack-related-posts":[{"id":33990,"url":"https:\/\/correiodasemana.com\/site\/leao-xiv-na-audiencia-geral-a-palavra-de-deus-e-para-todos-mas-atua-diferente-em-cada-um\/","url_meta":{"origin":37723,"position":0},"title":"Le\u00e3o XIV na Audi\u00eancia Geral: a Palavra de Deus \u00e9 para todos, mas atua diferente em cada um","author":"adminredacao","date":"Junho 3, 2025","format":false,"excerpt":"Na sua primeira Audi\u00eancia Geral, o Papa retomou o ciclo de catequeses proposto por Francisco para refletir sobre as par\u00e1bolas. Le\u00e3o XIV escolheu aquela do semeador e afirmou que \u201cA Palavra de Jesus \u00e9 para todos, mas atua de uma forma diferente em cada pessoa\u201d, dependendo do solo encontrado, de\u2026","rel":"","context":"In &quot;Atualidade&quot;","block_context":{"text":"Atualidade","link":"https:\/\/correiodasemana.com\/site\/category\/atualidade\/"},"img":{"alt_text":"","src":"https:\/\/i0.wp.com\/correiodasemana.com\/site\/wp-content\/uploads\/2025\/06\/Papa-Leao-XIV-audiencia-comunicacao.jpeg?resize=350%2C200&ssl=1","width":350,"height":200,"srcset":"https:\/\/i0.wp.com\/correiodasemana.com\/site\/wp-content\/uploads\/2025\/06\/Papa-Leao-XIV-audiencia-comunicacao.jpeg?resize=350%2C200&ssl=1 1x, https:\/\/i0.wp.com\/correiodasemana.com\/site\/wp-content\/uploads\/2025\/06\/Papa-Leao-XIV-audiencia-comunicacao.jpeg?resize=525%2C300&ssl=1 1.5x, https:\/\/i0.wp.com\/correiodasemana.com\/site\/wp-content\/uploads\/2025\/06\/Papa-Leao-XIV-audiencia-comunicacao.jpeg?resize=700%2C400&ssl=1 2x"},"classes":[]},{"id":37019,"url":"https:\/\/correiodasemana.com\/site\/papa-leao-xiv-convoca-consistorio-extraordinario-este-e-o-primeiro-de-seu-pontificado\/","url_meta":{"origin":37723,"position":1},"title":"Papa Le\u00e3o XIV convoca Consist\u00f3rio Extraordin\u00e1rio; este \u00e9 o primeiro de seu pontificado","author":"adminredacao","date":"Janeiro 10, 2026","format":false,"excerpt":"Nos dias 7 e 8 de janeiro, realizou-se o primeiro Consist\u00f3rio Extraordin\u00e1rio do pontificado do Papa Le\u00e3o XIV. O encontro reuniu cardeais de diversas partes do mundo, incluindo cardeais brasileiros, no Vaticano. \u00a0 O consist\u00f3rio teve como finalidade promover o discernimento conjunto e oferecer aconselhamento ao Santo Padre no governo\u2026","rel":"","context":"In &quot;Atualidade&quot;","block_context":{"text":"Atualidade","link":"https:\/\/correiodasemana.com\/site\/category\/atualidade\/"},"img":{"alt_text":"","src":"https:\/\/i0.wp.com\/correiodasemana.com\/site\/wp-content\/uploads\/2026\/01\/cq5dam.thumbnail.cropped.1500.844.jpeg?resize=350%2C200&ssl=1","width":350,"height":200,"srcset":"https:\/\/i0.wp.com\/correiodasemana.com\/site\/wp-content\/uploads\/2026\/01\/cq5dam.thumbnail.cropped.1500.844.jpeg?resize=350%2C200&ssl=1 1x, https:\/\/i0.wp.com\/correiodasemana.com\/site\/wp-content\/uploads\/2026\/01\/cq5dam.thumbnail.cropped.1500.844.jpeg?resize=525%2C300&ssl=1 1.5x, https:\/\/i0.wp.com\/correiodasemana.com\/site\/wp-content\/uploads\/2026\/01\/cq5dam.thumbnail.cropped.1500.844.jpeg?resize=700%2C400&ssl=1 2x, https:\/\/i0.wp.com\/correiodasemana.com\/site\/wp-content\/uploads\/2026\/01\/cq5dam.thumbnail.cropped.1500.844.jpeg?resize=1050%2C600&ssl=1 3x"},"classes":[]},{"id":33799,"url":"https:\/\/correiodasemana.com\/site\/domingo-do-bom-pastor-dom-vasconcelos-convida-fieis-a-renovarem-a-fe-e-a-rezarem-pelo-novo-pontifice\/","url_meta":{"origin":37723,"position":2},"title":"Domingo do Bom Pastor: Dom Vasconcelos convida fieis a renovarem a f\u00e9 e a rezarem pelo novo Pont\u00edfice","author":"adminredacao","date":"Maio 19, 2025","format":false,"excerpt":"No \u00faltimo dia 11 de maio, a Igreja Cat\u00f3lica celebrou o 4\u00ba Domingo da P\u00e1scoa, mais conhecido como Domingo do Bom Pastor. Dom Vasconcelos presidiu a Santa Missa na S\u00e9 Catedral de Sobral, onde na oportunidade rendeu gra\u00e7as pela elei\u00e7\u00e3o do novo pont\u00edfice, Papa Le\u00e3o XIV. A santa eucaristia foi\u2026","rel":"","context":"In &quot;Atualidade&quot;","block_context":{"text":"Atualidade","link":"https:\/\/correiodasemana.com\/site\/category\/atualidade\/"},"img":{"alt_text":"","src":"https:\/\/i0.wp.com\/correiodasemana.com\/site\/wp-content\/uploads\/2025\/05\/WhatsApp-Image-2025-05-16-at-15.51.50.jpeg?resize=350%2C200&ssl=1","width":350,"height":200,"srcset":"https:\/\/i0.wp.com\/correiodasemana.com\/site\/wp-content\/uploads\/2025\/05\/WhatsApp-Image-2025-05-16-at-15.51.50.jpeg?resize=350%2C200&ssl=1 1x, https:\/\/i0.wp.com\/correiodasemana.com\/site\/wp-content\/uploads\/2025\/05\/WhatsApp-Image-2025-05-16-at-15.51.50.jpeg?resize=525%2C300&ssl=1 1.5x, https:\/\/i0.wp.com\/correiodasemana.com\/site\/wp-content\/uploads\/2025\/05\/WhatsApp-Image-2025-05-16-at-15.51.50.jpeg?resize=700%2C400&ssl=1 2x, https:\/\/i0.wp.com\/correiodasemana.com\/site\/wp-content\/uploads\/2025\/05\/WhatsApp-Image-2025-05-16-at-15.51.50.jpeg?resize=1050%2C600&ssl=1 3x, https:\/\/i0.wp.com\/correiodasemana.com\/site\/wp-content\/uploads\/2025\/05\/WhatsApp-Image-2025-05-16-at-15.51.50.jpeg?resize=1400%2C800&ssl=1 4x"},"classes":[]},{"id":33955,"url":"https:\/\/correiodasemana.com\/site\/leao-xiv-inicia-seu-ministerio-e-a-hora-do-amor-olhem-para-cristo-e-aproximem-se-dele\/","url_meta":{"origin":37723,"position":3},"title":"Le\u00e3o XIV inicia seu minist\u00e9rio: \u201c\u00c9 a hora do amor! Olhem para Cristo e aproximem-se Dele\u201d","author":"adminredacao","date":"Junho 3, 2025","format":false,"excerpt":"\u201cFui escolhido sem qualquer m\u00e9rito e, com temor e tremor, venho at\u00e9 voc\u00eas como um irm\u00e3o que deseja fazer-se servo da f\u00e9 e da alegria\u201d, disse Le\u00e3o XIV na missa de in\u00edcio de pontificado. O Santo Padre expressou o desejo de uma Igreja unida, que seja fermento para um mundo\u2026","rel":"","context":"In &quot;Atualidade&quot;","block_context":{"text":"Atualidade","link":"https:\/\/correiodasemana.com\/site\/category\/atualidade\/"},"img":{"alt_text":"","src":"https:\/\/i0.wp.com\/correiodasemana.com\/site\/wp-content\/uploads\/2025\/06\/primeira-missa-Papa-Leao-XIV-4.jpeg?resize=350%2C200&ssl=1","width":350,"height":200,"srcset":"https:\/\/i0.wp.com\/correiodasemana.com\/site\/wp-content\/uploads\/2025\/06\/primeira-missa-Papa-Leao-XIV-4.jpeg?resize=350%2C200&ssl=1 1x, https:\/\/i0.wp.com\/correiodasemana.com\/site\/wp-content\/uploads\/2025\/06\/primeira-missa-Papa-Leao-XIV-4.jpeg?resize=525%2C300&ssl=1 1.5x, https:\/\/i0.wp.com\/correiodasemana.com\/site\/wp-content\/uploads\/2025\/06\/primeira-missa-Papa-Leao-XIV-4.jpeg?resize=700%2C400&ssl=1 2x, https:\/\/i0.wp.com\/correiodasemana.com\/site\/wp-content\/uploads\/2025\/06\/primeira-missa-Papa-Leao-XIV-4.jpeg?resize=1050%2C600&ssl=1 3x"},"classes":[]},{"id":35866,"url":"https:\/\/correiodasemana.com\/site\/leao-xiv-os-idosos-sao-uma-bencao-nao-devem-ser-descartados\/","url_meta":{"origin":37723,"position":4},"title":"Le\u00e3o XIV: os idosos s\u00e3o uma b\u00ean\u00e7\u00e3o, n\u00e3o devem ser descartados","author":"adminredacao","date":"Outubro 13, 2025","format":false,"excerpt":"O Papa recebeu na sexta-feira, 3\/10, no Vaticano, os participantes do II Congresso Internacional de Pastoral dos Idosos. O Pont\u00edfice afirmou que a velhice \u00e9 parte da maravilha da vida, pediu que ningu\u00e9m seja deixado sozinho e destacou o protagonismo dos anci\u00e3os na miss\u00e3o da Igreja. Por Thulio Fonseca -\u2026","rel":"","context":"In &quot;Atualidade&quot;","block_context":{"text":"Atualidade","link":"https:\/\/correiodasemana.com\/site\/category\/atualidade\/"},"img":{"alt_text":"","src":"https:\/\/i0.wp.com\/correiodasemana.com\/site\/wp-content\/uploads\/2025\/10\/cq5dam.thumbnail.cropped.1500.844.jpeg?resize=350%2C200&ssl=1","width":350,"height":200,"srcset":"https:\/\/i0.wp.com\/correiodasemana.com\/site\/wp-content\/uploads\/2025\/10\/cq5dam.thumbnail.cropped.1500.844.jpeg?resize=350%2C200&ssl=1 1x, https:\/\/i0.wp.com\/correiodasemana.com\/site\/wp-content\/uploads\/2025\/10\/cq5dam.thumbnail.cropped.1500.844.jpeg?resize=525%2C300&ssl=1 1.5x, https:\/\/i0.wp.com\/correiodasemana.com\/site\/wp-content\/uploads\/2025\/10\/cq5dam.thumbnail.cropped.1500.844.jpeg?resize=700%2C400&ssl=1 2x, https:\/\/i0.wp.com\/correiodasemana.com\/site\/wp-content\/uploads\/2025\/10\/cq5dam.thumbnail.cropped.1500.844.jpeg?resize=1050%2C600&ssl=1 3x"},"classes":[]},{"id":33746,"url":"https:\/\/correiodasemana.com\/site\/as-primeiras-palavras-do-papa-leao-xiv-a-roma-e-ao-mundo\/","url_meta":{"origin":37723,"position":5},"title":"As primeiras palavras do Papa Le\u00e3o XIV a Roma e ao mundo","author":"adminredacao","date":"Maio 12, 2025","format":false,"excerpt":"\u201cDeus nos ama, Deus ama a todos voc\u00eas, e o mal n\u00e3o prevalecer\u00e1! Estamos todos nas m\u00e3os de Deus\u201d: o novo Pont\u00edfice, agostoniano, recordou a b\u00ean\u00e7\u00e3o de seu antecessor jesu\u00edta, concedida a Roma e ao mundo inteiro \u201cnaquela manh\u00e3 do dia de P\u00e1scoa\u201d. Ele tamb\u00e9m convidou a caminhar juntos \u201ccomo\u2026","rel":"","context":"In &quot;Atualidade&quot;","block_context":{"text":"Atualidade","link":"https:\/\/correiodasemana.com\/site\/category\/atualidade\/"},"img":{"alt_text":"","src":"https:\/\/i0.wp.com\/correiodasemana.com\/site\/wp-content\/uploads\/2025\/05\/FOTO-Primeiro-discurso-do-Papa-Leao-XIV.webp?resize=350%2C200&ssl=1","width":350,"height":200,"srcset":"https:\/\/i0.wp.com\/correiodasemana.com\/site\/wp-content\/uploads\/2025\/05\/FOTO-Primeiro-discurso-do-Papa-Leao-XIV.webp?resize=350%2C200&ssl=1 1x, https:\/\/i0.wp.com\/correiodasemana.com\/site\/wp-content\/uploads\/2025\/05\/FOTO-Primeiro-discurso-do-Papa-Leao-XIV.webp?resize=525%2C300&ssl=1 1.5x, https:\/\/i0.wp.com\/correiodasemana.com\/site\/wp-content\/uploads\/2025\/05\/FOTO-Primeiro-discurso-do-Papa-Leao-XIV.webp?resize=700%2C400&ssl=1 2x"},"classes":[]}],"jetpack_sharing_enabled":true,"_links":{"self":[{"href":"https:\/\/correiodasemana.com\/site\/wp-json\/wp\/v2\/posts\/37723","targetHints":{"allow":["GET"]}}],"collection":[{"href":"https:\/\/correiodasemana.com\/site\/wp-json\/wp\/v2\/posts"}],"about":[{"href":"https:\/\/correiodasemana.com\/site\/wp-json\/wp\/v2\/types\/post"}],"author":[{"embeddable":true,"href":"https:\/\/correiodasemana.com\/site\/wp-json\/wp\/v2\/users\/7"}],"replies":[{"embeddable":true,"href":"https:\/\/correiodasemana.com\/site\/wp-json\/wp\/v2\/comments?post=37723"}],"version-history":[{"count":1,"href":"https:\/\/correiodasemana.com\/site\/wp-json\/wp\/v2\/posts\/37723\/revisions"}],"predecessor-version":[{"id":37725,"href":"https:\/\/correiodasemana.com\/site\/wp-json\/wp\/v2\/posts\/37723\/revisions\/37725"}],"wp:featuredmedia":[{"embeddable":true,"href":"https:\/\/correiodasemana.com\/site\/wp-json\/wp\/v2\/media\/37724"}],"wp:attachment":[{"href":"https:\/\/correiodasemana.com\/site\/wp-json\/wp\/v2\/media?parent=37723"}],"wp:term":[{"taxonomy":"category","embeddable":true,"href":"https:\/\/correiodasemana.com\/site\/wp-json\/wp\/v2\/categories?post=37723"},{"taxonomy":"post_tag","embeddable":true,"href":"https:\/\/correiodasemana.com\/site\/wp-json\/wp\/v2\/tags?post=37723"}],"curies":[{"name":"wp","href":"https:\/\/api.w.org\/{rel}","templated":true}]}}