{"id":37726,"date":"2026-03-10T23:52:53","date_gmt":"2026-03-11T02:52:53","guid":{"rendered":"https:\/\/correiodasemana.com\/site\/?p=37726"},"modified":"2026-03-10T23:52:53","modified_gmt":"2026-03-11T02:52:53","slug":"3o-domingo-da-quaresma","status":"publish","type":"post","link":"https:\/\/correiodasemana.com\/site\/3o-domingo-da-quaresma\/","title":{"rendered":"3\u00ba Domingo da Quaresma\u00a0"},"content":{"rendered":"<p>\u201cSenhor, d\u00e1-me dessa \u00e1gua (Jo\u00a04,15)<br \/>\nCelebramos, neste domingo, o terceiro deste tempo quaresmal. Estamos chegando \u00e0 metade desse tempo de gra\u00e7a e do nosso retiro quaresmal. Do mesmo modo que Jesus, somos convidados a vencer as tenta\u00e7\u00f5es do inimigo e, com o aux\u00edlio do Esp\u00edrito Santo, praticar a ora\u00e7\u00e3o, o jejum e a caridade. Continuemos em nosso caminho de convers\u00e3o e mudan\u00e7a de vida rumo \u00e0 P\u00e1scoa de Nosso Senhor. Se ainda n\u00e3o foi poss\u00edvel aproximar-se do sacramento da Reconcilia\u00e7\u00e3o, fa\u00e7amo-lo o quanto antes.<br \/>\nA partir desta semana, as par\u00f3quias costumam realizar o mutir\u00e3o de confiss\u00f5es. Procure ver a programa\u00e7\u00e3o em sua par\u00f3quia. Preparemo-nos bem para esse sacramento por meio do exame de consci\u00eancia; pe\u00e7amos a luz do Esp\u00edrito Santo e n\u00e3o tenhamos medo desse sacramento. O pr\u00f3prio Jesus nos acolhe nele e nos concede o seu perd\u00e3o. Do mesmo modo que Deus nos perdoa, devemos tamb\u00e9m perdoar os nossos irm\u00e3os.<br \/>\nNeste domingo celebramos o Dia Internacional da Mulher. Rezemos por todas as mulheres, para que sejam respeitadas em sua dignidade em todos os ambientes da sociedade: no trabalho, na fam\u00edlia, na Igreja e nos diversos espa\u00e7os sociais. Pe\u00e7amos a intercess\u00e3o da Virgem Maria por todas as mulheres, para que estejam sempre dispostas a fazer a vontade do Pai.<br \/>\nRezemos tamb\u00e9m por tantas mulheres que n\u00e3o s\u00e3o respeitadas por seus companheiros. Nesta semana internacional da mulher, elevemos nossas preces por todas as mulheres do Brasil e do mundo. Ao celebrarmos o Dia Internacional da Mulher, rezemos por nossas m\u00e3es, que sempre se esfor\u00e7aram para nos dar o melhor. Denunciamos, ainda, que os crimes de feminic\u00eddio devem ser combatidos com todo o rigor da lei brasileira.<br \/>\nA primeira leitura da missa deste domingo \u00e9 do livro do \u00caxodo (Ex\u00a017,3-7). Essa leitura relata quando o povo de Deus come\u00e7ou a murmurar contra Deus e contra Mois\u00e9s por estarem no deserto e passarem sede. O povo de Deus era um povo de cora\u00e7\u00e3o endurecido, que muitas vezes n\u00e3o compreendia os planos de Deus e reclamava constantemente.<br \/>\nDeus os havia libertado da escravid\u00e3o no Egito, das garras do fara\u00f3, e era necess\u00e1rio atravessar o deserto at\u00e9 chegarem \u00e0 Terra Prometida. Eles queriam que tudo acontecesse imediatamente: sair do Egito e j\u00e1 alcan\u00e7ar a Terra Prometida.<br \/>\nO mesmo acontece conosco. Muitas vezes reclamamos diante de Deus, sobretudo quando aquilo que pedimos demora a acontecer. Contudo, Deus nunca se esquece de n\u00f3s e sempre quer o nosso bem. Confiemos em sua gra\u00e7a e em sua infinita miseric\u00f3rdia. Muitas vezes somos ingratos: esquecemos de agradecer tantas coisas boas que Deus realiza em nossa vida; apenas pedimos e n\u00e3o sabemos esperar a gra\u00e7a acontecer.<br \/>\nO salmo responsorial \u00e9 o 94(95), que nos diz em seu refr\u00e3o: \u201cHoje n\u00e3o fecheis o vosso cora\u00e7\u00e3o, mas ouvi a voz do Senhor!\u201d. \u00c9 necess\u00e1rio ouvir mais e falar menos, at\u00e9 mesmo em nossos momentos de ora\u00e7\u00e3o. Precisamos falar menos e deixar Deus falar conosco. Ou\u00e7amos o Senhor e permitamos que o Esp\u00edrito Santo conduza o nosso caminho.<br \/>\nA segunda leitura da missa deste domingo \u00e9 da Carta de S\u00e3o Paulo aos Romanos (Rm\u00a05,1-2.5-8). Paulo afirma que somos justificados pela f\u00e9 por meio do mist\u00e9rio da ressurrei\u00e7\u00e3o de Nosso Senhor Jesus Cristo. Por meio de Cristo, acreditamos que aquilo que aconteceu com Ele tamb\u00e9m acontecer\u00e1 conosco. Se Cristo n\u00e3o tivesse ressuscitado dos mortos, v\u00e3 seria a nossa f\u00e9. Essa leitura vem ao encontro do que celebramos neste tempo quaresmal.<br \/>\nO crist\u00e3o \u00e9 aquele que nutre a esperan\u00e7a dentro de si; essa esperan\u00e7a foi derramada em nossos cora\u00e7\u00f5es pelo Esp\u00edrito Santo. A prova de que Deus nos ama \u00e9 que Cristo morreu e se entregou por n\u00f3s. A meta que cada um deve trazer no cora\u00e7\u00e3o \u00e9 alcan\u00e7ar a vida eterna. Amemos mais os nossos semelhantes e\u00a0cultivemos maior caridade em nosso cora\u00e7\u00e3o.<br \/>\nO Evangelho deste domingo \u00e9 de Jo\u00e3o (Jo\u00a04,5-42 \u2014 forma longa). Ele relata quando Jesus chega a uma regi\u00e3o da Samaria. Judeus e samaritanos n\u00e3o se relacionavam bem, pois os judeus consideravam os samaritanos impuros. Jesus, por\u00e9m, vai na contram\u00e3o da mentalidade da \u00e9poca e, em vez da exclus\u00e3o, anuncia a inclus\u00e3o e a salva\u00e7\u00e3o para todos.<br \/>\nNo lugar onde Jesus chegou havia um po\u00e7o, o conhecido Po\u00e7o de Jac\u00f3. Era por volta do meio-dia, e Ele estava cansado da viagem. Nesse momento, chegou uma mulher samaritana para tirar \u00e1gua, e Jesus lhe disse: \u201cD\u00e1-me de beber\u201d. A mulher ficou admirada e perguntou como Ele, sendo judeu, pedia de beber a uma samaritana. Jesus respondeu que, se ela soubesse quem lhe pedia \u00e1gua, seria ela quem pediria, e Ele lhe daria \u00e1gua viva.<br \/>\nQuem nos d\u00e1 a verdadeira \u00e1gua, aquela que sacia para sempre a nossa sede, \u00e9 o pr\u00f3prio Jesus. Pe\u00e7amos a gra\u00e7a de sempre beber dessa \u00e1gua. Quando sentirmos sede espiritual, meditemos a Palavra de Deus e busquemos a Eucaristia; assim saciaremos nossa fome e nossa sede. Somos tamb\u00e9m convidados a oferecer essa mesma \u00e1gua aos outros, para que o mundo seja transformado.<br \/>\nMuitas pessoas est\u00e3o afastadas da Igreja e sedentas de Deus. Quem sabe, neste tempo quaresmal, possamos oferecer essa \u00e1gua viva a muitos irm\u00e3os e irm\u00e3s. Jesus dialoga com aquela mulher, revela aspectos de sua vida e manifesta-se a ela como o Messias esperado. Ele tamb\u00e9m conhece a nossa hist\u00f3ria: desde o ventre materno nos conhece, chama-nos pelo nome e guia nossos passos at\u00e9 o fim de nossa vida.<br \/>\nPe\u00e7amos ao Senhor essa \u00e1gua viva que somente Ele pode nos dar. Mantenhamos viva a f\u00e9 na ressurrei\u00e7\u00e3o do Senhor e sejamos mais gratos a Deus por tudo o que acontece em nossa vida. Prossigamos nesta caminhada quaresmal rumo \u00e0\u00a0P\u00e1scoa.<br \/>\nCardeal Orani Jo\u00e3o Tempesta &#8211; Arcebispo do Rio de Janeiro (RJ)<\/p>\n","protected":false},"excerpt":{"rendered":"<p>\u201cSenhor, d\u00e1-me dessa \u00e1gua (Jo\u00a04,15) Celebramos, neste domingo, o terceiro deste tempo quaresmal. Estamos chegando&#8230;<\/p>\n","protected":false},"author":7,"featured_media":29973,"comment_status":"open","ping_status":"open","sticky":false,"template":"","format":"standard","meta":{"_jetpack_memberships_contains_paid_content":false,"footnotes":"","jetpack_publicize_message":"","jetpack_publicize_feature_enabled":true,"jetpack_social_post_already_shared":true,"jetpack_social_options":{"image_generator_settings":{"template":"highway","default_image_id":0,"font":"","enabled":false},"version":2}},"categories":[24,11],"tags":[],"class_list":["post-37726","post","type-post","status-publish","format-standard","has-post-thumbnail","hentry","category-a-voz-do-pastor","category-artigos"],"jetpack_publicize_connections":[],"jetpack_featured_media_url":"https:\/\/correiodasemana.com\/site\/wp-content\/uploads\/2024\/07\/dom-vasconcelos-nispo-de-sobral-scaled.jpg","jetpack-related-posts":[{"id":37676,"url":"https:\/\/correiodasemana.com\/site\/regiao-episcopal-sede-paroquias-realizam-mutirao-de-confissoes-no-periodo-quaresmal\/","url_meta":{"origin":37726,"position":0},"title":"Regi\u00e3o Episcopal Sede: Par\u00f3quias realizam Mutir\u00e3o de Confiss\u00f5es no per\u00edodo quaresmal","author":"adminredacao","date":"Mar\u00e7o 10, 2026","format":false,"excerpt":"Desde o dia 03 de mar\u00e7o, as par\u00f3quias que fazem parte da Regi\u00e3o Episcopal Sede est\u00e3o realizando o Mutir\u00e3o de Confiss\u00f5es em diversas localidades dos munic\u00edpios de Sobral e Forquilha, incluindo o distrito de Jord\u00e3o. A iniciativa acontece anualmente durante o tempo da Quaresma, per\u00edodo em que a Igreja convida\u2026","rel":"","context":"In &quot;Atualidade&quot;","block_context":{"text":"Atualidade","link":"https:\/\/correiodasemana.com\/site\/category\/atualidade\/"},"img":{"alt_text":"","src":"https:\/\/i0.wp.com\/correiodasemana.com\/site\/wp-content\/uploads\/2026\/03\/Quase-Paroquia-de-Nossa-Senhora-da-Saude-Jordao-1.jpeg?resize=350%2C200&ssl=1","width":350,"height":200,"srcset":"https:\/\/i0.wp.com\/correiodasemana.com\/site\/wp-content\/uploads\/2026\/03\/Quase-Paroquia-de-Nossa-Senhora-da-Saude-Jordao-1.jpeg?resize=350%2C200&ssl=1 1x, https:\/\/i0.wp.com\/correiodasemana.com\/site\/wp-content\/uploads\/2026\/03\/Quase-Paroquia-de-Nossa-Senhora-da-Saude-Jordao-1.jpeg?resize=525%2C300&ssl=1 1.5x, https:\/\/i0.wp.com\/correiodasemana.com\/site\/wp-content\/uploads\/2026\/03\/Quase-Paroquia-de-Nossa-Senhora-da-Saude-Jordao-1.jpeg?resize=700%2C400&ssl=1 2x, https:\/\/i0.wp.com\/correiodasemana.com\/site\/wp-content\/uploads\/2026\/03\/Quase-Paroquia-de-Nossa-Senhora-da-Saude-Jordao-1.jpeg?resize=1050%2C600&ssl=1 3x"},"classes":[]},{"id":37825,"url":"https:\/\/correiodasemana.com\/site\/o-oasis-em-nossa-caminhada-quaresmal\/","url_meta":{"origin":37726,"position":1},"title":"O o\u00e1sis em nossa caminhada quaresmal","author":"adminredacao","date":"Mar\u00e7o 20, 2026","format":false,"excerpt":"Eu vim para salvar o mundo (Jo\u00a012,47) O tempo santo\u00a0e favor\u00e1vel\u00a0da Quaresma \u00e9, por excel\u00eancia, um itiner\u00e1rio de convers\u00e3o e de retorno ao cora\u00e7\u00e3o do Evangelho. A Igreja, em sua sabedoria milenar, oferece-nos este per\u00edodo de quarenta dias como um retiro espiritual em prepara\u00e7\u00e3o para a celebra\u00e7\u00e3o do Mist\u00e9rio Pascal,\u2026","rel":"","context":"In &quot;A voz do Pastor&quot;","block_context":{"text":"A voz do Pastor","link":"https:\/\/correiodasemana.com\/site\/category\/a-voz-do-pastor\/"},"img":{"alt_text":"","src":"https:\/\/i0.wp.com\/correiodasemana.com\/site\/wp-content\/uploads\/2024\/04\/Dom-Jose-Luiz-Gomes-Vasconcelos-bispo-diocesano-de-Sobral.jpeg?resize=350%2C200&ssl=1","width":350,"height":200,"srcset":"https:\/\/i0.wp.com\/correiodasemana.com\/site\/wp-content\/uploads\/2024\/04\/Dom-Jose-Luiz-Gomes-Vasconcelos-bispo-diocesano-de-Sobral.jpeg?resize=350%2C200&ssl=1 1x, https:\/\/i0.wp.com\/correiodasemana.com\/site\/wp-content\/uploads\/2024\/04\/Dom-Jose-Luiz-Gomes-Vasconcelos-bispo-diocesano-de-Sobral.jpeg?resize=525%2C300&ssl=1 1.5x, https:\/\/i0.wp.com\/correiodasemana.com\/site\/wp-content\/uploads\/2024\/04\/Dom-Jose-Luiz-Gomes-Vasconcelos-bispo-diocesano-de-Sobral.jpeg?resize=700%2C400&ssl=1 2x, https:\/\/i0.wp.com\/correiodasemana.com\/site\/wp-content\/uploads\/2024\/04\/Dom-Jose-Luiz-Gomes-Vasconcelos-bispo-diocesano-de-Sobral.jpeg?resize=1050%2C600&ssl=1 3x"},"classes":[]},{"id":37704,"url":"https:\/\/correiodasemana.com\/site\/retiro-quaresmal-da-quase-paroquia-da-divina-misericordia-reune-centenas-de-fieis-em-sobral\/","url_meta":{"origin":37726,"position":2},"title":"Retiro Quaresmal da Quase-Par\u00f3quia da Divina Miseric\u00f3rdia re\u00fane centenas de fi\u00e9is em Sobral","author":"adminredacao","date":"Mar\u00e7o 10, 2026","format":false,"excerpt":"A Quase-Par\u00f3quia da Divina Miseric\u00f3rdia realizou, de 27 de fevereiro a 1\u00ba de mar\u00e7o, o Retiro Quaresmal, com o tema: \u201cEu te amei\u201d (Ap 3, 9), no audit\u00f3rio do Centro Universit\u00e1rio INTA \u2013 UNINTA, em Sobral. O encontro reuniu centenas de pessoas que, ao longo desses dias, viveram um profundo\u2026","rel":"","context":"In &quot;Atualidade&quot;","block_context":{"text":"Atualidade","link":"https:\/\/correiodasemana.com\/site\/category\/atualidade\/"},"img":{"alt_text":"","src":"https:\/\/i0.wp.com\/correiodasemana.com\/site\/wp-content\/uploads\/2026\/03\/quaresma-4.jpeg?resize=350%2C200&ssl=1","width":350,"height":200,"srcset":"https:\/\/i0.wp.com\/correiodasemana.com\/site\/wp-content\/uploads\/2026\/03\/quaresma-4.jpeg?resize=350%2C200&ssl=1 1x, https:\/\/i0.wp.com\/correiodasemana.com\/site\/wp-content\/uploads\/2026\/03\/quaresma-4.jpeg?resize=525%2C300&ssl=1 1.5x, https:\/\/i0.wp.com\/correiodasemana.com\/site\/wp-content\/uploads\/2026\/03\/quaresma-4.jpeg?resize=700%2C400&ssl=1 2x, https:\/\/i0.wp.com\/correiodasemana.com\/site\/wp-content\/uploads\/2026\/03\/quaresma-4.jpeg?resize=1050%2C600&ssl=1 3x, https:\/\/i0.wp.com\/correiodasemana.com\/site\/wp-content\/uploads\/2026\/03\/quaresma-4.jpeg?resize=1400%2C800&ssl=1 4x"},"classes":[]},{"id":33359,"url":"https:\/\/correiodasemana.com\/site\/regiao-episcopal-sede-mutirao-de-confissoes-reune-centenas-de-fieis\/","url_meta":{"origin":37726,"position":3},"title":"Regi\u00e3o Episcopal Sede: Mutir\u00e3o de Confiss\u00f5es re\u00fane centenas de fieis","author":"adminredacao","date":"Abril 14, 2025","format":false,"excerpt":"Entre os meses de mar\u00e7o e abril, 11 par\u00f3quias e 2 quase-par\u00f3quias que fazem parte da Regi\u00e3o Episcopal Sede da Diocese de Sobral realizaram o Mutir\u00e3o de Confiss\u00f5es durante o per\u00edodo quaresmal. A a\u00e7\u00e3o teve como objetivo manter a unidade em toda a regi\u00e3o e proporcionar um atendimento ampliado, em\u2026","rel":"","context":"In &quot;Atualidade&quot;","block_context":{"text":"Atualidade","link":"https:\/\/correiodasemana.com\/site\/category\/atualidade\/"},"img":{"alt_text":"","src":"https:\/\/i0.wp.com\/correiodasemana.com\/site\/wp-content\/uploads\/2025\/04\/Paroquia-de-Nossa-Senhora-do-Patrocinio-1.jpeg?resize=350%2C200&ssl=1","width":350,"height":200,"srcset":"https:\/\/i0.wp.com\/correiodasemana.com\/site\/wp-content\/uploads\/2025\/04\/Paroquia-de-Nossa-Senhora-do-Patrocinio-1.jpeg?resize=350%2C200&ssl=1 1x, https:\/\/i0.wp.com\/correiodasemana.com\/site\/wp-content\/uploads\/2025\/04\/Paroquia-de-Nossa-Senhora-do-Patrocinio-1.jpeg?resize=525%2C300&ssl=1 1.5x, https:\/\/i0.wp.com\/correiodasemana.com\/site\/wp-content\/uploads\/2025\/04\/Paroquia-de-Nossa-Senhora-do-Patrocinio-1.jpeg?resize=700%2C400&ssl=1 2x, https:\/\/i0.wp.com\/correiodasemana.com\/site\/wp-content\/uploads\/2025\/04\/Paroquia-de-Nossa-Senhora-do-Patrocinio-1.jpeg?resize=1050%2C600&ssl=1 3x, https:\/\/i0.wp.com\/correiodasemana.com\/site\/wp-content\/uploads\/2025\/04\/Paroquia-de-Nossa-Senhora-do-Patrocinio-1.jpeg?resize=1400%2C800&ssl=1 4x"},"classes":[]},{"id":27110,"url":"https:\/\/correiodasemana.com\/site\/30o-domingo-do-tempo-comum\/","url_meta":{"origin":37726,"position":4},"title":"30\u00ba DOMINGO DO TEMPO COMUM\u00a0","author":"adminredacao","date":"Novembro 6, 2023","format":false,"excerpt":"\u201cToda a Lei e os profetas dependem desses dois mandamentos\u201d (Mt 22,40) Celebramos nesse domingo, o trig\u00e9simo desse tempo comum, nos aproximando do final desse ano lit\u00fargico, dentro de quatro semanas celebraremos a Solenidade de Jesus Cristo Rei do Universo. Na semana seguinte, iniciaremos o tempo do Advento. O tempo\u2026","rel":"","context":"In &quot;A voz do Pastor&quot;","block_context":{"text":"A voz do Pastor","link":"https:\/\/correiodasemana.com\/site\/category\/a-voz-do-pastor\/"},"img":{"alt_text":"","src":"https:\/\/i0.wp.com\/correiodasemana.com\/site\/wp-content\/uploads\/2018\/02\/Dom-Vasconcelos-posses.jpg?resize=350%2C200&ssl=1","width":350,"height":200,"srcset":"https:\/\/i0.wp.com\/correiodasemana.com\/site\/wp-content\/uploads\/2018\/02\/Dom-Vasconcelos-posses.jpg?resize=350%2C200&ssl=1 1x, https:\/\/i0.wp.com\/correiodasemana.com\/site\/wp-content\/uploads\/2018\/02\/Dom-Vasconcelos-posses.jpg?resize=525%2C300&ssl=1 1.5x, https:\/\/i0.wp.com\/correiodasemana.com\/site\/wp-content\/uploads\/2018\/02\/Dom-Vasconcelos-posses.jpg?resize=700%2C400&ssl=1 2x"},"classes":[]},{"id":28758,"url":"https:\/\/correiodasemana.com\/site\/coleta-da-solidariedade\/","url_meta":{"origin":37726,"position":5},"title":"COLETA DA SOLIDARIEDADE","author":"adminredacao","date":"Mar\u00e7o 25, 2024","format":false,"excerpt":"\u201cV\u00f3s\u00a0ma: \u201cV\u00f3s sois todos irm\u00e3os e irm\u00e3s\u201d (cf. Mt 23,8). A Campanha da Fraternidade permeia ao longo das cinco semanas da Quaresma, e orienta todo o povo de Deus a se abrir mais ao amor com o pr\u00f3ximo, com Deus e a cuidar mais do ambiente em que vive. A\u2026","rel":"","context":"In &quot;A voz do Pastor&quot;","block_context":{"text":"A voz do Pastor","link":"https:\/\/correiodasemana.com\/site\/category\/a-voz-do-pastor\/"},"img":{"alt_text":"","src":"https:\/\/i0.wp.com\/correiodasemana.com\/site\/wp-content\/uploads\/2018\/02\/Dom-Vasconcelos-posses.jpg?resize=350%2C200&ssl=1","width":350,"height":200,"srcset":"https:\/\/i0.wp.com\/correiodasemana.com\/site\/wp-content\/uploads\/2018\/02\/Dom-Vasconcelos-posses.jpg?resize=350%2C200&ssl=1 1x, https:\/\/i0.wp.com\/correiodasemana.com\/site\/wp-content\/uploads\/2018\/02\/Dom-Vasconcelos-posses.jpg?resize=525%2C300&ssl=1 1.5x, https:\/\/i0.wp.com\/correiodasemana.com\/site\/wp-content\/uploads\/2018\/02\/Dom-Vasconcelos-posses.jpg?resize=700%2C400&ssl=1 2x"},"classes":[]}],"jetpack_sharing_enabled":true,"_links":{"self":[{"href":"https:\/\/correiodasemana.com\/site\/wp-json\/wp\/v2\/posts\/37726","targetHints":{"allow":["GET"]}}],"collection":[{"href":"https:\/\/correiodasemana.com\/site\/wp-json\/wp\/v2\/posts"}],"about":[{"href":"https:\/\/correiodasemana.com\/site\/wp-json\/wp\/v2\/types\/post"}],"author":[{"embeddable":true,"href":"https:\/\/correiodasemana.com\/site\/wp-json\/wp\/v2\/users\/7"}],"replies":[{"embeddable":true,"href":"https:\/\/correiodasemana.com\/site\/wp-json\/wp\/v2\/comments?post=37726"}],"version-history":[{"count":1,"href":"https:\/\/correiodasemana.com\/site\/wp-json\/wp\/v2\/posts\/37726\/revisions"}],"predecessor-version":[{"id":37727,"href":"https:\/\/correiodasemana.com\/site\/wp-json\/wp\/v2\/posts\/37726\/revisions\/37727"}],"wp:featuredmedia":[{"embeddable":true,"href":"https:\/\/correiodasemana.com\/site\/wp-json\/wp\/v2\/media\/29973"}],"wp:attachment":[{"href":"https:\/\/correiodasemana.com\/site\/wp-json\/wp\/v2\/media?parent=37726"}],"wp:term":[{"taxonomy":"category","embeddable":true,"href":"https:\/\/correiodasemana.com\/site\/wp-json\/wp\/v2\/categories?post=37726"},{"taxonomy":"post_tag","embeddable":true,"href":"https:\/\/correiodasemana.com\/site\/wp-json\/wp\/v2\/tags?post=37726"}],"curies":[{"name":"wp","href":"https:\/\/api.w.org\/{rel}","templated":true}]}}