{"id":37728,"date":"2026-03-10T23:53:33","date_gmt":"2026-03-11T02:53:33","guid":{"rendered":"https:\/\/correiodasemana.com\/site\/?p=37728"},"modified":"2026-03-10T23:53:33","modified_gmt":"2026-03-11T02:53:33","slug":"a-realidade-da-moradia-no-brasil","status":"publish","type":"post","link":"https:\/\/correiodasemana.com\/site\/a-realidade-da-moradia-no-brasil\/","title":{"rendered":"A realidade da moradia no Brasil"},"content":{"rendered":"<p>Dando continuidade \u00e0s reflex\u00f5es sobre a Campanha da Fraternidade (CF) 2026, cujo tema \u00e9 \u201cFraternidade e Moradia\u201d, queremos voltar o olhar para a realidade da moradia em nosso pa\u00eds. A partir do que a Igreja busca refletir, entendemos que o direito \u00e0 moradia digna ainda n\u00e3o foi garantido a uma parcela consider\u00e1vel de nossa popula\u00e7\u00e3o. A CF denuncia que o Artigo 6\u00b0 da Constitui\u00e7\u00e3o Federal permanece inacess\u00edvel para muitos.<br \/>\nOlhando para a nossa realidade, vivemos em um pa\u00eds cada vez mais urbano. Os problemas habitacionais est\u00e3o atrelados ao incha\u00e7o das nossas cidades, o que fez com que as popula\u00e7\u00f5es mais pobres fiquem privadas de seus direitos b\u00e1sicos. A maior parte da popula\u00e7\u00e3o brasileira n\u00e3o tem renda suficiente para comprar sua moradia e nem \u00e9 atendida pelas pol\u00edticas p\u00fablicas de habita\u00e7\u00e3o.<br \/>\nSendo a moradia uma mercadoria inacess\u00edvel, o que sobra para os pobres, muitas vezes, s\u00e3o as \u00e1reas de risco, os morros, as margens dos rios. A prova disso \u00e9 que as maiores v\u00edtimas das enchentes e dos deslizamentos de terra s\u00e3o as fam\u00edlias empobrecidas. Al\u00e9m dos problemas atuais, a falta de moradia \u00e9 fruto de uma hist\u00f3ria fundi\u00e1ria marcada pela desigualdade no acesso \u00e0 terra. Os problemas habitacionais perpetuam o modelo de exclus\u00e3o social.<br \/>\nOs n\u00fameros s\u00e3o impactantes e revelam a atualidade do tema da CF. No Brasil, mais de 6 milh\u00f5es de fam\u00edlias n\u00e3o t\u00eam casa pr\u00f3pria. Outras 26 milh\u00f5es vivem em moradias inadequadas, ou seja, em \u00e1reas de risco, sem infraestrutura, sem acesso a equipamentos p\u00fablicos. Um exemplo referente \u00e0 falta de infraestrutura \u00e9 que mais de 360 mil domic\u00edlios de nosso pa\u00eds n\u00e3o t\u00eam banheiro, que deveria ser um item b\u00e1sico de todas as casas.<br \/>\nA popula\u00e7\u00e3o em situa\u00e7\u00e3o de rua e a popula\u00e7\u00e3o nas favelas s\u00f3 fazem aumentar a cada dia. Temos, atualmente, mais de 12 mil favelas no pa\u00eds, onde vivem 16,4 milh\u00f5es de brasileiros (8% da popula\u00e7\u00e3o). \u00c9 o empreendimento imobili\u00e1rio que mais cresce no Brasil. Infelizmente, s\u00e3o lugares onde o acesso \u00e0 sa\u00fade, cultura, educa\u00e7\u00e3o e lazer \u00e9 mais prec\u00e1rio, e onde a criminalidade se torna mais influente.<br \/>\nA \u201cdesigualdade socioterritorial\u201d tem marcado negativamente as cidades brasileiras. A geografia das cidades apenas reproduz a desigualdade socioecon\u00f4mica. Realmente, os que est\u00e3o nas \u201cmargens\u201d da cidade, ou seja, nas periferias s\u00e3o aqueles que est\u00e3o \u00e0 margem dos bens da cidade. A CF denuncia que a cidade n\u00e3o \u00e9 para todos.<br \/>\nNesse sentido, falar de moradia n\u00e3o significa falar simplesmente de casas para o povo morar. Significa falar de uma s\u00e9rie de bens e servi\u00e7os essenciais \u00e0 popula\u00e7\u00e3o. Mais do que uma mercadoria, um objeto de especula\u00e7\u00e3o ou de m\u00e9rito pessoal, moradia digna \u00e9 um direito sagrado. Por isso, nesta CF, a Igreja impulsiona iniciativas pastorais, governamentais e dos movimentos populares para promover moradia digna para todos os nossos irm\u00e3os sem-teto e sem lar.<\/p>\n","protected":false},"excerpt":{"rendered":"<p>Dando continuidade \u00e0s reflex\u00f5es sobre a Campanha da Fraternidade (CF) 2026, cujo tema \u00e9 \u201cFraternidade&#8230;<\/p>\n","protected":false},"author":7,"featured_media":7865,"comment_status":"open","ping_status":"open","sticky":false,"template":"","format":"standard","meta":{"_jetpack_memberships_contains_paid_content":false,"footnotes":"","jetpack_publicize_message":"","jetpack_publicize_feature_enabled":true,"jetpack_social_post_already_shared":true,"jetpack_social_options":{"image_generator_settings":{"template":"highway","default_image_id":0,"font":"","enabled":false},"version":2}},"categories":[11,20],"tags":[],"class_list":["post-37728","post","type-post","status-publish","format-standard","has-post-thumbnail","hentry","category-artigos","category-editorial"],"jetpack_publicize_connections":[],"jetpack_featured_media_url":"https:\/\/correiodasemana.com\/site\/wp-content\/uploads\/2018\/02\/editorial-cs.jpg","jetpack-related-posts":[{"id":37827,"url":"https:\/\/correiodasemana.com\/site\/a-atuacao-da-igreja-na-luta-por-moradia\/","url_meta":{"origin":37728,"position":0},"title":"A atua\u00e7\u00e3o da Igreja na luta por moradia","author":"adminredacao","date":"Mar\u00e7o 20, 2026","format":false,"excerpt":"Dando continuidade \u00e0s reflex\u00f5es que temos feito, nesta quaresma, sobre a Campanha da Fraternidade (CF) 2026, queremos celebrar a atua\u00e7\u00e3o hist\u00f3rica da Igreja e as conquistas de pol\u00edticas p\u00fablicas por parte da popula\u00e7\u00e3o que sofre com o problema da moradia. Reafirmando a evang\u00e9lica op\u00e7\u00e3o preferencial pelos pobres, a CF recorda\u2026","rel":"","context":"In &quot;Artigos&quot;","block_context":{"text":"Artigos","link":"https:\/\/correiodasemana.com\/site\/category\/artigos\/"},"img":{"alt_text":"","src":"https:\/\/i0.wp.com\/correiodasemana.com\/site\/wp-content\/uploads\/2019\/07\/editorial-cs.jpg?resize=350%2C200&ssl=1","width":350,"height":200,"srcset":"https:\/\/i0.wp.com\/correiodasemana.com\/site\/wp-content\/uploads\/2019\/07\/editorial-cs.jpg?resize=350%2C200&ssl=1 1x, https:\/\/i0.wp.com\/correiodasemana.com\/site\/wp-content\/uploads\/2019\/07\/editorial-cs.jpg?resize=525%2C300&ssl=1 1.5x"},"classes":[]},{"id":37583,"url":"https:\/\/correiodasemana.com\/site\/fraternidade-e-moradia\/","url_meta":{"origin":37728,"position":1},"title":"Fraternidade e Moradia","author":"adminredacao","date":"Mar\u00e7o 3, 2026","format":false,"excerpt":"Nesta caminhada rumo \u00e0 P\u00e1scoa do Senhor, somos convidados a uma convers\u00e3o integral, que toca o nosso modo de ser, de pensar e de agir. Nossa convers\u00e3o incide diretamente tamb\u00e9m em nosso modo de estar na sociedade. Dessa forma, somos desafiados a conciliar os prop\u00f3sitos pessoais de convers\u00e3o com as\u2026","rel":"","context":"In &quot;Artigos&quot;","block_context":{"text":"Artigos","link":"https:\/\/correiodasemana.com\/site\/category\/artigos\/"},"img":{"alt_text":"","src":"https:\/\/i0.wp.com\/correiodasemana.com\/site\/wp-content\/uploads\/2018\/02\/editorial-cs.jpg?resize=350%2C200&ssl=1","width":350,"height":200,"srcset":"https:\/\/i0.wp.com\/correiodasemana.com\/site\/wp-content\/uploads\/2018\/02\/editorial-cs.jpg?resize=350%2C200&ssl=1 1x, https:\/\/i0.wp.com\/correiodasemana.com\/site\/wp-content\/uploads\/2018\/02\/editorial-cs.jpg?resize=525%2C300&ssl=1 1.5x"},"classes":[]},{"id":37557,"url":"https:\/\/correiodasemana.com\/site\/moradia-e-territorios\/","url_meta":{"origin":37728,"position":2},"title":"Moradia e territ\u00f3rios","author":"adminredacao","date":"Fevereiro 23, 2026","format":false,"excerpt":"A Igreja no Brasil prop\u00f5e, no per\u00edodo da Quaresma, desde 1964, a Campanha da Fraternidade (CF) que proporciona convers\u00e3o pessoal, coletiva, estrutural e ecol\u00f3gica. A cada ano s\u00e3o escolhidos um tema e um lema especiais para iluminar esta importante campanha proposta pela Confer\u00eancia Nacional dos Bispos do Brasil \u2013 CNBB.\u2026","rel":"","context":"In &quot;A voz do Pastor&quot;","block_context":{"text":"A voz do Pastor","link":"https:\/\/correiodasemana.com\/site\/category\/a-voz-do-pastor\/"},"img":{"alt_text":"","src":"https:\/\/i0.wp.com\/correiodasemana.com\/site\/wp-content\/uploads\/2018\/02\/Dom-Vasconcelos-posses.jpg?resize=350%2C200&ssl=1","width":350,"height":200,"srcset":"https:\/\/i0.wp.com\/correiodasemana.com\/site\/wp-content\/uploads\/2018\/02\/Dom-Vasconcelos-posses.jpg?resize=350%2C200&ssl=1 1x, https:\/\/i0.wp.com\/correiodasemana.com\/site\/wp-content\/uploads\/2018\/02\/Dom-Vasconcelos-posses.jpg?resize=525%2C300&ssl=1 1.5x, https:\/\/i0.wp.com\/correiodasemana.com\/site\/wp-content\/uploads\/2018\/02\/Dom-Vasconcelos-posses.jpg?resize=700%2C400&ssl=1 2x"},"classes":[]},{"id":38180,"url":"https:\/\/correiodasemana.com\/site\/audiencia-publica-debate-fraternidade-e-moradia-a-luz-da-cf-2026\/","url_meta":{"origin":37728,"position":3},"title":"Audi\u00eancia P\u00fablica debate Fraternidade e Moradia \u00e0 luz da CF 2026","author":"adminredacao","date":"Abril 19, 2026","format":false,"excerpt":"A C\u00e2mara Municipal realizou uma importante audi\u00eancia p\u00fablica dedicada ao tema da Campanha da Fraternidade 2026: \u201cFraternidade e Moradia\u201d. O momento foi marcado por reflex\u00f5es profundas, escuta da popula\u00e7\u00e3o e propostas concretas voltadas \u00e0 garantia do direito \u00e0 moradia digna. A audi\u00eancia foi solicitada pela Coordena\u00e7\u00e3o Diocesana, por iniciativa do\u2026","rel":"","context":"In &quot;Atualidade&quot;","block_context":{"text":"Atualidade","link":"https:\/\/correiodasemana.com\/site\/category\/atualidade\/"},"img":{"alt_text":"","src":"https:\/\/i0.wp.com\/correiodasemana.com\/site\/wp-content\/uploads\/2026\/04\/Grande_1-scaled.jpg?resize=350%2C200&ssl=1","width":350,"height":200,"srcset":"https:\/\/i0.wp.com\/correiodasemana.com\/site\/wp-content\/uploads\/2026\/04\/Grande_1-scaled.jpg?resize=350%2C200&ssl=1 1x, https:\/\/i0.wp.com\/correiodasemana.com\/site\/wp-content\/uploads\/2026\/04\/Grande_1-scaled.jpg?resize=525%2C300&ssl=1 1.5x, https:\/\/i0.wp.com\/correiodasemana.com\/site\/wp-content\/uploads\/2026\/04\/Grande_1-scaled.jpg?resize=700%2C400&ssl=1 2x, https:\/\/i0.wp.com\/correiodasemana.com\/site\/wp-content\/uploads\/2026\/04\/Grande_1-scaled.jpg?resize=1050%2C600&ssl=1 3x, https:\/\/i0.wp.com\/correiodasemana.com\/site\/wp-content\/uploads\/2026\/04\/Grande_1-scaled.jpg?resize=1400%2C800&ssl=1 4x"},"classes":[]},{"id":37465,"url":"https:\/\/correiodasemana.com\/site\/entenda-os-elementos-visuais-do-cartaz-da-campanha-da-fraternidade-2026-com-inicio-na-quarta-feira-de-cinzas-18-2\/","url_meta":{"origin":37728,"position":4},"title":"Entenda os elementos visuais do cartaz da Campanha da Fraternidade 2026, com in\u00edcio na quarta-feira de Cinzas, 18\/2","author":"adminredacao","date":"Fevereiro 20, 2026","format":false,"excerpt":"Em agosto de 2025, a Confer\u00eancia Nacional dos Bispos do Brasil (CNBB) lan\u00e7ou a identidade visual da Campanha da Fraternidade (CF) 2026. Com o tema \u201cFraternidade e Moradia\u201d e o lema b\u00edblico \u201cEle veio morar entre n\u00f3s\u201d (Jo 1,14), a Campanha vai buscar\u00e1 despertar a consci\u00eancia sobre o direito \u00e0\u2026","rel":"","context":"In &quot;Atualidade&quot;","block_context":{"text":"Atualidade","link":"https:\/\/correiodasemana.com\/site\/category\/atualidade\/"},"img":{"alt_text":"","src":"","width":0,"height":0},"classes":[]},{"id":37352,"url":"https:\/\/correiodasemana.com\/site\/diocese-de-sobral-realiza-formacao-diocesana-sobre-a-campanha-da-fraternidade-2026\/","url_meta":{"origin":37728,"position":5},"title":"Diocese de Sobral realiza Forma\u00e7\u00e3o Diocesana sobre a Campanha da Fraternidade 2026","author":"adminredacao","date":"Fevereiro 11, 2026","format":false,"excerpt":"Cl\u00e9rigos, religiosas e leigos participaram, na manh\u00e3 do \u00faltimo s\u00e1bado (31\/01), da Forma\u00e7\u00e3o Diocesana sobre a Campanha da Fraternidade 2026, que tem como tema \u201cFraternidade e Moradia\u201d e lema \u201cEle veio morar entre n\u00f3s\u201d (Jo 1,14). O encontro aconteceu no audit\u00f3rio da Par\u00f3quia de Nossa Senhora do Patroc\u00ednio, em Sobral,\u2026","rel":"","context":"In &quot;Atualidade&quot;","block_context":{"text":"Atualidade","link":"https:\/\/correiodasemana.com\/site\/category\/atualidade\/"},"img":{"alt_text":"","src":"https:\/\/i0.wp.com\/correiodasemana.com\/site\/wp-content\/uploads\/2026\/02\/formacao-da-campanha-da-fraternidade-2026-2.jpeg?resize=350%2C200&ssl=1","width":350,"height":200,"srcset":"https:\/\/i0.wp.com\/correiodasemana.com\/site\/wp-content\/uploads\/2026\/02\/formacao-da-campanha-da-fraternidade-2026-2.jpeg?resize=350%2C200&ssl=1 1x, https:\/\/i0.wp.com\/correiodasemana.com\/site\/wp-content\/uploads\/2026\/02\/formacao-da-campanha-da-fraternidade-2026-2.jpeg?resize=525%2C300&ssl=1 1.5x, https:\/\/i0.wp.com\/correiodasemana.com\/site\/wp-content\/uploads\/2026\/02\/formacao-da-campanha-da-fraternidade-2026-2.jpeg?resize=700%2C400&ssl=1 2x, https:\/\/i0.wp.com\/correiodasemana.com\/site\/wp-content\/uploads\/2026\/02\/formacao-da-campanha-da-fraternidade-2026-2.jpeg?resize=1050%2C600&ssl=1 3x"},"classes":[]}],"jetpack_sharing_enabled":true,"_links":{"self":[{"href":"https:\/\/correiodasemana.com\/site\/wp-json\/wp\/v2\/posts\/37728","targetHints":{"allow":["GET"]}}],"collection":[{"href":"https:\/\/correiodasemana.com\/site\/wp-json\/wp\/v2\/posts"}],"about":[{"href":"https:\/\/correiodasemana.com\/site\/wp-json\/wp\/v2\/types\/post"}],"author":[{"embeddable":true,"href":"https:\/\/correiodasemana.com\/site\/wp-json\/wp\/v2\/users\/7"}],"replies":[{"embeddable":true,"href":"https:\/\/correiodasemana.com\/site\/wp-json\/wp\/v2\/comments?post=37728"}],"version-history":[{"count":1,"href":"https:\/\/correiodasemana.com\/site\/wp-json\/wp\/v2\/posts\/37728\/revisions"}],"predecessor-version":[{"id":37729,"href":"https:\/\/correiodasemana.com\/site\/wp-json\/wp\/v2\/posts\/37728\/revisions\/37729"}],"wp:featuredmedia":[{"embeddable":true,"href":"https:\/\/correiodasemana.com\/site\/wp-json\/wp\/v2\/media\/7865"}],"wp:attachment":[{"href":"https:\/\/correiodasemana.com\/site\/wp-json\/wp\/v2\/media?parent=37728"}],"wp:term":[{"taxonomy":"category","embeddable":true,"href":"https:\/\/correiodasemana.com\/site\/wp-json\/wp\/v2\/categories?post=37728"},{"taxonomy":"post_tag","embeddable":true,"href":"https:\/\/correiodasemana.com\/site\/wp-json\/wp\/v2\/tags?post=37728"}],"curies":[{"name":"wp","href":"https:\/\/api.w.org\/{rel}","templated":true}]}}