{"id":8210,"date":"2019-07-08T04:43:55","date_gmt":"2019-07-08T04:43:55","guid":{"rendered":"https:\/\/correiodasemana.com\/site\/?p=8210"},"modified":"2019-07-08T04:43:55","modified_gmt":"2019-07-08T04:43:55","slug":"presidente-da-comissao-de-cultura-e-educacao-da-cnbb-recebe-o-palio-das-maos-do-papa-francisco","status":"publish","type":"post","link":"https:\/\/correiodasemana.com\/site\/presidente-da-comissao-de-cultura-e-educacao-da-cnbb-recebe-o-palio-das-maos-do-papa-francisco\/","title":{"rendered":"Presidente da Comiss\u00e3o de Cultura e Educa\u00e7\u00e3o da CNBB recebe o P\u00e1lio das m\u00e3os do papa Francisco"},"content":{"rendered":"<p><strong>A cerim\u00f4nia ocorreu no Vaticano, no \u00faltimo dia 29 de junho, na Solenidade dos Santos Ap\u00f3stolos Pedro e Paulo<\/strong><\/p>\n<p>CNBB<br \/>\nO Arcebispo de Montes Claros (MG) e presidente da Comiss\u00e3o Episcopal Pastoral para a Cultura e Educa\u00e7\u00e3o da Confer\u00eancia Nacional dos Bispos do Brasil, dom Jo\u00e3o Justino de Medeiros e outros dois arcebispos metropolitanos brasileiros, dom Dario Campos, da Arquidiocese de Vit\u00f3ria (ES) e dom Jo\u00e3o In\u00e1cio Muller, da Arquidiocese de Campinas (SP) receberam das m\u00e3os do papa Francisco, o p\u00e1lio \u2013 derivado do latim\u00a0pallium, manto de l\u00e3 \u2013 que \u00e9 um s\u00edmbolo de uni\u00e3o dos pastores com o Pont\u00edfice, em cerim\u00f4nia realizada no \u00faltimo dia 29 de junho.<br \/>\nEm mensagem \u00e0 Igreja de Montes Claros, dom Jo\u00e3o Justino agradeceu a comunidade pela comunh\u00e3o na f\u00e9, na Eucaristia e na caridade-servi\u00e7o e disse que\u00a0\u201cestou muito feliz de estar em Roma em raz\u00e3o do servi\u00e7o que a Igreja me pediu: servir o Povo de Deus da Arquidiocese de Montes Claros. Deus seja louvado\u201d.<br \/>\nA cerim\u00f4nia ocorreu na Solenidade dos Santos Ap\u00f3stolos Pedro e Paulo. Dom Jo\u00e3o Justino disse ao Portal da CNBB que concelebrar a Eucaristia com Francisco e receber o p\u00e1lio das m\u00e3os dele foi um marco em sua voca\u00e7\u00e3o.<br \/>\n\u201cRevivi o chamado de Deus desde os primeiros tempos de minha vida eclesial. Veio-me o pensamento: poderia eu imaginar que um dia estaria na Bas\u00edlica de S\u00e3o Pedro, trazendo no cora\u00e7\u00e3o a Igreja de Montes Claros para a qual fui enviado como pastor em nome do Senhor? Tudo \u00e9 pura gra\u00e7a de Deus. Tudo por causa de um grande amor\u201d, destaca.A cerim\u00f4nia do Rito de Imposi\u00e7\u00e3o do P\u00e1lio est\u00e1 marcada para o dia 3 de agosto, \u00e0s 9h, na Catedral de Montes Claros e ser\u00e1 presidida pelo N\u00fancio Apost\u00f3lico do Brasil, Giovanni d\u2019Aniello.<\/p>\n","protected":false},"excerpt":{"rendered":"<p>A cerim\u00f4nia ocorreu no Vaticano, no \u00faltimo dia 29 de junho, na Solenidade dos Santos&#8230;<\/p>\n","protected":false},"author":1,"featured_media":8211,"comment_status":"open","ping_status":"open","sticky":false,"template":"","format":"standard","meta":{"_jetpack_memberships_contains_paid_content":false,"footnotes":"","jetpack_publicize_message":"","jetpack_publicize_feature_enabled":true,"jetpack_social_post_already_shared":true,"jetpack_social_options":{"image_generator_settings":{"template":"highway","default_image_id":0,"font":"","enabled":false},"version":2}},"categories":[4,39],"tags":[],"class_list":["post-8210","post","type-post","status-publish","format-standard","has-post-thumbnail","hentry","category-diocese","category-igreja"],"jetpack_publicize_connections":[],"jetpack_featured_media_url":"https:\/\/correiodasemana.com\/site\/wp-content\/uploads\/2019\/07\/Dom-Jo\u00e3o-Justino-de-Medeiros-recebendo-o-pallium-das-m\u00e3os-do-Papa-Francisco_29.06.2019_Roma-1200x762_c.jpg","jetpack-related-posts":[{"id":25300,"url":"https:\/\/correiodasemana.com\/site\/papa-aceita-renuncia-de-dom-saburido-e-nomeia-dom-paulo-jackson-para-olinda-e-recife\/","url_meta":{"origin":8210,"position":0},"title":"Papa aceita ren\u00fancia de Dom Saburido e nomeia Dom Paulo Jackson para Olinda e Recife","author":"adminredacao","date":"Junho 19, 2023","format":false,"excerpt":"Fonte: CNBB O Papa Francisco acolheu, nesta quarta-feira, 14 de junho, o pedido de ren\u00fancia apresentado por dom Ant\u00f4nio Fernando Saburido ao governo pastoral da arquidiocese de Olinda e Recife (PE). E nomeou como novo arcebispo dom Paulo Jackson N\u00f3brega de Sousa, atualmente bispo de Garanhuns (PE) e segundo-vice-presidente da\u2026","rel":"","context":"In &quot;Atualidade&quot;","block_context":{"text":"Atualidade","link":"https:\/\/correiodasemana.com\/site\/category\/atualidade\/"},"img":{"alt_text":"","src":"https:\/\/i0.wp.com\/correiodasemana.com\/site\/wp-content\/uploads\/2023\/06\/Destaque-Portal-2.png?resize=350%2C200&ssl=1","width":350,"height":200,"srcset":"https:\/\/i0.wp.com\/correiodasemana.com\/site\/wp-content\/uploads\/2023\/06\/Destaque-Portal-2.png?resize=350%2C200&ssl=1 1x, https:\/\/i0.wp.com\/correiodasemana.com\/site\/wp-content\/uploads\/2023\/06\/Destaque-Portal-2.png?resize=525%2C300&ssl=1 1.5x, https:\/\/i0.wp.com\/correiodasemana.com\/site\/wp-content\/uploads\/2023\/06\/Destaque-Portal-2.png?resize=700%2C400&ssl=1 2x, https:\/\/i0.wp.com\/correiodasemana.com\/site\/wp-content\/uploads\/2023\/06\/Destaque-Portal-2.png?resize=1050%2C600&ssl=1 3x"},"classes":[]},{"id":31421,"url":"https:\/\/correiodasemana.com\/site\/o-regional-sul-4-da-cnbb-ganhou-duas-novas-arquidioceses\/","url_meta":{"origin":8210,"position":1},"title":"O Regional Sul 4 da CNBB  ganhou duas novas Arquidioceses","author":"adminredacao","date":"Novembro 18, 2024","format":false,"excerpt":"O Papa Francisco anunciou nesta ter\u00e7a-feira, 5 de novembro, a reestrutura\u00e7\u00e3o da Prov\u00edncia Eclesi\u00e1stica (arquidiocese) de Florian\u00f3polis (SC) com a cria\u00e7\u00e3o de duas novas prov\u00edncias eclesi\u00e1sticas: Joinville (SC) e Chapec\u00f3 (SC). O Santo Padre atribuiu \u00e0 nova arquidiocese de Joinville as dioceses sufrag\u00e2neas de Blumenau e Rio do Sul e\u2026","rel":"","context":"In &quot;Atualidade&quot;","block_context":{"text":"Atualidade","link":"https:\/\/correiodasemana.com\/site\/category\/atualidade\/"},"img":{"alt_text":"","src":"https:\/\/i0.wp.com\/correiodasemana.com\/site\/wp-content\/uploads\/2024\/11\/Novas-pronvincias.png?resize=350%2C200&ssl=1","width":350,"height":200,"srcset":"https:\/\/i0.wp.com\/correiodasemana.com\/site\/wp-content\/uploads\/2024\/11\/Novas-pronvincias.png?resize=350%2C200&ssl=1 1x, https:\/\/i0.wp.com\/correiodasemana.com\/site\/wp-content\/uploads\/2024\/11\/Novas-pronvincias.png?resize=525%2C300&ssl=1 1.5x, https:\/\/i0.wp.com\/correiodasemana.com\/site\/wp-content\/uploads\/2024\/11\/Novas-pronvincias.png?resize=700%2C400&ssl=1 2x"},"classes":[]},{"id":36943,"url":"https:\/\/correiodasemana.com\/site\/igreja-no-brasil-ganha-nova-diocese-papa-leao-xiv-criou-a-diocese-de-baturite-no-ceara\/","url_meta":{"origin":8210,"position":2},"title":"Igreja no Brasil ganha nova diocese: Papa Le\u00e3o XIV criou a Diocese de Baturit\u00e9, no Cear\u00e1","author":"adminredacao","date":"Janeiro 6, 2026","format":false,"excerpt":"O Papa Le\u00e3o XIV criou a diocese de Baturit\u00e9, no Cear\u00e1, nesta quinta-feira, 1\u00ba de janeiro de 2026. O primeiro bispo ser\u00e1 dom Lu\u00eds Gonzaga Pepeu, franciscano capuchinho que foi arcebispo de Vit\u00f3ria da Conquista (BA), entre 2008 e 2019. A nova diocese tem o territ\u00f3rio desmembrado da arquidiocese de\u2026","rel":"","context":"In &quot;Atualidade&quot;","block_context":{"text":"Atualidade","link":"https:\/\/correiodasemana.com\/site\/category\/atualidade\/"},"img":{"alt_text":"","src":"https:\/\/i0.wp.com\/correiodasemana.com\/site\/wp-content\/uploads\/2026\/01\/Diocese-Baturite.png?resize=350%2C200&ssl=1","width":350,"height":200,"srcset":"https:\/\/i0.wp.com\/correiodasemana.com\/site\/wp-content\/uploads\/2026\/01\/Diocese-Baturite.png?resize=350%2C200&ssl=1 1x, https:\/\/i0.wp.com\/correiodasemana.com\/site\/wp-content\/uploads\/2026\/01\/Diocese-Baturite.png?resize=525%2C300&ssl=1 1.5x, https:\/\/i0.wp.com\/correiodasemana.com\/site\/wp-content\/uploads\/2026\/01\/Diocese-Baturite.png?resize=700%2C400&ssl=1 2x, https:\/\/i0.wp.com\/correiodasemana.com\/site\/wp-content\/uploads\/2026\/01\/Diocese-Baturite.png?resize=1050%2C600&ssl=1 3x"},"classes":[]},{"id":11170,"url":"https:\/\/correiodasemana.com\/site\/papa-acolhe-renuncia-de-dom-murilo-krieger-e-nomeia-novo-arcebispo-para-salvador-ba\/","url_meta":{"origin":8210,"position":3},"title":"Papa acolhe ren\u00fancia de dom Murilo Krieger e nomeia novo arcebispo para Salvador (BA)","author":"","date":"Mar\u00e7o 18, 2020","format":false,"excerpt":"O Papa Francisco acolheu, nesta quarta-feira, 11 de mar\u00e7o, o pedido de ren\u00fancia apresentado por dom Murilo Sebasti\u00e3o Ramos Krieger ao governo pastoral da arquidiocese S\u00e3o Salvador da Bahia, a S\u00e9 Primacial do Brasil. No mesmo ato, o Santo Padre nomeou arcebispo para a mesma arquidiocese o cardeal Sergio da\u2026","rel":"","context":"In &quot;Igreja&quot;","block_context":{"text":"Igreja","link":"https:\/\/correiodasemana.com\/site\/category\/igreja\/"},"img":{"alt_text":"","src":"https:\/\/i0.wp.com\/correiodasemana.com\/site\/wp-content\/uploads\/2020\/03\/Destaque_Agradecimento_DomMurilo.png?resize=350%2C200&ssl=1","width":350,"height":200,"srcset":"https:\/\/i0.wp.com\/correiodasemana.com\/site\/wp-content\/uploads\/2020\/03\/Destaque_Agradecimento_DomMurilo.png?resize=350%2C200&ssl=1 1x, https:\/\/i0.wp.com\/correiodasemana.com\/site\/wp-content\/uploads\/2020\/03\/Destaque_Agradecimento_DomMurilo.png?resize=525%2C300&ssl=1 1.5x, https:\/\/i0.wp.com\/correiodasemana.com\/site\/wp-content\/uploads\/2020\/03\/Destaque_Agradecimento_DomMurilo.png?resize=700%2C400&ssl=1 2x, https:\/\/i0.wp.com\/correiodasemana.com\/site\/wp-content\/uploads\/2020\/03\/Destaque_Agradecimento_DomMurilo.png?resize=1050%2C600&ssl=1 3x"},"classes":[]},{"id":25640,"url":"https:\/\/correiodasemana.com\/site\/papa-francisco-acolhe-pedido-de-renuncia-de-dom-jaime-vieira-rocha-e-nomeia-novo-arcebispo-de-natal\/","url_meta":{"origin":8210,"position":4},"title":"PAPA FRANCISCO ACOLHE PEDIDO DE REN\u00daNCIA DE DOM JAIME VIEIRA ROCHA E NOMEIA NOVO ARCEBISPO DE NATAL","author":"adminredacao","date":"Julho 11, 2023","format":false,"excerpt":"O Papa Francisco acolheu, nesta quarta-feira, 5 de julho, o pedido de ren\u00fancia apresentado por dom Jaime Vieira Rocha ao governo pastoral da arquidiocese de Natal (RN). Foi nomedo para suceder a dom Jaime o atual bispo de Bom Jesus da Lapa (BA), dom Jo\u00e3o Santos Cardoso. A Presid\u00eancia da\u2026","rel":"","context":"In &quot;Atualidade&quot;","block_context":{"text":"Atualidade","link":"https:\/\/correiodasemana.com\/site\/category\/atualidade\/"},"img":{"alt_text":"","src":"https:\/\/i0.wp.com\/correiodasemana.com\/site\/wp-content\/uploads\/2023\/07\/Destaque-Portal-1.png?resize=350%2C200&ssl=1","width":350,"height":200,"srcset":"https:\/\/i0.wp.com\/correiodasemana.com\/site\/wp-content\/uploads\/2023\/07\/Destaque-Portal-1.png?resize=350%2C200&ssl=1 1x, https:\/\/i0.wp.com\/correiodasemana.com\/site\/wp-content\/uploads\/2023\/07\/Destaque-Portal-1.png?resize=525%2C300&ssl=1 1.5x, https:\/\/i0.wp.com\/correiodasemana.com\/site\/wp-content\/uploads\/2023\/07\/Destaque-Portal-1.png?resize=700%2C400&ssl=1 2x, https:\/\/i0.wp.com\/correiodasemana.com\/site\/wp-content\/uploads\/2023\/07\/Destaque-Portal-1.png?resize=1050%2C600&ssl=1 3x"},"classes":[]},{"id":24373,"url":"https:\/\/correiodasemana.com\/site\/60a-assembleia-geral-presidencia-da-cnbb-nacional-tem-nova-presidencia-e-referenciais-para-as-comissoes-episcopais\/","url_meta":{"origin":8210,"position":5},"title":"60\u00aa Assembleia Geral: Presid\u00eancia da CNBB Nacional tem nova presid\u00eancia e referenciais para as Comiss\u00f5es Episcopais","author":"adminredacao","date":"Maio 1, 2023","format":false,"excerpt":"Durante a \u00faltima semana do m\u00eas de abril deste ano em curso, o episcopado brasileiro elegeu a nova presid\u00eancia da CNBB bem como dos bispos referenciais para as comiss\u00f5es episcopais durante a 60\u00aa Assembleia Geral em Aparecida\/SP. O arcebispo de Porto Alegre (RS) e atual primeiro vice-presidente da Confer\u00eancia Nacional\u2026","rel":"","context":"In &quot;Atualidade&quot;","block_context":{"text":"Atualidade","link":"https:\/\/correiodasemana.com\/site\/category\/atualidade\/"},"img":{"alt_text":"","src":"https:\/\/i0.wp.com\/correiodasemana.com\/site\/wp-content\/uploads\/2023\/05\/Vi-Holzbach-11-1600x914-1.jpg?resize=350%2C200&ssl=1","width":350,"height":200,"srcset":"https:\/\/i0.wp.com\/correiodasemana.com\/site\/wp-content\/uploads\/2023\/05\/Vi-Holzbach-11-1600x914-1.jpg?resize=350%2C200&ssl=1 1x, https:\/\/i0.wp.com\/correiodasemana.com\/site\/wp-content\/uploads\/2023\/05\/Vi-Holzbach-11-1600x914-1.jpg?resize=525%2C300&ssl=1 1.5x, https:\/\/i0.wp.com\/correiodasemana.com\/site\/wp-content\/uploads\/2023\/05\/Vi-Holzbach-11-1600x914-1.jpg?resize=700%2C400&ssl=1 2x, https:\/\/i0.wp.com\/correiodasemana.com\/site\/wp-content\/uploads\/2023\/05\/Vi-Holzbach-11-1600x914-1.jpg?resize=1050%2C600&ssl=1 3x, https:\/\/i0.wp.com\/correiodasemana.com\/site\/wp-content\/uploads\/2023\/05\/Vi-Holzbach-11-1600x914-1.jpg?resize=1400%2C800&ssl=1 4x"},"classes":[]}],"jetpack_sharing_enabled":true,"_links":{"self":[{"href":"https:\/\/correiodasemana.com\/site\/wp-json\/wp\/v2\/posts\/8210","targetHints":{"allow":["GET"]}}],"collection":[{"href":"https:\/\/correiodasemana.com\/site\/wp-json\/wp\/v2\/posts"}],"about":[{"href":"https:\/\/correiodasemana.com\/site\/wp-json\/wp\/v2\/types\/post"}],"author":[{"embeddable":true,"href":"https:\/\/correiodasemana.com\/site\/wp-json\/wp\/v2\/users\/1"}],"replies":[{"embeddable":true,"href":"https:\/\/correiodasemana.com\/site\/wp-json\/wp\/v2\/comments?post=8210"}],"version-history":[{"count":1,"href":"https:\/\/correiodasemana.com\/site\/wp-json\/wp\/v2\/posts\/8210\/revisions"}],"predecessor-version":[{"id":8212,"href":"https:\/\/correiodasemana.com\/site\/wp-json\/wp\/v2\/posts\/8210\/revisions\/8212"}],"wp:featuredmedia":[{"embeddable":true,"href":"https:\/\/correiodasemana.com\/site\/wp-json\/wp\/v2\/media\/8211"}],"wp:attachment":[{"href":"https:\/\/correiodasemana.com\/site\/wp-json\/wp\/v2\/media?parent=8210"}],"wp:term":[{"taxonomy":"category","embeddable":true,"href":"https:\/\/correiodasemana.com\/site\/wp-json\/wp\/v2\/categories?post=8210"},{"taxonomy":"post_tag","embeddable":true,"href":"https:\/\/correiodasemana.com\/site\/wp-json\/wp\/v2\/tags?post=8210"}],"curies":[{"name":"wp","href":"https:\/\/api.w.org\/{rel}","templated":true}]}}