{"id":8232,"date":"2019-07-08T04:58:22","date_gmt":"2019-07-08T04:58:22","guid":{"rendered":"https:\/\/correiodasemana.com\/site\/?p=8232"},"modified":"2019-07-08T04:58:22","modified_gmt":"2019-07-08T04:58:22","slug":"nova-sede-da-defensoria-publica-e-inaugurada-em-sobral","status":"publish","type":"post","link":"https:\/\/correiodasemana.com\/site\/nova-sede-da-defensoria-publica-e-inaugurada-em-sobral\/","title":{"rendered":"Nova sede da Defensoria P\u00fablica \u00e9 inaugurada em Sobral"},"content":{"rendered":"<p>A Defensoria P\u00fablica do Estado do Cear\u00e1 inaugurou na quinta-feira (4) uma sede pr\u00f3pria na cidade, o edif\u00edcio Moacir Gomes Sobreira, com objetivo de ofertar melhor estrutura e mais comodidade \u00e0 popula\u00e7\u00e3o. Na ocasi\u00e3o, tamb\u00e9m foi inaugurado a nova sede da Coordenadoria Municipal de Direitos Humanos, por meio de conv\u00eanio entre a Defensoria P\u00fablica e a Prefeitura de Sobral para cess\u00e3o de salas. Estiveram presentes o governador do Estado, Camilo Santana, o prefeito de Sobral, Ivo Ferreira Gomes, Mariana Lobo, da defensoria geral do Cear\u00e1 e Am\u00e9lia Rocha, presidenta da Associa\u00e7\u00e3o das Defensoras e dos Defensores P\u00fablicos do Estado do Cear\u00e1 (Adpec).<\/p>\n<p><strong>Estrutura<\/strong><br \/>\nO pr\u00e9dio possui\u00a01.151.39 metros quadrados de \u00e1rea constru\u00edda, com onze gabinetes individualizados para os defensores, duas recep\u00e7\u00f5es \u2013 uma no pavimento t\u00e9rreo com capacidade para 100 pessoas, e outra no andar superior para quinze pessoas -, duas salas para media\u00e7\u00e3o, uma sala para atendimento psicossocial, sala de reuni\u00f5es, salas para estagi\u00e1rios e equipe de T.I., brinquedoteca, banheiros e estacionamento. Ao todo, dez defensores est\u00e3o titulares na cidade e dividem a rotina entre os atendimentos na sede e as audi\u00eancias judiciais, no F\u00f3rum da Justi\u00e7a Estadual, que fica vizinho \u00e0 nova sede. Al\u00e9m de mais espa\u00e7o e conforto, a sede da Defensoria tamb\u00e9m inaugurou o Audit\u00f3rio Padre Ibiapina, que permitir\u00e1 a realiza\u00e7\u00e3o de palestras, cursos, audi\u00eancias p\u00fablicas e eventos que consolidam a miss\u00e3o da institui\u00e7\u00e3o no que diz respeito a acesso \u00e0 justi\u00e7a e educa\u00e7\u00e3o em direitos.<br \/>\nDe acordo com a defensora p\u00fablica Emanuela Vasconcelos Leite, supervisora da Defensoria P\u00fablica em Sobral, possuir uma sede mais estruturada \u00e9 sin\u00f4nimo de dignidade: \u201cAs pessoas se sentem mais perto dos seus direitos com a presen\u00e7a fortalecida da Defensoria P\u00fablica. N\u00f3s lidamos com um cat\u00e1logo de a\u00e7\u00f5es muito amplo, que envolve desde acesso \u00e0 sa\u00fade, a quest\u00f5es de fam\u00edlia, c\u00edveis, contratuais, inf\u00e2ncia e juventude, prote\u00e7\u00e3o aos direitos humanos, dentre outros. Portanto, ao inaugurarmos uma sede como esta, apresentamos \u00e0 cidade, simbolicamente, que a Defensoria est\u00e1 viva, atuante e atenta a esse movimento cada vez mais urgente de prote\u00e7\u00e3o e defesa dos direitos da popula\u00e7\u00e3o hipossuficiente\u201d, enfatiza.<br \/>\nSegundo Mariana Lobo, defensora geral do Cear\u00e1, a sede ainda consolida uma importante parceria com o munic\u00edpio, que vem desde a cess\u00e3o do terreno, contribuindo para o fortalecimento da Defensoria em Sobral: \u201cEstamos firmando um conv\u00eanio com a Prefeitura e isso nos permitir\u00e1 dialogar de forma mais pr\u00f3xima com as pol\u00edticas de direitos humanos e da inf\u00e2ncia no munic\u00edpio. Dividiremos n\u00e3o s\u00f3 o pr\u00e9dio, mas a miss\u00e3o de promover cidadania e de acesso aos direitos da popula\u00e7\u00e3o sobralense\u201d, destaca.<br \/>\nPara o prefeito Ivo Gomes, o funcionamento dos \u00f3rg\u00e3os no mesmo pr\u00e9dio facilitar\u00e1 o acesso \u00e0 Justi\u00e7a, principalmente para moradores que moram distante do Centro e nos distritos do munic\u00edpio: \u201cA parceria com a Defensoria P\u00fablica do Estado vai trazer muita agilidade e conforto pra popula\u00e7\u00e3o que ter\u00e1 acesso a v\u00e1rios servi\u00e7os em um s\u00f3 lugar\u201d, aponta. (Com informa\u00e7\u00f5es da Assessoria de Comunica\u00e7\u00e3o da Defensoria P\u00fablica Geral do Estado do Cear\u00e1).<\/p>\n<p><strong>Moacir Gomes Sobreira \u2013 O Homenageado<\/strong><br \/>\nNasceu em Fortaleza (CE) e cursou a Faculdade de Direito do Cear\u00e1, onde se bacharelou juntamente com seu irm\u00e3o Jos\u00e9 Gomes Sobreira, em mar\u00e7o de 1932. A partir de ent\u00e3o at\u00e9 o ano de 1940, ele exerceu o cargo de juiz em v\u00e1rias comarcas do Estado do Cear\u00e1. Em 1941, deixou espontaneamente a magistratura e se inscreveu na OAB-CE, sob n\u00famero de 334, quando advogou nas cidades serranas da Ibiapaba e, posteriormente, em toda a zona norte do Estado do Cear\u00e1, tendo como centro principal de suas atividades a cidade de Sobral. Em 1956, foi nomeado interinamente pelo ent\u00e3o governador Paulo Sarasate como procurador fiscal do Estado. Em 1959, se tornou procurador judicial da Prefeitura Municipal de Sobral e, em 1964, advogado de of\u00edcio do ent\u00e3o governador do Cear\u00e1, Virg\u00edlio T\u00e1vora, cargo que exerceu em Sobral (CE) at\u00e9 o seu falecimento, em 1978, aos 76 anos. Ele e seus colegas Dr. Jos\u00e9 Euclides Ferreira Gomes J\u00fanior, pai do senador Cid Ferreira Gomes e do prefeito de Sobral, Ivo Ferreira Gomes, e Dr. Jos\u00e9 Gerardo Frota Parente, s\u00e3o considerados os primeiros Advogados de Of\u00edcio nomeados para Sobral, prestaram relevante assist\u00eancia judici\u00e1ria aos necessitados. Os advogados de of\u00edcios foram os precursores da miss\u00e3o hoje atribu\u00edda ao defensor p\u00fablico, que prestam relevante servi\u00e7o de acesso \u00e0 justi\u00e7a e a cidadania de milhares de cearenses.<\/p>\n","protected":false},"excerpt":{"rendered":"<p>A Defensoria P\u00fablica do Estado do Cear\u00e1 inaugurou na quinta-feira (4) uma sede pr\u00f3pria na&#8230;<\/p>\n","protected":false},"author":1,"featured_media":8233,"comment_status":"open","ping_status":"open","sticky":false,"template":"","format":"standard","meta":{"_jetpack_memberships_contains_paid_content":false,"footnotes":"","jetpack_publicize_message":"","jetpack_publicize_feature_enabled":true,"jetpack_social_post_already_shared":true,"jetpack_social_options":{"image_generator_settings":{"template":"highway","default_image_id":0,"font":"","enabled":false},"version":2}},"categories":[1],"tags":[],"class_list":["post-8232","post","type-post","status-publish","format-standard","has-post-thumbnail","hentry","category-atualidade"],"jetpack_publicize_connections":[],"jetpack_featured_media_url":"https:\/\/correiodasemana.com\/site\/wp-content\/uploads\/2019\/07\/WhatsApp-Image-2019-07-04-at-12.22.20.jpeg","jetpack-related-posts":[{"id":17542,"url":"https:\/\/correiodasemana.com\/site\/politica-em-evidencia-77\/","url_meta":{"origin":8232,"position":0},"title":"Pol\u00edtica em Evid\u00eancia","author":"","date":"Setembro 19, 2021","format":false,"excerpt":"A Prefeitura de Sobral e o Governo do Estado do Cear\u00e1 inauguraram, na quarta-feira (15\/09), a Avenida Dr. Guarani, Esta\u00e7\u00e3o do VLT do Arco, o Centro de Educa\u00e7\u00e3o Infantil (CEI) Dona Oneide Pessoa Dias, no bairro Padre Ibiapina, e o CEI Padre Jo\u00e3o Mendes Lira, no bairro Dom Expedito. Cada\u2026","rel":"","context":"In &quot;Artigos&quot;","block_context":{"text":"Artigos","link":"https:\/\/correiodasemana.com\/site\/category\/artigos\/"},"img":{"alt_text":"","src":"","width":0,"height":0},"classes":[]},{"id":8316,"url":"https:\/\/correiodasemana.com\/site\/panorama-politico-2\/","url_meta":{"origin":8232,"position":1},"title":"Panorama Pol\u00edtico","author":"","date":"Julho 16, 2019","format":false,"excerpt":"Prefeito Ivo Gomes inaugura UPA 24 Horas e sede da Defensoria P\u00fablica Os moradores da maior cidade da regi\u00e3o Norte, Sobral, foram beneficiados com uma Unidade de Pronto Atendimento (UPA 24 Horas) e com a nova Sede da Defensoria P\u00fablica de Sobral. O governador Camilo Santana e o prefeito Ivo\u2026","rel":"","context":"In &quot;Artigos&quot;","block_context":{"text":"Artigos","link":"https:\/\/correiodasemana.com\/site\/category\/artigos\/"},"img":{"alt_text":"","src":"https:\/\/i0.wp.com\/correiodasemana.com\/site\/wp-content\/uploads\/2019\/07\/dscf8825.jpg?resize=350%2C200&ssl=1","width":350,"height":200,"srcset":"https:\/\/i0.wp.com\/correiodasemana.com\/site\/wp-content\/uploads\/2019\/07\/dscf8825.jpg?resize=350%2C200&ssl=1 1x, https:\/\/i0.wp.com\/correiodasemana.com\/site\/wp-content\/uploads\/2019\/07\/dscf8825.jpg?resize=525%2C300&ssl=1 1.5x, https:\/\/i0.wp.com\/correiodasemana.com\/site\/wp-content\/uploads\/2019\/07\/dscf8825.jpg?resize=700%2C400&ssl=1 2x, https:\/\/i0.wp.com\/correiodasemana.com\/site\/wp-content\/uploads\/2019\/07\/dscf8825.jpg?resize=1050%2C600&ssl=1 3x, https:\/\/i0.wp.com\/correiodasemana.com\/site\/wp-content\/uploads\/2019\/07\/dscf8825.jpg?resize=1400%2C800&ssl=1 4x"},"classes":[]},{"id":17604,"url":"https:\/\/correiodasemana.com\/site\/politica-em-evidencia-78\/","url_meta":{"origin":8232,"position":2},"title":"Pol\u00edtica em Evid\u00eancia","author":"","date":"Setembro 26, 2021","format":false,"excerpt":"O prefeito de Sobral, Ivo Gomes, esteve inaugurando na ter\u00e7a-feira (21), o Novo Centro de Sa\u00fade da Fam\u00edlia Doutor Thomaz Correa Arag\u00e3o, no Bairro Sinh\u00e1 Sab\u00f3ia, que conta com mais de 1.000 metros quadrados, a maior Unidade B\u00e1sica de Sobral.\u00a0De acordo com informa\u00e7\u00f5es da secretaria de Sa\u00fade, o investimento na\u2026","rel":"","context":"In &quot;Artigos&quot;","block_context":{"text":"Artigos","link":"https:\/\/correiodasemana.com\/site\/category\/artigos\/"},"img":{"alt_text":"","src":"","width":0,"height":0},"classes":[]},{"id":8435,"url":"https:\/\/correiodasemana.com\/site\/em-tempo-3\/","url_meta":{"origin":8232,"position":3},"title":"Em Tempo","author":"","date":"Julho 22, 2019","format":false,"excerpt":"Hospital do Cora\u00e7\u00e3o de Sobral Hospital do Cora\u00e7\u00e3o de Sobral (HC) inaugurou nova UTI para pacientes de conv\u00eanios e particulares, com oito leitos, todos com monitores, ventiladores, bombas de infus\u00e3o e aparelhos de eletrocardiograma. Cerim\u00f4nia, no dia 9 de julho, teve a ben\u00e7\u00e3o do bispo Dom Vasconcelos. O HC realiza\u2026","rel":"","context":"In &quot;Artigos&quot;","block_context":{"text":"Artigos","link":"https:\/\/correiodasemana.com\/site\/category\/artigos\/"},"img":{"alt_text":"","src":"https:\/\/i0.wp.com\/correiodasemana.com\/site\/wp-content\/uploads\/2019\/07\/Orquestra.jpg?resize=350%2C200&ssl=1","width":350,"height":200,"srcset":"https:\/\/i0.wp.com\/correiodasemana.com\/site\/wp-content\/uploads\/2019\/07\/Orquestra.jpg?resize=350%2C200&ssl=1 1x, https:\/\/i0.wp.com\/correiodasemana.com\/site\/wp-content\/uploads\/2019\/07\/Orquestra.jpg?resize=525%2C300&ssl=1 1.5x, https:\/\/i0.wp.com\/correiodasemana.com\/site\/wp-content\/uploads\/2019\/07\/Orquestra.jpg?resize=700%2C400&ssl=1 2x"},"classes":[]},{"id":25374,"url":"https:\/\/correiodasemana.com\/site\/presidente-da-camara-a-vereadora-socorrinha-brasileiro-pdt-acompanha-o-atendimento-da-unidade-movel-do-caminhao-do-cidadao-e-defensoria-publica-em-taperuaba\/","url_meta":{"origin":8232,"position":4},"title":"Presidente da C\u00e2mara, a vereadora Socorrinha Brasileiro, (PDT) acompanha o atendimento da Unidade M\u00f3vel do Caminh\u00e3o do Cidad\u00e3o e Defensoria P\u00fablica em Taperuaba","author":"adminredacao","date":"Junho 26, 2023","format":false,"excerpt":"Na manh\u00e3 de segunda-feira (19\/06), a Presidente da C\u00e2mara Municipal de Sobral, vereadora Socorrinha Brasileiro, esteve acompanhando o in\u00edcio dos atendimentos da Unidade M\u00f3vel do Caminh\u00e3o do Cidad\u00e3o e da Defensoria P\u00fablica no distrito de Taperuaba, que est\u00e3o atendendo em frente \u00e0 Escola E. M. T. I. Dep. Ces\u00e1rio Barreto\u2026","rel":"","context":"In &quot;Atualidade&quot;","block_context":{"text":"Atualidade","link":"https:\/\/correiodasemana.com\/site\/category\/atualidade\/"},"img":{"alt_text":"","src":"https:\/\/i0.wp.com\/correiodasemana.com\/site\/wp-content\/uploads\/2023\/06\/WhatsApp-Image-2023-06-19-at-10.54.06-3.jpeg?resize=350%2C200&ssl=1","width":350,"height":200,"srcset":"https:\/\/i0.wp.com\/correiodasemana.com\/site\/wp-content\/uploads\/2023\/06\/WhatsApp-Image-2023-06-19-at-10.54.06-3.jpeg?resize=350%2C200&ssl=1 1x, https:\/\/i0.wp.com\/correiodasemana.com\/site\/wp-content\/uploads\/2023\/06\/WhatsApp-Image-2023-06-19-at-10.54.06-3.jpeg?resize=525%2C300&ssl=1 1.5x, https:\/\/i0.wp.com\/correiodasemana.com\/site\/wp-content\/uploads\/2023\/06\/WhatsApp-Image-2023-06-19-at-10.54.06-3.jpeg?resize=700%2C400&ssl=1 2x, https:\/\/i0.wp.com\/correiodasemana.com\/site\/wp-content\/uploads\/2023\/06\/WhatsApp-Image-2023-06-19-at-10.54.06-3.jpeg?resize=1050%2C600&ssl=1 3x"},"classes":[]},{"id":37496,"url":"https:\/\/correiodasemana.com\/site\/oab-ce-conquista-vitoria-com-regulamentacao-da-advocacia-dativa-no-ceara\/","url_meta":{"origin":8232,"position":5},"title":"OAB-CE conquista vit\u00f3ria com regulamenta\u00e7\u00e3o da advocacia dativa no Cear\u00e1","author":"adminredacao","date":"Fevereiro 23, 2026","format":false,"excerpt":"Em cerim\u00f4nia realizada nesta ter\u00e7a-feira (10\/2), o governador do Cear\u00e1, Elmano de Freitas, assinou o ato normativo que regulamenta a advocacia dativa no Estado. Fruto da articula\u00e7\u00e3o da Ordem dos Advogados do Brasil \u2013 Sec\u00e7\u00e3o Cear\u00e1 (OAB-CE), a assinatura do documento contou com a presen\u00e7a da presidente da OAB-CE, Christiane\u2026","rel":"","context":"In &quot;Atualidade&quot;","block_context":{"text":"Atualidade","link":"https:\/\/correiodasemana.com\/site\/category\/atualidade\/"},"img":{"alt_text":"","src":"https:\/\/i0.wp.com\/correiodasemana.com\/site\/wp-content\/uploads\/2026\/02\/ascomoab_adv100226.jpeg?resize=350%2C200&ssl=1","width":350,"height":200,"srcset":"https:\/\/i0.wp.com\/correiodasemana.com\/site\/wp-content\/uploads\/2026\/02\/ascomoab_adv100226.jpeg?resize=350%2C200&ssl=1 1x, https:\/\/i0.wp.com\/correiodasemana.com\/site\/wp-content\/uploads\/2026\/02\/ascomoab_adv100226.jpeg?resize=525%2C300&ssl=1 1.5x, https:\/\/i0.wp.com\/correiodasemana.com\/site\/wp-content\/uploads\/2026\/02\/ascomoab_adv100226.jpeg?resize=700%2C400&ssl=1 2x, https:\/\/i0.wp.com\/correiodasemana.com\/site\/wp-content\/uploads\/2026\/02\/ascomoab_adv100226.jpeg?resize=1050%2C600&ssl=1 3x, https:\/\/i0.wp.com\/correiodasemana.com\/site\/wp-content\/uploads\/2026\/02\/ascomoab_adv100226.jpeg?resize=1400%2C800&ssl=1 4x"},"classes":[]}],"jetpack_sharing_enabled":true,"_links":{"self":[{"href":"https:\/\/correiodasemana.com\/site\/wp-json\/wp\/v2\/posts\/8232","targetHints":{"allow":["GET"]}}],"collection":[{"href":"https:\/\/correiodasemana.com\/site\/wp-json\/wp\/v2\/posts"}],"about":[{"href":"https:\/\/correiodasemana.com\/site\/wp-json\/wp\/v2\/types\/post"}],"author":[{"embeddable":true,"href":"https:\/\/correiodasemana.com\/site\/wp-json\/wp\/v2\/users\/1"}],"replies":[{"embeddable":true,"href":"https:\/\/correiodasemana.com\/site\/wp-json\/wp\/v2\/comments?post=8232"}],"version-history":[{"count":1,"href":"https:\/\/correiodasemana.com\/site\/wp-json\/wp\/v2\/posts\/8232\/revisions"}],"predecessor-version":[{"id":8234,"href":"https:\/\/correiodasemana.com\/site\/wp-json\/wp\/v2\/posts\/8232\/revisions\/8234"}],"wp:featuredmedia":[{"embeddable":true,"href":"https:\/\/correiodasemana.com\/site\/wp-json\/wp\/v2\/media\/8233"}],"wp:attachment":[{"href":"https:\/\/correiodasemana.com\/site\/wp-json\/wp\/v2\/media?parent=8232"}],"wp:term":[{"taxonomy":"category","embeddable":true,"href":"https:\/\/correiodasemana.com\/site\/wp-json\/wp\/v2\/categories?post=8232"},{"taxonomy":"post_tag","embeddable":true,"href":"https:\/\/correiodasemana.com\/site\/wp-json\/wp\/v2\/tags?post=8232"}],"curies":[{"name":"wp","href":"https:\/\/api.w.org\/{rel}","templated":true}]}}