{"id":8242,"date":"2019-07-08T05:03:38","date_gmt":"2019-07-08T05:03:38","guid":{"rendered":"https:\/\/correiodasemana.com\/site\/?p=8242"},"modified":"2019-07-08T05:04:27","modified_gmt":"2019-07-08T05:04:27","slug":"enem-tera-aplicacao-digital-em-2020-em-fase-piloto","status":"publish","type":"post","link":"https:\/\/correiodasemana.com\/site\/enem-tera-aplicacao-digital-em-2020-em-fase-piloto\/","title":{"rendered":"Enem ter\u00e1 aplica\u00e7\u00e3o digital em 2020 em fase piloto"},"content":{"rendered":"<p>Por\u00a0Mariana Tokarnia &#8211; Rep\u00f3rter da Ag\u00eancia Brasil<br \/>\nO Minist\u00e9rio da Educa\u00e7\u00e3o anunciou na quarta-feira (3), em Bras\u00edlia, que o Exame Nacional do Ensino M\u00e9dio (Enem) vai se tornar digital. A proposta \u00e9 de uma implementa\u00e7\u00e3o progressiva. Em 2020, a vers\u00e3o digital ser\u00e1 aplicada em fase piloto.<br \/>\nA previs\u00e3o do governo \u00e9 abandonar as vers\u00f5es impressas em 2026. Nada ir\u00e1 mudar para os participantes inscritos em 2019. As primeiras aplica\u00e7\u00f5es digitais ser\u00e3o opcionais. O estudante vai escolher o modelo no momento da inscri\u00e7\u00e3o.<br \/>\nSegundo o MEC, no primeiro ano de teste, o modelo digital ser\u00e1 aplicado para 50 mil pessoas em 15 capitais do pa\u00eds. A expectativa \u00e9 que a vers\u00e3o digital abra outras possibilidades como a de realiza\u00e7\u00e3o do exame em v\u00e1rias datas ao longo do ano, por agendamento.<br \/>\nEm 2020, portanto, o Enem ter\u00e1 tr\u00eas aplica\u00e7\u00f5es: a digital, a regular e a reaplica\u00e7\u00e3o. Este \u00faltimo caso \u00e9 voltado para candidatos prejudicados por algum problema log\u00edstico ou de infraestrutura durante a realiza\u00e7\u00e3o da prova digital. Eles ter\u00e3o direito \u00e0 reaplica\u00e7\u00e3o, que ocorrer\u00e1 em papel.<br \/>\nPara o governo, o Enem Digital vai permitir a utiliza\u00e7\u00e3o de novos tipos de quest\u00f5es com v\u00eddeos, infogr\u00e1ficos e at\u00e9 a l\u00f3gica dos games. Tamb\u00e9m ser\u00e1 poss\u00edvel aplicar o Enem em mais munic\u00edpios.<br \/>\n\u201cAt\u00e9 2026, a prova vai ser muito parecida com o que \u00e9 hoje, mas toda ela vai ser feita no computador, como foram as transforma\u00e7\u00f5es l\u00e1 fora. At\u00e9 2026, todo mundo vai fazer a prova pelo computador, e vai poder fazer isso em v\u00e1rias datas ao longo do ano\u201d, disse o ministro da Educa\u00e7\u00e3o, Abraham Weintraub.<br \/>\nSegundo ele, o estudante que ficar de fora de um exame poder\u00e1 fazer a outra aplica\u00e7\u00e3o.\u00a0N\u00e3o haver\u00e1 distin\u00e7\u00e3o de valor entre a aplica\u00e7\u00e3o digital e em papel, de acordo com a pasta.<\/p>\n<p><strong>Enem 2020\u00a0<\/strong><br \/>\nO Enem 2020 j\u00e1 tem data. De acordo com o MEC, o exame ser\u00e1 aplicado em dois domingos, nos dias 11 e 18 de outubro no formato digital. O Enem regular, em papel, ser\u00e1 aplicado, aos demais estudantes nos dias 1\u00ba e 8 de novembro.<br \/>\nComo se trata de projeto-piloto, os estudantes que tiverem algum problema com a prova digital ter\u00e3o direito a refazer o exame na reaplica\u00e7\u00e3o, que atualmente \u00e9 destinada a estudantes que foram prejudicados por quest\u00f5es como falta de energia el\u00e9trica, chuvas e outras intercorr\u00eancias.<br \/>\nO exame ser\u00e1 aplicado na vers\u00e3o digital no ano que vem em Bel\u00e9m (PA), Belo Horizonte (MG), Bras\u00edlia (DF), Campo Grande (MS), Cuiab\u00e1 (MT), Curitiba (PR), Florian\u00f3polis (SC), Goi\u00e2nia (GO), Jo\u00e3o Pessoa (PB), Manaus (AM), Porto Alegre (RS), Recife (PE), Rio de Janeiro (RJ), Salvador (BA) e S\u00e3o Paulo (SP).<\/p>\n<p><strong>Edi\u00e7\u00e3o do Enem 2019<\/strong><br \/>\nEm 2019, mais de 10,2 milh\u00f5es de provas ser\u00e3o impressas para o Enem. Os custos da aplica\u00e7\u00e3o superam R$ 500 milh\u00f5es para os mais de 5 milh\u00f5es de participantes confirmados na edi\u00e7\u00e3o.<\/p>\n","protected":false},"excerpt":{"rendered":"<p>Por\u00a0Mariana Tokarnia &#8211; Rep\u00f3rter da Ag\u00eancia Brasil O Minist\u00e9rio da Educa\u00e7\u00e3o anunciou na quarta-feira (3),&#8230;<\/p>\n","protected":false},"author":1,"featured_media":8245,"comment_status":"open","ping_status":"open","sticky":false,"template":"","format":"standard","meta":{"_jetpack_memberships_contains_paid_content":false,"footnotes":"","jetpack_publicize_message":"","jetpack_publicize_feature_enabled":true,"jetpack_social_post_already_shared":true,"jetpack_social_options":{"image_generator_settings":{"template":"highway","default_image_id":0,"font":"","enabled":false},"version":2}},"categories":[1],"tags":[],"class_list":["post-8242","post","type-post","status-publish","format-standard","has-post-thumbnail","hentry","category-atualidade"],"jetpack_publicize_connections":[],"jetpack_featured_media_url":"https:\/\/correiodasemana.com\/site\/wp-content\/uploads\/2019\/07\/1de772f6-fa2e-4493-a103-468812c64c70.jpeg","jetpack-related-posts":[{"id":21592,"url":"https:\/\/correiodasemana.com\/site\/ceara-tem-221-mil-candidatos-aptos-a-fazer-prova-do-enem-neste-domingo\/","url_meta":{"origin":8242,"position":0},"title":"Cear\u00e1 tem 221 mil candidatos aptos a fazer prova do Enem neste domingo","author":"","date":"Novembro 11, 2022","format":false,"excerpt":"Provas, com 180 quest\u00f5es e reda\u00e7\u00e3o, ser\u00e3o aplicadas em todo o pa\u00eds em dois domingos: dias 13 e 20 de novembro. A primeira prova do Exame Nacional do Ensino M\u00e9dio (Enem) 2022 come\u00e7a no pr\u00f3ximo domingo (13). O Cear\u00e1 tem o quinto maior n\u00famero de inscritos no pa\u00eds para a\u2026","rel":"","context":"In &quot;Atualidade&quot;","block_context":{"text":"Atualidade","link":"https:\/\/correiodasemana.com\/site\/category\/atualidade\/"},"img":{"alt_text":"","src":"https:\/\/i0.wp.com\/correiodasemana.com\/site\/wp-content\/uploads\/2022\/11\/Enem.jpg?resize=350%2C200&ssl=1","width":350,"height":200,"srcset":"https:\/\/i0.wp.com\/correiodasemana.com\/site\/wp-content\/uploads\/2022\/11\/Enem.jpg?resize=350%2C200&ssl=1 1x, https:\/\/i0.wp.com\/correiodasemana.com\/site\/wp-content\/uploads\/2022\/11\/Enem.jpg?resize=525%2C300&ssl=1 1.5x"},"classes":[]},{"id":11755,"url":"https:\/\/correiodasemana.com\/site\/em-tempo-39\/","url_meta":{"origin":8242,"position":1},"title":"Em Tempo","author":"","date":"Julho 12, 2020","format":false,"excerpt":"Dicion\u00e1rio Termos do Coronavirus Projeto criado na Catalunha, com a elabora\u00e7\u00e3o de dicion\u00e1rio sobre a pandemia do novo coronav\u00edrus, conta com a colabora\u00e7\u00e3o do professor cearense M\u00e1rcio Santiago. Ele \u00e9 respons\u00e1vel pelos termos em portugu\u00eas na plataforma digital dispon\u00edvel para todo o mundo. O \u201cTermes del Coronavirus\u201d \u2013 \u201cTermos do\u2026","rel":"","context":"In &quot;Artigos&quot;","block_context":{"text":"Artigos","link":"https:\/\/correiodasemana.com\/site\/category\/artigos\/"},"img":{"alt_text":"","src":"https:\/\/i0.wp.com\/correiodasemana.com\/site\/wp-content\/uploads\/2019\/12\/FOTO-EDILSON-SILVA-2.jpg?resize=350%2C200&ssl=1","width":350,"height":200,"srcset":"https:\/\/i0.wp.com\/correiodasemana.com\/site\/wp-content\/uploads\/2019\/12\/FOTO-EDILSON-SILVA-2.jpg?resize=350%2C200&ssl=1 1x, https:\/\/i0.wp.com\/correiodasemana.com\/site\/wp-content\/uploads\/2019\/12\/FOTO-EDILSON-SILVA-2.jpg?resize=525%2C300&ssl=1 1.5x, https:\/\/i0.wp.com\/correiodasemana.com\/site\/wp-content\/uploads\/2019\/12\/FOTO-EDILSON-SILVA-2.jpg?resize=700%2C400&ssl=1 2x"},"classes":[]},{"id":9723,"url":"https:\/\/correiodasemana.com\/site\/inep-responde-a-duvidas-de-internautas-sobre-enem\/","url_meta":{"origin":8242,"position":2},"title":"Inep responde a d\u00favidas de internautas sobre Enem","author":"","date":"Novembro 4, 2019","format":false,"excerpt":"Por Ag\u00eancia Brasil Camisa de time \u00e9 permitida no Exame Nacional do Ensino M\u00e9dio (Enem), o lanche n\u00e3o precisa estar em recipiente transparente e documento vencido pode ser apresentado no dia do exame. Essas s\u00e3o algumas das respostas dadas pelo Instituto Nacional de Estudos e Pesquisas Educacionais An\u00edsio Teixeira (Inep),\u2026","rel":"","context":"In &quot;Atualidade&quot;","block_context":{"text":"Atualidade","link":"https:\/\/correiodasemana.com\/site\/category\/atualidade\/"},"img":{"alt_text":"","src":"https:\/\/i0.wp.com\/correiodasemana.com\/site\/wp-content\/uploads\/2019\/11\/agencia.jpg?resize=350%2C200&ssl=1","width":350,"height":200,"srcset":"https:\/\/i0.wp.com\/correiodasemana.com\/site\/wp-content\/uploads\/2019\/11\/agencia.jpg?resize=350%2C200&ssl=1 1x, https:\/\/i0.wp.com\/correiodasemana.com\/site\/wp-content\/uploads\/2019\/11\/agencia.jpg?resize=525%2C300&ssl=1 1.5x, https:\/\/i0.wp.com\/correiodasemana.com\/site\/wp-content\/uploads\/2019\/11\/agencia.jpg?resize=700%2C400&ssl=1 2x, https:\/\/i0.wp.com\/correiodasemana.com\/site\/wp-content\/uploads\/2019\/11\/agencia.jpg?resize=1050%2C600&ssl=1 3x"},"classes":[]},{"id":28110,"url":"https:\/\/correiodasemana.com\/site\/saiba-como-funcionara-o-programa-pe-de-meia-para-estudantes\/","url_meta":{"origin":8242,"position":3},"title":"Saiba como funcionar\u00e1 o Programa P\u00e9-de-Meia para estudantes","author":"adminredacao","date":"Janeiro 22, 2024","format":false,"excerpt":"Lei que cria o programa foi publicada no Di\u00e1rio Oficial Por Fab\u00edola Siminb\u00fa - Rep\u00f3rter da Ag\u00eancia Brasil - Bras\u00edlia A\u00a0lei que cria o Programa P\u00e9-de-Meia, para incentivo educacional de estudantes do Ensino M\u00e9dio p\u00fablico, foi publicada na quarta-feira (17) no\u00a0Di\u00e1rio Oficial da Uni\u00e3o. A legisla\u00e7\u00e3o define quem poder\u00e1 receber\u2026","rel":"","context":"In &quot;Atualidade&quot;","block_context":{"text":"Atualidade","link":"https:\/\/correiodasemana.com\/site\/category\/atualidade\/"},"img":{"alt_text":"","src":"https:\/\/i0.wp.com\/correiodasemana.com\/site\/wp-content\/uploads\/2024\/01\/raf08290.webp?resize=350%2C200&ssl=1","width":350,"height":200,"srcset":"https:\/\/i0.wp.com\/correiodasemana.com\/site\/wp-content\/uploads\/2024\/01\/raf08290.webp?resize=350%2C200&ssl=1 1x, https:\/\/i0.wp.com\/correiodasemana.com\/site\/wp-content\/uploads\/2024\/01\/raf08290.webp?resize=525%2C300&ssl=1 1.5x, https:\/\/i0.wp.com\/correiodasemana.com\/site\/wp-content\/uploads\/2024\/01\/raf08290.webp?resize=700%2C400&ssl=1 2x, https:\/\/i0.wp.com\/correiodasemana.com\/site\/wp-content\/uploads\/2024\/01\/raf08290.webp?resize=1050%2C600&ssl=1 3x"},"classes":[]},{"id":23784,"url":"https:\/\/correiodasemana.com\/site\/ministro-da-educacao-confirma-suspensao-do-novo-ensino-medio\/","url_meta":{"origin":8242,"position":4},"title":"Ministro da Educa\u00e7\u00e3o confirma suspens\u00e3o do novo ensino m\u00e9dio","author":"","date":"Abril 5, 2023","format":false,"excerpt":"O ministro da Educa\u00e7\u00e3o, Camilo Santana, confirmou nesta 3\u00aa feira (4.abr.2023) a suspens\u00e3o do cronograma de implementa\u00e7\u00e3o do Novo Ensino M\u00e9dio. A medida vai barrar as mudan\u00e7as previstas para a edi\u00e7\u00e3o do Enem (Exame Nacional do Ensino M\u00e9dio) em 2024. \u201cHoje estou assinando uma portaria, inclusive eu j\u00e1 tinha anunciado\u2026","rel":"","context":"In &quot;Atualidade&quot;","block_context":{"text":"Atualidade","link":"https:\/\/correiodasemana.com\/site\/category\/atualidade\/"},"img":{"alt_text":"","src":"https:\/\/i0.wp.com\/correiodasemana.com\/site\/wp-content\/uploads\/2023\/04\/fmoicsewiaakiop.jpeg?resize=350%2C200&ssl=1","width":350,"height":200,"srcset":"https:\/\/i0.wp.com\/correiodasemana.com\/site\/wp-content\/uploads\/2023\/04\/fmoicsewiaakiop.jpeg?resize=350%2C200&ssl=1 1x, https:\/\/i0.wp.com\/correiodasemana.com\/site\/wp-content\/uploads\/2023\/04\/fmoicsewiaakiop.jpeg?resize=525%2C300&ssl=1 1.5x, https:\/\/i0.wp.com\/correiodasemana.com\/site\/wp-content\/uploads\/2023\/04\/fmoicsewiaakiop.jpeg?resize=700%2C400&ssl=1 2x, https:\/\/i0.wp.com\/correiodasemana.com\/site\/wp-content\/uploads\/2023\/04\/fmoicsewiaakiop.jpeg?resize=1050%2C600&ssl=1 3x"},"classes":[]},{"id":12890,"url":"https:\/\/correiodasemana.com\/site\/300-mil-beneficiarios-do-inss-farao-prova-de-vida-usando-biometria\/","url_meta":{"origin":8242,"position":5},"title":"300 mil benefici\u00e1rios do INSS far\u00e3o prova de vida usando biometria","author":"","date":"Agosto 17, 2020","format":false,"excerpt":"A partir do dia 20 de agosto, 300 mil benefici\u00e1rios do INSS (Instituto Nacional do Seguro Social) participar\u00e3o de um projeto-piloto de prova de vida digital. O projeto acontece em fun\u00e7\u00e3o da pandemia do coronav\u00edrus. Os benefici\u00e1rios far\u00e3o a prova de vida usando um programa de biometria facial. A Secretaria\u2026","rel":"","context":"In &quot;Atualidade&quot;","block_context":{"text":"Atualidade","link":"https:\/\/correiodasemana.com\/site\/category\/atualidade\/"},"img":{"alt_text":"","src":"https:\/\/i0.wp.com\/correiodasemana.com\/site\/wp-content\/uploads\/2020\/08\/apos-mudancas-bancos-continuarao-com-prova-de-vida-de-aposentados-e-pensionistas-do-inss-1548959693122_615x300.png?resize=350%2C200&ssl=1","width":350,"height":200,"srcset":"https:\/\/i0.wp.com\/correiodasemana.com\/site\/wp-content\/uploads\/2020\/08\/apos-mudancas-bancos-continuarao-com-prova-de-vida-de-aposentados-e-pensionistas-do-inss-1548959693122_615x300.png?resize=350%2C200&ssl=1 1x, https:\/\/i0.wp.com\/correiodasemana.com\/site\/wp-content\/uploads\/2020\/08\/apos-mudancas-bancos-continuarao-com-prova-de-vida-de-aposentados-e-pensionistas-do-inss-1548959693122_615x300.png?resize=525%2C300&ssl=1 1.5x"},"classes":[]}],"jetpack_sharing_enabled":true,"_links":{"self":[{"href":"https:\/\/correiodasemana.com\/site\/wp-json\/wp\/v2\/posts\/8242","targetHints":{"allow":["GET"]}}],"collection":[{"href":"https:\/\/correiodasemana.com\/site\/wp-json\/wp\/v2\/posts"}],"about":[{"href":"https:\/\/correiodasemana.com\/site\/wp-json\/wp\/v2\/types\/post"}],"author":[{"embeddable":true,"href":"https:\/\/correiodasemana.com\/site\/wp-json\/wp\/v2\/users\/1"}],"replies":[{"embeddable":true,"href":"https:\/\/correiodasemana.com\/site\/wp-json\/wp\/v2\/comments?post=8242"}],"version-history":[{"count":1,"href":"https:\/\/correiodasemana.com\/site\/wp-json\/wp\/v2\/posts\/8242\/revisions"}],"predecessor-version":[{"id":8244,"href":"https:\/\/correiodasemana.com\/site\/wp-json\/wp\/v2\/posts\/8242\/revisions\/8244"}],"wp:featuredmedia":[{"embeddable":true,"href":"https:\/\/correiodasemana.com\/site\/wp-json\/wp\/v2\/media\/8245"}],"wp:attachment":[{"href":"https:\/\/correiodasemana.com\/site\/wp-json\/wp\/v2\/media?parent=8242"}],"wp:term":[{"taxonomy":"category","embeddable":true,"href":"https:\/\/correiodasemana.com\/site\/wp-json\/wp\/v2\/categories?post=8242"},{"taxonomy":"post_tag","embeddable":true,"href":"https:\/\/correiodasemana.com\/site\/wp-json\/wp\/v2\/tags?post=8242"}],"curies":[{"name":"wp","href":"https:\/\/api.w.org\/{rel}","templated":true}]}}