{"id":8255,"date":"2019-07-08T05:10:50","date_gmt":"2019-07-08T05:10:50","guid":{"rendered":"https:\/\/correiodasemana.com\/site\/?p=8255"},"modified":"2019-07-08T05:10:50","modified_gmt":"2019-07-08T05:10:50","slug":"a-norma-soares-com-carinho","status":"publish","type":"post","link":"https:\/\/correiodasemana.com\/site\/a-norma-soares-com-carinho\/","title":{"rendered":"A NORMA SOARES, COM CARINHO!"},"content":{"rendered":"<p>Querida Dona Norma, cinco anos se passaram. Sempre que posso levo uma rosa salm\u00e3o ou amarela no seu jazigo. A gente sabe que o que restou do seu f\u00edsico est\u00e1 ali\u2026, mas, a Senhora est\u00e1 no C\u00e9u. Naquele dia 6 de julho de 2014, eu estava na sua casa (que era nova). A Senhora participou, sem muita rea\u00e7\u00e3o, de uma celebra\u00e7\u00e3o feita pelo nosso Padre Jo\u00e3o Batista Frota, a quem encontrei na semana passa, na celebra\u00e7\u00e3o do Cora\u00e7\u00e3o de Jesus. Do jeito que a Senhora viveu, discretamente, partiu&#8230; Poucos l\u00e1 est\u00e1vamos. A calopsita voou livre, feliz, indo ao encontro d\u2019Aquele em quem sempre acreditou.<br \/>\nComo dizem, s\u00f3 poeta entende poeta, por isso uso este espa\u00e7o porque sei que onde a Senhora est\u00e1 n\u00e3o tem endere\u00e7o postal. Tamb\u00e9m n\u00e3o a cumprimentei com bom dia, boa tarde ou boa noite porque sei que a\u00ed \u00e9 atemporal. Qual seria mesmo a esta\u00e7\u00e3o que se vive no C\u00e9u? \u201cOs olhos jamais contemplaram. Ningu\u00e9m sabe explicar\u201d&#8230;<br \/>\nAinda sobre o endere\u00e7o, relembro Drummond ao escrever para Cora (ser\u00e1 que a Senhora j\u00e1 os viu? E Antonio, Rachel, Gerardo? Conheceu Dom Jos\u00e9, o Mons. Antonino? Dom Coutinho e Mons. Andr\u00e9 a\u00ed est\u00e3o tamb\u00e9m), \u201c&#8230; lan\u00e7o estas palavras ao vento, na esperan\u00e7a de que ele as deposite em suas m\u00e3os\u201d. Por aqui muita coisa mudou. Penso que a Senhora fa\u00e7a ideia. As livrarias est\u00e3o fechando e cada vez mais o e-book toma espa\u00e7o, principalmente entre os jovens. Guardo um livro seu com dedicat\u00f3ria e sempre que o reencontro sei que ali tem um pouco de sua ess\u00eancia.<br \/>\nEstou, desde mar\u00e7o, na dire\u00e7\u00e3o do Museu Dom Jos\u00e9, sucedo Antenor Coelho que sucedeu a Giovana, Condessa de Mont\u2019Alverne. Quanto a Senhora poderia contribuir nesse trabalho. Vez por outra, d\u00e1 uma saudade&#8230; H\u00e1 pouco mais de um m\u00eas, se comemorou o centen\u00e1rio do eclipse lunar que possibilitou a comprova\u00e7\u00e3o da Teoria da Relatividade. Por meio da Ci\u00eancia, Sobral se uniu a Ilha do Pr\u00edncipe, em S\u00e3o Tom\u00e9 e Pr\u00edncipe. O Ivo Gomes, seu e nosso amigo, esteve \u00e0 frente dos eventos. Magn\u00edficos, por sinal. Sei que se a Senhora estivesse aqui, teria participando com o \u201cSobralito\u201d contando novas hist\u00f3rias sobre Einstein. Mas, sua revista se fez presente na pasta dos participantes do evento. Tamb\u00e9m aqui no Museu distribu\u00ed \u00e0s escolas que aqui vieram. Houve o lan\u00e7amento de um selo (adquiri unidades para o Museu) e, na pra\u00e7a do Patroc\u00ednio, na reinaugura\u00e7\u00e3o do Museu do Eclipse, parecia que voltamos no tempo e, com uso da tecnologia, vimos uma demonstra\u00e7\u00e3o do eclipse de 1919.<br \/>\nSer\u00e1 que a\u00ed tamb\u00e9m tem projetos, leituras? A Senhora faria leitura junto com o Professor Teodoro, como faziam aqui na Terra? A Senhora tem visto a santa Irm\u00e3 Elisabeth? Vi poucas vezes a Dona Neusinha. D\u00e1 uma saudade por saber que a Senhora, fisicamente, n\u00e3o est\u00e1 junto&#8230; Todos temos saudades.<br \/>\nEm Sobral estamos com a Causa de Beatifica\u00e7\u00e3o e de Canoniza\u00e7\u00e3o do Servo de Deus Joaquim Arn\u00f3bio de Andrade. Em setembro uma comiss\u00e3o romana vir\u00e1 \u00e0 Cidade. A Senhora deve saber bem deste assunto. Todos na cidade sempre o afirmaram um santo e eu tenho visto comprovadas tais verdades&#8230;<br \/>\nChove, em Sobral, \u00e0s v\u00e9speras do anivers\u00e1rio da Cidade. Nem chegamos ao Arco e j\u00e1 tenho que encerrar esta missiva, por quest\u00f5es de espa\u00e7o, mas, n\u00e3o sem antes enviar-lhe um forte abra\u00e7o em meu nome e no de v\u00e1rios amigos.<\/p>\n","protected":false},"excerpt":{"rendered":"<p>Querida Dona Norma, cinco anos se passaram. Sempre que posso levo uma rosa salm\u00e3o ou&#8230;<\/p>\n","protected":false},"author":1,"featured_media":8256,"comment_status":"open","ping_status":"open","sticky":false,"template":"","format":"standard","meta":{"_jetpack_memberships_contains_paid_content":false,"footnotes":"","jetpack_publicize_message":"","jetpack_publicize_feature_enabled":true,"jetpack_social_post_already_shared":true,"jetpack_social_options":{"image_generator_settings":{"template":"highway","default_image_id":0,"font":"","enabled":false},"version":2}},"categories":[11,41],"tags":[],"class_list":["post-8255","post","type-post","status-publish","format-standard","has-post-thumbnail","hentry","category-artigos","category-jose-luis-lira"],"jetpack_publicize_connections":[],"jetpack_featured_media_url":"https:\/\/correiodasemana.com\/site\/wp-content\/uploads\/2019\/07\/Jose\u0301-1.jpg","jetpack-related-posts":[{"id":36728,"url":"https:\/\/correiodasemana.com\/site\/novena-de-natal\/","url_meta":{"origin":8255,"position":0},"title":"Novena de Natal\u00a0","author":"adminredacao","date":"Dezembro 11, 2025","format":false,"excerpt":"Ao longo do tempo do Advento somos convidados a nos preparar bem para o Natal do Senhor por meio da Novena de Natal. Podemos realizar a Novena de Natal ao longo de todo o Advento; podemos reunir familiares, amigos e a comunidade para rez\u00e1-la uma ou duas vezes por semana,\u2026","rel":"","context":"In &quot;A voz do Pastor&quot;","block_context":{"text":"A voz do Pastor","link":"https:\/\/correiodasemana.com\/site\/category\/a-voz-do-pastor\/"},"img":{"alt_text":"","src":"https:\/\/i0.wp.com\/correiodasemana.com\/site\/wp-content\/uploads\/2018\/02\/Dom-Vasconcelos-posses.jpg?resize=350%2C200&ssl=1","width":350,"height":200,"srcset":"https:\/\/i0.wp.com\/correiodasemana.com\/site\/wp-content\/uploads\/2018\/02\/Dom-Vasconcelos-posses.jpg?resize=350%2C200&ssl=1 1x, https:\/\/i0.wp.com\/correiodasemana.com\/site\/wp-content\/uploads\/2018\/02\/Dom-Vasconcelos-posses.jpg?resize=525%2C300&ssl=1 1.5x, https:\/\/i0.wp.com\/correiodasemana.com\/site\/wp-content\/uploads\/2018\/02\/Dom-Vasconcelos-posses.jpg?resize=700%2C400&ssl=1 2x"},"classes":[]},{"id":14037,"url":"https:\/\/correiodasemana.com\/site\/celebrar-sempre\/","url_meta":{"origin":8255,"position":1},"title":"CELEBRAR SEMPRE!","author":"","date":"Outubro 13, 2020","format":false,"excerpt":"Segunda-feira pr\u00f3xima \u00e9 a festa de Nossa Senhora Aparecida. No calend\u00e1rio lit\u00fargico cat\u00f3lico \u00e9 Solenidade. Feriado nacional, dado o significado da Padroeira para a Na\u00e7\u00e3o. A imagem de Nossa Senhora Aparecida foi encontrada nas \u00e1guas do rio Para\u00edba do Sul (SP), em 1717. De l\u00e1 para c\u00e1 a devo\u00e7\u00e3o a\u2026","rel":"","context":"In &quot;Artigos&quot;","block_context":{"text":"Artigos","link":"https:\/\/correiodasemana.com\/site\/category\/artigos\/"},"img":{"alt_text":"","src":"https:\/\/i0.wp.com\/correiodasemana.com\/site\/wp-content\/uploads\/2019\/07\/Jose%CC%81-1.jpg?resize=350%2C200&ssl=1","width":350,"height":200,"srcset":"https:\/\/i0.wp.com\/correiodasemana.com\/site\/wp-content\/uploads\/2019\/07\/Jose%CC%81-1.jpg?resize=350%2C200&ssl=1 1x, https:\/\/i0.wp.com\/correiodasemana.com\/site\/wp-content\/uploads\/2019\/07\/Jose%CC%81-1.jpg?resize=525%2C300&ssl=1 1.5x, https:\/\/i0.wp.com\/correiodasemana.com\/site\/wp-content\/uploads\/2019\/07\/Jose%CC%81-1.jpg?resize=700%2C400&ssl=1 2x"},"classes":[]},{"id":10304,"url":"https:\/\/correiodasemana.com\/site\/ganhamos-um-sacerdote-e-nascimento-do-salvador\/","url_meta":{"origin":8255,"position":2},"title":"Ganhamos um Sacerdote e nascimento do Salvador!","author":"","date":"Dezembro 23, 2019","format":false,"excerpt":"No \u00faltimo dia 17 de dezembro,\u00a0data natal\u00edcia do Papa Francisco, do Mons. Sadoc de Ara\u00fajo e minha,na Catedral Metropolitana de Olinda e Recife, em celebra\u00e7\u00e3o presidida por Dom Fernando Saburido, que j\u00e1 foi nosso Bispo, foi ordenado sacerdote o sobralense Jo\u00e3o Batista Arag\u00e3o de Oliveira Filho, o Jo\u00e3ozinho do Padre\u2026","rel":"","context":"In &quot;Artigos&quot;","block_context":{"text":"Artigos","link":"https:\/\/correiodasemana.com\/site\/category\/artigos\/"},"img":{"alt_text":"","src":"https:\/\/i0.wp.com\/correiodasemana.com\/site\/wp-content\/uploads\/2019\/07\/Jose%CC%81-1.jpg?resize=350%2C200&ssl=1","width":350,"height":200,"srcset":"https:\/\/i0.wp.com\/correiodasemana.com\/site\/wp-content\/uploads\/2019\/07\/Jose%CC%81-1.jpg?resize=350%2C200&ssl=1 1x, https:\/\/i0.wp.com\/correiodasemana.com\/site\/wp-content\/uploads\/2019\/07\/Jose%CC%81-1.jpg?resize=525%2C300&ssl=1 1.5x, https:\/\/i0.wp.com\/correiodasemana.com\/site\/wp-content\/uploads\/2019\/07\/Jose%CC%81-1.jpg?resize=700%2C400&ssl=1 2x"},"classes":[]},{"id":19622,"url":"https:\/\/correiodasemana.com\/site\/trilogia-de-um-aprendiz-de-passarinho\/","url_meta":{"origin":8255,"position":3},"title":"Trilogia de um aprendiz de passarinho!","author":"","date":"Abril 24, 2022","format":false,"excerpt":"Na antiga Gr\u00e9cia, a trilogia se constitu\u00eda de poema dram\u00e1tico composto de tr\u00eas trag\u00e9dias que devem ser representadas juntas. Em pleno s\u00e9culo XXI ainda temos trilogias. N\u00e3o, obrigatoriamente, no estilo grego. Dias antes da P\u00e1scoa recebi de presente do poeta Bruno Paulino uma trilogia: \u201cOfert\u00f3rio de P\u00e1ssaros\u201d (2019), \u201cBrevi\u00e1rio\u201d (2020)\u2026","rel":"","context":"In &quot;Artigos&quot;","block_context":{"text":"Artigos","link":"https:\/\/correiodasemana.com\/site\/category\/artigos\/"},"img":{"alt_text":"","src":"https:\/\/i0.wp.com\/correiodasemana.com\/site\/wp-content\/uploads\/2021\/11\/Prof.-Luis-Lira.jpg?resize=350%2C200&ssl=1","width":350,"height":200,"srcset":"https:\/\/i0.wp.com\/correiodasemana.com\/site\/wp-content\/uploads\/2021\/11\/Prof.-Luis-Lira.jpg?resize=350%2C200&ssl=1 1x, https:\/\/i0.wp.com\/correiodasemana.com\/site\/wp-content\/uploads\/2021\/11\/Prof.-Luis-Lira.jpg?resize=525%2C300&ssl=1 1.5x"},"classes":[]},{"id":8834,"url":"https:\/\/correiodasemana.com\/site\/congregacao-em-festa\/","url_meta":{"origin":8255,"position":4},"title":"CONGREGA\u00c7\u00c3O EM FESTA","author":"","date":"Agosto 27, 2019","format":false,"excerpt":"Celebra\u00e7\u00e3o Eucar\u00edstica: 62 anos da Funda\u00e7\u00e3o da Congrega\u00e7\u00e3o das MRCJ, com a presid\u00eancia de Dom Vasconcelos e co-celebrada por Pe. Lucione, as Mission\u00e1rias Reparadoras do Cora\u00e7\u00e3o de Jesus rendem gra\u00e7as a Deus pelos 62 anos de funda\u00e7\u00e3o da Congrega\u00e7\u00e3o, realizada no \u00faltimo dia 15 de agosto, pr\u00f3ximo passado. Na ocasi\u00e3o\u2026","rel":"","context":"In &quot;Diocese&quot;","block_context":{"text":"Diocese","link":"https:\/\/correiodasemana.com\/site\/category\/diocese\/"},"img":{"alt_text":"","src":"https:\/\/i0.wp.com\/correiodasemana.com\/site\/wp-content\/uploads\/2019\/08\/68337769_496117397627764_5191361515097161728_n.jpg?resize=350%2C200&ssl=1","width":350,"height":200,"srcset":"https:\/\/i0.wp.com\/correiodasemana.com\/site\/wp-content\/uploads\/2019\/08\/68337769_496117397627764_5191361515097161728_n.jpg?resize=350%2C200&ssl=1 1x, https:\/\/i0.wp.com\/correiodasemana.com\/site\/wp-content\/uploads\/2019\/08\/68337769_496117397627764_5191361515097161728_n.jpg?resize=525%2C300&ssl=1 1.5x, https:\/\/i0.wp.com\/correiodasemana.com\/site\/wp-content\/uploads\/2019\/08\/68337769_496117397627764_5191361515097161728_n.jpg?resize=700%2C400&ssl=1 2x"},"classes":[]},{"id":16923,"url":"https:\/\/correiodasemana.com\/site\/tome-e-paulina-testemunhas-do-amor-maior\/","url_meta":{"origin":8255,"position":5},"title":"TOM\u00c9 E PAULINA, TESTEMUNHAS DO AMOR MAIOR\u00a0","author":"","date":"Julho 5, 2021","format":false,"excerpt":"Os ap\u00f3stolos de Jesus n\u00e3o eram perfeitos. Alguns, valentes, outros, cheios de f\u00e9, outros precisavam \u201cver\u201d para crer, um traiu... e assim sempre vi a humanidade retratada naqueles doze homens e nos disc\u00edpulos de Jesus. Das muitas emo\u00e7\u00f5es que tive na Terra Santa, duas delas a eles se relacionam. Ao\u2026","rel":"","context":"In &quot;Artigos&quot;","block_context":{"text":"Artigos","link":"https:\/\/correiodasemana.com\/site\/category\/artigos\/"},"img":{"alt_text":"","src":"https:\/\/i0.wp.com\/correiodasemana.com\/site\/wp-content\/uploads\/2018\/02\/Jose%CC%81-1.jpg?resize=350%2C200&ssl=1","width":350,"height":200,"srcset":"https:\/\/i0.wp.com\/correiodasemana.com\/site\/wp-content\/uploads\/2018\/02\/Jose%CC%81-1.jpg?resize=350%2C200&ssl=1 1x, https:\/\/i0.wp.com\/correiodasemana.com\/site\/wp-content\/uploads\/2018\/02\/Jose%CC%81-1.jpg?resize=525%2C300&ssl=1 1.5x, https:\/\/i0.wp.com\/correiodasemana.com\/site\/wp-content\/uploads\/2018\/02\/Jose%CC%81-1.jpg?resize=700%2C400&ssl=1 2x"},"classes":[]}],"jetpack_sharing_enabled":true,"_links":{"self":[{"href":"https:\/\/correiodasemana.com\/site\/wp-json\/wp\/v2\/posts\/8255","targetHints":{"allow":["GET"]}}],"collection":[{"href":"https:\/\/correiodasemana.com\/site\/wp-json\/wp\/v2\/posts"}],"about":[{"href":"https:\/\/correiodasemana.com\/site\/wp-json\/wp\/v2\/types\/post"}],"author":[{"embeddable":true,"href":"https:\/\/correiodasemana.com\/site\/wp-json\/wp\/v2\/users\/1"}],"replies":[{"embeddable":true,"href":"https:\/\/correiodasemana.com\/site\/wp-json\/wp\/v2\/comments?post=8255"}],"version-history":[{"count":1,"href":"https:\/\/correiodasemana.com\/site\/wp-json\/wp\/v2\/posts\/8255\/revisions"}],"predecessor-version":[{"id":8257,"href":"https:\/\/correiodasemana.com\/site\/wp-json\/wp\/v2\/posts\/8255\/revisions\/8257"}],"wp:featuredmedia":[{"embeddable":true,"href":"https:\/\/correiodasemana.com\/site\/wp-json\/wp\/v2\/media\/8256"}],"wp:attachment":[{"href":"https:\/\/correiodasemana.com\/site\/wp-json\/wp\/v2\/media?parent=8255"}],"wp:term":[{"taxonomy":"category","embeddable":true,"href":"https:\/\/correiodasemana.com\/site\/wp-json\/wp\/v2\/categories?post=8255"},{"taxonomy":"post_tag","embeddable":true,"href":"https:\/\/correiodasemana.com\/site\/wp-json\/wp\/v2\/tags?post=8255"}],"curies":[{"name":"wp","href":"https:\/\/api.w.org\/{rel}","templated":true}]}}