{"id":8278,"date":"2019-07-16T03:18:33","date_gmt":"2019-07-16T03:18:33","guid":{"rendered":"https:\/\/correiodasemana.com\/site\/?p=8278"},"modified":"2019-07-16T03:19:04","modified_gmt":"2019-07-16T03:19:04","slug":"servo-de-deus","status":"publish","type":"post","link":"https:\/\/correiodasemana.com\/site\/servo-de-deus\/","title":{"rendered":"SERVO DE DEUS"},"content":{"rendered":"<p><em>Ir. Carminda Am\u00e9lia Carvalho Alves, mrcj<\/em><\/p>\n<p>Numa sociedade que abre cada vez mais espa\u00e7os que prometem uma falsa liberdade, a publicidade \u00e9, a princ\u00edpio, vantajosa e estimulante: a tecnologia e as redes sociais enchem cada dia mais os olhos de cobi\u00e7a&#8230; e assim, os indiv\u00edduos se submetem ao jugo do poder, \u00e0s manobras da comunica\u00e7\u00e3o l\u00edquida, tornando-se presas f\u00e1ceis do consumismo desenfreado, materialista, ego\u00edsta, da falsa felicidade. Escravos das redes sociais e da livre oferta se tornam marionetes no mundo globalizado. Queremos, pois, refletir \u00e0 luz deste trecho de uma palestra do Servo de Deus Joaquim Arn\u00f3bio de Andrade, que nos leva a uma caminhada para conquistar a verdadeira liberdade, como nos diz Jesus: \u201cconhecereis a verdade e a verdade vos libertar\u00e1\u201d (Jo 8,32). Padre Arn\u00f3bio nos aponta uma esperan\u00e7a.<\/p>\n<p><strong>CAMINHAR JUNTOS PARA LIBERTAR<\/strong><br \/>\n<strong>CAMINHAR JUNTOS NA ESPERAN\u00c7A<\/strong><br \/>\nPe. Joaquim Arn\u00f3bio de Andrade<\/p>\n<p><strong>REALIDADE<\/strong><br \/>\nUma das grandes preocupa\u00e7\u00f5es dos homens \u00e9 a conquista da liberdade. Pode-se at\u00e9 dizer que nunca a humanidade teve t\u00e3o vivo sentido e desse de liberta\u00e7\u00e3o. Mas apesar desta \u00e2nsia de liberdade, o homem se sente hoje mais escravo que nunca: 1. Escravo da sociedade; 2. Escravo dos grupos; 3. Da moda; 4. Da publicidade; 5. De si pr\u00f3prio; 6. Do ego\u00edsmo; 7. Da televis\u00e3o (das redes sociais*).<\/p>\n<p><strong>A B\u00cdBLIA E A IGREJA DO VATICANO II \u2013 o que dizem e pensam a este respeito<\/strong><br \/>\nMensagem \u2013 o mesmo Deus que criou o homem \u00e0 sua imagem, semelhan\u00e7a e criou a terra e tudo que nela existe para uso de todos os homens (segundo G\u00eanesis 1,26-31), \u00e9 o mesmo Deus que na plenitude dos tempos , envia Seu Filho, para que feito homem venha libertar todos os homens de todos as escravid\u00f5es (ver Jo\u00e3o 8,32-34). Cristo realmente veio para libertar o homem: 1. Do pecado, mediante Sua morte e ressurrei\u00e7\u00e3o; 2. Dos falsos princ\u00edpios, oferecendo-lhes a Sua Lei \u2013 Doutrina de vida \u2013 Salva\u00e7\u00e3o = Liberta\u00e7\u00e3o.<br \/>\nA liberdade crist\u00e3 \u00e9 um dos frutos permanentes da mensagem de Cristo e da efus\u00e3o do Esp\u00edrito Santo sobre os que creem (G\u00e1latas 5,1ss). O que n\u00e3o se consegue se n\u00e3o caminharmos santos.<br \/>\nA liberdade crist\u00e3 como espiritualidade para os nossos tempos deve desenvolver precisamente suas caracter\u00edsticas criadoras e de independ\u00eancia de todo o condicionamento humano (Espiritualidade da Liberta\u00e7\u00e3o, p. 31). A meta do homem e das sociedades segundo o Evangelho \u00e9 de criar entre todos uma verdadeira fraternidade que \u00e9 a imagem do Reino de Deus que j\u00e1 come\u00e7ou (LG p.31, n\u00ba 8).<br \/>\nA espiritualidade do crist\u00e3o comprometido, no caso a Religiosa, o Padre, a\u00e9 fundamentalmente baseada no caminhar juntos na esperan\u00e7a. A esperan\u00e7a crist\u00e3 consiste na atitude de crer que, o que atualmente parece dif\u00edcil ou imposs\u00edvel, a liberta\u00e7\u00e3o, ser\u00e1 mais tarde poss\u00edvel pela for\u00e7a de Deus (Hebreus 1,1 ss). 2 Cor 4, 17: \u201cN\u00e3o pomos nossos olhos nas coisas vis\u00edveis, mas nas invis\u00edveis&#8230;\u201d. (Esp. da Lib. p.29,3).<\/p>\n<p><strong>CONDI\u00c7\u00c3O<\/strong><br \/>\nO direito de pertencer a este Reino de liberta\u00e7\u00e3o, de justi\u00e7a, de amor, de paz, n\u00e3o prov\u00e9m do poderio, da for\u00e7a, mas de humildade, de morte para o ego\u00edsmo, de um renascimento. Cristo deixou bem claro que para uma verdadeira liberta\u00e7\u00e3o todos n\u00f3s precisamos de uma profunda convers\u00e3o: &#8211; \u201cCompletou-se o tempo e est\u00e1 pr\u00f3ximo o Reino de Deus. Convertei-vos e crede no Evangelho\u201d (Marcos 1,15).<br \/>\nA for\u00e7a atrativa do Reino \u00e9 o amor, que al\u00e9m de ser a chave da liberta\u00e7\u00e3o \u00e9 tamb\u00e9m o v\u00ednculo da uni\u00e3o, faz de diferentes pessoas uma Comunidade, uma fraternidade, um s\u00f3 povo. O amor de Cristo e aos irm\u00e3os transforma a Comunidade em aut\u00ea4ntica express\u00e3o do Reino e lhe d\u00e1 uma for\u00e7a libertadora sem igual em nossos dias.<\/p>\n<p><strong>NOSSA RESPOSTA<\/strong><br \/>\nEm face \u00e0s atuais formas de escravid\u00e3o, nossa resposta \u00e9 caminharmos juntos na Esperan\u00e7a. \u201cNingu\u00e9m tem direito de ser feliz sozinho\u201d. O importante \u00e9 os homens caminharem juntos, andarem de m\u00e3os dadas, unidos, confraternizados em busca de paz.<br \/>\nOs homens n\u00e3o se entendem porque n\u00e3o estendem as m\u00e3os e n\u00e3o se abrem para a ternura e a sinceridade do di\u00e1logo.<br \/>\nImp\u00f5em, quando deveriam aceitar.<br \/>\nExigem, quando deveriam oferecer,<br \/>\nCondenam, quando deveriam perdoar.<br \/>\nOs homens n\u00e3o percebem que a meta \u00e9 a mesma, \u00e9 uma s\u00f3: fraternidade, caminhar juntos na Esperan\u00e7a, que \u00e9 luz interior para iluminar no equil\u00edbrio e no sil\u00eancio a caminhada dos homens e de Cristo para uma vida nova. (Esp. da Lib. p.29,4).<br \/>\n* Acr\u00e9scimo nosso.<\/p>\n","protected":false},"excerpt":{"rendered":"<p>Ir. Carminda Am\u00e9lia Carvalho Alves, mrcj Numa sociedade que abre cada vez mais espa\u00e7os que&#8230;<\/p>\n","protected":false},"author":1,"featured_media":8280,"comment_status":"open","ping_status":"open","sticky":false,"template":"","format":"standard","meta":{"_jetpack_memberships_contains_paid_content":false,"footnotes":"","jetpack_publicize_message":"","jetpack_publicize_feature_enabled":true,"jetpack_social_post_already_shared":true,"jetpack_social_options":{"image_generator_settings":{"template":"highway","default_image_id":0,"font":"","enabled":false},"version":2}},"categories":[39,67],"tags":[],"class_list":["post-8278","post","type-post","status-publish","format-standard","has-post-thumbnail","hentry","category-igreja","category-ir-carminda-amelia"],"jetpack_publicize_connections":[],"jetpack_featured_media_url":"https:\/\/correiodasemana.com\/site\/wp-content\/uploads\/2019\/07\/T-PA.jpg","jetpack-related-posts":[{"id":8380,"url":"https:\/\/correiodasemana.com\/site\/servo-de-deus-2\/","url_meta":{"origin":8278,"position":0},"title":"SERVO DE DEUS","author":"","date":"Julho 22, 2019","format":false,"excerpt":"Ir. Carminda Am\u00e9lia Carvalho Alves, mrcj H\u00e1 poucos dias foi realizada a 25\u00aa Assembleia Geral Eletiva da CRB (Confer\u00eancia das Religiosas do Brasil), em Bras\u00edlia, \u201cmomento de retomada para a Vida Consagrada, para ser um sinal prof\u00e9tico, sinal de alegria, um testemunho forte\u201d, como disse a presidente reeleita Ir. Maria\u2026","rel":"","context":"In &quot;Artigos&quot;","block_context":{"text":"Artigos","link":"https:\/\/correiodasemana.com\/site\/category\/artigos\/"},"img":{"alt_text":"","src":"https:\/\/i0.wp.com\/correiodasemana.com\/site\/wp-content\/uploads\/2019\/07\/T-PA.jpg?resize=350%2C200&ssl=1","width":350,"height":200,"srcset":"https:\/\/i0.wp.com\/correiodasemana.com\/site\/wp-content\/uploads\/2019\/07\/T-PA.jpg?resize=350%2C200&ssl=1 1x, https:\/\/i0.wp.com\/correiodasemana.com\/site\/wp-content\/uploads\/2019\/07\/T-PA.jpg?resize=525%2C300&ssl=1 1.5x, https:\/\/i0.wp.com\/correiodasemana.com\/site\/wp-content\/uploads\/2019\/07\/T-PA.jpg?resize=700%2C400&ssl=1 2x"},"classes":[]},{"id":8745,"url":"https:\/\/correiodasemana.com\/site\/servo-de-deus-6\/","url_meta":{"origin":8278,"position":1},"title":"SERVO DE DEUS","author":"","date":"Agosto 17, 2019","format":false,"excerpt":"Ir. Carminda Am\u00e9lia Carvalho Alves, mrcj REPARADORAS: UMA CONGREGA\u00c7\u00c3O DIOCESANA \u201cMission\u00e1rias com amor reparai As ofensas ao seu Cora\u00e7\u00e3o, Desagravo perene ao Senhor De almas simples que pedem perd\u00e3o\u201d. DIA 15 DE AGOSTO: 62 ANOS DAS MISSION\u00c1RIAS REPARADORAS DO CORA\u00c7\u00c3O DE JESUS. A Congrega\u00e7\u00e3o das Mission\u00e1rias Reparadoras do Cora\u00e7\u00e3o de\u2026","rel":"","context":"In &quot;Artigos&quot;","block_context":{"text":"Artigos","link":"https:\/\/correiodasemana.com\/site\/category\/artigos\/"},"img":{"alt_text":"","src":"https:\/\/i0.wp.com\/correiodasemana.com\/site\/wp-content\/uploads\/2019\/08\/68935582_563270077542603_1992048798737629184_n.jpg?resize=350%2C200&ssl=1","width":350,"height":200,"srcset":"https:\/\/i0.wp.com\/correiodasemana.com\/site\/wp-content\/uploads\/2019\/08\/68935582_563270077542603_1992048798737629184_n.jpg?resize=350%2C200&ssl=1 1x, https:\/\/i0.wp.com\/correiodasemana.com\/site\/wp-content\/uploads\/2019\/08\/68935582_563270077542603_1992048798737629184_n.jpg?resize=525%2C300&ssl=1 1.5x, https:\/\/i0.wp.com\/correiodasemana.com\/site\/wp-content\/uploads\/2019\/08\/68935582_563270077542603_1992048798737629184_n.jpg?resize=700%2C400&ssl=1 2x"},"classes":[]},{"id":8558,"url":"https:\/\/correiodasemana.com\/site\/servo-de-deus-4\/","url_meta":{"origin":8278,"position":2},"title":"Servo de Deus","author":"","date":"Agosto 6, 2019","format":false,"excerpt":"Ir. Carminda Am\u00e9lia Carvalho Alves, mrcj Agosto, para a Igreja, \u00e9 o m\u00eas vocacional, no qual intensificamos nossas ora\u00e7\u00f5es e pedidos para que o Senhor da Messe e Pastor do rebanho envie oper\u00e1rios para a sua messe. O Servo de Deus Joaquim Arn\u00f3bio de Andrade chamava a aten\u00e7\u00e3o para a\u2026","rel":"","context":"In &quot;Artigos&quot;","block_context":{"text":"Artigos","link":"https:\/\/correiodasemana.com\/site\/category\/artigos\/"},"img":{"alt_text":"","src":"https:\/\/i0.wp.com\/correiodasemana.com\/site\/wp-content\/uploads\/2019\/07\/T-PA.jpg?resize=350%2C200&ssl=1","width":350,"height":200,"srcset":"https:\/\/i0.wp.com\/correiodasemana.com\/site\/wp-content\/uploads\/2019\/07\/T-PA.jpg?resize=350%2C200&ssl=1 1x, https:\/\/i0.wp.com\/correiodasemana.com\/site\/wp-content\/uploads\/2019\/07\/T-PA.jpg?resize=525%2C300&ssl=1 1.5x, https:\/\/i0.wp.com\/correiodasemana.com\/site\/wp-content\/uploads\/2019\/07\/T-PA.jpg?resize=700%2C400&ssl=1 2x"},"classes":[]},{"id":9175,"url":"https:\/\/correiodasemana.com\/site\/demos-gracas-ao-senhor-demos-gracas-citando-sao-paulo\/","url_meta":{"origin":8278,"position":3},"title":"\u201cDemos gra\u00e7as ao Senhor, demos gra\u00e7as!\u201d citando S\u00e3o Paulo.","author":"","date":"Setembro 23, 2019","format":false,"excerpt":"\u00c9 imensa nossa alegria e gratid\u00e3o a Deus pela abertura oficial da Causa de Beatifica\u00e7\u00e3o do Servo de Deus Joaquim Arn\u00f3bio de Andrade, fato acontecido no \u00faltimo dia 14 de setembro de 2019, na solenidade da Exalta\u00e7\u00e3o da Santa Cruz, na Catedral Nossa Senhora da Concei\u00e7\u00e3o, sobral (CE), onde foi\u2026","rel":"","context":"In &quot;Artigos&quot;","block_context":{"text":"Artigos","link":"https:\/\/correiodasemana.com\/site\/category\/artigos\/"},"img":{"alt_text":"","src":"https:\/\/i0.wp.com\/correiodasemana.com\/site\/wp-content\/uploads\/2019\/07\/T-PA.jpg?resize=350%2C200&ssl=1","width":350,"height":200,"srcset":"https:\/\/i0.wp.com\/correiodasemana.com\/site\/wp-content\/uploads\/2019\/07\/T-PA.jpg?resize=350%2C200&ssl=1 1x, https:\/\/i0.wp.com\/correiodasemana.com\/site\/wp-content\/uploads\/2019\/07\/T-PA.jpg?resize=525%2C300&ssl=1 1.5x, https:\/\/i0.wp.com\/correiodasemana.com\/site\/wp-content\/uploads\/2019\/07\/T-PA.jpg?resize=700%2C400&ssl=1 2x"},"classes":[]},{"id":8936,"url":"https:\/\/correiodasemana.com\/site\/servo-de-deus-7\/","url_meta":{"origin":8278,"position":4},"title":"SERVO DE DEUS","author":"","date":"Setembro 8, 2019","format":false,"excerpt":"Ir. Carminda Am\u00e9lia Carvallho Alves, mrcj Celebrando ainda o m\u00eas vocacional e, sabendo que Deus continua chamando os jovens e as jovens em todo tempo e lugar para uma voca\u00e7\u00e3o santa, um sacerd\u00f3cio r\u00e9gio, coletamos mais um tesouro espiritual tecido \u00e0 m\u00e3o de nosso fundador o Servo de Deus Joaquim\u2026","rel":"","context":"In &quot;Ir. Carminda Am\u00e9lia&quot;","block_context":{"text":"Ir. Carminda Am\u00e9lia","link":"https:\/\/correiodasemana.com\/site\/category\/ir-carminda-amelia\/"},"img":{"alt_text":"","src":"https:\/\/i0.wp.com\/correiodasemana.com\/site\/wp-content\/uploads\/2019\/07\/T-PA.jpg?resize=350%2C200&ssl=1","width":350,"height":200,"srcset":"https:\/\/i0.wp.com\/correiodasemana.com\/site\/wp-content\/uploads\/2019\/07\/T-PA.jpg?resize=350%2C200&ssl=1 1x, https:\/\/i0.wp.com\/correiodasemana.com\/site\/wp-content\/uploads\/2019\/07\/T-PA.jpg?resize=525%2C300&ssl=1 1.5x, https:\/\/i0.wp.com\/correiodasemana.com\/site\/wp-content\/uploads\/2019\/07\/T-PA.jpg?resize=700%2C400&ssl=1 2x"},"classes":[]},{"id":8475,"url":"https:\/\/correiodasemana.com\/site\/servo-de-deus-3\/","url_meta":{"origin":8278,"position":5},"title":"Servo de Deus","author":"","date":"Julho 30, 2019","format":false,"excerpt":"Ir. Carminda Am\u00e9lia Carvalho Alves, mrcj Na sequ\u00eancia das narrativas sobre o Servo de Deus Joaquim Arn\u00f3bio de Andrade, hoje trazemos um pouco de sua passagem pela Par\u00f3quia Santana do Acara\u00fa, cuja festa da padroeira se celebra neste m\u00eas de julho (26.07). A hist\u00f3ria nos \u00e9 contada com detalhes de\u2026","rel":"","context":"In &quot;Artigos&quot;","block_context":{"text":"Artigos","link":"https:\/\/correiodasemana.com\/site\/category\/artigos\/"},"img":{"alt_text":"","src":"https:\/\/i0.wp.com\/correiodasemana.com\/site\/wp-content\/uploads\/2019\/07\/T-PA.jpg?resize=350%2C200&ssl=1","width":350,"height":200,"srcset":"https:\/\/i0.wp.com\/correiodasemana.com\/site\/wp-content\/uploads\/2019\/07\/T-PA.jpg?resize=350%2C200&ssl=1 1x, https:\/\/i0.wp.com\/correiodasemana.com\/site\/wp-content\/uploads\/2019\/07\/T-PA.jpg?resize=525%2C300&ssl=1 1.5x, https:\/\/i0.wp.com\/correiodasemana.com\/site\/wp-content\/uploads\/2019\/07\/T-PA.jpg?resize=700%2C400&ssl=1 2x"},"classes":[]}],"jetpack_sharing_enabled":true,"_links":{"self":[{"href":"https:\/\/correiodasemana.com\/site\/wp-json\/wp\/v2\/posts\/8278","targetHints":{"allow":["GET"]}}],"collection":[{"href":"https:\/\/correiodasemana.com\/site\/wp-json\/wp\/v2\/posts"}],"about":[{"href":"https:\/\/correiodasemana.com\/site\/wp-json\/wp\/v2\/types\/post"}],"author":[{"embeddable":true,"href":"https:\/\/correiodasemana.com\/site\/wp-json\/wp\/v2\/users\/1"}],"replies":[{"embeddable":true,"href":"https:\/\/correiodasemana.com\/site\/wp-json\/wp\/v2\/comments?post=8278"}],"version-history":[{"count":1,"href":"https:\/\/correiodasemana.com\/site\/wp-json\/wp\/v2\/posts\/8278\/revisions"}],"predecessor-version":[{"id":8279,"href":"https:\/\/correiodasemana.com\/site\/wp-json\/wp\/v2\/posts\/8278\/revisions\/8279"}],"wp:featuredmedia":[{"embeddable":true,"href":"https:\/\/correiodasemana.com\/site\/wp-json\/wp\/v2\/media\/8280"}],"wp:attachment":[{"href":"https:\/\/correiodasemana.com\/site\/wp-json\/wp\/v2\/media?parent=8278"}],"wp:term":[{"taxonomy":"category","embeddable":true,"href":"https:\/\/correiodasemana.com\/site\/wp-json\/wp\/v2\/categories?post=8278"},{"taxonomy":"post_tag","embeddable":true,"href":"https:\/\/correiodasemana.com\/site\/wp-json\/wp\/v2\/tags?post=8278"}],"curies":[{"name":"wp","href":"https:\/\/api.w.org\/{rel}","templated":true}]}}