{"id":8284,"date":"2019-07-16T03:20:41","date_gmt":"2019-07-16T03:20:41","guid":{"rendered":"https:\/\/correiodasemana.com\/site\/?p=8284"},"modified":"2019-07-16T03:20:41","modified_gmt":"2019-07-16T03:20:41","slug":"a-balanca-ecologica-e-o-rio-acarau","status":"publish","type":"post","link":"https:\/\/correiodasemana.com\/site\/a-balanca-ecologica-e-o-rio-acarau\/","title":{"rendered":"A BALAN\u00c7A ECOL\u00d3GICA E O RIO ACARA\u00da"},"content":{"rendered":"<p>Nos dias que ocorrem, \u00e9 quase uma heresia questionar o senso comum sobre a ecologia. Emissora de r\u00e1dio e televis\u00e3o, revistas e jornais, todos empenhados em campanhas patrocinadas por institui\u00e7\u00f5es, inclusive estrangeiras, congressos, simp\u00f3sios e outros encontros, reunidos pol\u00edticos, ONGs, administradores, atores, cantores, preocupados com o desmatamento e polui\u00e7\u00e3o ambiental.<br \/>\nComo se sabe, foi criado um \u00f3rg\u00e3o nacional com atribui\u00e7\u00e3o especificamente voltado \u00e0 preserva\u00e7\u00e3o, que fiscaliza projetos, realiza apreens\u00f5es cobrando altas multas dos agressores da natureza. Aliados a isso, h\u00e1 fatores socioecon\u00f4micos envolvendo \u00edndios e garimpeiros, al\u00e9m de manifesto interesse internacionais, com s\u00e9rias implica\u00e7\u00f5es ligadas \u00e0 nossa soberania.<br \/>\nDiante do cen\u00e1rio nacional e mundial t\u00e3o grave e conturbado, de press\u00f5es crescentes de grupos estrangeiros contra pa\u00edses em desenvolvimento: press\u00f5es politica e diplom\u00e1ticas, socioculturais, tecnol\u00f3gicas, militares, principalmente nos diz respeito \u00e0 Amaz\u00f4nia brasileira, que aos poucos se ver cercada pela configura\u00e7\u00e3o de uma esp\u00e9cie de cord\u00e3o sanit\u00e1rio.<br \/>\nEm face desse quadro mal pintado, que \u00e9 nossa preserva\u00e7\u00e3o da natureza, parece-nos que os ecologistas e suas leis, s\u00f3 subjugam e ultrajam o humilde trabalhador, que utiliza o meio ambiente em que vive, dele retirando o m\u00ednimo necess\u00e1rio \u00e0 sua sobreviv\u00eancia.<br \/>\nEnquanto, as empresas inescrupulosas podem derrubar desdobrar e exportar desenfreadamente a nossa madeira, sem num risco de serem taxados de predadores porque pagam precariamente os impostos e as taxas para reflorestamento, que j\u00e1 mais \u00e9 efetivado. Como um exemplo, temos os aumentos das queimadas. Ent\u00e3o, gargalham bem altos e lan\u00e7am os gritos obsessivos: Somos capitalistas e mais fortes do que existe na Natureza.<br \/>\nNa realidade, a quest\u00e3o ecol\u00f3gica brasileira tornou-se, hoje, uma quest\u00e3o de sobreviv\u00eancia. Segundo os especialistas \u00e9 dif\u00edcil imaginar, como os nossos rios e c\u00f3rregos tornaram-se esgotos, nossas florestas e faunas est\u00e3o sendo dizimadas.<br \/>\nN\u00e3o resta d\u00favida de que os fatos absurdos, que diariamente povoam contra a natureza demonstram muito bem, que a causa dos problemas da ecologia brasileira, est\u00e1 no modelo organizacional. E a\u00ed, entra, os nossos rios. Veja a situa\u00e7\u00e3o do Rio Uruguai e seu manifesto: \u201cLevantem os olhos sobre o que est\u00e1 acontecendo \u00e1 nossa volta, para que amanh\u00e3 n\u00e3o sejamos acusados de omiss\u00e3o se o homem, num futuro pr\u00f3ximo, solit\u00e1rio e nost\u00e1lgico de poesias, encontrar-se sentado no meio do parque forrado com grama pl\u00e1stica, ouvindo cantar um s\u00e1bia eletr\u00f4nico, pousado no galho de uma \u00e1rvore de cimento armado.\u201d<br \/>\nComo sabemos atualmente o Rio Uruguai est\u00e1 totalmente abandonado, sofrendo todas as esp\u00e9cies de agress\u00f5es. No \u00e2mbito dos pa\u00edses americanos, o Brasil desponta como um dos principais agressores dos seus rios.<br \/>\nTomemos, por exemplo, outro rio. O Rio Acara\u00fa, ele est\u00e1 pedindo socorro! A polui\u00e7\u00e3o das suas \u00e1guas \u00e9 t\u00e3o vis\u00edvel, que a popula\u00e7\u00e3o sobralense, surpreende-se com a quantidade de lixos. Enfim, o desaparecimento completo do Rio Acara\u00fa \u00e9 uma cat\u00e1strofe moral da pol\u00edtica coronelista nordestina.<br \/>\nO Rio Acara\u00fa, est\u00e1 morrendo! De logo, aqui, vai um pequeno trecho do meu manifesto: \u201cO Rio Acara\u00fa, sem qualquer arrog\u00e2ncia, pede passagem aos lixos que se encontram ao seu redor, para conquistar o seu espa\u00e7o, gerar cacimbas de outrora de \u00e1guas puras para saciar a sede da popula\u00e7\u00e3o mais pobre da cidade, o que identifica, de imediato, sua caracter\u00edstica de solidariedade\u201d.<br \/>\nE nessa cruzada de obst\u00e1culos, o Rio Acara\u00fa enfrenta os discursos ecologistas da pol\u00edtica de matriz coronelista, em que, nenhum momento questiona o modelo ecol\u00f3gico, em defesa do Rio. Ora, isso est\u00e1 ligado a um mercado capitalista consumista e perverso.<br \/>\nComo se sabe, esse sistema pol\u00edtico tem personalidade bastante diversa, do Rio Acara\u00fa. S\u00e3o pol\u00edticos coronelistas, que desconhecem qualquer iniciativa de defesa ecol\u00f3gica. Eles n\u00e3o sabem o que estamos perdendo. Pode ser algo simples quanto uma linda flor, emoldurando uma \u00e1gua limpa, ou algo quanto um homem reprimido na sua profunda ang\u00fastia quando contempla o mal que causou a natureza e sua cidade.<br \/>\nEnfim, o que \u00e9 pior: est\u00e1 desaparecendo aquele Rio das piabas. Um rio, que em seu sil\u00eancio, por diversas vezes, foi obrigado a negociar com a imoralidade pol\u00edtica, a constru\u00e7\u00e3o do seu trajeto, para atingir seu caminho; mas sem gl\u00f3ria, deixando como legado uma hist\u00f3ria que todos buscar\u00e3o esquecer, embora que, por muito tempo, ficar\u00e1 registrada, com muita dor, nos cora\u00e7\u00f5es e mentes daqueles que foram castigados direta, ou indiretamente, pelos predadores.<\/p>\n<p>Jornalista, Historiador e Cr\u00edtico Liter\u00e1rio.<\/p>\n","protected":false},"excerpt":{"rendered":"<p>Nos dias que ocorrem, \u00e9 quase uma heresia questionar o senso comum sobre a ecologia&#8230;.<\/p>\n","protected":false},"author":1,"featured_media":7943,"comment_status":"open","ping_status":"open","sticky":false,"template":"","format":"standard","meta":{"_jetpack_memberships_contains_paid_content":false,"footnotes":"","jetpack_publicize_message":"","jetpack_publicize_feature_enabled":true,"jetpack_social_post_already_shared":true,"jetpack_social_options":{"image_generator_settings":{"template":"highway","default_image_id":0,"font":"","enabled":false},"version":2}},"categories":[11,16],"tags":[],"class_list":["post-8284","post","type-post","status-publish","format-standard","has-post-thumbnail","hentry","category-artigos","category-eudes-de-sousa"],"jetpack_publicize_connections":[],"jetpack_featured_media_url":"https:\/\/correiodasemana.com\/site\/wp-content\/uploads\/2018\/02\/1200px-MARGEM_ESQUERDA.jpg","jetpack-related-posts":[{"id":9070,"url":"https:\/\/correiodasemana.com\/site\/patria-e-ecologia\/","url_meta":{"origin":8284,"position":0},"title":"P\u00e1tria e ecologia","author":"","date":"Setembro 8, 2019","format":false,"excerpt":"A p\u00e1tria \u00e9 raz\u00e3o de amor e de respeito, \u00e9 a terra natal com suas tradi\u00e7\u00f5es, culturas, hist\u00f3rias e sua l\u00edngua. Espa\u00e7o e heran\u00e7a cultural, miss\u00e3o a cumprir. A p\u00e1tria \u00e9 um projeto sempre em constru\u00e7\u00e3o que ultrapassa qualquer sentido de posse partid\u00e1ria e deve estar livre dos estreitamentos impostos\u2026","rel":"","context":"In &quot;A voz do Pastor&quot;","block_context":{"text":"A voz do Pastor","link":"https:\/\/correiodasemana.com\/site\/category\/a-voz-do-pastor\/"},"img":{"alt_text":"","src":"https:\/\/i0.wp.com\/correiodasemana.com\/site\/wp-content\/uploads\/2019\/07\/Dom-Vasconcelos-Em-entrevista-concedida-%C3%A0-Pascom-Diocesana-Foto-Jo%C3%A3o-Pauloo.jpg?resize=350%2C200&ssl=1","width":350,"height":200,"srcset":"https:\/\/i0.wp.com\/correiodasemana.com\/site\/wp-content\/uploads\/2019\/07\/Dom-Vasconcelos-Em-entrevista-concedida-%C3%A0-Pascom-Diocesana-Foto-Jo%C3%A3o-Pauloo.jpg?resize=350%2C200&ssl=1 1x, https:\/\/i0.wp.com\/correiodasemana.com\/site\/wp-content\/uploads\/2019\/07\/Dom-Vasconcelos-Em-entrevista-concedida-%C3%A0-Pascom-Diocesana-Foto-Jo%C3%A3o-Pauloo.jpg?resize=525%2C300&ssl=1 1.5x, https:\/\/i0.wp.com\/correiodasemana.com\/site\/wp-content\/uploads\/2019\/07\/Dom-Vasconcelos-Em-entrevista-concedida-%C3%A0-Pascom-Diocesana-Foto-Jo%C3%A3o-Pauloo.jpg?resize=700%2C400&ssl=1 2x, https:\/\/i0.wp.com\/correiodasemana.com\/site\/wp-content\/uploads\/2019\/07\/Dom-Vasconcelos-Em-entrevista-concedida-%C3%A0-Pascom-Diocesana-Foto-Jo%C3%A3o-Pauloo.jpg?resize=1050%2C600&ssl=1 3x, https:\/\/i0.wp.com\/correiodasemana.com\/site\/wp-content\/uploads\/2019\/07\/Dom-Vasconcelos-Em-entrevista-concedida-%C3%A0-Pascom-Diocesana-Foto-Jo%C3%A3o-Pauloo.jpg?resize=1400%2C800&ssl=1 4x"},"classes":[]},{"id":20569,"url":"https:\/\/correiodasemana.com\/site\/agenda-social-e-ecologia\/","url_meta":{"origin":8284,"position":1},"title":"Agenda social e ecologia","author":"","date":"Julho 25, 2022","format":false,"excerpt":"A consci\u00eancia da forte vincula\u00e7\u00e3o entre agenda social e ecologia est\u00e1 crescendo, mas ainda \u00e9 insuficiente. O reconhecimento desse v\u00ednculo \u00e9 importante interpela\u00e7\u00e3o da\u00a0Carta Enc\u00edclica Laudato Si\u2019 \u2013 sobre o cuidado com a Casa Comum, do Papa Francisco. O documento evidencia: a degrada\u00e7\u00e3o ambiental relaciona-se tamb\u00e9m, e de modo determinante,\u2026","rel":"","context":"In &quot;A voz do Pastor&quot;","block_context":{"text":"A voz do Pastor","link":"https:\/\/correiodasemana.com\/site\/category\/a-voz-do-pastor\/"},"img":{"alt_text":"","src":"https:\/\/i0.wp.com\/correiodasemana.com\/site\/wp-content\/uploads\/2018\/02\/Dom-Vasconcelos-posses.jpg?resize=350%2C200&ssl=1","width":350,"height":200,"srcset":"https:\/\/i0.wp.com\/correiodasemana.com\/site\/wp-content\/uploads\/2018\/02\/Dom-Vasconcelos-posses.jpg?resize=350%2C200&ssl=1 1x, https:\/\/i0.wp.com\/correiodasemana.com\/site\/wp-content\/uploads\/2018\/02\/Dom-Vasconcelos-posses.jpg?resize=525%2C300&ssl=1 1.5x, https:\/\/i0.wp.com\/correiodasemana.com\/site\/wp-content\/uploads\/2018\/02\/Dom-Vasconcelos-posses.jpg?resize=700%2C400&ssl=1 2x"},"classes":[]},{"id":10587,"url":"https:\/\/correiodasemana.com\/site\/as-barragens-e-o-papel-do-estado\/","url_meta":{"origin":8284,"position":2},"title":"AS BARRAGENS E O PAPEL DO ESTADO","author":"","date":"Janeiro 27, 2020","format":false,"excerpt":"De acordo com os notici\u00e1rios dos jornais, quando os ponteiros dos rel\u00f3gios chegaram \u00e0s 13h37min, no come\u00e7o da tarde do dia 25 de Janeiro de 2019, muitas pessoas almo\u00e7avam no refeit\u00f3rio da Mineradora Vale Rio Doce. Mas n\u00e3o sabia do caos que iria reinar em poucos segundos, em Brumadinho. N\u00e3o\u2026","rel":"","context":"In &quot;Artigos&quot;","block_context":{"text":"Artigos","link":"https:\/\/correiodasemana.com\/site\/category\/artigos\/"},"img":{"alt_text":"","src":"https:\/\/i0.wp.com\/correiodasemana.com\/site\/wp-content\/uploads\/2018\/01\/chuvas.jpg?resize=350%2C200&ssl=1","width":350,"height":200,"srcset":"https:\/\/i0.wp.com\/correiodasemana.com\/site\/wp-content\/uploads\/2018\/01\/chuvas.jpg?resize=350%2C200&ssl=1 1x, https:\/\/i0.wp.com\/correiodasemana.com\/site\/wp-content\/uploads\/2018\/01\/chuvas.jpg?resize=525%2C300&ssl=1 1.5x, https:\/\/i0.wp.com\/correiodasemana.com\/site\/wp-content\/uploads\/2018\/01\/chuvas.jpg?resize=700%2C400&ssl=1 2x"},"classes":[]},{"id":31890,"url":"https:\/\/correiodasemana.com\/site\/seminario-regional-de-formacao-sobre-a-campanha-da-fraternidade-2025-e-realizado-em-fortaleza\/","url_meta":{"origin":8284,"position":3},"title":"Semin\u00e1rio Regional de Forma\u00e7\u00e3o sobre a Campanha da Fraternidade 2025 \u00e9 realizado em Fortaleza","author":"adminredacao","date":"Dezembro 24, 2024","format":false,"excerpt":"Entre 06 e 08 de dezembro, aconteceu o Semin\u00e1rio Regional de Forma\u00e7\u00e3o sobre a Campanha da Fraternidade 2025 no Semin\u00e1rio Arquidiocesano S\u00e3o Jos\u00e9 de Filosofia em Fortaleza\/CE. De acordo com a CNBB, em 2025, motivados pelos 800 anos da composi\u00e7\u00e3o do C\u00e2ntico das Criaturas de S\u00e3o Francisco de Assis; pelos\u2026","rel":"","context":"In &quot;Atualidade&quot;","block_context":{"text":"Atualidade","link":"https:\/\/correiodasemana.com\/site\/category\/atualidade\/"},"img":{"alt_text":"","src":"https:\/\/i0.wp.com\/correiodasemana.com\/site\/wp-content\/uploads\/2024\/12\/CARITAS-EM-FORTALEZA-1.jpeg?resize=350%2C200&ssl=1","width":350,"height":200,"srcset":"https:\/\/i0.wp.com\/correiodasemana.com\/site\/wp-content\/uploads\/2024\/12\/CARITAS-EM-FORTALEZA-1.jpeg?resize=350%2C200&ssl=1 1x, https:\/\/i0.wp.com\/correiodasemana.com\/site\/wp-content\/uploads\/2024\/12\/CARITAS-EM-FORTALEZA-1.jpeg?resize=525%2C300&ssl=1 1.5x, https:\/\/i0.wp.com\/correiodasemana.com\/site\/wp-content\/uploads\/2024\/12\/CARITAS-EM-FORTALEZA-1.jpeg?resize=700%2C400&ssl=1 2x, https:\/\/i0.wp.com\/correiodasemana.com\/site\/wp-content\/uploads\/2024\/12\/CARITAS-EM-FORTALEZA-1.jpeg?resize=1050%2C600&ssl=1 3x"},"classes":[]},{"id":25242,"url":"https:\/\/correiodasemana.com\/site\/junho-verde-pela-vida-da-mae-terra\/","url_meta":{"origin":8284,"position":4},"title":"Junho Verde: pela vida da M\u00e3e Terra","author":"adminredacao","date":"Junho 19, 2023","format":false,"excerpt":"O m\u00eas de junho em nosso pa\u00eds, al\u00e9m de ser caracterizado pelas tradicionais festividades dos santos juninos, \u00e9 tamb\u00e9m o per\u00edodo de uma campanha de suma import\u00e2ncia: a Campanha Junho Verde. O objetivo \u00e9 desenvolver o entendimento da popula\u00e7\u00e3o acerca da conserva\u00e7\u00e3o dos ecossistemas naturais e do combate a toda\u2026","rel":"","context":"In &quot;Atualidade&quot;","block_context":{"text":"Atualidade","link":"https:\/\/correiodasemana.com\/site\/category\/atualidade\/"},"img":{"alt_text":"","src":"https:\/\/i0.wp.com\/correiodasemana.com\/site\/wp-content\/uploads\/2019\/07\/editorial-cs.jpg?resize=350%2C200&ssl=1","width":350,"height":200,"srcset":"https:\/\/i0.wp.com\/correiodasemana.com\/site\/wp-content\/uploads\/2019\/07\/editorial-cs.jpg?resize=350%2C200&ssl=1 1x, https:\/\/i0.wp.com\/correiodasemana.com\/site\/wp-content\/uploads\/2019\/07\/editorial-cs.jpg?resize=525%2C300&ssl=1 1.5x"},"classes":[]},{"id":22786,"url":"https:\/\/correiodasemana.com\/site\/inscricoes-para-o-revalida-comecam-hoje\/","url_meta":{"origin":8284,"position":5},"title":"Inscri\u00e7\u00f5es para o Revalida come\u00e7am hoje","author":"","date":"Janeiro 16, 2023","format":false,"excerpt":"Est\u00e3o abertas, a partir de hoje (16), as inscri\u00e7\u00f5es para a primeira etapa do Exame Nacional de Revalida\u00e7\u00e3o de Diplomas M\u00e9dicos Expedidos por Institui\u00e7\u00e3o de Educa\u00e7\u00e3o Superior Estrangeira (Revalida) 2023. Os interessados em participar do exame t\u00eam at\u00e9 o dia 20 para e inscrever por meio do Sistema Revalida. O\u2026","rel":"","context":"In &quot;Atualidade&quot;","block_context":{"text":"Atualidade","link":"https:\/\/correiodasemana.com\/site\/category\/atualidade\/"},"img":{"alt_text":"","src":"https:\/\/i0.wp.com\/correiodasemana.com\/site\/wp-content\/uploads\/2023\/01\/revalida_mcamgo_abr_100720211818.jpg?resize=350%2C200&ssl=1","width":350,"height":200,"srcset":"https:\/\/i0.wp.com\/correiodasemana.com\/site\/wp-content\/uploads\/2023\/01\/revalida_mcamgo_abr_100720211818.jpg?resize=350%2C200&ssl=1 1x, https:\/\/i0.wp.com\/correiodasemana.com\/site\/wp-content\/uploads\/2023\/01\/revalida_mcamgo_abr_100720211818.jpg?resize=525%2C300&ssl=1 1.5x, https:\/\/i0.wp.com\/correiodasemana.com\/site\/wp-content\/uploads\/2023\/01\/revalida_mcamgo_abr_100720211818.jpg?resize=700%2C400&ssl=1 2x, https:\/\/i0.wp.com\/correiodasemana.com\/site\/wp-content\/uploads\/2023\/01\/revalida_mcamgo_abr_100720211818.jpg?resize=1050%2C600&ssl=1 3x"},"classes":[]}],"jetpack_sharing_enabled":true,"_links":{"self":[{"href":"https:\/\/correiodasemana.com\/site\/wp-json\/wp\/v2\/posts\/8284","targetHints":{"allow":["GET"]}}],"collection":[{"href":"https:\/\/correiodasemana.com\/site\/wp-json\/wp\/v2\/posts"}],"about":[{"href":"https:\/\/correiodasemana.com\/site\/wp-json\/wp\/v2\/types\/post"}],"author":[{"embeddable":true,"href":"https:\/\/correiodasemana.com\/site\/wp-json\/wp\/v2\/users\/1"}],"replies":[{"embeddable":true,"href":"https:\/\/correiodasemana.com\/site\/wp-json\/wp\/v2\/comments?post=8284"}],"version-history":[{"count":1,"href":"https:\/\/correiodasemana.com\/site\/wp-json\/wp\/v2\/posts\/8284\/revisions"}],"predecessor-version":[{"id":8285,"href":"https:\/\/correiodasemana.com\/site\/wp-json\/wp\/v2\/posts\/8284\/revisions\/8285"}],"wp:featuredmedia":[{"embeddable":true,"href":"https:\/\/correiodasemana.com\/site\/wp-json\/wp\/v2\/media\/7943"}],"wp:attachment":[{"href":"https:\/\/correiodasemana.com\/site\/wp-json\/wp\/v2\/media?parent=8284"}],"wp:term":[{"taxonomy":"category","embeddable":true,"href":"https:\/\/correiodasemana.com\/site\/wp-json\/wp\/v2\/categories?post=8284"},{"taxonomy":"post_tag","embeddable":true,"href":"https:\/\/correiodasemana.com\/site\/wp-json\/wp\/v2\/tags?post=8284"}],"curies":[{"name":"wp","href":"https:\/\/api.w.org\/{rel}","templated":true}]}}