{"id":8292,"date":"2019-07-16T03:34:14","date_gmt":"2019-07-16T03:34:14","guid":{"rendered":"https:\/\/correiodasemana.com\/site\/?p=8292"},"modified":"2019-07-16T03:34:14","modified_gmt":"2019-07-16T03:34:14","slug":"criancas-e-adolescentes-de-sobral-comecam-a-ser-beneficiadas-com-o-programa-esporte-em-3-tempos","status":"publish","type":"post","link":"https:\/\/correiodasemana.com\/site\/criancas-e-adolescentes-de-sobral-comecam-a-ser-beneficiadas-com-o-programa-esporte-em-3-tempos\/","title":{"rendered":"Crian\u00e7as e adolescentes de Sobral come\u00e7am a ser beneficiadas com o programa \u201cEsporte em 3 tempos\u201d"},"content":{"rendered":"<p><strong>Objetivo do programa \u00e9 proporcionar forma\u00e7\u00e3o da cidadania, qualidade de vida,\u00a0socializa\u00e7\u00e3o do conhecimento e est\u00edmulo \u00e0 conviv\u00eancia social. As atividades acontecem na Areninha Teco-Teco, no bairro Alto da Bras\u00edlia<\/strong><\/p>\n<p>Recrea\u00e7\u00e3o, futebol de campo e treinamento funcional \u00e9 o que os meninos e meninas entre sete e 17 anos passaram a ganhar em Sobral nessa semana. Na tarde da ter\u00e7a-feira (9), a Areninha Teco-Teco localizada no bairro Alto da Bras\u00edlia, recebeu a primeira atividade do programa \u201cEsporte em 3 Tempos\u201d, um projeto do Governo do Estado do Cear\u00e1 que trabalha tr\u00eas fases, de acordo com determinadas faixas et\u00e1rias. Na cidade, uma parceria com o PDES (Programa de Desenvolvimento Esportivo e Social) por meio da Secretaria da Cultura, Juventude, Esporte e Lazer (Secjel), fortalece o projeto. Crian\u00e7as do munic\u00edpio poder\u00e3o passar seu tempo ocioso de maneira divertida e educativa.<br \/>\nDe acordo com a professora de Educa\u00e7\u00e3o F\u00edsica, selecionada pelo programa \u2018Esporte em Tr\u00eas Tempos\u2019, Elys Regina Freires, as inscri\u00e7\u00f5es come\u00e7aram na segunda-feira (1) e seguem at\u00e9 o preenchimento das vagas dispon\u00edveis, \u201cno m\u00ednimo 100\u201d, ressalta. Elys aponta uma dificuldade com a procura de meninas para participarem das atividades: \u201cFiz cinco inscri\u00e7\u00f5es de meninas, at\u00e9 o momento, e espero mais. Com essa copa do mundo feminina, sabemos que existem muitas meninas que t\u00eam esse desejo de estarem nessa modalidade, de futebol feminino, e n\u00e3o possuem tanto apoio. Aqui estamos com a possibilidade de formar uma turma feminina e, estamos com a dificuldade de p\u00fablico\u201d, enfatiza.<br \/>\nAs atividades do projeto acontecer\u00e3o na Areninha Teco-Teco de segunda a quinta-feira nos hor\u00e1rios entre 16 e 17 horas e s\u00e3o monitoradas por Elys Regina e mais dois professores disponibilizados pela prefeitura: Vanderson Dutra e Yuri. As turmas e hor\u00e1rios s\u00e3o divididas de acordo com a faixa et\u00e1ria: Nas ter\u00e7as e quintas, entre 16 e 17 horas, as crian\u00e7as de sete a 10 anos s\u00e3o o p\u00fablico do n\u00facleo \u2018Aprender\u2019. No mesmo dia, das 17 \u00e0s 18 horas, \u00e9 visada a turma feminina, mas por enquanto meninos ocupam o hor\u00e1rio. Nas segundas e quartas-feiras de 16 \u00e0s 17 horas, \u00e9 a vez dos pr\u00e9-adolescentes com idades entre 11 e 13 anos, pertencentes ao n\u00facleo \u2018Desenvolver\u2019. E no hor\u00e1rio de 17 \u00e0s 18 horas, os adolescentes de 14 a 17 anos, no n\u00facleo \u2018Superar\u2019.<br \/>\nSegundo Elys, al\u00e9m da \u00f3tima qualidade da Areninha, Sobral conta com materiais enviados pelo governo do estado e tamb\u00e9m por materiais disponibilizados pela prefeitura: \u201cBolas de futebol, bolas de voleibol e handebol para recrea\u00e7\u00e3o, cordas, bambol\u00eas, el\u00e1sticos, bola de medicine ball, cones grandes e pequenos\u201d, destaca.<br \/>\nVanderson Dutra, diz que o programa de Desenvolvimento Esportivo e Social (PDES), ao qual faz parte, procura tirar as crian\u00e7as das ruas, da desocupa\u00e7\u00e3o, em um momento que elas est\u00e3o livres no contraturno das escolas e trabalhar com elas: \u201cSendo uma \u00f3tima parceria com o Programa Esporte em 3 Tempos\u201d, ressalta.<\/p>\n<p><img fetchpriority=\"high\" decoding=\"async\" class=\"size-medium wp-image-8294 alignleft\" src=\"https:\/\/correiodasemana.com\/site\/wp-content\/uploads\/2019\/07\/Lorhanna-e-Alana-280x300.jpg\" alt=\"\" width=\"280\" height=\"300\" srcset=\"https:\/\/correiodasemana.com\/site\/wp-content\/uploads\/2019\/07\/Lorhanna-e-Alana-280x300.jpg 280w, https:\/\/correiodasemana.com\/site\/wp-content\/uploads\/2019\/07\/Lorhanna-e-Alana-768x822.jpg 768w, https:\/\/correiodasemana.com\/site\/wp-content\/uploads\/2019\/07\/Lorhanna-e-Alana-957x1024.jpg 957w, https:\/\/correiodasemana.com\/site\/wp-content\/uploads\/2019\/07\/Lorhanna-e-Alana.jpg 1586w\" sizes=\"(max-width: 280px) 100vw, 280px\" \/><\/p>\n<p><strong>Esporte: Lugar de Mulher tamb\u00e9m <\/strong><br \/>\n<strong>\u2022 Lorhanna, \u00e0 esquerda e Alana \u00e0 direita<\/strong><\/p>\n<p>M\u00e1rcia Lorhanna Martins, 10, e a prima Alana Kethlley Martins, 11, s\u00e3o duas das cinco meninas que se inscreveram no programa. Elas ficaram surpresas quando chegaram \u00e0 Areninha e foram informadas que as atividades tamb\u00e9m eram destinadas a meninas. Lorhanna, que gosta de jogar voleibol ressalta: \u201cAntigamente s\u00f3 acreditavam nos homens para ganhar em algum esporte, agora as mulheres est\u00e3o na pista\u201d. Alana complementa: \u201cMelhor praticar esporte do que ficar em casa assistindo Netflix\u201d.<\/p>\n<p><img decoding=\"async\" class=\"alignright size-medium wp-image-8293\" src=\"https:\/\/correiodasemana.com\/site\/wp-content\/uploads\/2019\/07\/Joaquim-Bismarck-e-Isaac-Edmundo-300x255.jpg\" alt=\"\" width=\"300\" height=\"255\" srcset=\"https:\/\/correiodasemana.com\/site\/wp-content\/uploads\/2019\/07\/Joaquim-Bismarck-e-Isaac-Edmundo-300x255.jpg 300w, https:\/\/correiodasemana.com\/site\/wp-content\/uploads\/2019\/07\/Joaquim-Bismarck-e-Isaac-Edmundo-768x653.jpg 768w, https:\/\/correiodasemana.com\/site\/wp-content\/uploads\/2019\/07\/Joaquim-Bismarck-e-Isaac-Edmundo-1024x871.jpg 1024w\" sizes=\"(max-width: 300px) 100vw, 300px\" \/><\/p>\n<p><strong>No futebol, um la\u00e7o <\/strong><br \/>\n<strong>\u2022 Joaquim, \u00e0 esquerda e Isaac \u00e0 direita<\/strong><\/p>\n<p>Os Irm\u00e3os Joaquim Bismarck, 10, e Isaac Edmundo, 7, receberam o nome de dois jogadores de futebol. Para eles, o esporte est\u00e1 no sangue. Isaac declara: \u201cPara mim o futebol \u00e9 agradecimento ao nome \u2018Edmundo\u2019 que eu tenho; o maior jogador que eu acho\u201d. Joaquim completa: \u201cPara mim, esporte significa determina\u00e7\u00e3o de tudo que a gente faz; focar naquela coisa. Tem momentos bons, ruins, depende do que a gente est\u00e1 passando. Futebol para mim \u00e9 uma emo\u00e7\u00e3o, vem do cora\u00e7\u00e3o\u201d, conclui.<\/p>\n","protected":false},"excerpt":{"rendered":"<p>Objetivo do programa \u00e9 proporcionar forma\u00e7\u00e3o da cidadania, qualidade de vida,\u00a0socializa\u00e7\u00e3o do conhecimento e est\u00edmulo&#8230;<\/p>\n","protected":false},"author":1,"featured_media":8295,"comment_status":"open","ping_status":"open","sticky":false,"template":"","format":"standard","meta":{"_jetpack_memberships_contains_paid_content":false,"footnotes":"","jetpack_publicize_message":"","jetpack_publicize_feature_enabled":true,"jetpack_social_post_already_shared":true,"jetpack_social_options":{"image_generator_settings":{"template":"highway","default_image_id":0,"font":"","enabled":false},"version":2}},"categories":[1],"tags":[],"class_list":["post-8292","post","type-post","status-publish","format-standard","has-post-thumbnail","hentry","category-atualidade"],"jetpack_publicize_connections":[],"jetpack_featured_media_url":"https:\/\/correiodasemana.com\/site\/wp-content\/uploads\/2019\/07\/Foto-principal.jpg","jetpack-related-posts":[{"id":20987,"url":"https:\/\/correiodasemana.com\/site\/parque-da-integracao-e-entregue-a-populacao-dos-bairros-dom-jose-padre-palhano-e-sumare\/","url_meta":{"origin":8292,"position":0},"title":"Parque da Integra\u00e7\u00e3o \u00e9 entregue \u00e0 popula\u00e7\u00e3o dos bairros Dom Jos\u00e9, Padre Palhano e Sumar\u00e9","author":"","date":"Setembro 11, 2022","format":false,"excerpt":"O prefeito Ivo Gomes, ao lado do senador Cid Gomes, de secret\u00e1rios municipais e de vereadores, inaugurou, na noite desta quarta-feira (07\/09), no bairro Dom Jos\u00e9, o Parque da Integra\u00e7\u00e3o, que contempla ciclovia, anfiteatro, academia ao ar livre, piso intertravado, bancos de madeira, ilumina\u00e7\u00e3o em LED e passarela, ligando as\u2026","rel":"","context":"In &quot;Atualidade&quot;","block_context":{"text":"Atualidade","link":"https:\/\/correiodasemana.com\/site\/category\/atualidade\/"},"img":{"alt_text":"","src":"https:\/\/i0.wp.com\/correiodasemana.com\/site\/wp-content\/uploads\/2022\/09\/esporte-padre-palhano-sobral.jpg?resize=350%2C200&ssl=1","width":350,"height":200,"srcset":"https:\/\/i0.wp.com\/correiodasemana.com\/site\/wp-content\/uploads\/2022\/09\/esporte-padre-palhano-sobral.jpg?resize=350%2C200&ssl=1 1x, https:\/\/i0.wp.com\/correiodasemana.com\/site\/wp-content\/uploads\/2022\/09\/esporte-padre-palhano-sobral.jpg?resize=525%2C300&ssl=1 1.5x, https:\/\/i0.wp.com\/correiodasemana.com\/site\/wp-content\/uploads\/2022\/09\/esporte-padre-palhano-sobral.jpg?resize=700%2C400&ssl=1 2x"},"classes":[]},{"id":17076,"url":"https:\/\/correiodasemana.com\/site\/prefeito-ivo-gomes-inaugura-setima-areninha-de-sobral\/","url_meta":{"origin":8292,"position":1},"title":"Prefeito Ivo Gomes inaugura s\u00e9tima areninha de Sobral","author":"","date":"Julho 27, 2021","format":false,"excerpt":"Fonte: Assesssoria de Imprensa da Prefeitura de Sobral A Prefeitura de Sobral, por meio das secretarias da Juventude, Esporte e Lazer (Secjel) e da Infraestrutura (Seinfra), entregou, nesta quarta-feira (21\/07), mais uma areninha \u00e0 popula\u00e7\u00e3o sobralense. Com a inaugura\u00e7\u00e3o da Areninha Sebasti\u00e3o Ferreira de Sousa, localizada no bairro Sumar\u00e9, Sobral\u2026","rel":"","context":"In &quot;Atualidade&quot;","block_context":{"text":"Atualidade","link":"https:\/\/correiodasemana.com\/site\/category\/atualidade\/"},"img":{"alt_text":"","src":"https:\/\/i0.wp.com\/correiodasemana.com\/site\/wp-content\/uploads\/2021\/07\/Areninha_Sumare-800x445-1.jpeg?resize=350%2C200&ssl=1","width":350,"height":200,"srcset":"https:\/\/i0.wp.com\/correiodasemana.com\/site\/wp-content\/uploads\/2021\/07\/Areninha_Sumare-800x445-1.jpeg?resize=350%2C200&ssl=1 1x, https:\/\/i0.wp.com\/correiodasemana.com\/site\/wp-content\/uploads\/2021\/07\/Areninha_Sumare-800x445-1.jpeg?resize=525%2C300&ssl=1 1.5x, https:\/\/i0.wp.com\/correiodasemana.com\/site\/wp-content\/uploads\/2021\/07\/Areninha_Sumare-800x445-1.jpeg?resize=700%2C400&ssl=1 2x"},"classes":[]},{"id":16657,"url":"https:\/\/correiodasemana.com\/site\/apos-mais-de-dois-meses-fechado-mercado-publico-de-sobral-reabre-em-nova-fase-da-retomada-de-atividades-veja-o-que-mais-funciona\/","url_meta":{"origin":8292,"position":2},"title":"Ap\u00f3s mais de dois meses fechado, Mercado P\u00fablico de Sobral reabre em nova fase da retomada de atividades; Veja o que mais funciona","author":"","date":"Junho 7, 2021","format":false,"excerpt":"Por Samuel Carvalho Reda\u00e7\u00e3o Correio da Semana O Mercado P\u00fablico Chagas Barreto ficou fechado por dois meses como medida de enfrentamento a covid-19, foi reaberto ao p\u00fablico nesta quarta-feira (02) segundo o novo decreto de n\u00ba 2.669 emitido pela Prefeitura de Sobral. Continua a manuten\u00e7\u00e3o das medidas de isolamento social\u2026","rel":"","context":"In &quot;Atualidade&quot;","block_context":{"text":"Atualidade","link":"https:\/\/correiodasemana.com\/site\/category\/atualidade\/"},"img":{"alt_text":"","src":"https:\/\/i0.wp.com\/correiodasemana.com\/site\/wp-content\/uploads\/2021\/06\/Frutas-do-mercado-de-sobral-4.jpg?resize=350%2C200&ssl=1","width":350,"height":200,"srcset":"https:\/\/i0.wp.com\/correiodasemana.com\/site\/wp-content\/uploads\/2021\/06\/Frutas-do-mercado-de-sobral-4.jpg?resize=350%2C200&ssl=1 1x, https:\/\/i0.wp.com\/correiodasemana.com\/site\/wp-content\/uploads\/2021\/06\/Frutas-do-mercado-de-sobral-4.jpg?resize=525%2C300&ssl=1 1.5x"},"classes":[]},{"id":17307,"url":"https:\/\/correiodasemana.com\/site\/politica-em-evidencia-74\/","url_meta":{"origin":8292,"position":3},"title":"Pol\u00edtica em Evid\u00eancia","author":"","date":"Agosto 23, 2021","format":false,"excerpt":"O ministro da Sa\u00fade,\u00a0 Marcelo Queiroga e a secret\u00e1ria de Gest\u00e3o do Trabalho e Educa\u00e7\u00e3o da Sa\u00fade, Mayra Pinheiro, estiveram na cidade de Sobral, realizando inaugura\u00e7\u00f5es na Santa Casa, beneficiando a popula\u00e7\u00e3o da Zona Norte do Cear\u00e1. Marcelo Queiroga inaugurou a Usina de Oxig\u00eanio, a Nova Estrutura\u00a0 do Servi\u00e7o de\u2026","rel":"","context":"In &quot;Artigos&quot;","block_context":{"text":"Artigos","link":"https:\/\/correiodasemana.com\/site\/category\/artigos\/"},"img":{"alt_text":"","src":"","width":0,"height":0},"classes":[]},{"id":17190,"url":"https:\/\/correiodasemana.com\/site\/politica-em-evidencia-72\/","url_meta":{"origin":8292,"position":4},"title":"Pol\u00edtica em Evid\u00eancia","author":"","date":"Agosto 9, 2021","format":false,"excerpt":"A prefeitura de Sobral atrav\u00e9s da secretaria de Infraestrutura finalizou as obras de constru\u00e7\u00e3o da Areninha\u00a0Esportiva no bairro Alto do Cristo. O equipamento ser\u00e1 administrado pela secretaria da Juventude, Esporte e Lazer.\u00a0A Areninha Esportiva conta com grama sint\u00e9tica, urbaniza\u00e7\u00e3o em pedra Cariri, bancos e lixeiras, cal\u00e7ada em piso intertravado e\u2026","rel":"","context":"In &quot;Artigos&quot;","block_context":{"text":"Artigos","link":"https:\/\/correiodasemana.com\/site\/category\/artigos\/"},"img":{"alt_text":"","src":"","width":0,"height":0},"classes":[]},{"id":15724,"url":"https:\/\/correiodasemana.com\/site\/igor-bezerra-pdt-apresenta-mais-projetos-de-indicacao-protocolados-em-seu-primeiro-mes-de-mandato\/","url_meta":{"origin":8292,"position":5},"title":"Igor Bezerra  (PDT), apresenta mais projetos de indica\u00e7\u00e3o protocolados em seu primeiro m\u00eas de mandato","author":"","date":"Fevereiro 16, 2021","format":false,"excerpt":"Por Reda\u00e7\u00e3o Correio da Semana Faz um m\u00eas desde que o novato, Igor Bezerra (PDT), iniciou suas atividades na C\u00e2mara Municipal de Sobral e o vereador n\u00e3o decepcionou quando se trata de trabalho prestado. Igor apresentou em seu perfil na rede social Instagram (@igorbezerravereador) alguns dos projetos de indica\u00e7\u00e3o protocolados\u2026","rel":"","context":"In &quot;Atualidade&quot;","block_context":{"text":"Atualidade","link":"https:\/\/correiodasemana.com\/site\/category\/atualidade\/"},"img":{"alt_text":"","src":"https:\/\/i0.wp.com\/correiodasemana.com\/site\/wp-content\/uploads\/2021\/02\/Vereador-Igor-Gomes-7-scaled.jpg?resize=350%2C200&ssl=1","width":350,"height":200,"srcset":"https:\/\/i0.wp.com\/correiodasemana.com\/site\/wp-content\/uploads\/2021\/02\/Vereador-Igor-Gomes-7-scaled.jpg?resize=350%2C200&ssl=1 1x, https:\/\/i0.wp.com\/correiodasemana.com\/site\/wp-content\/uploads\/2021\/02\/Vereador-Igor-Gomes-7-scaled.jpg?resize=525%2C300&ssl=1 1.5x, https:\/\/i0.wp.com\/correiodasemana.com\/site\/wp-content\/uploads\/2021\/02\/Vereador-Igor-Gomes-7-scaled.jpg?resize=700%2C400&ssl=1 2x, https:\/\/i0.wp.com\/correiodasemana.com\/site\/wp-content\/uploads\/2021\/02\/Vereador-Igor-Gomes-7-scaled.jpg?resize=1050%2C600&ssl=1 3x, https:\/\/i0.wp.com\/correiodasemana.com\/site\/wp-content\/uploads\/2021\/02\/Vereador-Igor-Gomes-7-scaled.jpg?resize=1400%2C800&ssl=1 4x"},"classes":[]}],"jetpack_sharing_enabled":true,"_links":{"self":[{"href":"https:\/\/correiodasemana.com\/site\/wp-json\/wp\/v2\/posts\/8292","targetHints":{"allow":["GET"]}}],"collection":[{"href":"https:\/\/correiodasemana.com\/site\/wp-json\/wp\/v2\/posts"}],"about":[{"href":"https:\/\/correiodasemana.com\/site\/wp-json\/wp\/v2\/types\/post"}],"author":[{"embeddable":true,"href":"https:\/\/correiodasemana.com\/site\/wp-json\/wp\/v2\/users\/1"}],"replies":[{"embeddable":true,"href":"https:\/\/correiodasemana.com\/site\/wp-json\/wp\/v2\/comments?post=8292"}],"version-history":[{"count":1,"href":"https:\/\/correiodasemana.com\/site\/wp-json\/wp\/v2\/posts\/8292\/revisions"}],"predecessor-version":[{"id":8296,"href":"https:\/\/correiodasemana.com\/site\/wp-json\/wp\/v2\/posts\/8292\/revisions\/8296"}],"wp:featuredmedia":[{"embeddable":true,"href":"https:\/\/correiodasemana.com\/site\/wp-json\/wp\/v2\/media\/8295"}],"wp:attachment":[{"href":"https:\/\/correiodasemana.com\/site\/wp-json\/wp\/v2\/media?parent=8292"}],"wp:term":[{"taxonomy":"category","embeddable":true,"href":"https:\/\/correiodasemana.com\/site\/wp-json\/wp\/v2\/categories?post=8292"},{"taxonomy":"post_tag","embeddable":true,"href":"https:\/\/correiodasemana.com\/site\/wp-json\/wp\/v2\/tags?post=8292"}],"curies":[{"name":"wp","href":"https:\/\/api.w.org\/{rel}","templated":true}]}}