{"id":8393,"date":"2019-07-22T04:03:30","date_gmt":"2019-07-22T04:03:30","guid":{"rendered":"https:\/\/correiodasemana.com\/site\/?p=8393"},"modified":"2019-07-22T04:03:41","modified_gmt":"2019-07-22T04:03:41","slug":"crise-ambiental-e-refugiados-proporcionam-reflexao-no-i-seminario-questoes-do-contemporaneo-realizado-em-sobral","status":"publish","type":"post","link":"https:\/\/correiodasemana.com\/site\/crise-ambiental-e-refugiados-proporcionam-reflexao-no-i-seminario-questoes-do-contemporaneo-realizado-em-sobral\/","title":{"rendered":"Crise ambiental e refugiados proporcionam reflex\u00e3o no \u2018I Semin\u00e1rio Quest\u00f5es do Contempor\u00e2neo\u2019 realizado em Sobral"},"content":{"rendered":"<p><strong>Evento aconteceu no \u2018Audit\u00f3rio Central\u2019 da Universidade Estadual Vale do Acara\u00fa<\/strong><\/p>\n<p>Nunca se percebeu tanto a resposta da natureza \u00e0s a\u00e7\u00f5es destruidoras do homem em seu meio. Com o objetivo de refletir sobre temas mundiais contempor\u00e2neos, os grupos de estudos \u2018GEDES\u2019 e \u2018GEPEDE\u2019, da Universidade Estadual Vale do Acara\u00fa (UVA), pautaram refugiados, crise ambiental e reconex\u00e3o com a natureza no \u2018I Semin\u00e1rio Quest\u00f5es do Contempor\u00e2neo\u201d, que aconteceu na noite da quarta-feira (18) no audit\u00f3rio central da universidade. Os palestrantes foram a bi\u00f3loga e gerente de educa\u00e7\u00e3o ambiental na AMA (Ag\u00eancia Municipal do Meio Ambiente), Margareth Muniz, que explanou uma educa\u00e7\u00e3o ambiental por meio da reconex\u00e3o com a natureza; o professor do curso de filosofia da UVA, Mateus Uch\u00f4a, que apresentou as percep\u00e7\u00f5es de uma est\u00e9tica na era das mudan\u00e7as clim\u00e1ticas; e o tamb\u00e9m professor do curso de filosofia da UVA, Ricardo George de Ara\u00fajo, que apresentou o crescente problema dos refugiados como uma responsabilidade pol\u00edtica.<br \/>\nMargareth Muniz ressalta a rela\u00e7\u00e3o da sociedade com a natureza: \u201cQuando a gente envenena o solo, temos que se alimentar do fruto que aquele solo nos deu, se envenenamos o ar, vamos ter que respirar aquele ar, se contaminarmos a \u00e1gua, vamos ter que beber daquela \u00e1gua; vamos ter que conviver com as consequ\u00eancias dos nossos atos, e infelizmente o homem travou essa guerra contra a natureza e ele perde. Podemos nos reconectar por meio de uma educa\u00e7\u00e3o ambiental orientada para reverter as mudan\u00e7as da crise ambiental\u201d, enfatiza.<br \/>\nMateus Uch\u00f4a aponta os conflitos entre sujeito e natureza, em meio ao desastre ambiental, que \u00e9 um processo de degrada\u00e7\u00e3o j\u00e1 iniciado: \u201cTemos que construir uma linguagem de pensamento a partir dessas quest\u00f5es. N\u00e3o se trata mais de pensar de maneira positiva. Devemos refletir sobre nossos limites. Com a crise planet\u00e1ria, temos que enxergar os outros agentes n\u00e3o humanos ou mais que humanos\u201d.<br \/>\nRicardo George de Ara\u00fajo aponta a participa\u00e7\u00e3o do homem como parte da natureza: \u201cTemos que pensar a partir do mundo da pol\u00edtica, que somos respons\u00e1veis pelo o mundo em que vivemos. Vivemos em um mundo onde tudo \u00e9 descart\u00e1vel, inclusive a vida humana, assim chegamos \u00e0 crise dos refugiados. Os refugiados s\u00e3o problemas pol\u00edticos de um ser humano que n\u00e3o se vendo parte da natureza, destr\u00f3i o planeta terra, destr\u00f3i o lado humano, n\u00e3o aceita a condi\u00e7\u00e3o do outro\u201d, conclui.<\/p>\n","protected":false},"excerpt":{"rendered":"<p>Evento aconteceu no \u2018Audit\u00f3rio Central\u2019 da Universidade Estadual Vale do Acara\u00fa Nunca se percebeu tanto&#8230;<\/p>\n","protected":false},"author":1,"featured_media":8394,"comment_status":"open","ping_status":"open","sticky":false,"template":"","format":"standard","meta":{"_jetpack_memberships_contains_paid_content":false,"footnotes":"","jetpack_publicize_message":"","jetpack_publicize_feature_enabled":true,"jetpack_social_post_already_shared":true,"jetpack_social_options":{"image_generator_settings":{"template":"highway","default_image_id":0,"font":"","enabled":false},"version":2}},"categories":[1],"tags":[],"class_list":["post-8393","post","type-post","status-publish","format-standard","has-post-thumbnail","hentry","category-atualidade"],"jetpack_publicize_connections":[],"jetpack_featured_media_url":"https:\/\/correiodasemana.com\/site\/wp-content\/uploads\/2019\/07\/IMG-20190718-WA00072.png","jetpack-related-posts":[{"id":27096,"url":"https:\/\/correiodasemana.com\/site\/biblioteca-da-uva-festeja-42-anos-com-extensa-programacao\/","url_meta":{"origin":8393,"position":0},"title":"Biblioteca da UVA festeja 42 anos com extensa programa\u00e7\u00e3o","author":"adminredacao","date":"Outubro 30, 2023","format":false,"excerpt":"Por F\u00e1tima Moura Palestras, minicursos, oficina, lan\u00e7amentos de livros, visita\u00e7\u00e3o, apresenta\u00e7\u00f5es musicais, feira de artesanato, exposi\u00e7\u00f5es e premia\u00e7\u00f5es compuseram a programa\u00e7\u00e3o da XIX Semana do Livro e da Biblioteca, evento coincidente com o 42\u00ba anivers\u00e1rio de funda\u00e7\u00e3o da Biblioteca da Universidade Estadual Vale do Acara\u00fa, no per\u00edodo de 24 a\u2026","rel":"","context":"In &quot;Atualidade&quot;","block_context":{"text":"Atualidade","link":"https:\/\/correiodasemana.com\/site\/category\/atualidade\/"},"img":{"alt_text":"","src":"https:\/\/i0.wp.com\/correiodasemana.com\/site\/wp-content\/uploads\/2023\/10\/IMG-20231025-WA0021-1-scaled.jpg?resize=350%2C200&ssl=1","width":350,"height":200,"srcset":"https:\/\/i0.wp.com\/correiodasemana.com\/site\/wp-content\/uploads\/2023\/10\/IMG-20231025-WA0021-1-scaled.jpg?resize=350%2C200&ssl=1 1x, https:\/\/i0.wp.com\/correiodasemana.com\/site\/wp-content\/uploads\/2023\/10\/IMG-20231025-WA0021-1-scaled.jpg?resize=525%2C300&ssl=1 1.5x, https:\/\/i0.wp.com\/correiodasemana.com\/site\/wp-content\/uploads\/2023\/10\/IMG-20231025-WA0021-1-scaled.jpg?resize=700%2C400&ssl=1 2x, https:\/\/i0.wp.com\/correiodasemana.com\/site\/wp-content\/uploads\/2023\/10\/IMG-20231025-WA0021-1-scaled.jpg?resize=1050%2C600&ssl=1 3x, https:\/\/i0.wp.com\/correiodasemana.com\/site\/wp-content\/uploads\/2023\/10\/IMG-20231025-WA0021-1-scaled.jpg?resize=1400%2C800&ssl=1 4x"},"classes":[]},{"id":8413,"url":"https:\/\/correiodasemana.com\/site\/fosseis-sao-encontrados-no-piso-do-jardim-sensorial-da-sala-verde\/","url_meta":{"origin":8393,"position":1},"title":"F\u00f3sseis s\u00e3o encontrados no piso do jardim sensorial da Sala Verde","author":"","date":"Julho 22, 2019","format":false,"excerpt":"Assessoria de imprensa da Prefeitura Municipal de Sobral A Diretoria de Pol\u00edtica Ambiental da Ag\u00eancia Municipal do Meio Ambiente, por meio da Ger\u00eancia de Educa\u00e7\u00e3o Ambiental, realizou, na sexta-feira (12\/07), a verifica\u00e7\u00e3o de f\u00f3sseis nas pedras que comp\u00f5em o piso do jardim sensorial da Sala Verde (ainda em constru\u00e7\u00e3o na\u2026","rel":"","context":"In &quot;Atualidade&quot;","block_context":{"text":"Atualidade","link":"https:\/\/correiodasemana.com\/site\/category\/atualidade\/"},"img":{"alt_text":"","src":"https:\/\/i0.wp.com\/correiodasemana.com\/site\/wp-content\/uploads\/2019\/07\/Fosseis.png?resize=350%2C200&ssl=1","width":350,"height":200,"srcset":"https:\/\/i0.wp.com\/correiodasemana.com\/site\/wp-content\/uploads\/2019\/07\/Fosseis.png?resize=350%2C200&ssl=1 1x, https:\/\/i0.wp.com\/correiodasemana.com\/site\/wp-content\/uploads\/2019\/07\/Fosseis.png?resize=525%2C300&ssl=1 1.5x, https:\/\/i0.wp.com\/correiodasemana.com\/site\/wp-content\/uploads\/2019\/07\/Fosseis.png?resize=700%2C400&ssl=1 2x"},"classes":[]},{"id":26383,"url":"https:\/\/correiodasemana.com\/site\/biblioteca-central-da-uva-tem-trabalho-aprovado-em-seminario-nacional\/","url_meta":{"origin":8393,"position":2},"title":"Biblioteca Central da UVA tem trabalho aprovado em Semin\u00e1rio Nacional","author":"adminredacao","date":"Setembro 4, 2023","format":false,"excerpt":"Por F\u00e1tima Moura Com um projeto baseado no eixo Biblioteca e Sociedade, a Biblioteca Central(BC) da UVA participar\u00e1 do XXII Semin\u00e1rio Nacional de Bibliotecas Universit\u00e1ria que ocorrer\u00e1 no per\u00edodo de 28 de novembro a 1\u00ba de dezembro 2023 em Florian\u00f3polis - SC. O trabalho explana o tema \u201cAs demandas sociais\u2026","rel":"","context":"In &quot;Atualidade&quot;","block_context":{"text":"Atualidade","link":"https:\/\/correiodasemana.com\/site\/category\/atualidade\/"},"img":{"alt_text":"","src":"https:\/\/i0.wp.com\/correiodasemana.com\/site\/wp-content\/uploads\/2023\/09\/IMG-20230504-WA0005.jpg?resize=350%2C200&ssl=1","width":350,"height":200,"srcset":"https:\/\/i0.wp.com\/correiodasemana.com\/site\/wp-content\/uploads\/2023\/09\/IMG-20230504-WA0005.jpg?resize=350%2C200&ssl=1 1x, https:\/\/i0.wp.com\/correiodasemana.com\/site\/wp-content\/uploads\/2023\/09\/IMG-20230504-WA0005.jpg?resize=525%2C300&ssl=1 1.5x, https:\/\/i0.wp.com\/correiodasemana.com\/site\/wp-content\/uploads\/2023\/09\/IMG-20230504-WA0005.jpg?resize=700%2C400&ssl=1 2x, https:\/\/i0.wp.com\/correiodasemana.com\/site\/wp-content\/uploads\/2023\/09\/IMG-20230504-WA0005.jpg?resize=1050%2C600&ssl=1 3x, https:\/\/i0.wp.com\/correiodasemana.com\/site\/wp-content\/uploads\/2023\/09\/IMG-20230504-WA0005.jpg?resize=1400%2C800&ssl=1 4x"},"classes":[]},{"id":37390,"url":"https:\/\/correiodasemana.com\/site\/em-tempo-314\/","url_meta":{"origin":8393,"position":3},"title":"EM TEMPO \u2022","author":"adminredacao","date":"Fevereiro 20, 2026","format":false,"excerpt":"Mostra \u201cNise - A Revolu\u00e7\u00e3o pelo Afeto\u201d Em circula\u00e7\u00e3o pelo Brasil desde 2021, exposi\u00e7\u00e3o gratuita sobre m\u00e9dica psiquiatra Nise da Silveira em Fortaleza une arte, afeto e sa\u00fade mental, na Caixa Cultural, na Praia de Iracema, at\u00e9 1\u00ba de mar\u00e7o. S\u00e3o 157 pe\u00e7as, entre obras de arte, fotografias, esculturas e\u2026","rel":"","context":"In &quot;Artigos&quot;","block_context":{"text":"Artigos","link":"https:\/\/correiodasemana.com\/site\/category\/artigos\/"},"img":{"alt_text":"","src":"https:\/\/i0.wp.com\/correiodasemana.com\/site\/wp-content\/uploads\/2026\/02\/design-sem-nome_14-150x150.jpg?resize=350%2C200&ssl=1","width":350,"height":200,"srcset":"https:\/\/i0.wp.com\/correiodasemana.com\/site\/wp-content\/uploads\/2026\/02\/design-sem-nome_14-150x150.jpg?resize=350%2C200&ssl=1 1x, https:\/\/i0.wp.com\/correiodasemana.com\/site\/wp-content\/uploads\/2026\/02\/design-sem-nome_14-150x150.jpg?resize=525%2C300&ssl=1 1.5x, https:\/\/i0.wp.com\/correiodasemana.com\/site\/wp-content\/uploads\/2026\/02\/design-sem-nome_14-150x150.jpg?resize=700%2C400&ssl=1 2x, https:\/\/i0.wp.com\/correiodasemana.com\/site\/wp-content\/uploads\/2026\/02\/design-sem-nome_14-150x150.jpg?resize=1050%2C600&ssl=1 3x"},"classes":[]},{"id":16691,"url":"https:\/\/correiodasemana.com\/site\/chapada-do-araripe-candidatura-a-patrimonio-mundial\/","url_meta":{"origin":8393,"position":4},"title":"CHAPADA DO ARARIPE: CANDIDATURA A PATRIM\u00d4NIO MUNDIAL\u00a0","author":"","date":"Junho 7, 2021","format":false,"excerpt":"Na reuni\u00e3o ordin\u00e1ria do Conselho Estadual de Preserva\u00e7\u00e3o do Patrim\u00f4nio Cultural do Cear\u00e1 \u2013 COEPA, realizada no dia 19 de maio \u00faltimo, aconteceu a apresenta\u00e7\u00e3o da candidatura da Chapada do Araripe como Patrim\u00f4nio da Humanidade junto \u00e0 UNESCO. Na oportunidade, se pronunciaram os Professores-Doutores Jos\u00e9 Patr\u00edcio Pereira Melo, Alemberg Quindins\u2026","rel":"","context":"In &quot;Artigos&quot;","block_context":{"text":"Artigos","link":"https:\/\/correiodasemana.com\/site\/category\/artigos\/"},"img":{"alt_text":"","src":"https:\/\/i0.wp.com\/correiodasemana.com\/site\/wp-content\/uploads\/2018\/02\/Jose%CC%81-1.jpg?resize=350%2C200&ssl=1","width":350,"height":200,"srcset":"https:\/\/i0.wp.com\/correiodasemana.com\/site\/wp-content\/uploads\/2018\/02\/Jose%CC%81-1.jpg?resize=350%2C200&ssl=1 1x, https:\/\/i0.wp.com\/correiodasemana.com\/site\/wp-content\/uploads\/2018\/02\/Jose%CC%81-1.jpg?resize=525%2C300&ssl=1 1.5x, https:\/\/i0.wp.com\/correiodasemana.com\/site\/wp-content\/uploads\/2018\/02\/Jose%CC%81-1.jpg?resize=700%2C400&ssl=1 2x"},"classes":[]},{"id":36043,"url":"https:\/\/correiodasemana.com\/site\/reconhecimento-a-trajetoria-dedicada-ao-ensino-uva-concede-titulo-doutor-honoris-causa-a-ada-pimentel\/","url_meta":{"origin":8393,"position":5},"title":"Reconhecimento \u00e0 trajet\u00f3ria dedicada ao ensino: UVA concede t\u00edtulo Doutor Honoris Causa \u00e0 Ada Pimentel","author":"adminredacao","date":"Outubro 29, 2025","format":false,"excerpt":"A reitora da Universidade Estadual Vale do Acara\u00fa (UVA), Izabelle Mont\u2019Alverne, concedeu, nesta quinta-feira (23\/10), o t\u00edtulo de Doutor Honoris Causa \u00e0 professora Ada Pimentel Gomes Fernandes Vieira, em reconhecimento \u00e0 sua relevante contribui\u00e7\u00e3o para a educa\u00e7\u00e3o cearense. A solenidade foi realizada no Audit\u00f3rio Central do campus Bet\u00e2nia, e reuniu\u2026","rel":"","context":"In &quot;Atualidade&quot;","block_context":{"text":"Atualidade","link":"https:\/\/correiodasemana.com\/site\/category\/atualidade\/"},"img":{"alt_text":"","src":"https:\/\/i0.wp.com\/correiodasemana.com\/site\/wp-content\/uploads\/2025\/10\/WhatsApp-Image-2025-10-24-at-22.32.15.jpeg?resize=350%2C200&ssl=1","width":350,"height":200,"srcset":"https:\/\/i0.wp.com\/correiodasemana.com\/site\/wp-content\/uploads\/2025\/10\/WhatsApp-Image-2025-10-24-at-22.32.15.jpeg?resize=350%2C200&ssl=1 1x, https:\/\/i0.wp.com\/correiodasemana.com\/site\/wp-content\/uploads\/2025\/10\/WhatsApp-Image-2025-10-24-at-22.32.15.jpeg?resize=525%2C300&ssl=1 1.5x, https:\/\/i0.wp.com\/correiodasemana.com\/site\/wp-content\/uploads\/2025\/10\/WhatsApp-Image-2025-10-24-at-22.32.15.jpeg?resize=700%2C400&ssl=1 2x, https:\/\/i0.wp.com\/correiodasemana.com\/site\/wp-content\/uploads\/2025\/10\/WhatsApp-Image-2025-10-24-at-22.32.15.jpeg?resize=1050%2C600&ssl=1 3x, https:\/\/i0.wp.com\/correiodasemana.com\/site\/wp-content\/uploads\/2025\/10\/WhatsApp-Image-2025-10-24-at-22.32.15.jpeg?resize=1400%2C800&ssl=1 4x"},"classes":[]}],"jetpack_sharing_enabled":true,"_links":{"self":[{"href":"https:\/\/correiodasemana.com\/site\/wp-json\/wp\/v2\/posts\/8393","targetHints":{"allow":["GET"]}}],"collection":[{"href":"https:\/\/correiodasemana.com\/site\/wp-json\/wp\/v2\/posts"}],"about":[{"href":"https:\/\/correiodasemana.com\/site\/wp-json\/wp\/v2\/types\/post"}],"author":[{"embeddable":true,"href":"https:\/\/correiodasemana.com\/site\/wp-json\/wp\/v2\/users\/1"}],"replies":[{"embeddable":true,"href":"https:\/\/correiodasemana.com\/site\/wp-json\/wp\/v2\/comments?post=8393"}],"version-history":[{"count":1,"href":"https:\/\/correiodasemana.com\/site\/wp-json\/wp\/v2\/posts\/8393\/revisions"}],"predecessor-version":[{"id":8395,"href":"https:\/\/correiodasemana.com\/site\/wp-json\/wp\/v2\/posts\/8393\/revisions\/8395"}],"wp:featuredmedia":[{"embeddable":true,"href":"https:\/\/correiodasemana.com\/site\/wp-json\/wp\/v2\/media\/8394"}],"wp:attachment":[{"href":"https:\/\/correiodasemana.com\/site\/wp-json\/wp\/v2\/media?parent=8393"}],"wp:term":[{"taxonomy":"category","embeddable":true,"href":"https:\/\/correiodasemana.com\/site\/wp-json\/wp\/v2\/categories?post=8393"},{"taxonomy":"post_tag","embeddable":true,"href":"https:\/\/correiodasemana.com\/site\/wp-json\/wp\/v2\/tags?post=8393"}],"curies":[{"name":"wp","href":"https:\/\/api.w.org\/{rel}","templated":true}]}}