{"id":8442,"date":"2019-07-22T04:24:45","date_gmt":"2019-07-22T04:24:45","guid":{"rendered":"https:\/\/correiodasemana.com\/site\/?p=8442"},"modified":"2019-07-22T04:24:45","modified_gmt":"2019-07-22T04:24:45","slug":"o-papel-da-religiao-na-sociedade","status":"publish","type":"post","link":"https:\/\/correiodasemana.com\/site\/o-papel-da-religiao-na-sociedade\/","title":{"rendered":"O papel da religi\u00e3o na sociedade"},"content":{"rendered":"<p>Sabemos que estamos inseridos dentro de uma revolu\u00e7\u00e3o t\u00e9cnico-cient\u00edfico-informacional, caracterizada pelos avan\u00e7os tecnol\u00f3gicos, pelas t\u00e9cnicas avan\u00e7adas e pelas grandes inova\u00e7\u00f5es cient\u00edficas. Nesse aspecto, muitos homens tentam negar a religi\u00e3o, chegando a prever sociedades ateias, negando assim esse aspecto essencial e permanente da sociedade. Em v\u00e3o tentam destruir a natureza religiosa do homem e o papel social que a religi\u00e3o sempre assumiu desde as sociedades primitivas.<br \/>\nIsso \u00e9 o que se percebe desde os prim\u00f3rdios da Modernidade, no s\u00e9culo XV. A partir de ent\u00e3o se come\u00e7ou a falar em cientificismo, racionalismo, antropocentrismo e nem a religi\u00e3o, nem Deus possu\u00edam papel central na vida do homem. Todo esse pensamento racional passou a ser desconstru\u00eddo e desacreditado com as tantas cat\u00e1strofes que se seguiram, principalmente no s\u00e9culo XX. Guerras, conflitos, atentados, viol\u00eancia, persegui\u00e7\u00f5es come\u00e7aram a se intensificar.<br \/>\nPercebeu-se que a ci\u00eancia e a t\u00e9cnica, que prometeram trazer grandes transforma\u00e7\u00f5es \u00e0 humanidade, n\u00e3o conseguiram corresponder a sua promessa. Provam essa tese, as duas guerras mundiais, o genoc\u00eddio judeu, a fome e as doen\u00e7as, as crises e conflitos entre as na\u00e7\u00f5es. Tudo isso contribuiu para a desconstru\u00e7\u00e3o do pensamento racional que propunha o fim da religi\u00e3o.<br \/>\nEnquanto isso, o homem continuava e continua sua busca sequiosa pelo transcendente. Parece que h\u00e1 algo de eterno no cora\u00e7\u00e3o de cada homem, que lhe faz aspirar pelo Absoluto, pelo Divino, como se as realidades terrenas n\u00e3o dessem sentido pleno a sua vida. E tudo isso tem grandes implica\u00e7\u00f5es sociais.<br \/>\nExistem muitos valores e princ\u00edpios morais que aos poucos v\u00e3o se perdendo a partir do momento que se desconsidera o papel da religi\u00e3o. Por tr\u00e1s de tantas crises pelas quais passa a humanidade, est\u00e1 uma crise moral. Carecemos de autoridades s\u00f3lidas que nos sirvam de refer\u00eancia. At\u00e9 mesmo as autoridades do ambiente familiar est\u00e3o se esfacelando. Por\u00e9m, a religi\u00e3o continua sendo uma refer\u00eancia, uma b\u00fassola que pode orientar a sociedade no combate a tantas mazelas.<br \/>\nDesse modo, enxerga-se o papel social da religi\u00e3o na constru\u00e7\u00e3o dos valores morais e na orienta\u00e7\u00e3o humana. Al\u00e9m disso, em muitos lugares a cultura tem seu aspecto religioso e, mais do que atingir a espiritualidade das pessoas, passa a ser parte constituinte da identidade daquele povo. Nesses casos, a religi\u00e3o possui um papel ainda mais belo e profundo, quando cria la\u00e7os comunit\u00e1rios na sociedade e conserva seus sentimentos coletivos.<br \/>\n\u00c9 por isso que uma sociedade que tenta se construir sem a religi\u00e3o est\u00e1 fadada \u00e0 extin\u00e7\u00e3o. E quando percebemos que em um determinado lugar ela n\u00e3o tem mais tanta for\u00e7a ou em muitos pa\u00edses praticamente n\u00e3o existe mais, as consequ\u00eancias n\u00e3o s\u00e3o t\u00e3o positivas.<br \/>\nFala-se bastante em liberdade e, em nome dessa tal liberdade, muitos se livram das \u201camarras\u201d da religi\u00e3o, como algo que aprisiona, aliena, paralisa. Na verdade, quando bem vivida, ela conduz, fortalece, ensina, faz bem para um povo, para uma sociedade, \u00e9 ponte de uni\u00e3o entre as pessoas. \u00c9 prefer\u00edvel acreditar que sem religi\u00e3o, sem Deus, sem f\u00e9 o homem \u00e9 incompleto e n\u00e3o consegue viver.<br \/>\nUm homem sem religi\u00e3o pode at\u00e9 se sentir livre, mas \u00e9 semelhante a algu\u00e9m que est\u00e1 no deserto, livre, mas sem saber para onde vai.<\/p>\n","protected":false},"excerpt":{"rendered":"<p>Sabemos que estamos inseridos dentro de uma revolu\u00e7\u00e3o t\u00e9cnico-cient\u00edfico-informacional, caracterizada pelos avan\u00e7os tecnol\u00f3gicos, pelas t\u00e9cnicas&#8230;<\/p>\n","protected":false},"author":1,"featured_media":75,"comment_status":"open","ping_status":"open","sticky":false,"template":"","format":"standard","meta":{"_jetpack_memberships_contains_paid_content":false,"footnotes":"","jetpack_publicize_message":"","jetpack_publicize_feature_enabled":true,"jetpack_social_post_already_shared":true,"jetpack_social_options":{"image_generator_settings":{"template":"highway","default_image_id":0,"font":"","enabled":false},"version":2}},"categories":[11,20],"tags":[],"class_list":["post-8442","post","type-post","status-publish","format-standard","has-post-thumbnail","hentry","category-artigos","category-editorial"],"jetpack_publicize_connections":[],"jetpack_featured_media_url":"https:\/\/correiodasemana.com\/site\/wp-content\/uploads\/2019\/07\/editorial-cs.jpg","jetpack-related-posts":[{"id":34591,"url":"https:\/\/correiodasemana.com\/site\/a-religiao-e-as-imagens-de-deus\/","url_meta":{"origin":8442,"position":0},"title":"A religi\u00e3o e as imagens de Deus\u00a0","author":"adminredacao","date":"Julho 15, 2025","format":false,"excerpt":"No final do s\u00e9culo passado, v\u00e1rios e analistas identificaram sinais do decl\u00ednio da relev\u00e2ncia da religi\u00e3o no mundo ocidental. A seu modo, eles ecoaram a voz de fil\u00f3sofos que, algumas d\u00e9cadas antes, propugnavam a morte de Deus e o nascimento do Homem livre e maduro, ou do \u2018Super-homem\u2019 como previa\u2026","rel":"","context":"In &quot;A voz do Pastor&quot;","block_context":{"text":"A voz do Pastor","link":"https:\/\/correiodasemana.com\/site\/category\/a-voz-do-pastor\/"},"img":{"alt_text":"","src":"https:\/\/i0.wp.com\/correiodasemana.com\/site\/wp-content\/uploads\/2019\/07\/Dom-Vasconcelos-posses.jpg?resize=350%2C200&ssl=1","width":350,"height":200,"srcset":"https:\/\/i0.wp.com\/correiodasemana.com\/site\/wp-content\/uploads\/2019\/07\/Dom-Vasconcelos-posses.jpg?resize=350%2C200&ssl=1 1x, https:\/\/i0.wp.com\/correiodasemana.com\/site\/wp-content\/uploads\/2019\/07\/Dom-Vasconcelos-posses.jpg?resize=525%2C300&ssl=1 1.5x, https:\/\/i0.wp.com\/correiodasemana.com\/site\/wp-content\/uploads\/2019\/07\/Dom-Vasconcelos-posses.jpg?resize=700%2C400&ssl=1 2x"},"classes":[]},{"id":21300,"url":"https:\/\/correiodasemana.com\/site\/onde-a-politica-e-a-religiao-se-encontram\/","url_meta":{"origin":8442,"position":1},"title":"Onde a pol\u00edtica e a religi\u00e3o se encontram","author":"","date":"Outubro 16, 2022","format":false,"excerpt":"Nesses tempos t\u00e3o confusos de campanha de segundo turno, percebe-se com tristeza os rumos que a pol\u00edtica brasileira vem tomando, especialmente no que se refere \u00e0 sua rela\u00e7\u00e3o com a religi\u00e3o. Tal rela\u00e7\u00e3o \u00e9 sadia quando ambas convergem para os mesmos objetivos de justi\u00e7a social, promo\u00e7\u00e3o do bem comum, defesa\u2026","rel":"","context":"In &quot;Artigos&quot;","block_context":{"text":"Artigos","link":"https:\/\/correiodasemana.com\/site\/category\/artigos\/"},"img":{"alt_text":"","src":"https:\/\/i0.wp.com\/correiodasemana.com\/site\/wp-content\/uploads\/2018\/02\/editorial-cs.jpg?resize=350%2C200&ssl=1","width":350,"height":200,"srcset":"https:\/\/i0.wp.com\/correiodasemana.com\/site\/wp-content\/uploads\/2018\/02\/editorial-cs.jpg?resize=350%2C200&ssl=1 1x, https:\/\/i0.wp.com\/correiodasemana.com\/site\/wp-content\/uploads\/2018\/02\/editorial-cs.jpg?resize=525%2C300&ssl=1 1.5x"},"classes":[]},{"id":10633,"url":"https:\/\/correiodasemana.com\/site\/fe-e-razao-harmonia-da-verdade\/","url_meta":{"origin":8442,"position":2},"title":"F\u00e9 e raz\u00e3o: harmonia da Verdade","author":"","date":"Janeiro 27, 2020","format":false,"excerpt":"No caminho que se trilha para o conhecimento da Verdade, da qual a Igreja \u00e9 deposit\u00e1ria e servidora, a f\u00e9 e a raz\u00e3o constituem como que as duas asas que conduzem o esp\u00edrito humano. Foi Deus mesmo quem plantou no cora\u00e7\u00e3o do homem o desejo de conhecer a Verdade. Nessa\u2026","rel":"","context":"In &quot;Artigos&quot;","block_context":{"text":"Artigos","link":"https:\/\/correiodasemana.com\/site\/category\/artigos\/"},"img":{"alt_text":"","src":"https:\/\/i0.wp.com\/correiodasemana.com\/site\/wp-content\/uploads\/2018\/02\/editorial-cs.jpg?resize=350%2C200&ssl=1","width":350,"height":200,"srcset":"https:\/\/i0.wp.com\/correiodasemana.com\/site\/wp-content\/uploads\/2018\/02\/editorial-cs.jpg?resize=350%2C200&ssl=1 1x, https:\/\/i0.wp.com\/correiodasemana.com\/site\/wp-content\/uploads\/2018\/02\/editorial-cs.jpg?resize=525%2C300&ssl=1 1.5x"},"classes":[]},{"id":15972,"url":"https:\/\/correiodasemana.com\/site\/o-papa-francisco-e-o-isla-tres-pilares-de-um-magisterio\/","url_meta":{"origin":8442,"position":3},"title":"O Papa Francisco e o Isl\u00e3, tr\u00eas pilares de um magist\u00e9rio","author":"","date":"Mar\u00e7o 14, 2021","format":false,"excerpt":"Um fio condutor une os discursos program\u00e1ticos proferidos em Baku, no Cairo e Ur, indicando a necessidade de uma religiosidade aut\u00eantica para adorar a Deus e amar os irm\u00e3os e um compromisso concreto com a justi\u00e7a e a paz Por Andrea Tornielli - Vatican News H\u00e1 um fio condutor que\u2026","rel":"","context":"In &quot;A voz do Pastor&quot;","block_context":{"text":"A voz do Pastor","link":"https:\/\/correiodasemana.com\/site\/category\/a-voz-do-pastor\/"},"img":{"alt_text":"","src":"https:\/\/i0.wp.com\/correiodasemana.com\/site\/wp-content\/uploads\/2019\/07\/Dom-Vasconcelos-posses.jpg?resize=350%2C200&ssl=1","width":350,"height":200,"srcset":"https:\/\/i0.wp.com\/correiodasemana.com\/site\/wp-content\/uploads\/2019\/07\/Dom-Vasconcelos-posses.jpg?resize=350%2C200&ssl=1 1x, https:\/\/i0.wp.com\/correiodasemana.com\/site\/wp-content\/uploads\/2019\/07\/Dom-Vasconcelos-posses.jpg?resize=525%2C300&ssl=1 1.5x, https:\/\/i0.wp.com\/correiodasemana.com\/site\/wp-content\/uploads\/2019\/07\/Dom-Vasconcelos-posses.jpg?resize=700%2C400&ssl=1 2x"},"classes":[]},{"id":15741,"url":"https:\/\/correiodasemana.com\/site\/fe-e-razao-harmonia-da-verdade-2\/","url_meta":{"origin":8442,"position":4},"title":"F\u00e9 e raz\u00e3o: harmonia da Verdade","author":"","date":"Fevereiro 16, 2021","format":false,"excerpt":"No caminho que se trilha para o conhecimento da Verdade, da qual a Igreja \u00e9 deposit\u00e1ria e servidora, a f\u00e9 e a raz\u00e3o constituem como que as duas asas que conduzem o esp\u00edrito humano. Foi Deus mesmo quem plantou no cora\u00e7\u00e3o do homem o desejo de conhecer a Verdade. Nessa\u2026","rel":"","context":"In &quot;Artigos&quot;","block_context":{"text":"Artigos","link":"https:\/\/correiodasemana.com\/site\/category\/artigos\/"},"img":{"alt_text":"","src":"https:\/\/i0.wp.com\/correiodasemana.com\/site\/wp-content\/uploads\/2018\/02\/editorial-cs.jpg?resize=350%2C200&ssl=1","width":350,"height":200,"srcset":"https:\/\/i0.wp.com\/correiodasemana.com\/site\/wp-content\/uploads\/2018\/02\/editorial-cs.jpg?resize=350%2C200&ssl=1 1x, https:\/\/i0.wp.com\/correiodasemana.com\/site\/wp-content\/uploads\/2018\/02\/editorial-cs.jpg?resize=525%2C300&ssl=1 1.5x"},"classes":[]},{"id":10925,"url":"https:\/\/correiodasemana.com\/site\/capitalismo-riqueza-e-miseria\/","url_meta":{"origin":8442,"position":5},"title":"CAPITALISMO: RIQUEZA E MIS\u00c9RIA","author":"","date":"Fevereiro 25, 2020","format":false,"excerpt":"Segunda a hist\u00f3ria, das cincos civiliza\u00e7\u00f5es: o fogo, a religi\u00e3o, a roda e a escrita, o dinheiro \u00e9 a mais recente dessas inova\u00e7\u00f5es revolucion\u00e1rias. Portanto, \u00e9 a menos est\u00e1vel, a menos compreendida e a mais f\u00e1cil de controlar. Desde sua primeira apari\u00e7\u00e3o na hist\u00f3ria, o dinheiro vem forjando novas institui\u00e7\u00f5es\u2026","rel":"","context":"In &quot;Artigos&quot;","block_context":{"text":"Artigos","link":"https:\/\/correiodasemana.com\/site\/category\/artigos\/"},"img":{"alt_text":"","src":"https:\/\/i0.wp.com\/correiodasemana.com\/site\/wp-content\/uploads\/2020\/02\/Eudes-de-Sousa-escritor-4.jpg?resize=350%2C200&ssl=1","width":350,"height":200,"srcset":"https:\/\/i0.wp.com\/correiodasemana.com\/site\/wp-content\/uploads\/2020\/02\/Eudes-de-Sousa-escritor-4.jpg?resize=350%2C200&ssl=1 1x, https:\/\/i0.wp.com\/correiodasemana.com\/site\/wp-content\/uploads\/2020\/02\/Eudes-de-Sousa-escritor-4.jpg?resize=525%2C300&ssl=1 1.5x, https:\/\/i0.wp.com\/correiodasemana.com\/site\/wp-content\/uploads\/2020\/02\/Eudes-de-Sousa-escritor-4.jpg?resize=700%2C400&ssl=1 2x, https:\/\/i0.wp.com\/correiodasemana.com\/site\/wp-content\/uploads\/2020\/02\/Eudes-de-Sousa-escritor-4.jpg?resize=1050%2C600&ssl=1 3x, https:\/\/i0.wp.com\/correiodasemana.com\/site\/wp-content\/uploads\/2020\/02\/Eudes-de-Sousa-escritor-4.jpg?resize=1400%2C800&ssl=1 4x"},"classes":[]}],"jetpack_sharing_enabled":true,"_links":{"self":[{"href":"https:\/\/correiodasemana.com\/site\/wp-json\/wp\/v2\/posts\/8442","targetHints":{"allow":["GET"]}}],"collection":[{"href":"https:\/\/correiodasemana.com\/site\/wp-json\/wp\/v2\/posts"}],"about":[{"href":"https:\/\/correiodasemana.com\/site\/wp-json\/wp\/v2\/types\/post"}],"author":[{"embeddable":true,"href":"https:\/\/correiodasemana.com\/site\/wp-json\/wp\/v2\/users\/1"}],"replies":[{"embeddable":true,"href":"https:\/\/correiodasemana.com\/site\/wp-json\/wp\/v2\/comments?post=8442"}],"version-history":[{"count":1,"href":"https:\/\/correiodasemana.com\/site\/wp-json\/wp\/v2\/posts\/8442\/revisions"}],"predecessor-version":[{"id":8443,"href":"https:\/\/correiodasemana.com\/site\/wp-json\/wp\/v2\/posts\/8442\/revisions\/8443"}],"wp:featuredmedia":[{"embeddable":true,"href":"https:\/\/correiodasemana.com\/site\/wp-json\/wp\/v2\/media\/75"}],"wp:attachment":[{"href":"https:\/\/correiodasemana.com\/site\/wp-json\/wp\/v2\/media?parent=8442"}],"wp:term":[{"taxonomy":"category","embeddable":true,"href":"https:\/\/correiodasemana.com\/site\/wp-json\/wp\/v2\/categories?post=8442"},{"taxonomy":"post_tag","embeddable":true,"href":"https:\/\/correiodasemana.com\/site\/wp-json\/wp\/v2\/tags?post=8442"}],"curies":[{"name":"wp","href":"https:\/\/api.w.org\/{rel}","templated":true}]}}