{"id":8489,"date":"2019-07-30T01:54:30","date_gmt":"2019-07-30T01:54:30","guid":{"rendered":"https:\/\/correiodasemana.com\/site\/?p=8489"},"modified":"2019-07-30T01:54:30","modified_gmt":"2019-07-30T01:54:30","slug":"uso-abusivo-de-bebida-alcoolica-cresce-147-no-pais","status":"publish","type":"post","link":"https:\/\/correiodasemana.com\/site\/uso-abusivo-de-bebida-alcoolica-cresce-147-no-pais\/","title":{"rendered":"Uso abusivo de bebida alco\u00f3lica cresce 14,7% no pa\u00eds"},"content":{"rendered":"<p>Por\u00a0Letycia Bond &#8211; Rep\u00f3rter da Ag\u00eancia Brasil<\/p>\n<p>Em 13 anos, o uso abusivo de bebida alco\u00f3lica aumentou no pa\u00eds, chegando a atingir 17,9% da popula\u00e7\u00e3o adulta. De acordo com dados reunidos pelo Minist\u00e9rio da Sa\u00fade, no ano passado, o percentual era 14,7% maior do que o registrado em 2006 (15,6%). O dado consta da Pesquisa de Vigil\u00e2ncia de Fatores de Risco e Prote\u00e7\u00e3o para Doen\u00e7as Cr\u00f4nicas por Inqu\u00e9rito Telef\u00f4nico (Vigitel), divulgada\u00a0na quinta-feira\u00a0(25).<br \/>\nNo per\u00edodo, o maior crescimento se deu entre as mulheres. O\u00a0percentual (11%), por\u00e9m, continua sendo mais baixo do que o dos homens (26%). No in\u00edcio da an\u00e1lise, os percentuais eram de 7,7% e 24,8%, respectivamente. Conforme destaca o minist\u00e9rio,\u00a0entre mulheres, considera-se\u00a0uso abusivo de \u00e1lcool a ingest\u00e3o de quatro ou mais doses em uma mesma ocasi\u00e3o, nos \u00faltimos 30 dias. J\u00e1 no caso de homens, o comportamento se configura quando h\u00e1 ingest\u00e3o de cinco ou mais doses.<br \/>\nO comportamento \u00e9 visto com mais frequ\u00eancia entre grupos populacionais mais jovens e tende a diminuir \u00e0 medida que a idade avan\u00e7a. Segundo a Vigitel, h\u00e1 preponder\u00e2ncia entre homens de 25 a 34 anos (34,2%) e mulheres de 18 a 24 anos (18%). J\u00e1 entre mulheres com mais de 65 anos, o percentual \u00e9 de somente 2%, o que representa 5,2% a menos do que em homens da mesma idade (7,2%).<br \/>\nO uso abusivo de bebidas alco\u00f3licas \u00e9 um fator de risco que contribui para a ocorr\u00eancia de acidentes de tr\u00e2nsito e para a suscetibilidade a Doen\u00e7as Cr\u00f4nicas N\u00e3o Transmiss\u00edveis (DCNTs), que abrangem c\u00e2ncer, doen\u00e7as respirat\u00f3rias cr\u00f4nicas e cardiovasculares, como\u00a0o acidente vascular cerebral (AVC).\u00a0Na perspectiva da Organiza\u00e7\u00e3o Mundial da Sa\u00fade (OMS), n\u00e3o h\u00e1 volume de \u00e1lcool que possa ser classificado como \u201cseguro\u201d, uma vez que a subst\u00e2ncia \u00e9 t\u00f3xica para o organismo humano.<\/p>\n<p>Mortalidade<br \/>\nO Minist\u00e9rio da Sa\u00fade calcula\u00a0que 1,45% do total de \u00f3bitos\u00a0registrados\u00a0entre 2000 e 2017 pode ser \u201ctotalmente atribu\u00eddo\u201d \u00e0 ingest\u00e3o abusiva de bebidas,\u00a0como doen\u00e7a hep\u00e1tica alco\u00f3lica. A estat\u00edstica prova que a vulnerabilidade dos homens est\u00e1 diretamente relacionada \u00e0 embriaguez. Eles\u00a0morrem aproximadamente nove vezes mais do que as mulheres por causas\u00a0ligadas\u00a0exclusivamente\u00a0ao \u00e1lcool.<br \/>\nEm coletiva, o secret\u00e1rio de Vigil\u00e2ncia em Sa\u00fade, Wanderson Oliveira, afirmou que \u201ca melhor estrat\u00e9gia\u201d do poder p\u00fablico \u00e9 orientar a popula\u00e7\u00e3o por meio de campanhas que evidenciem os malef\u00edcios das bebidas alco\u00f3licas. Atualmente, o\u00a0governo federal oferece, por meio da Pol\u00edtica Nacional de Sa\u00fade Mental, atendimento a pessoas que sofrem de depend\u00eancia do \u00e1lcool (alcoolismo). O atendimento \u00e9\u00a0disponibilizado\u00a0gratuitamente, das unidades do Centro de Aten\u00e7\u00e3o Psicossocial\u00a0(CAPS).<\/p>\n","protected":false},"excerpt":{"rendered":"<p>Por\u00a0Letycia Bond &#8211; Rep\u00f3rter da Ag\u00eancia Brasil Em 13 anos, o uso abusivo de bebida&#8230;<\/p>\n","protected":false},"author":1,"featured_media":8490,"comment_status":"open","ping_status":"open","sticky":false,"template":"","format":"standard","meta":{"_jetpack_memberships_contains_paid_content":false,"footnotes":"","jetpack_publicize_message":"","jetpack_publicize_feature_enabled":true,"jetpack_social_post_already_shared":true,"jetpack_social_options":{"image_generator_settings":{"template":"highway","default_image_id":0,"font":"","enabled":false},"version":2}},"categories":[1],"tags":[],"class_list":["post-8489","post","type-post","status-publish","format-standard","has-post-thumbnail","hentry","category-atualidade"],"jetpack_publicize_connections":[],"jetpack_featured_media_url":"https:\/\/correiodasemana.com\/site\/wp-content\/uploads\/2019\/07\/alcoolismo.png","jetpack-related-posts":[{"id":17519,"url":"https:\/\/correiodasemana.com\/site\/um-em-cada-quatro-alunos-havia-experimentado-bebida-alcoolica-antes-de-completar-14-anos-no-ceara\/","url_meta":{"origin":8489,"position":0},"title":"Um em cada quatro alunos havia experimentado bebida alco\u00f3lica antes de completar 14 anos, no Cear\u00e1","author":"","date":"Setembro 19, 2021","format":false,"excerpt":"Fonte: SDI IBGE\/CE Cerca de 53,8% dos estudantes cearenses de escolas p\u00fablicas e particulares entre 13 e 17 anos j\u00e1 experimentaram bebida alco\u00f3lica e cerca de um quarto deles (25,3%) provou pelo menos uma dose antes de completar 14 anos. As meninas s\u00e3o mais expostas a essa inicia\u00e7\u00e3o precoce: 26,6%,\u2026","rel":"","context":"In &quot;Atualidade&quot;","block_context":{"text":"Atualidade","link":"https:\/\/correiodasemana.com\/site\/category\/atualidade\/"},"img":{"alt_text":"","src":"https:\/\/i0.wp.com\/correiodasemana.com\/site\/wp-content\/uploads\/2019\/07\/alcoolismo.png?resize=350%2C200&ssl=1","width":350,"height":200,"srcset":"https:\/\/i0.wp.com\/correiodasemana.com\/site\/wp-content\/uploads\/2019\/07\/alcoolismo.png?resize=350%2C200&ssl=1 1x, https:\/\/i0.wp.com\/correiodasemana.com\/site\/wp-content\/uploads\/2019\/07\/alcoolismo.png?resize=525%2C300&ssl=1 1.5x"},"classes":[]},{"id":31456,"url":"https:\/\/correiodasemana.com\/site\/o-uso-abusivo-do-alcool\/","url_meta":{"origin":8489,"position":1},"title":"O Uso Abusivo do \u00c1lcool","author":"adminredacao","date":"Novembro 18, 2024","format":false,"excerpt":"O consumo de \u00e1lcool no Brasil \u00e9 um h\u00e1bito comum em momentos de lazer, especialmente nos finais de semana e em datas comemorativas, como Carnaval e Ano-Novo. Quando esse h\u00e1bito se torna uma constante, esse consumo pode trazer graves danos \u00e0 sa\u00fade, al\u00e9m de levar \u00e0 depend\u00eancia. Nesse caso, a\u2026","rel":"","context":"In &quot;Salmito Campos&quot;","block_context":{"text":"Salmito Campos","link":"https:\/\/correiodasemana.com\/site\/category\/salmito-campos\/"},"img":{"alt_text":"","src":"https:\/\/i0.wp.com\/correiodasemana.com\/site\/wp-content\/uploads\/2021\/08\/Salmito-Campos.jpg?resize=350%2C200&ssl=1","width":350,"height":200,"srcset":"https:\/\/i0.wp.com\/correiodasemana.com\/site\/wp-content\/uploads\/2021\/08\/Salmito-Campos.jpg?resize=350%2C200&ssl=1 1x, https:\/\/i0.wp.com\/correiodasemana.com\/site\/wp-content\/uploads\/2021\/08\/Salmito-Campos.jpg?resize=525%2C300&ssl=1 1.5x, https:\/\/i0.wp.com\/correiodasemana.com\/site\/wp-content\/uploads\/2021\/08\/Salmito-Campos.jpg?resize=700%2C400&ssl=1 2x, https:\/\/i0.wp.com\/correiodasemana.com\/site\/wp-content\/uploads\/2021\/08\/Salmito-Campos.jpg?resize=1050%2C600&ssl=1 3x, https:\/\/i0.wp.com\/correiodasemana.com\/site\/wp-content\/uploads\/2021\/08\/Salmito-Campos.jpg?resize=1400%2C800&ssl=1 4x"},"classes":[]},{"id":8173,"url":"https:\/\/correiodasemana.com\/site\/8a-semana-de-prevencao-ao-uso-abusivo-de-alcool-e-outras-drogas-de-sobral\/","url_meta":{"origin":8489,"position":2},"title":"8\u00aa Semana de Preven\u00e7\u00e3o ao Uso Abusivo de \u00c1lcool e outras Drogas de Sobral","author":"","date":"Julho 8, 2019","format":false,"excerpt":"O Conselho Municipal de Pol\u00edticas sobre Drogas (COMAD) realizou a 8\u00aa Semana de Preven\u00e7\u00e3o ao Uso Abusivo de \u00c1lcool e outras Drogas, em parceria com a gest\u00e3o da Secretaria Municipal da Sa\u00fade e a coordenadoria da Pol\u00edtica sobre Drogas. Por M\u00e1rcia Santos Durante a semana de 24 a 28 de\u2026","rel":"","context":"In &quot;Atualidade&quot;","block_context":{"text":"Atualidade","link":"https:\/\/correiodasemana.com\/site\/category\/atualidade\/"},"img":{"alt_text":"","src":"https:\/\/i0.wp.com\/correiodasemana.com\/site\/wp-content\/uploads\/2019\/07\/Foto-Semana-da-Preven%C3%A7%C3%A3o-1.jpeg?resize=350%2C200&ssl=1","width":350,"height":200,"srcset":"https:\/\/i0.wp.com\/correiodasemana.com\/site\/wp-content\/uploads\/2019\/07\/Foto-Semana-da-Preven%C3%A7%C3%A3o-1.jpeg?resize=350%2C200&ssl=1 1x, https:\/\/i0.wp.com\/correiodasemana.com\/site\/wp-content\/uploads\/2019\/07\/Foto-Semana-da-Preven%C3%A7%C3%A3o-1.jpeg?resize=525%2C300&ssl=1 1.5x, https:\/\/i0.wp.com\/correiodasemana.com\/site\/wp-content\/uploads\/2019\/07\/Foto-Semana-da-Preven%C3%A7%C3%A3o-1.jpeg?resize=700%2C400&ssl=1 2x, https:\/\/i0.wp.com\/correiodasemana.com\/site\/wp-content\/uploads\/2019\/07\/Foto-Semana-da-Preven%C3%A7%C3%A3o-1.jpeg?resize=1050%2C600&ssl=1 3x, https:\/\/i0.wp.com\/correiodasemana.com\/site\/wp-content\/uploads\/2019\/07\/Foto-Semana-da-Preven%C3%A7%C3%A3o-1.jpeg?resize=1400%2C800&ssl=1 4x"},"classes":[]},{"id":32612,"url":"https:\/\/correiodasemana.com\/site\/90-mil-brasileiros-morrem-por-ano-em-decorrencia-do-alcoolismo\/","url_meta":{"origin":8489,"position":3},"title":"90 mil brasileiros morrem por ano em decorr\u00eancia do alcoolismo\u00a0\u00a0\u00a0","author":"adminredacao","date":"Fevereiro 18, 2025","format":false,"excerpt":"De acordo com a OMS, o consumo excessivo de bebidas alc\u00f3olicas levou \u00e0 morte de 2 milh\u00f5es pessoas; com o objetivo de conscientizar a popula\u00e7\u00e3o sobre os riscos \u00e0 sa\u00fade neste m\u00eas \u00e9 comemorado o Dia Nacional de Combate \u00e0s Drogas e ao Alcoolismo (20\/2)\u00a0\u00a0 Segundo o \u00faltimo\u00a0relat\u00f3rio sobre a\u2026","rel":"","context":"In &quot;Atualidade&quot;","block_context":{"text":"Atualidade","link":"https:\/\/correiodasemana.com\/site\/category\/atualidade\/"},"img":{"alt_text":"","src":"https:\/\/i0.wp.com\/correiodasemana.com\/site\/wp-content\/uploads\/2025\/02\/CACHACA.jpg?resize=350%2C200&ssl=1","width":350,"height":200,"srcset":"https:\/\/i0.wp.com\/correiodasemana.com\/site\/wp-content\/uploads\/2025\/02\/CACHACA.jpg?resize=350%2C200&ssl=1 1x, https:\/\/i0.wp.com\/correiodasemana.com\/site\/wp-content\/uploads\/2025\/02\/CACHACA.jpg?resize=525%2C300&ssl=1 1.5x, https:\/\/i0.wp.com\/correiodasemana.com\/site\/wp-content\/uploads\/2025\/02\/CACHACA.jpg?resize=700%2C400&ssl=1 2x"},"classes":[]},{"id":17703,"url":"https:\/\/correiodasemana.com\/site\/entrei-no-uso-das-drogas-e-agora-como-sair\/","url_meta":{"origin":8489,"position":4},"title":"Entrei no uso das drogas. E agora, como sair?","author":"","date":"Outubro 10, 2021","format":false,"excerpt":"\u201cUma doen\u00e7a que o dependente qu\u00edmico nega, a fam\u00edlia esconde e a sociedade rejeita\u201d. Toda fam\u00edlia que tem um dependente qu\u00edmico procura esconder dos amigos, dos vizinhos e da sociedade. Essas afirmativas eram muito comuns anos atr\u00e1s, quando a sociedade n\u00e3o admitia que tinha dependentes de drogas e ocultava tamb\u00e9m\u2026","rel":"","context":"In &quot;Artigos&quot;","block_context":{"text":"Artigos","link":"https:\/\/correiodasemana.com\/site\/category\/artigos\/"},"img":{"alt_text":"","src":"https:\/\/i0.wp.com\/correiodasemana.com\/site\/wp-content\/uploads\/2021\/08\/Salmito-Campos.jpg?resize=350%2C200&ssl=1","width":350,"height":200,"srcset":"https:\/\/i0.wp.com\/correiodasemana.com\/site\/wp-content\/uploads\/2021\/08\/Salmito-Campos.jpg?resize=350%2C200&ssl=1 1x, https:\/\/i0.wp.com\/correiodasemana.com\/site\/wp-content\/uploads\/2021\/08\/Salmito-Campos.jpg?resize=525%2C300&ssl=1 1.5x, https:\/\/i0.wp.com\/correiodasemana.com\/site\/wp-content\/uploads\/2021\/08\/Salmito-Campos.jpg?resize=700%2C400&ssl=1 2x, https:\/\/i0.wp.com\/correiodasemana.com\/site\/wp-content\/uploads\/2021\/08\/Salmito-Campos.jpg?resize=1050%2C600&ssl=1 3x, https:\/\/i0.wp.com\/correiodasemana.com\/site\/wp-content\/uploads\/2021\/08\/Salmito-Campos.jpg?resize=1400%2C800&ssl=1 4x"},"classes":[]},{"id":17762,"url":"https:\/\/correiodasemana.com\/site\/entrei-no-uso-das-drogas-e-agora-como-sair-2\/","url_meta":{"origin":8489,"position":5},"title":"Entrei no uso das drogas.  E agora, como sair?","author":"","date":"Outubro 17, 2021","format":false,"excerpt":"\u201cUma doen\u00e7a que o dependente qu\u00edmico nega, a fam\u00edlia esconde e a sociedade rejeita\u201d. Toda fam\u00edlia que tem um dependente qu\u00edmico procura esconder dos amigos, dos vizinhos e da sociedade. Essas afirmativas eram muito comuns anos atr\u00e1s, quando a sociedade n\u00e3o admitia que tinha dependentes de drogas e ocultava tamb\u00e9m\u2026","rel":"","context":"In &quot;Artigos&quot;","block_context":{"text":"Artigos","link":"https:\/\/correiodasemana.com\/site\/category\/artigos\/"},"img":{"alt_text":"","src":"https:\/\/i0.wp.com\/correiodasemana.com\/site\/wp-content\/uploads\/2021\/08\/Salmito-Campos.jpg?resize=350%2C200&ssl=1","width":350,"height":200,"srcset":"https:\/\/i0.wp.com\/correiodasemana.com\/site\/wp-content\/uploads\/2021\/08\/Salmito-Campos.jpg?resize=350%2C200&ssl=1 1x, https:\/\/i0.wp.com\/correiodasemana.com\/site\/wp-content\/uploads\/2021\/08\/Salmito-Campos.jpg?resize=525%2C300&ssl=1 1.5x, https:\/\/i0.wp.com\/correiodasemana.com\/site\/wp-content\/uploads\/2021\/08\/Salmito-Campos.jpg?resize=700%2C400&ssl=1 2x, https:\/\/i0.wp.com\/correiodasemana.com\/site\/wp-content\/uploads\/2021\/08\/Salmito-Campos.jpg?resize=1050%2C600&ssl=1 3x, https:\/\/i0.wp.com\/correiodasemana.com\/site\/wp-content\/uploads\/2021\/08\/Salmito-Campos.jpg?resize=1400%2C800&ssl=1 4x"},"classes":[]}],"jetpack_sharing_enabled":true,"_links":{"self":[{"href":"https:\/\/correiodasemana.com\/site\/wp-json\/wp\/v2\/posts\/8489","targetHints":{"allow":["GET"]}}],"collection":[{"href":"https:\/\/correiodasemana.com\/site\/wp-json\/wp\/v2\/posts"}],"about":[{"href":"https:\/\/correiodasemana.com\/site\/wp-json\/wp\/v2\/types\/post"}],"author":[{"embeddable":true,"href":"https:\/\/correiodasemana.com\/site\/wp-json\/wp\/v2\/users\/1"}],"replies":[{"embeddable":true,"href":"https:\/\/correiodasemana.com\/site\/wp-json\/wp\/v2\/comments?post=8489"}],"version-history":[{"count":1,"href":"https:\/\/correiodasemana.com\/site\/wp-json\/wp\/v2\/posts\/8489\/revisions"}],"predecessor-version":[{"id":8491,"href":"https:\/\/correiodasemana.com\/site\/wp-json\/wp\/v2\/posts\/8489\/revisions\/8491"}],"wp:featuredmedia":[{"embeddable":true,"href":"https:\/\/correiodasemana.com\/site\/wp-json\/wp\/v2\/media\/8490"}],"wp:attachment":[{"href":"https:\/\/correiodasemana.com\/site\/wp-json\/wp\/v2\/media?parent=8489"}],"wp:term":[{"taxonomy":"category","embeddable":true,"href":"https:\/\/correiodasemana.com\/site\/wp-json\/wp\/v2\/categories?post=8489"},{"taxonomy":"post_tag","embeddable":true,"href":"https:\/\/correiodasemana.com\/site\/wp-json\/wp\/v2\/tags?post=8489"}],"curies":[{"name":"wp","href":"https:\/\/api.w.org\/{rel}","templated":true}]}}