{"id":8514,"date":"2019-07-30T02:06:27","date_gmt":"2019-07-30T02:06:27","guid":{"rendered":"https:\/\/correiodasemana.com\/site\/?p=8514"},"modified":"2019-07-30T02:06:27","modified_gmt":"2019-07-30T02:06:27","slug":"bolsonaro-diz-que-acao-de-hackers-e-atentado-grave-contra-o-brasil","status":"publish","type":"post","link":"https:\/\/correiodasemana.com\/site\/bolsonaro-diz-que-acao-de-hackers-e-atentado-grave-contra-o-brasil\/","title":{"rendered":"Bolsonaro diz que a\u00e7\u00e3o de hackers \u00e9 atentado grave contra o Brasil"},"content":{"rendered":"<p><strong>Na ter\u00e7a-feira (23), a PF deflagrou a chamada Opera\u00e7\u00e3o Spoofing, que apura a suspeita de crimes cibern\u00e9ticos<\/strong><\/p>\n<p>Por\u00a0Ana Cristina Campos \u2013 Rep\u00f3rter da Ag\u00eancia Brasil<br \/>\nO presidente\u00a0Jair Bolsonaro\u00a0disse na quinta-feira (25), em sua conta no Twitter, que a a\u00e7\u00e3o dos\u00a0hackers\u00a0que invadiram seu telefone celular \u00e9 \u201cum atentado grave contra o Brasil e suas institui\u00e7\u00f5es\u201d. O telefone celular do presidente da Rep\u00fablica foi alvo da a\u00e7\u00e3o do grupo suspeito de invadir ao menos mil linhas telef\u00f4nicas, incluindo a de v\u00e1rias autoridades p\u00fablicas, como o\u00a0ministro da Justi\u00e7a e Seguran\u00e7a P\u00fablica, Sergio Moro. Ainda nas redes sociais, o presidente destacou que n\u00e3o trata de\u00a0temas sens\u00edveis ou de seguran\u00e7a nacional por celular.<br \/>\nTamb\u00e9m pelo Twitter, a l\u00edder do governo no Congresso, Joice Hasselmann (PSL-SP), se pronunciou sobre o caso. \u201cOs celulares usados pelo presidente @jairbolsonaro tamb\u00e9m foram\u00a0hackeados! \u00c9 grav\u00edssimo\u201d.<br \/>\nNa ter\u00e7a-feira, a PF deflagrou a chamada Opera\u00e7\u00e3o Spoofing, que apura a suspeita de crimes cibern\u00e9ticos. Foram cumpridos quatro mandados de pris\u00e3o tempor\u00e1ria e sete de busca e apreens\u00e3o\u00a0autorizados pelo juiz Vallisney de Souza Oliveira, titular da 10\u00aa Vara Federal de Bras\u00edlia, que afirmou haver, nas informa\u00e7\u00f5es iniciais apresentadas pela PF, \u201cfortes ind\u00edcios de que os investigados integram organiza\u00e7\u00e3o criminosa\u201d.<br \/>\nO cumprimento dos mandados\u00a0resultou na pris\u00e3o\u00a0de Danilo Cristiano Marques, Gustavo Henrique Elias Santos, Suelen Priscila de Oliveira e Walter Delgatti Neto. Ao pedir a deten\u00e7\u00e3o dos quatro, a PF apresentou \u201cum hist\u00f3rico de poss\u00edveis crimes\u201d que os investigados teriam praticado em conjunto\u201d para \u201cviolar o sigilo telef\u00f4nico de diversas autoridades p\u00fablicas brasileiras via invas\u00e3o do aplicativo Telegram\u201d.<br \/>\nAo autorizar as pris\u00f5es tempor\u00e1rias, a realiza\u00e7\u00e3o de busca e apreens\u00f5es em endere\u00e7os ligados aos investigados, bem como a quebra do sigilo fiscal e de comunica\u00e7\u00f5es e o bloqueio de bens dos suspeitos, o juiz Vallisney de Souza Oliveira afirmou que as pris\u00f5es tempor\u00e1rias dos investigados pelo prazo de cinco dias s\u00e3o essenciais para a obten\u00e7\u00e3o de provas.<\/p>\n","protected":false},"excerpt":{"rendered":"<p>Na ter\u00e7a-feira (23), a PF deflagrou a chamada Opera\u00e7\u00e3o Spoofing, que apura a suspeita de&#8230;<\/p>\n","protected":false},"author":1,"featured_media":8515,"comment_status":"open","ping_status":"open","sticky":false,"template":"","format":"standard","meta":{"_jetpack_memberships_contains_paid_content":false,"footnotes":"","jetpack_publicize_message":"","jetpack_publicize_feature_enabled":true,"jetpack_social_post_already_shared":true,"jetpack_social_options":{"image_generator_settings":{"template":"highway","default_image_id":0,"font":"","enabled":false},"version":2}},"categories":[1],"tags":[],"class_list":["post-8514","post","type-post","status-publish","format-standard","has-post-thumbnail","hentry","category-atualidade"],"jetpack_publicize_connections":[],"jetpack_featured_media_url":"https:\/\/correiodasemana.com\/site\/wp-content\/uploads\/2019\/07\/vac_abr_0879230719.jpg","jetpack-related-posts":[{"id":10801,"url":"https:\/\/correiodasemana.com\/site\/suspeita-de-infeccao-do-novo-coronavirus-e-descartado-em-sobral\/","url_meta":{"origin":8514,"position":0},"title":"Suspeita de infec\u00e7\u00e3o do novo coronav\u00edrus \u00e9 descartado em Sobral","author":"","date":"Fevereiro 10, 2020","format":false,"excerpt":"Na segunda feira (03) foi descartada a suspeita de infec\u00e7\u00e3o pelo novo coronav\u00edrus em um morador de Sobral. Em nota de esclarecimento, a Secretaria Municipal da Sa\u00fade afirmou que o paciente apenas foi diagnosticado com rinov\u00edrus, causador de um resfriado comum. Cidad\u00e3os de outros pa\u00edses poder\u00e3o voltar da China em\u2026","rel":"","context":"In &quot;Atualidade&quot;","block_context":{"text":"Atualidade","link":"https:\/\/correiodasemana.com\/site\/category\/atualidade\/"},"img":{"alt_text":"","src":"https:\/\/i0.wp.com\/correiodasemana.com\/site\/wp-content\/uploads\/2020\/02\/hrn2-11559668.jpg?resize=350%2C200&ssl=1","width":350,"height":200,"srcset":"https:\/\/i0.wp.com\/correiodasemana.com\/site\/wp-content\/uploads\/2020\/02\/hrn2-11559668.jpg?resize=350%2C200&ssl=1 1x, https:\/\/i0.wp.com\/correiodasemana.com\/site\/wp-content\/uploads\/2020\/02\/hrn2-11559668.jpg?resize=525%2C300&ssl=1 1.5x, https:\/\/i0.wp.com\/correiodasemana.com\/site\/wp-content\/uploads\/2020\/02\/hrn2-11559668.jpg?resize=700%2C400&ssl=1 2x, https:\/\/i0.wp.com\/correiodasemana.com\/site\/wp-content\/uploads\/2020\/02\/hrn2-11559668.jpg?resize=1050%2C600&ssl=1 3x"},"classes":[]},{"id":21837,"url":"https:\/\/correiodasemana.com\/site\/pf-apreende-material-para-investigar-furto-de-12-conteineres-do-porto-do-mucuripe\/","url_meta":{"origin":8514,"position":1},"title":"PF apreende material para investigar furto de 12 cont\u00eaineres do Porto do Mucuripe","author":"","date":"Novembro 25, 2022","format":false,"excerpt":"A Pol\u00edcia Federal cumpre, nesta sexta-feira, 25, 11 mandados de busca e apreens\u00e3o na investiga\u00e7\u00e3o sobre o furto de 12 cont\u00eaineres do Porto do Mucuripe, em Fortaleza. Em agosto deste ano, o\u00a0O POVO publicou uma s\u00e9rie de mat\u00e9rias especiais sobre o cen\u00e1rio do Porto do Governo Federal, que inclu\u00eda sumi\u00e7o\u2026","rel":"","context":"In &quot;Atualidade&quot;","block_context":{"text":"Atualidade","link":"https:\/\/correiodasemana.com\/site\/category\/atualidade\/"},"img":{"alt_text":"","src":"https:\/\/i0.wp.com\/correiodasemana.com\/site\/wp-content\/uploads\/2022\/11\/Feriado_no_Porto_do_Mucuripe_-_CE_3453241902-scaled.jpg?resize=350%2C200&ssl=1","width":350,"height":200,"srcset":"https:\/\/i0.wp.com\/correiodasemana.com\/site\/wp-content\/uploads\/2022\/11\/Feriado_no_Porto_do_Mucuripe_-_CE_3453241902-scaled.jpg?resize=350%2C200&ssl=1 1x, https:\/\/i0.wp.com\/correiodasemana.com\/site\/wp-content\/uploads\/2022\/11\/Feriado_no_Porto_do_Mucuripe_-_CE_3453241902-scaled.jpg?resize=525%2C300&ssl=1 1.5x, https:\/\/i0.wp.com\/correiodasemana.com\/site\/wp-content\/uploads\/2022\/11\/Feriado_no_Porto_do_Mucuripe_-_CE_3453241902-scaled.jpg?resize=700%2C400&ssl=1 2x, https:\/\/i0.wp.com\/correiodasemana.com\/site\/wp-content\/uploads\/2022\/11\/Feriado_no_Porto_do_Mucuripe_-_CE_3453241902-scaled.jpg?resize=1050%2C600&ssl=1 3x, https:\/\/i0.wp.com\/correiodasemana.com\/site\/wp-content\/uploads\/2022\/11\/Feriado_no_Porto_do_Mucuripe_-_CE_3453241902-scaled.jpg?resize=1400%2C800&ssl=1 4x"},"classes":[]},{"id":12119,"url":"https:\/\/correiodasemana.com\/site\/auxilio-emergencial-caixa-suspendeu-centenas-de-milhares-de-contas-digitais-por-suspeita-de-fraude\/","url_meta":{"origin":8514,"position":2},"title":"Aux\u00edlio Emergencial: Caixa suspendeu &#8216;centenas de milhares&#8217; de contas digitais por suspeita de fraude","author":"","date":"Julho 22, 2020","format":false,"excerpt":"Trabalhadores que tiveram conta suspensa precisar\u00e3o procurar ag\u00eancia para fazer a libera\u00e7\u00e3o, segundo presidente da Caixa. Benefici\u00e1rios reclamam de problemas para acessar o aplicativo e realizar transa\u00e7\u00f5es. O presidente da\u00a0Caixa Econ\u00f4mica Federal (CEF), Pedro Guimar\u00e3es, afirmou nesta ter\u00e7a-feira (21) que 'centenas de milhares' de contas poupan\u00e7a digital do banco, movimentadas\u2026","rel":"","context":"In &quot;Atualidade&quot;","block_context":{"text":"Atualidade","link":"https:\/\/correiodasemana.com\/site\/category\/atualidade\/"},"img":{"alt_text":"","src":"https:\/\/i0.wp.com\/correiodasemana.com\/site\/wp-content\/uploads\/2020\/07\/auxilio-emergencial.jpg?resize=350%2C200&ssl=1","width":350,"height":200,"srcset":"https:\/\/i0.wp.com\/correiodasemana.com\/site\/wp-content\/uploads\/2020\/07\/auxilio-emergencial.jpg?resize=350%2C200&ssl=1 1x, https:\/\/i0.wp.com\/correiodasemana.com\/site\/wp-content\/uploads\/2020\/07\/auxilio-emergencial.jpg?resize=525%2C300&ssl=1 1.5x, https:\/\/i0.wp.com\/correiodasemana.com\/site\/wp-content\/uploads\/2020\/07\/auxilio-emergencial.jpg?resize=700%2C400&ssl=1 2x, https:\/\/i0.wp.com\/correiodasemana.com\/site\/wp-content\/uploads\/2020\/07\/auxilio-emergencial.jpg?resize=1050%2C600&ssl=1 3x"},"classes":[]},{"id":9247,"url":"https:\/\/correiodasemana.com\/site\/onu-socialismo-e-religiao-sao-destaques-no-discurso-de-bolsonaro\/","url_meta":{"origin":8514,"position":3},"title":"ONU: socialismo e religi\u00e3o s\u00e3o destaques no discurso de Bolsonaro","author":"","date":"Setembro 30, 2019","format":false,"excerpt":"Por Ag\u00eancia Brasil O discurso do presidente Jair Bolsonaro na ter\u00e7a-feira (24) na 74\u00aa Assembleia Geral da ONU durou cerca de 30 minutos. Bolsonaro dedicou a maior parte \u00e0 quest\u00e3o ambiental. O presidente come\u00e7ou falando sobre a reconstru\u00e7\u00e3o do pa\u00eds, que, para\u00a0ele, \u201cressurge depois de estar \u00e0 beira do socialismo\u201d.\u2026","rel":"","context":"In &quot;Atualidade&quot;","block_context":{"text":"Atualidade","link":"https:\/\/correiodasemana.com\/site\/category\/atualidade\/"},"img":{"alt_text":"","src":"https:\/\/i0.wp.com\/correiodasemana.com\/site\/wp-content\/uploads\/2019\/07\/vac_abr_0879230719.jpg?resize=350%2C200&ssl=1","width":350,"height":200,"srcset":"https:\/\/i0.wp.com\/correiodasemana.com\/site\/wp-content\/uploads\/2019\/07\/vac_abr_0879230719.jpg?resize=350%2C200&ssl=1 1x, https:\/\/i0.wp.com\/correiodasemana.com\/site\/wp-content\/uploads\/2019\/07\/vac_abr_0879230719.jpg?resize=525%2C300&ssl=1 1.5x, https:\/\/i0.wp.com\/correiodasemana.com\/site\/wp-content\/uploads\/2019\/07\/vac_abr_0879230719.jpg?resize=700%2C400&ssl=1 2x, https:\/\/i0.wp.com\/correiodasemana.com\/site\/wp-content\/uploads\/2019\/07\/vac_abr_0879230719.jpg?resize=1050%2C600&ssl=1 3x"},"classes":[]},{"id":35573,"url":"https:\/\/correiodasemana.com\/site\/confira-as-penas-de-bolsonaro-e-mais-sete-condenados-pelo-supremo\/","url_meta":{"origin":8514,"position":4},"title":"Confira as penas de Bolsonaro e mais sete condenados pelo Supremo","author":"adminredacao","date":"Setembro 15, 2025","format":false,"excerpt":"Primeira Turma finalizou julgamento da a\u00e7\u00e3o da trama golpista Andr\u00e9 Richter - Rep\u00f3rter da Ag\u00eancia Brasil A Primeira Turma do Supremo Tribunal Federal (STF) finalizou nesta quinta-feira (11) o julgamento da a\u00e7\u00e3o da trama golpista. Por 4 votos a 1, os\u00a0ministros condenaram o ex-presidente Jair Bolsonaro\u00a0e mais sete aliados pelos\u2026","rel":"","context":"In &quot;Atualidade&quot;","block_context":{"text":"Atualidade","link":"https:\/\/correiodasemana.com\/site\/category\/atualidade\/"},"img":{"alt_text":"","src":"https:\/\/i0.wp.com\/correiodasemana.com\/site\/wp-content\/uploads\/2025\/09\/condenacao_de_bolsonaro_e_aliadospixs.webp?resize=350%2C200&ssl=1","width":350,"height":200,"srcset":"https:\/\/i0.wp.com\/correiodasemana.com\/site\/wp-content\/uploads\/2025\/09\/condenacao_de_bolsonaro_e_aliadospixs.webp?resize=350%2C200&ssl=1 1x, https:\/\/i0.wp.com\/correiodasemana.com\/site\/wp-content\/uploads\/2025\/09\/condenacao_de_bolsonaro_e_aliadospixs.webp?resize=525%2C300&ssl=1 1.5x, https:\/\/i0.wp.com\/correiodasemana.com\/site\/wp-content\/uploads\/2025\/09\/condenacao_de_bolsonaro_e_aliadospixs.webp?resize=700%2C400&ssl=1 2x, https:\/\/i0.wp.com\/correiodasemana.com\/site\/wp-content\/uploads\/2025\/09\/condenacao_de_bolsonaro_e_aliadospixs.webp?resize=1050%2C600&ssl=1 3x"},"classes":[]},{"id":28327,"url":"https:\/\/correiodasemana.com\/site\/celular-seguro-20-mil-aparelhos-sao-bloqueados-apos-envio-de-alertas\/","url_meta":{"origin":8514,"position":5},"title":"Celular Seguro: 20 mil aparelhos s\u00e3o bloqueados ap\u00f3s envio de alertas","author":"adminredacao","date":"Fevereiro 15, 2024","format":false,"excerpt":"Bloqueio impede uso em caso de furto, roubo ou perda Por Andreia Verd\u00e9lio \u2013 Rep\u00f3rter da Ag\u00eancia Brasil - Bras\u00edlia O Programa Celular Seguro j\u00e1 recebeu 20.055 mil alertas de bloqueios de usu\u00e1rios que j\u00e1 instalaram o aplicativo em seus telefones m\u00f3veis. Lan\u00e7ado em dezembro do ano passado pelo Minist\u00e9rio\u2026","rel":"","context":"In &quot;Atualidade&quot;","block_context":{"text":"Atualidade","link":"https:\/\/correiodasemana.com\/site\/category\/atualidade\/"},"img":{"alt_text":"","src":"https:\/\/i0.wp.com\/correiodasemana.com\/site\/wp-content\/uploads\/2024\/02\/trbr2591.webp?resize=350%2C200&ssl=1","width":350,"height":200,"srcset":"https:\/\/i0.wp.com\/correiodasemana.com\/site\/wp-content\/uploads\/2024\/02\/trbr2591.webp?resize=350%2C200&ssl=1 1x, https:\/\/i0.wp.com\/correiodasemana.com\/site\/wp-content\/uploads\/2024\/02\/trbr2591.webp?resize=525%2C300&ssl=1 1.5x, https:\/\/i0.wp.com\/correiodasemana.com\/site\/wp-content\/uploads\/2024\/02\/trbr2591.webp?resize=700%2C400&ssl=1 2x, https:\/\/i0.wp.com\/correiodasemana.com\/site\/wp-content\/uploads\/2024\/02\/trbr2591.webp?resize=1050%2C600&ssl=1 3x"},"classes":[]}],"jetpack_sharing_enabled":true,"_links":{"self":[{"href":"https:\/\/correiodasemana.com\/site\/wp-json\/wp\/v2\/posts\/8514","targetHints":{"allow":["GET"]}}],"collection":[{"href":"https:\/\/correiodasemana.com\/site\/wp-json\/wp\/v2\/posts"}],"about":[{"href":"https:\/\/correiodasemana.com\/site\/wp-json\/wp\/v2\/types\/post"}],"author":[{"embeddable":true,"href":"https:\/\/correiodasemana.com\/site\/wp-json\/wp\/v2\/users\/1"}],"replies":[{"embeddable":true,"href":"https:\/\/correiodasemana.com\/site\/wp-json\/wp\/v2\/comments?post=8514"}],"version-history":[{"count":1,"href":"https:\/\/correiodasemana.com\/site\/wp-json\/wp\/v2\/posts\/8514\/revisions"}],"predecessor-version":[{"id":8516,"href":"https:\/\/correiodasemana.com\/site\/wp-json\/wp\/v2\/posts\/8514\/revisions\/8516"}],"wp:featuredmedia":[{"embeddable":true,"href":"https:\/\/correiodasemana.com\/site\/wp-json\/wp\/v2\/media\/8515"}],"wp:attachment":[{"href":"https:\/\/correiodasemana.com\/site\/wp-json\/wp\/v2\/media?parent=8514"}],"wp:term":[{"taxonomy":"category","embeddable":true,"href":"https:\/\/correiodasemana.com\/site\/wp-json\/wp\/v2\/categories?post=8514"},{"taxonomy":"post_tag","embeddable":true,"href":"https:\/\/correiodasemana.com\/site\/wp-json\/wp\/v2\/tags?post=8514"}],"curies":[{"name":"wp","href":"https:\/\/api.w.org\/{rel}","templated":true}]}}