{"id":8517,"date":"2019-07-30T02:07:26","date_gmt":"2019-07-30T02:07:26","guid":{"rendered":"https:\/\/correiodasemana.com\/site\/?p=8517"},"modified":"2019-07-30T02:07:26","modified_gmt":"2019-07-30T02:07:26","slug":"em-tempo-4","status":"publish","type":"post","link":"https:\/\/correiodasemana.com\/site\/em-tempo-4\/","title":{"rendered":"Em Tempo"},"content":{"rendered":"<p><strong>Na Universidade de Cambridge<\/strong><br \/>\nO aluno Mateus Esmeraldo, do Curso de Medicina da Universidade Federal do Cear\u00e1 em Sobral, \u00e9 o \u00fanico aluno brasileiro no Pembroke-King\u2019s Summer, programa oferecido pelas faculdades King\u2019s College e Pembroke College, da Universidade de Cambridge, na Inglaterra.<br \/>\nAt\u00e9 o dia 18 de agosto, ele participa de tr\u00eas cursos relacionados \u00e0 neuroci\u00eancia: Neuroci\u00eancia Contempor\u00e2nea, Neuroci\u00eancia Computacional e Ci\u00eancia Comportamental Animal e Humana. As atividades come\u00e7aram no dia 6 de julho e t\u00eam dura\u00e7\u00e3o de 45 dias.<\/p>\n<p><strong>Segunda fase do Vestibular Uece<\/strong><br \/>\nA\u00a0Universidade Estadual do Cear\u00e1 (Uece) realizou neste domingo (21) e na segunda-feira (22), a segunda fase do Vestibular de 2019, com quatro provas, uma de Reda\u00e7\u00e3o e tr\u00eas Especificas, cada uma delas com 20 quest\u00f5es, totalizando 60 quest\u00f5es de m\u00faltipla escolha.<br \/>\nNa primeira fase estavam inscritos 12.785 candidatos disputando 1.914 vagas, das quais 1.196 s\u00e3o para os cursos da Capital e 718 vagas para as unidades da Uece, no Interior do Estado, localizadas nos munic\u00edpios de Itapipoca, Crate\u00fas, Limoeiro do Norte, Iguatu e Quixad\u00e1.<\/p>\n<p><strong>Associa\u00e7\u00e3o Cearense de Imprensa <\/strong><br \/>\n<strong>Foto-Divulga\u00e7\u00e3o<\/strong><br \/>\nReinaldo Oliveira, Gilson Moreira, Arleni Portelada, Ad\u00edsia S\u00e1 e Wilame Moura<br \/>\nOcorreu no dia 15 de julho, na sede da Associa\u00e7\u00e3o Cearense de Imprensa (ACI), em Fortaleza, reuni\u00e3o para tratar da posse da diretoria em 3 de agosto para o mandato 2019\/2021. O encontro teve a condu\u00e7\u00e3o do jornalista Salom\u00e3o de Castro, reeleito para o cargo de presidente.<br \/>\nA Comiss\u00e3o de \u00c9tica deliberou sobre a sua composi\u00e7\u00e3o, ficando, ap\u00f3s vota\u00e7\u00e3o, assim distribu\u00eddos os cargos: para presidente, Wilame Moura; Arleni Portelada, na vice-presid\u00eancia; e como secret\u00e1rio, Reinaldo Oliveira, ficando como suplentes Gilson Moreira e Ad\u00edsia S\u00e1.<\/p>\n<p><strong>Exposi\u00e7\u00e3o sobre povo Trememb\u00e9\u00a0<\/strong><br \/>\nO Povo Trememb\u00e9 da Barra do Munda\u00fa (Itapipoca) e o Centro de Estudos do Trabalho e de Assessoria ao Trabalhador abriram no dia 2 de julho, no Campus Itaperi, da Universidade Estadual do Cear\u00e1, a exposi\u00e7\u00e3o fotogr\u00e1fica Iand\u00e9 \u00c1T\u00e3 Joaju \u2013 Juntos Somos Fortes.<br \/>\nCom fotografias de Marcos Vieira, a exposi\u00e7\u00e3o fica em cartaz at\u00e9 o dia 30 de julho e tem por objetivo retratar a cultura, a arte e as faces das crian\u00e7as, jovens, adultos e troncos velhos dos Trememb\u00e9; e de fortalecer o processo de resist\u00eancia e luta pela demarca\u00e7\u00e3o das terras.<\/p>\n<p><strong>Primeiro coworking p\u00fablico<\/strong><br \/>\nA vice-prefeita Christianne Coelho e o secret\u00e1rio do Trabalho e Desenvolvimento Econ\u00f4mico, In\u00e1cio Ribeiro, inauguraram no dia 17 de julho o Coworking Municipal Nairo Guimar\u00e3es Coelho. Esse \u00e9 o primeiro coworking p\u00fablico do Estado do Cear\u00e1.<br \/>\nO espa\u00e7o vai abrigar 10 startups, em uma ambi\u00eancia favor\u00e1vel ao seu desenvolvimento. Para esse primeiro semestre de atua\u00e7\u00e3o, as empresas desenvolver\u00e3o uma pr\u00e9-incuba\u00e7\u00e3o com o programa SEBRAELABS, do Sebrae, respons\u00e1vel pela acelera\u00e7\u00e3o dos projetos.<\/p>\n<p><strong>Dica da Coluna<\/strong><br \/>\nLeia o Blog do Edilson (www.blogdoedilson.com.br). Cultura, educa\u00e7\u00e3o, pol\u00edtica e utilidade p\u00fablica.<\/p>\n","protected":false},"excerpt":{"rendered":"<p>Na Universidade de Cambridge O aluno Mateus Esmeraldo, do Curso de Medicina da Universidade Federal&#8230;<\/p>\n","protected":false},"author":1,"featured_media":8518,"comment_status":"open","ping_status":"open","sticky":false,"template":"","format":"standard","meta":{"_jetpack_memberships_contains_paid_content":false,"footnotes":"","jetpack_publicize_message":"","jetpack_publicize_feature_enabled":true,"jetpack_social_post_already_shared":true,"jetpack_social_options":{"image_generator_settings":{"template":"highway","default_image_id":0,"font":"","enabled":false},"version":2}},"categories":[11,36],"tags":[],"class_list":["post-8517","post","type-post","status-publish","format-standard","has-post-thumbnail","hentry","category-artigos","category-em-tempo"],"jetpack_publicize_connections":[],"jetpack_featured_media_url":"https:\/\/correiodasemana.com\/site\/wp-content\/uploads\/2019\/07\/OK-ACI.jpg","jetpack-related-posts":[{"id":22362,"url":"https:\/\/correiodasemana.com\/site\/em-tempo-162\/","url_meta":{"origin":8517,"position":0},"title":"Em Tempo","author":"","date":"Dezembro 19, 2022","format":false,"excerpt":"Segunda fase do Vestibular Uecee 2023 A Universidade Estadual do Cear\u00e1 (Uece) promoveu, nos dias 11 e 12 de dezembro, a segunda fase do Vestibular de 2023.1. Os candidatos disputam 2.358 vagas, das quais 1.204 s\u00e3o para os cursos de Fortaleza e 1.154 vagas s\u00e3o para os cursos das unidades\u2026","rel":"","context":"In &quot;Artigos&quot;","block_context":{"text":"Artigos","link":"https:\/\/correiodasemana.com\/site\/category\/artigos\/"},"img":{"alt_text":"","src":"https:\/\/i0.wp.com\/correiodasemana.com\/site\/wp-content\/uploads\/2022\/12\/Arte-polopoly-9-300x169.jpg?resize=350%2C200&ssl=1","width":350,"height":200},"classes":[]},{"id":26712,"url":"https:\/\/correiodasemana.com\/site\/sobral-sobral-144\/","url_meta":{"origin":8517,"position":1},"title":"Sobral, Sobral","author":"adminredacao","date":"Outubro 1, 2023","format":false,"excerpt":"\u00a0 \ud835\uddd4\ud835\udde0\ud835\udddc\ud835\uddda\ud835\udde2? \ud835\uddd4\ud835\udde0\ud835\udddc\ud835\uddda\ud835\udde2 \ud835\uddf2\u0301 \ud835\uddee\ud835\uddfe\ud835\ude02\ud835\uddf2\ud835\uddf9\ud835\uddf2 \ud835\uddfe\ud835\ude02\ud835\uddf2 \ud835\uddf1\ud835\uddf2\ud835\ude01\ud835\uddf2\ud835\ude00\ud835\ude01\ud835\uddee \ud835\uddee\ud835\ude00 \ud835\uddfa\ud835\uddf2\ud835\ude00\ud835\uddfa\ud835\uddee\ud835\ude00 \ud835\uddfd\ud835\uddf2\ud835\ude00\ud835\ude00\ud835\uddfc\ud835\uddee\ud835\ude00 \ud835\uddfe\ud835\ude02\ud835\uddf2 \ud835\ude03\ud835\uddfc\ud835\uddf0\ud835\uddf2\u0302!! (\ud835\uddd4\ud835\ude02\ud835\ude01\ud835\uddfc\ud835\uddff \ud835\udddc\ud835\uddf4\ud835\uddfa\ud835\uddfc\ud835\uddff\ud835\uddee\ud835\uddf1\ud835\uddfc) \ud835\uddd5\ud835\udde2\ud835\udde0 \ud835\uddd7\ud835\udddc\ud835\uddd4!! MINHAS HIST\u00d3RIAS\u2026 PASSA A\u00cd O BIZ\u00da! No in\u00edcio dos anos 1970 a \u00fanica op\u00e7\u00e3o para a estudantada de SOBRAL entrar no Terceiro Grau eram tr\u00eas faculdades que a UNIVERSIDADE VALE DO ACARA\u00da (UVA) oferecia.\u2026","rel":"","context":"In &quot;Artigos&quot;","block_context":{"text":"Artigos","link":"https:\/\/correiodasemana.com\/site\/category\/artigos\/"},"img":{"alt_text":"","src":"https:\/\/i0.wp.com\/correiodasemana.com\/site\/wp-content\/uploads\/2020\/08\/Carolino-Soares.png?resize=350%2C200&ssl=1","width":350,"height":200,"srcset":"https:\/\/i0.wp.com\/correiodasemana.com\/site\/wp-content\/uploads\/2020\/08\/Carolino-Soares.png?resize=350%2C200&ssl=1 1x, https:\/\/i0.wp.com\/correiodasemana.com\/site\/wp-content\/uploads\/2020\/08\/Carolino-Soares.png?resize=525%2C300&ssl=1 1.5x, https:\/\/i0.wp.com\/correiodasemana.com\/site\/wp-content\/uploads\/2020\/08\/Carolino-Soares.png?resize=700%2C400&ssl=1 2x"},"classes":[]},{"id":23992,"url":"https:\/\/correiodasemana.com\/site\/em-tempo-170\/","url_meta":{"origin":8517,"position":2},"title":"Em Tempo","author":"adminredacao","date":"Abril 11, 2023","format":false,"excerpt":"Cursos direcionados \u00e0 ind\u00fastria 4.0 O campus de Sobral do Instituto Federal de Educa\u00e7\u00e3o, Ci\u00eancia e Tecnologia do Cear\u00e1 (IFCE) lan\u00e7ou chamada p\u00fablica com oferta de novas vagas para cursos de extens\u00e3o na \u00e1rea de modelagem computacional aplicada \u00e0 impress\u00e3o 3D e corte a laser. S\u00e3o 20 vagas em cada\u2026","rel":"","context":"In &quot;Artigos&quot;","block_context":{"text":"Artigos","link":"https:\/\/correiodasemana.com\/site\/category\/artigos\/"},"img":{"alt_text":"","src":"https:\/\/i0.wp.com\/correiodasemana.com\/site\/wp-content\/uploads\/2023\/04\/ricardo-300x221.jpg?resize=350%2C200&ssl=1","width":350,"height":200},"classes":[]},{"id":22265,"url":"https:\/\/correiodasemana.com\/site\/aos-14-anos-estudante-do-ceara-e-o-mais-jovem-aprovado-na-historia-do-ita\/","url_meta":{"origin":8517,"position":3},"title":"Aos 14 anos, estudante do Cear\u00e1 \u00e9 o mais jovem aprovado na hist\u00f3ria do ITA","author":"","date":"Dezembro 15, 2022","format":false,"excerpt":"O estudante de uma escola de Fortaleza, Caio Temponi, 14 anos, conquistou nesta quarta-feira, 14, o t\u00edtulo de pessoa mais jovem aprovada na hist\u00f3ria do Instituto Brasileiro de Aeron\u00e1utica (ITA), que tem uma das mais dif\u00edceis e concorridas provas do Pa\u00eds. O aluno inclusive recebeu homenagens do professor Anderson Correia,\u2026","rel":"","context":"In &quot;Atualidade&quot;","block_context":{"text":"Atualidade","link":"https:\/\/correiodasemana.com\/site\/category\/atualidade\/"},"img":{"alt_text":"","src":"https:\/\/i0.wp.com\/correiodasemana.com\/site\/wp-content\/uploads\/2022\/12\/1_whatsapp_image_2022_12_14_at_6_01_26_pm-20541062.jpeg?resize=350%2C200&ssl=1","width":350,"height":200,"srcset":"https:\/\/i0.wp.com\/correiodasemana.com\/site\/wp-content\/uploads\/2022\/12\/1_whatsapp_image_2022_12_14_at_6_01_26_pm-20541062.jpeg?resize=350%2C200&ssl=1 1x, https:\/\/i0.wp.com\/correiodasemana.com\/site\/wp-content\/uploads\/2022\/12\/1_whatsapp_image_2022_12_14_at_6_01_26_pm-20541062.jpeg?resize=525%2C300&ssl=1 1.5x, https:\/\/i0.wp.com\/correiodasemana.com\/site\/wp-content\/uploads\/2022\/12\/1_whatsapp_image_2022_12_14_at_6_01_26_pm-20541062.jpeg?resize=700%2C400&ssl=1 2x"},"classes":[]},{"id":11301,"url":"https:\/\/correiodasemana.com\/site\/em-tempo-36\/","url_meta":{"origin":8517,"position":4},"title":"Em Tempo","author":"","date":"Mar\u00e7o 24, 2020","format":false,"excerpt":"DETRAN suspende exames no Cear\u00e1 Em preven\u00e7\u00e3o contra a transmiss\u00e3o do\u00a0Coronav\u00edrus, o Departamento de Tr\u00e2nsito do Cear\u00e1 adotou um conjunto de medidas e suspendeu, no per\u00edodo de 18 a 31 de mar\u00e7o, todos os exames pr\u00e1ticos e de legisla\u00e7\u00e3o.\u00a0A fiscaliza\u00e7\u00e3o tamb\u00e9m passar\u00e1 por altera\u00e7\u00f5es. A suspens\u00e3o abrange todos os cursos,\u2026","rel":"","context":"In &quot;Artigos&quot;","block_context":{"text":"Artigos","link":"https:\/\/correiodasemana.com\/site\/category\/artigos\/"},"img":{"alt_text":"","src":"https:\/\/i0.wp.com\/correiodasemana.com\/site\/wp-content\/uploads\/2020\/03\/Inaugura_Jaibaras_2.jpeg?resize=350%2C200&ssl=1","width":350,"height":200,"srcset":"https:\/\/i0.wp.com\/correiodasemana.com\/site\/wp-content\/uploads\/2020\/03\/Inaugura_Jaibaras_2.jpeg?resize=350%2C200&ssl=1 1x, https:\/\/i0.wp.com\/correiodasemana.com\/site\/wp-content\/uploads\/2020\/03\/Inaugura_Jaibaras_2.jpeg?resize=525%2C300&ssl=1 1.5x, https:\/\/i0.wp.com\/correiodasemana.com\/site\/wp-content\/uploads\/2020\/03\/Inaugura_Jaibaras_2.jpeg?resize=700%2C400&ssl=1 2x, https:\/\/i0.wp.com\/correiodasemana.com\/site\/wp-content\/uploads\/2020\/03\/Inaugura_Jaibaras_2.jpeg?resize=1050%2C600&ssl=1 3x"},"classes":[]},{"id":30840,"url":"https:\/\/correiodasemana.com\/site\/em-tempo-245\/","url_meta":{"origin":8517,"position":5},"title":"EM TEMPO \u2022","author":"adminredacao","date":"Outubro 2, 2024","format":false,"excerpt":"Uece recebe inscri\u00e7\u00f5es para Vestibular Universidade Estadual do Cear\u00e1 (Uece) recebe inscri\u00e7\u00f5es par Vestibular 2025.1 at\u00e9 11 de outubro, exclusivamente pela internet, no site www.cev.uece.br. As provas da primeira fase Ser\u00e3o no dia 17 de novembro. J\u00e1 as provas da segunda fase, nos dias 15 e 16 de dezembro. S\u00e3o\u2026","rel":"","context":"In &quot;Artigos&quot;","block_context":{"text":"Artigos","link":"https:\/\/correiodasemana.com\/site\/category\/artigos\/"},"img":{"alt_text":"","src":"https:\/\/i0.wp.com\/correiodasemana.com\/site\/wp-content\/uploads\/2024\/10\/FAUSTO-NILO-150x150.jpg?resize=350%2C200&ssl=1","width":350,"height":200,"srcset":"https:\/\/i0.wp.com\/correiodasemana.com\/site\/wp-content\/uploads\/2024\/10\/FAUSTO-NILO-150x150.jpg?resize=350%2C200&ssl=1 1x, https:\/\/i0.wp.com\/correiodasemana.com\/site\/wp-content\/uploads\/2024\/10\/FAUSTO-NILO-150x150.jpg?resize=525%2C300&ssl=1 1.5x, https:\/\/i0.wp.com\/correiodasemana.com\/site\/wp-content\/uploads\/2024\/10\/FAUSTO-NILO-150x150.jpg?resize=700%2C400&ssl=1 2x"},"classes":[]}],"jetpack_sharing_enabled":true,"_links":{"self":[{"href":"https:\/\/correiodasemana.com\/site\/wp-json\/wp\/v2\/posts\/8517","targetHints":{"allow":["GET"]}}],"collection":[{"href":"https:\/\/correiodasemana.com\/site\/wp-json\/wp\/v2\/posts"}],"about":[{"href":"https:\/\/correiodasemana.com\/site\/wp-json\/wp\/v2\/types\/post"}],"author":[{"embeddable":true,"href":"https:\/\/correiodasemana.com\/site\/wp-json\/wp\/v2\/users\/1"}],"replies":[{"embeddable":true,"href":"https:\/\/correiodasemana.com\/site\/wp-json\/wp\/v2\/comments?post=8517"}],"version-history":[{"count":1,"href":"https:\/\/correiodasemana.com\/site\/wp-json\/wp\/v2\/posts\/8517\/revisions"}],"predecessor-version":[{"id":8519,"href":"https:\/\/correiodasemana.com\/site\/wp-json\/wp\/v2\/posts\/8517\/revisions\/8519"}],"wp:featuredmedia":[{"embeddable":true,"href":"https:\/\/correiodasemana.com\/site\/wp-json\/wp\/v2\/media\/8518"}],"wp:attachment":[{"href":"https:\/\/correiodasemana.com\/site\/wp-json\/wp\/v2\/media?parent=8517"}],"wp:term":[{"taxonomy":"category","embeddable":true,"href":"https:\/\/correiodasemana.com\/site\/wp-json\/wp\/v2\/categories?post=8517"},{"taxonomy":"post_tag","embeddable":true,"href":"https:\/\/correiodasemana.com\/site\/wp-json\/wp\/v2\/tags?post=8517"}],"curies":[{"name":"wp","href":"https:\/\/api.w.org\/{rel}","templated":true}]}}