{"id":8522,"date":"2019-07-30T02:08:52","date_gmt":"2019-07-30T02:08:52","guid":{"rendered":"https:\/\/correiodasemana.com\/site\/?p=8522"},"modified":"2019-07-30T02:08:52","modified_gmt":"2019-07-30T02:08:52","slug":"morre-padre-leocir-leo-pessini-superior-da-ordem-dos-camilianos-no-pais","status":"publish","type":"post","link":"https:\/\/correiodasemana.com\/site\/morre-padre-leocir-leo-pessini-superior-da-ordem-dos-camilianos-no-pais\/","title":{"rendered":"Morre padre Leocir (L\u00e9o) Pessini, superior da Ordem dos Camilianos no pa\u00eds"},"content":{"rendered":"<p>CNBB<br \/>\nMorreu na madrugada da quarta-feira (24), em S\u00e3o Paulo (SP), o padre LeocirPessini,\u00a0Superior Geral da Ordem dos Ministros dos Enfermos, mais conhecidos como camilianos. Ele estava internado no Hospital S\u00e3o Camilo da Granja Viana (SP). Segundo a Ordem dos Camilianos, padre Leo como era conhecido, em sua recente doen\u00e7a, estava cercado pela grande preocupa\u00e7\u00e3o de seus irm\u00e3os e pelo afeto de sua fam\u00edlia. \u201cSomos gratos ao Senhor, Deus da Vida, pelo dom da sua vida e da sua voca\u00e7\u00e3o camiliana\u201d, finaliza comunicado da ordem dos Camilianos.<br \/>\nPadre L\u00e9o foi coordenador da Delega\u00e7\u00e3o de Pastoral da Sa\u00fade da Confer\u00eancia Nacional dos Bispos do Brasil (CNBB) entre 1994 e 1997 e membro da Equipe de Apoio do Observat\u00f3rio Pastoral do Conselho Episcopal Latinoamericano (CELAM). A presid\u00eancia da CNBB enviou nota de condol\u00eancias \u00e0 Prov\u00edncia Camiliana Brasileira.<br \/>\nO vel\u00f3rio ocorreu na Par\u00f3quia Nossa Senhora do Ros\u00e1rio, no bairro Pomp\u00e9ia. Durante o dia celebrou-se sete Missas nos seguintes hor\u00e1rios: 12h, 15h30, 19h,21h e vig\u00edlia \u00e0s 23h do dia 25 de julho e a meia noite, 7h e 9h. O sepultamento foi seguido da Santa Missa Exequial presidida pelo cardeal arcebispo de S\u00e3o Paulo, dom Odilo Scherer, que aconteceu \u00e0s 9h desta sexta-feira (26).<\/p>\n<p>Biografia<br \/>\nPadre Leocir nasceu em 14 de maio de 1955 na cidade de Ibicar\u00e9 (SC), ingressou no semin\u00e1rio S\u00e3o Camilo em Iomer\u00ea (SC) iniciando o noviciado em 25 de janeiro de 1974. A primeira profiss\u00e3o religiosa na Ordem dos Ministros dos<br \/>\nEnfermos foi em 26 de janeiro de 1975.<br \/>\nA profiss\u00e3o perp\u00e9tua aconteceu em 25 de janeiro de 1978, a ordena\u00e7\u00e3o diaconal em 21 de fevereiro de 1980 e a ordena\u00e7\u00e3o presbiteral em 23 de outubro de 1980 por dom Paulo Evaristo Arns. Pe. Leo \u00e9 doutor em Bio\u00e9tica sendo um grande referencial dessa \u00e1rea no Brasil. Escreveu in\u00fameros livros sobre o assunto e ministrou in\u00fameros cursos no Brasil e em outros pa\u00edses.<\/p>\n","protected":false},"excerpt":{"rendered":"<p>CNBB Morreu na madrugada da quarta-feira (24), em S\u00e3o Paulo (SP), o padre LeocirPessini,\u00a0Superior Geral&#8230;<\/p>\n","protected":false},"author":1,"featured_media":8523,"comment_status":"open","ping_status":"open","sticky":false,"template":"","format":"standard","meta":{"_jetpack_memberships_contains_paid_content":false,"footnotes":"","jetpack_publicize_message":"","jetpack_publicize_feature_enabled":true,"jetpack_social_post_already_shared":true,"jetpack_social_options":{"image_generator_settings":{"template":"highway","default_image_id":0,"font":"","enabled":false},"version":2}},"categories":[4,39],"tags":[],"class_list":["post-8522","post","type-post","status-publish","format-standard","has-post-thumbnail","hentry","category-diocese","category-igreja"],"jetpack_publicize_connections":[],"jetpack_featured_media_url":"https:\/\/correiodasemana.com\/site\/wp-content\/uploads\/2019\/07\/Padre-F.-1200x762_c.png","jetpack-related-posts":[{"id":18170,"url":"https:\/\/correiodasemana.com\/site\/santa-casa-de-sobral-recebe-visita-da-cruz-peregrina-de-sao-camilo-peregrinacao-celebra-100-anos-dos-camilianos-no-brasil\/","url_meta":{"origin":8522,"position":0},"title":"Santa Casa de Sobral recebe visita da Cruz Peregrina de S\u00e3o Camilo; peregrina\u00e7\u00e3o celebra 100 anos dos camilianos no Brasil","author":"","date":"Novembro 28, 2021","format":false,"excerpt":"Gestores da Institui\u00e7\u00e3o participaram da Missa na capela da unidade. A Santa Casa de Miseric\u00f3rdia de Sobral (SCMS) recebeu na sexta-feira (19\/11) a visita da Cruz Peregrina de S\u00e3o Camilo. Na ocasi\u00e3o, uma Missa em A\u00e7\u00e3o de Gra\u00e7as pelo centen\u00e1rio da chegada dos camilianos no Brasil \u2013 que acontece em\u2026","rel":"","context":"In &quot;Atualidade&quot;","block_context":{"text":"Atualidade","link":"https:\/\/correiodasemana.com\/site\/category\/atualidade\/"},"img":{"alt_text":"","src":"https:\/\/i0.wp.com\/correiodasemana.com\/site\/wp-content\/uploads\/2021\/11\/Foto-1.jpeg?resize=350%2C200&ssl=1","width":350,"height":200,"srcset":"https:\/\/i0.wp.com\/correiodasemana.com\/site\/wp-content\/uploads\/2021\/11\/Foto-1.jpeg?resize=350%2C200&ssl=1 1x, https:\/\/i0.wp.com\/correiodasemana.com\/site\/wp-content\/uploads\/2021\/11\/Foto-1.jpeg?resize=525%2C300&ssl=1 1.5x, https:\/\/i0.wp.com\/correiodasemana.com\/site\/wp-content\/uploads\/2021\/11\/Foto-1.jpeg?resize=700%2C400&ssl=1 2x, https:\/\/i0.wp.com\/correiodasemana.com\/site\/wp-content\/uploads\/2021\/11\/Foto-1.jpeg?resize=1050%2C600&ssl=1 3x"},"classes":[]},{"id":21677,"url":"https:\/\/correiodasemana.com\/site\/18o-cen-2022\/","url_meta":{"origin":8522,"position":1},"title":"18\u00ba CEN 2022","author":"","date":"Novembro 16, 2022","format":false,"excerpt":"18\u00ba Congresso Eucar\u00edstico Nacional em Recife: Feira reuniu espiritualidade e cultura A Feira Cat\u00f3lica do 18\u00ba CEN tamb\u00e9m abre espa\u00e7o para as Congrega\u00e7\u00f5es Religiosas com uma ala dedicada \u00e0s diversas express\u00f5es e aos mais diversos carismas da Igreja. Est\u00e3o presentes, por exemplo, Salesianos, Dehonianos, as Claretianas e os Camilianos, entre\u2026","rel":"","context":"In &quot;Atualidade&quot;","block_context":{"text":"Atualidade","link":"https:\/\/correiodasemana.com\/site\/category\/atualidade\/"},"img":{"alt_text":"","src":"https:\/\/i0.wp.com\/correiodasemana.com\/site\/wp-content\/uploads\/2022\/11\/0033.jpeg?resize=350%2C200&ssl=1","width":350,"height":200,"srcset":"https:\/\/i0.wp.com\/correiodasemana.com\/site\/wp-content\/uploads\/2022\/11\/0033.jpeg?resize=350%2C200&ssl=1 1x, https:\/\/i0.wp.com\/correiodasemana.com\/site\/wp-content\/uploads\/2022\/11\/0033.jpeg?resize=525%2C300&ssl=1 1.5x, https:\/\/i0.wp.com\/correiodasemana.com\/site\/wp-content\/uploads\/2022\/11\/0033.jpeg?resize=700%2C400&ssl=1 2x"},"classes":[]},{"id":12760,"url":"https:\/\/correiodasemana.com\/site\/complexo-santa-casa-de-misericordia-de-sobral-lanca-relatorio-social-do-ano-de-2019\/","url_meta":{"origin":8522,"position":2},"title":"Complexo Santa Casa de Miseric\u00f3rdia de Sobral lan\u00e7a Relat\u00f3rio Social do ano de 2019","author":"","date":"Agosto 13, 2020","format":false,"excerpt":"Com o objetivo de refor\u00e7ar a import\u00e2ncia da transpar\u00eancia em suas a\u00e7\u00f5es, o Complexo Santa Casa de Miseric\u00f3rdia de Sobral lan\u00e7ou neste m\u00eas o Relat\u00f3rio Social do ano de 2019. Nesta edi\u00e7\u00e3o foram abordadas tem\u00e1ticas, tais como: a humaniza\u00e7\u00e3o no atendimento, a nova gest\u00e3o do Complexo, o ensino e pesquisa,\u2026","rel":"","context":"In &quot;Atualidade&quot;","block_context":{"text":"Atualidade","link":"https:\/\/correiodasemana.com\/site\/category\/atualidade\/"},"img":{"alt_text":"","src":"https:\/\/i0.wp.com\/correiodasemana.com\/site\/wp-content\/uploads\/2020\/08\/Revista-4.jpeg?resize=350%2C200&ssl=1","width":350,"height":200,"srcset":"https:\/\/i0.wp.com\/correiodasemana.com\/site\/wp-content\/uploads\/2020\/08\/Revista-4.jpeg?resize=350%2C200&ssl=1 1x, https:\/\/i0.wp.com\/correiodasemana.com\/site\/wp-content\/uploads\/2020\/08\/Revista-4.jpeg?resize=525%2C300&ssl=1 1.5x, https:\/\/i0.wp.com\/correiodasemana.com\/site\/wp-content\/uploads\/2020\/08\/Revista-4.jpeg?resize=700%2C400&ssl=1 2x, https:\/\/i0.wp.com\/correiodasemana.com\/site\/wp-content\/uploads\/2020\/08\/Revista-4.jpeg?resize=1050%2C600&ssl=1 3x"},"classes":[]},{"id":12823,"url":"https:\/\/correiodasemana.com\/site\/complexo-santa-casa-de-misericordia-de-sobral-lanca-relatorio-social-do-ano-de-2019-2\/","url_meta":{"origin":8522,"position":3},"title":"Complexo Santa Casa de Miseric\u00f3rdia de Sobral lan\u00e7a Relat\u00f3rio Social do ano de 2019","author":"","date":"Agosto 17, 2020","format":false,"excerpt":"Gest\u00e3o busca divulgar para os colaboradores e sociedade os servi\u00e7os oferecidos pela institui\u00e7\u00e3o, al\u00e9m de prestar esclarecimentos sobre atividades desenvolvidas em suas unidades. Assessoria de Comunica\u00e7\u00e3o Complexo SCMS Com o objetivo de refor\u00e7ar a import\u00e2ncia da transpar\u00eancia em suas a\u00e7\u00f5es, o Complexo Santa Casa de Miseric\u00f3rdia de Sobral lan\u00e7ou neste\u2026","rel":"","context":"In &quot;Atualidade&quot;","block_context":{"text":"Atualidade","link":"https:\/\/correiodasemana.com\/site\/category\/atualidade\/"},"img":{"alt_text":"","src":"https:\/\/i0.wp.com\/correiodasemana.com\/site\/wp-content\/uploads\/2020\/08\/Revista-4-1.jpeg?resize=350%2C200&ssl=1","width":350,"height":200,"srcset":"https:\/\/i0.wp.com\/correiodasemana.com\/site\/wp-content\/uploads\/2020\/08\/Revista-4-1.jpeg?resize=350%2C200&ssl=1 1x, https:\/\/i0.wp.com\/correiodasemana.com\/site\/wp-content\/uploads\/2020\/08\/Revista-4-1.jpeg?resize=525%2C300&ssl=1 1.5x, https:\/\/i0.wp.com\/correiodasemana.com\/site\/wp-content\/uploads\/2020\/08\/Revista-4-1.jpeg?resize=700%2C400&ssl=1 2x, https:\/\/i0.wp.com\/correiodasemana.com\/site\/wp-content\/uploads\/2020\/08\/Revista-4-1.jpeg?resize=1050%2C600&ssl=1 3x"},"classes":[]},{"id":36943,"url":"https:\/\/correiodasemana.com\/site\/igreja-no-brasil-ganha-nova-diocese-papa-leao-xiv-criou-a-diocese-de-baturite-no-ceara\/","url_meta":{"origin":8522,"position":4},"title":"Igreja no Brasil ganha nova diocese: Papa Le\u00e3o XIV criou a Diocese de Baturit\u00e9, no Cear\u00e1","author":"adminredacao","date":"Janeiro 6, 2026","format":false,"excerpt":"O Papa Le\u00e3o XIV criou a diocese de Baturit\u00e9, no Cear\u00e1, nesta quinta-feira, 1\u00ba de janeiro de 2026. O primeiro bispo ser\u00e1 dom Lu\u00eds Gonzaga Pepeu, franciscano capuchinho que foi arcebispo de Vit\u00f3ria da Conquista (BA), entre 2008 e 2019. A nova diocese tem o territ\u00f3rio desmembrado da arquidiocese de\u2026","rel":"","context":"In &quot;Atualidade&quot;","block_context":{"text":"Atualidade","link":"https:\/\/correiodasemana.com\/site\/category\/atualidade\/"},"img":{"alt_text":"","src":"https:\/\/i0.wp.com\/correiodasemana.com\/site\/wp-content\/uploads\/2026\/01\/Diocese-Baturite.png?resize=350%2C200&ssl=1","width":350,"height":200,"srcset":"https:\/\/i0.wp.com\/correiodasemana.com\/site\/wp-content\/uploads\/2026\/01\/Diocese-Baturite.png?resize=350%2C200&ssl=1 1x, https:\/\/i0.wp.com\/correiodasemana.com\/site\/wp-content\/uploads\/2026\/01\/Diocese-Baturite.png?resize=525%2C300&ssl=1 1.5x, https:\/\/i0.wp.com\/correiodasemana.com\/site\/wp-content\/uploads\/2026\/01\/Diocese-Baturite.png?resize=700%2C400&ssl=1 2x, https:\/\/i0.wp.com\/correiodasemana.com\/site\/wp-content\/uploads\/2026\/01\/Diocese-Baturite.png?resize=1050%2C600&ssl=1 3x"},"classes":[]},{"id":24384,"url":"https:\/\/correiodasemana.com\/site\/dom-jaime-spengler-e-eleito-presidente-da-cnbb-para-o-quadrienio-2023-2027-2\/","url_meta":{"origin":8522,"position":5},"title":"DOM JAIME SPENGLER \u00c9 ELEITO PRESIDENTE DA CNBB PARA O QUADRI\u00caNIO 2023 \u2013 2027","author":"adminredacao","date":"Maio 1, 2023","format":false,"excerpt":"Fonte: CNBB O arcebispo de Porto Alegre (RS) e atual primeiro vice-presidente da Confer\u00eancia Nacional dos Bispos do Brasil (CNBB), dom Jaime Spengler, foi eleito presidente da CNBB nesta segunda-feira, 24 de abril. Ele estar\u00e1 \u00e0 frente da Presid\u00eancia da entidade de 2023 a 2027. A elei\u00e7\u00e3o foi realizada na\u2026","rel":"","context":"In &quot;Atualidade&quot;","block_context":{"text":"Atualidade","link":"https:\/\/correiodasemana.com\/site\/category\/atualidade\/"},"img":{"alt_text":"","src":"https:\/\/i0.wp.com\/correiodasemana.com\/site\/wp-content\/uploads\/2023\/04\/Dom-Jaime-Spengler-60-AG-CNBB.jpeg?resize=350%2C200&ssl=1","width":350,"height":200,"srcset":"https:\/\/i0.wp.com\/correiodasemana.com\/site\/wp-content\/uploads\/2023\/04\/Dom-Jaime-Spengler-60-AG-CNBB.jpeg?resize=350%2C200&ssl=1 1x, https:\/\/i0.wp.com\/correiodasemana.com\/site\/wp-content\/uploads\/2023\/04\/Dom-Jaime-Spengler-60-AG-CNBB.jpeg?resize=525%2C300&ssl=1 1.5x, https:\/\/i0.wp.com\/correiodasemana.com\/site\/wp-content\/uploads\/2023\/04\/Dom-Jaime-Spengler-60-AG-CNBB.jpeg?resize=700%2C400&ssl=1 2x, https:\/\/i0.wp.com\/correiodasemana.com\/site\/wp-content\/uploads\/2023\/04\/Dom-Jaime-Spengler-60-AG-CNBB.jpeg?resize=1050%2C600&ssl=1 3x"},"classes":[]}],"jetpack_sharing_enabled":true,"_links":{"self":[{"href":"https:\/\/correiodasemana.com\/site\/wp-json\/wp\/v2\/posts\/8522","targetHints":{"allow":["GET"]}}],"collection":[{"href":"https:\/\/correiodasemana.com\/site\/wp-json\/wp\/v2\/posts"}],"about":[{"href":"https:\/\/correiodasemana.com\/site\/wp-json\/wp\/v2\/types\/post"}],"author":[{"embeddable":true,"href":"https:\/\/correiodasemana.com\/site\/wp-json\/wp\/v2\/users\/1"}],"replies":[{"embeddable":true,"href":"https:\/\/correiodasemana.com\/site\/wp-json\/wp\/v2\/comments?post=8522"}],"version-history":[{"count":1,"href":"https:\/\/correiodasemana.com\/site\/wp-json\/wp\/v2\/posts\/8522\/revisions"}],"predecessor-version":[{"id":8524,"href":"https:\/\/correiodasemana.com\/site\/wp-json\/wp\/v2\/posts\/8522\/revisions\/8524"}],"wp:featuredmedia":[{"embeddable":true,"href":"https:\/\/correiodasemana.com\/site\/wp-json\/wp\/v2\/media\/8523"}],"wp:attachment":[{"href":"https:\/\/correiodasemana.com\/site\/wp-json\/wp\/v2\/media?parent=8522"}],"wp:term":[{"taxonomy":"category","embeddable":true,"href":"https:\/\/correiodasemana.com\/site\/wp-json\/wp\/v2\/categories?post=8522"},{"taxonomy":"post_tag","embeddable":true,"href":"https:\/\/correiodasemana.com\/site\/wp-json\/wp\/v2\/tags?post=8522"}],"curies":[{"name":"wp","href":"https:\/\/api.w.org\/{rel}","templated":true}]}}