{"id":8525,"date":"2019-07-30T02:09:34","date_gmt":"2019-07-30T02:09:34","guid":{"rendered":"https:\/\/correiodasemana.com\/site\/?p=8525"},"modified":"2019-07-30T02:09:34","modified_gmt":"2019-07-30T02:09:34","slug":"sala-de-imprensa-da-santa-se-tem-vice-diretora-brasileira","status":"publish","type":"post","link":"https:\/\/correiodasemana.com\/site\/sala-de-imprensa-da-santa-se-tem-vice-diretora-brasileira\/","title":{"rendered":"Sala de Imprensa da Santa S\u00e9 tem vice-diretora brasileira"},"content":{"rendered":"<p><strong>Cristiane Murray nasceu no Rio de Janeiro em 1962. Entrou na R\u00e1dio Vaticano em 1995 e desde ent\u00e3o faz parte da equipe brasileira que transmite programas di\u00e1rios para todo o territ\u00f3rio nacional. Desde abril de 2018, colabora na prepara\u00e7\u00e3o do S\u00ednodo para a Amaz\u00f4nia<\/strong><\/p>\n<p>Cidade do Vaticano<br \/>\nO Papa Francisco nomeou, na quinta-feira (25\/07), a brasileira Cristiane Murray como nova vice-diretora da Sala de Imprensa da Santa S\u00e9. Trabalhar\u00e1 ao lado do diretor, Matteo Bruni, que iniciou o cargo no \u00faltimo dia 22.<br \/>\nCristiane Murray nasceu no Rio de Janeiro em 1962. \u00c9 formada em Administra\u00e7\u00e3o de Empresa e Marketing pela Pontif\u00edcia Universidade Cat\u00f3lica do Rio de Janeiro. Entrou na R\u00e1dio Vaticano em 1995 e desde ent\u00e3o faz parte da equipe brasileira que transmite programas di\u00e1rios para todo o territ\u00f3rio nacional e administra o Portal Vatican News em portugu\u00eas, a p\u00e1gina do Facebook, Twitter, Instagram e Youtube.<br \/>\nNos \u00faltimos dez anos, dedicou mais aten\u00e7\u00e3o ao compromisso da Igreja na Amaz\u00f4nia. Participou como enviada em v\u00e1rias viagens papais e em 2018 come\u00e7ou a colaborar com a Secretaria Geral do S\u00ednodo dos Bispos na prepara\u00e7\u00e3o do pr\u00f3ximo S\u00ednodo para a Amaz\u00f4nia (6-27 de outubro de 2019) que vai reunir no Vaticano bispos e participantes de 9 pa\u00edses amaz\u00f4nicos em busca de \u2018novos caminhos para a Igreja e para uma ecologia integral\u2019.<br \/>\n\u00c9 casada e tem dois filhos. Fala portugu\u00eas, italiano, ingl\u00eas, espanhol e franc\u00eas.<br \/>\nDeclara\u00e7\u00e3o da vice-diretora da Sala de Imprensa da Santa S\u00e9, Cristiane Murray<br \/>\nRecebi essa nomea\u00e7\u00e3o com muita emo\u00e7\u00e3o. Para os jornalistas e todos colegas do Dicast\u00e9rio para a Comunica\u00e7\u00e3o \u00e9 um grande reconhecimento do nosso trabalho no dia a dia, levando ao mundo o Evangelho, a mensagem do Papa e da Igreja. Ao Papa vai o meu primeiro agradecimento, em nome de todos n\u00f3s, sobretudo n\u00f3s mulheres, porque me escolheu para essa tarefa importante. Agrade\u00e7o ao prefeito, Dr. Paolo Ruffini, ao diretor editorial, Andrea Tornielli, e \u00e0 Secretaria Geral do S\u00ednodo dos Bispos, ao cardeal Lorenzo Baldisseri, com quem trabalho h\u00e1 mais de um ano na prepara\u00e7\u00e3o da assembleia sinodal para a Amaz\u00f4nia. Asseguro a todos o meu compromisso, o meu esfor\u00e7o e o meu entusiasmo sobretudo ao diretor, dr. Matteo Bruni, e a todo o grupo da Sala de Imprensa, a servi\u00e7o da Santa S\u00e9.<\/p>\n","protected":false},"excerpt":{"rendered":"<p>Cristiane Murray nasceu no Rio de Janeiro em 1962. Entrou na R\u00e1dio Vaticano em 1995&#8230;<\/p>\n","protected":false},"author":1,"featured_media":8526,"comment_status":"open","ping_status":"open","sticky":false,"template":"","format":"standard","meta":{"_jetpack_memberships_contains_paid_content":false,"footnotes":"","jetpack_publicize_message":"","jetpack_publicize_feature_enabled":true,"jetpack_social_post_already_shared":true,"jetpack_social_options":{"image_generator_settings":{"template":"highway","default_image_id":0,"font":"","enabled":false},"version":2}},"categories":[1],"tags":[],"class_list":["post-8525","post","type-post","status-publish","format-standard","has-post-thumbnail","hentry","category-atualidade"],"jetpack_publicize_connections":[],"jetpack_featured_media_url":"https:\/\/correiodasemana.com\/site\/wp-content\/uploads\/2019\/07\/cq5dam.thumbnail.cropped.750.422.jpeg","jetpack-related-posts":[{"id":11257,"url":"https:\/\/correiodasemana.com\/site\/bencao-concedida-por-dom-orani-no-cristo-redentor-e-noticia-no-prestigiado-diario-de-noticias-de-portugal\/","url_meta":{"origin":8525,"position":0},"title":"B\u00caN\u00c7\u00c3O CONCEDIDA POR DOM ORANI NO CRISTO REDENTOR \u00c9 NOT\u00cdCIA NO PRESTIGIADO DI\u00c1RIO DE NOT\u00cdCIAS, DE PORTUGAL","author":"","date":"Mar\u00e7o 24, 2020","format":false,"excerpt":"Jos\u00e9 Lu\u00eds Lira O jornal Di\u00e1rio de Not\u00edcias, de Funchal, Portugal, publicou mat\u00e9ria acerca da B\u00ean\u00e7\u00e3o com o Sant\u00edssimo Sacramento da Eucaristia concedida por Sua Emin\u00eancia o Cardeal Tempesta, Dom Orani, Arcebispo de S\u00e3o Sebasti\u00e3o do Rio de Janeiro e Gr\u00e3o-Prior da Ordem Equestre do Santo Sepulcro de Jerusal\u00e9m, no\u2026","rel":"","context":"In &quot;Atualidade&quot;","block_context":{"text":"Atualidade","link":"https:\/\/correiodasemana.com\/site\/category\/atualidade\/"},"img":{"alt_text":"","src":"https:\/\/i0.wp.com\/correiodasemana.com\/site\/wp-content\/uploads\/2020\/03\/fd11fd06-2b60-4b76-a6f3-b0c6098f14ed.jpg?resize=350%2C200&ssl=1","width":350,"height":200},"classes":[]},{"id":18556,"url":"https:\/\/correiodasemana.com\/site\/vice-presidentes-da-cnbb-sao-recebidos-pelo-papa-francisco-no-vaticano\/","url_meta":{"origin":8525,"position":1},"title":"VICE-PRESIDENTES DA CNBB S\u00c3O RECEBIDOS PELO PAPA FRANCISCO NO VATICANO","author":"","date":"Janeiro 16, 2022","format":false,"excerpt":"Ap\u00f3s o encontro no Vaticano com o Papa Francisco na manh\u00e3 desta quinta-feira, 13, os dois vice-presidentes da Confer\u00eancia Nacional dos Bispos do Brasil (CNBB), o arcebispo de Porto Alegre (RS), dom Jaime Spengler, e o bispo de Roraima (RR), dom M\u00e1rio Antonio Silva, visitaram a R\u00e1dio Vaticano. O bispo\u2026","rel":"","context":"In &quot;Atualidade&quot;","block_context":{"text":"Atualidade","link":"https:\/\/correiodasemana.com\/site\/category\/atualidade\/"},"img":{"alt_text":"","src":"https:\/\/i0.wp.com\/correiodasemana.com\/site\/wp-content\/uploads\/2022\/01\/Papa-e-dois-vice-CNBB.jpg?resize=350%2C200&ssl=1","width":350,"height":200,"srcset":"https:\/\/i0.wp.com\/correiodasemana.com\/site\/wp-content\/uploads\/2022\/01\/Papa-e-dois-vice-CNBB.jpg?resize=350%2C200&ssl=1 1x, https:\/\/i0.wp.com\/correiodasemana.com\/site\/wp-content\/uploads\/2022\/01\/Papa-e-dois-vice-CNBB.jpg?resize=525%2C300&ssl=1 1.5x, https:\/\/i0.wp.com\/correiodasemana.com\/site\/wp-content\/uploads\/2022\/01\/Papa-e-dois-vice-CNBB.jpg?resize=700%2C400&ssl=1 2x"},"classes":[]},{"id":23707,"url":"https:\/\/correiodasemana.com\/site\/do-clero-da-diocese-de-crato-mons-jose-vicente-pinto-e-nomeado-bispo-para-a-diocese-de-salgueiro-pe\/","url_meta":{"origin":8525,"position":2},"title":"Do clero da Diocese de Crato, Mons. Jos\u00e9 Vicente Pinto \u00e9 nomeado bispo para a Diocese de Salgueiro (PE)","author":"adminredacao","date":"Abril 3, 2023","format":false,"excerpt":"O Papa Francisco nomeou, nesta quarta-feira, 29 de mar\u00e7o, o padre Jos\u00e9 Vicente Pinto de Alencar Silva, do clero da diocese de Crato (CE), como bispo para a diocese de Salgueiro (PE). O sacerdote exerce, atualmente, as fun\u00e7\u00f5es de p\u00e1roco da par\u00f3quia Nossa Senhora da Penha, cura da S\u00e9 Catedral\u2026","rel":"","context":"In &quot;Atualidade&quot;","block_context":{"text":"Atualidade","link":"https:\/\/correiodasemana.com\/site\/category\/atualidade\/"},"img":{"alt_text":"","src":"https:\/\/i0.wp.com\/correiodasemana.com\/site\/wp-content\/uploads\/2023\/04\/WhatsApp-Image-2023-03-29-at-07.05.21-e1680087216541.jpeg?resize=350%2C200&ssl=1","width":350,"height":200,"srcset":"https:\/\/i0.wp.com\/correiodasemana.com\/site\/wp-content\/uploads\/2023\/04\/WhatsApp-Image-2023-03-29-at-07.05.21-e1680087216541.jpeg?resize=350%2C200&ssl=1 1x, https:\/\/i0.wp.com\/correiodasemana.com\/site\/wp-content\/uploads\/2023\/04\/WhatsApp-Image-2023-03-29-at-07.05.21-e1680087216541.jpeg?resize=525%2C300&ssl=1 1.5x, https:\/\/i0.wp.com\/correiodasemana.com\/site\/wp-content\/uploads\/2023\/04\/WhatsApp-Image-2023-03-29-at-07.05.21-e1680087216541.jpeg?resize=700%2C400&ssl=1 2x, https:\/\/i0.wp.com\/correiodasemana.com\/site\/wp-content\/uploads\/2023\/04\/WhatsApp-Image-2023-03-29-at-07.05.21-e1680087216541.jpeg?resize=1050%2C600&ssl=1 3x"},"classes":[]},{"id":15395,"url":"https:\/\/correiodasemana.com\/site\/campanha-contra-a-covid-19-no-vaticano-o-papa-e-o-emerito-foram-vacinados\/","url_meta":{"origin":8525,"position":3},"title":"CAMPANHA CONTRA A COVID-19 NO VATICANO: O PAPA E O EM\u00c9RITO FORAM VACINADOS","author":"","date":"Janeiro 18, 2021","format":false,"excerpt":"Prossegue a campanha de vacina\u00e7\u00e3o contra a Covid-19, no Vaticano, iniciada na manh\u00e3 de quarta-feira, 13 de janeiro, ap\u00f3s a chegada do soro. Tanto o Papa Francisco quanto o Papa em\u00e9rito Bento XVI j\u00e1 receberam a primeira dose da vacina. \u201cPosso confirmar que como parte do programa de vacina\u00e7\u00e3o do\u2026","rel":"","context":"In &quot;Atualidade&quot;","block_context":{"text":"Atualidade","link":"https:\/\/correiodasemana.com\/site\/category\/atualidade\/"},"img":{"alt_text":"","src":"https:\/\/i0.wp.com\/correiodasemana.com\/site\/wp-content\/uploads\/2021\/01\/cq5dam.thumbnail.cropped.750.422-8-p1csjh18h653ne2yhz4h7bdp1y4begixlxe8hmc5mg.jpeg?resize=350%2C200&ssl=1","width":350,"height":200,"srcset":"https:\/\/i0.wp.com\/correiodasemana.com\/site\/wp-content\/uploads\/2021\/01\/cq5dam.thumbnail.cropped.750.422-8-p1csjh18h653ne2yhz4h7bdp1y4begixlxe8hmc5mg.jpeg?resize=350%2C200&ssl=1 1x, https:\/\/i0.wp.com\/correiodasemana.com\/site\/wp-content\/uploads\/2021\/01\/cq5dam.thumbnail.cropped.750.422-8-p1csjh18h653ne2yhz4h7bdp1y4begixlxe8hmc5mg.jpeg?resize=525%2C300&ssl=1 1.5x, https:\/\/i0.wp.com\/correiodasemana.com\/site\/wp-content\/uploads\/2021\/01\/cq5dam.thumbnail.cropped.750.422-8-p1csjh18h653ne2yhz4h7bdp1y4begixlxe8hmc5mg.jpeg?resize=700%2C400&ssl=1 2x"},"classes":[]},{"id":20148,"url":"https:\/\/correiodasemana.com\/site\/radio-tupinamba-fm-1003-mhz-completa-60-anos-de-existencia\/","url_meta":{"origin":8525,"position":4},"title":"R\u00e1dio Tupinamb\u00e1 FM 100,3 MHz completa 60 anos de exist\u00eancia","author":"","date":"Junho 19, 2022","format":false,"excerpt":"A R\u00e1dio Tupinamb\u00e1 FM\u00a0\u00e9 uma\u00a0emissora de r\u00e1dio\u00a0brasileira\u00a0sediada em\u00a0Sobral, munic\u00edpio do estado do\u00a0Cear\u00e1. Opera no dial\u00a0FM, na frequ\u00eancia 100.3\u00a0MHz. \u00c9 originada da migra\u00e7\u00e3o da frequ\u00eancia\u00a0AM\u00a01120\u00a0kHz. A R\u00e1dio Difusora Princesa do Norte \u2014 posteriormente R\u00e1dio Tupinamb\u00e1 \u2014 foi uma iniciativa do ent\u00e3o bispo da\u00a0Diocese de Sobral,\u00a0Dom Jos\u00e9 Tupinamb\u00e1 da Frota. O bispo\u2026","rel":"","context":"In &quot;Atualidade&quot;","block_context":{"text":"Atualidade","link":"https:\/\/correiodasemana.com\/site\/category\/atualidade\/"},"img":{"alt_text":"","src":"https:\/\/i0.wp.com\/correiodasemana.com\/site\/wp-content\/uploads\/2022\/06\/x1-7.jpg?resize=350%2C200&ssl=1","width":350,"height":200,"srcset":"https:\/\/i0.wp.com\/correiodasemana.com\/site\/wp-content\/uploads\/2022\/06\/x1-7.jpg?resize=350%2C200&ssl=1 1x, https:\/\/i0.wp.com\/correiodasemana.com\/site\/wp-content\/uploads\/2022\/06\/x1-7.jpg?resize=525%2C300&ssl=1 1.5x"},"classes":[]},{"id":25354,"url":"https:\/\/correiodasemana.com\/site\/papa-francisco-recebe-no-vaticano-o-presidente-do-brasil-luiz-inacio-lula-da-silva\/","url_meta":{"origin":8525,"position":5},"title":"Papa Francisco recebe no Vaticano o presidente do Brasil, Luiz In\u00e1cio Lula da Silva","author":"adminredacao","date":"Junho 26, 2023","format":false,"excerpt":"Depois do encontro com o Papa Francisco o presidente Lula se encontrou com o dom Edgar Pe\u00f1a Parra, Substituto para os Assuntos Gerais da Secretaria de Estado. Fonte: atican News A Sala de Imprensa vaticana informou que na tarde de hoje, quarta-feira, 21 de junho de 2023, o Santo Padre\u2026","rel":"","context":"In &quot;Atualidade&quot;","block_context":{"text":"Atualidade","link":"https:\/\/correiodasemana.com\/site\/category\/atualidade\/"},"img":{"alt_text":"","src":"https:\/\/i0.wp.com\/correiodasemana.com\/site\/wp-content\/uploads\/2023\/06\/cq5dam.thumbnail.cropped.1500.844-1.jpeg?resize=350%2C200&ssl=1","width":350,"height":200,"srcset":"https:\/\/i0.wp.com\/correiodasemana.com\/site\/wp-content\/uploads\/2023\/06\/cq5dam.thumbnail.cropped.1500.844-1.jpeg?resize=350%2C200&ssl=1 1x, https:\/\/i0.wp.com\/correiodasemana.com\/site\/wp-content\/uploads\/2023\/06\/cq5dam.thumbnail.cropped.1500.844-1.jpeg?resize=525%2C300&ssl=1 1.5x, https:\/\/i0.wp.com\/correiodasemana.com\/site\/wp-content\/uploads\/2023\/06\/cq5dam.thumbnail.cropped.1500.844-1.jpeg?resize=700%2C400&ssl=1 2x, https:\/\/i0.wp.com\/correiodasemana.com\/site\/wp-content\/uploads\/2023\/06\/cq5dam.thumbnail.cropped.1500.844-1.jpeg?resize=1050%2C600&ssl=1 3x, https:\/\/i0.wp.com\/correiodasemana.com\/site\/wp-content\/uploads\/2023\/06\/cq5dam.thumbnail.cropped.1500.844-1.jpeg?resize=1400%2C800&ssl=1 4x"},"classes":[]}],"jetpack_sharing_enabled":true,"_links":{"self":[{"href":"https:\/\/correiodasemana.com\/site\/wp-json\/wp\/v2\/posts\/8525","targetHints":{"allow":["GET"]}}],"collection":[{"href":"https:\/\/correiodasemana.com\/site\/wp-json\/wp\/v2\/posts"}],"about":[{"href":"https:\/\/correiodasemana.com\/site\/wp-json\/wp\/v2\/types\/post"}],"author":[{"embeddable":true,"href":"https:\/\/correiodasemana.com\/site\/wp-json\/wp\/v2\/users\/1"}],"replies":[{"embeddable":true,"href":"https:\/\/correiodasemana.com\/site\/wp-json\/wp\/v2\/comments?post=8525"}],"version-history":[{"count":1,"href":"https:\/\/correiodasemana.com\/site\/wp-json\/wp\/v2\/posts\/8525\/revisions"}],"predecessor-version":[{"id":8527,"href":"https:\/\/correiodasemana.com\/site\/wp-json\/wp\/v2\/posts\/8525\/revisions\/8527"}],"wp:featuredmedia":[{"embeddable":true,"href":"https:\/\/correiodasemana.com\/site\/wp-json\/wp\/v2\/media\/8526"}],"wp:attachment":[{"href":"https:\/\/correiodasemana.com\/site\/wp-json\/wp\/v2\/media?parent=8525"}],"wp:term":[{"taxonomy":"category","embeddable":true,"href":"https:\/\/correiodasemana.com\/site\/wp-json\/wp\/v2\/categories?post=8525"},{"taxonomy":"post_tag","embeddable":true,"href":"https:\/\/correiodasemana.com\/site\/wp-json\/wp\/v2\/tags?post=8525"}],"curies":[{"name":"wp","href":"https:\/\/api.w.org\/{rel}","templated":true}]}}