{"id":8528,"date":"2019-07-30T02:10:06","date_gmt":"2019-07-30T02:10:06","guid":{"rendered":"https:\/\/correiodasemana.com\/site\/?p=8528"},"modified":"2019-07-30T02:10:06","modified_gmt":"2019-07-30T02:10:06","slug":"a-casa-simbolo-eclesial","status":"publish","type":"post","link":"https:\/\/correiodasemana.com\/site\/a-casa-simbolo-eclesial\/","title":{"rendered":"A casa, s\u00edmbolo eclesial"},"content":{"rendered":"<p>A casa \u00e9 um lugar seguro, de refer\u00eancia no meio do anonimato e da sensa\u00e7\u00e3o de orfandade na sociedade p\u00f3s-moderna. A tend\u00eancia atual na organiza\u00e7\u00e3o social \u00e9 uma vis\u00e3o individualista da vida, com dificuldades de estabelecer v\u00ednculos, rela\u00e7\u00f5es, at\u00e9 mesmo com as figuras mais pr\u00f3ximas na fam\u00edlia. A cultura urbana favorece o anonimato, o isolamento. Por\u00e9m, permanece no ser humano o desejo de pertencimento, do v\u00ednculo, de ra\u00edzes familiares, do acolhimento, de sentir-se amado, de ser chamado pelo nome e de ter um espa\u00e7o para compartilhar a hist\u00f3ria pessoal sem sofrer\u00a0bulling. Humanamente precisamos deste espa\u00e7o que, por suas caracter\u00edsticas, torna-se um lar, lugar de vida.<br \/>\nA casa \u00e9, tamb\u00e9m, um s\u00edmbolo eclesial. Ela recorda-nos, a partir das\u00a0Diretrizes Gerais da A\u00e7\u00e3o Evangelizadora da Igreja no Brasil\u00a0(2019-2023), que \u00e9 um espa\u00e7o privilegiado para viver as rela\u00e7\u00f5es fraternas que a f\u00e9 crist\u00e3 prop\u00f5e. A grande inspira\u00e7\u00e3o vem da Sagrada Escritura, quando os primeiros crist\u00e3os, como Paulo, organizaram comunidades a partir das casas. Paulo fala da comunidade que se re\u00fane na casa de Priscila e \u00c1quila (1Cor 16,19), dentre tantas outras. Aquele que \u00e9 batizado estabelece um v\u00ednculo indissol\u00favel com Jesus Cristo e, nele, com os outros irm\u00e3os e irm\u00e3s. Portanto, teoricamente, o crist\u00e3o tem em sua ess\u00eancia o viver em comunh\u00e3o, basear sua vida em rela\u00e7\u00f5es que t\u00eam a marca da caridade. Um estilo de vida eclesial assim, tem como caracter\u00edstica a vida simples, onde o acento se encontra nas rela\u00e7\u00f5es fraternas e na Palavra.<br \/>\nEste modo de viver a f\u00e9 tem ajudado os primeiros crist\u00e3os a vencerem as divis\u00f5es sociais. As comunidades das casas reuniam tanto os pobres como pessoas com maior condi\u00e7\u00e3o econ\u00f4mica. Estabeleciam rela\u00e7\u00f5es que iam al\u00e9m da pr\u00f3pria fam\u00edlia. A viv\u00eancia que se estabelece \u00e9 sinal da comunh\u00e3o trinit\u00e1ria do Pai e do Filho e do Esp\u00edrito Santo. Portanto, ela supera a amizade humana e tamb\u00e9m os la\u00e7os familiares, sendo \u201cum solo sagrado\u201d, imagem de Deus comunh\u00e3o e miss\u00e3o. Afirmou Francisco: \u201cCriar \u2018um lar\u2019, em suma, \u00e9 criar uma fam\u00edlia; \u00e9 aprender a se sentir unidos aos outros mais al\u00e9m dos v\u00ednculos utilit\u00e1rios ou funcionais, unidos de tal maneira que sintamos a vida um pouco mais humana\u201d (ChV, n. 217).<br \/>\nA casa dos crist\u00e3os ser\u00e1 sempre aberta, voltada para fora, em miss\u00e3o. Suas portas se abrem para entrar e sair. Acolhem os que chegam, mesmo quem n\u00e3o cumpre todas as regras doutrinais. Mas tamb\u00e9m est\u00e3o abertas para ir em miss\u00e3o, anunciar Jesus Cristo e seu Evangelho, como vemos o envio de Paulo e Barnab\u00e9, pela comunidade de Antioquia (cf. At 13,1-3). Com certeza, a Igreja das casas \u00e9 mais pr\u00f3xima das pessoas, menos clerical e valoriza mais os minist\u00e9rios leigos. \u201cCasa \u00e9 aqui a imagem de maior proximidade \u00e0s pessoas, o lugar onde vivem, mesmo aquelas que s\u00f3 t\u00eam a rua como casa. Ela indica a proximidade relacional entre as pessoas que ali convivem. Indica igualmente a necessidade da Igreja se fazer cada vez mais presente nos locais onde as pessoas est\u00e3o, seja onde for\u201d (DGAE, n. 6).<br \/>\nPor\u00e9m, este novo estilo de viver a f\u00e9 exige uma grande mudan\u00e7a de mentalidade de todos n\u00f3s, batizados. Apostar, de verdade, na for\u00e7a evangelizadora e humanizadora dos grupos de reflex\u00e3o, onde acontece a vida, com seus gestos simples e cotidianos. Temos o grande desafio de acolher, n\u00e3o julgar, evitar fofocas e ter paci\u00eancia consigo mesmo e com os outros. Apostamos neste caminho e apoiamos sua concretiza\u00e7\u00e3o em nossa Diocese.<br \/>\nDom Adelar Baruffi<br \/>\nBispo Diocesano de Cruz Alta<\/p>\n","protected":false},"excerpt":{"rendered":"<p>A casa \u00e9 um lugar seguro, de refer\u00eancia no meio do anonimato e da sensa\u00e7\u00e3o&#8230;<\/p>\n","protected":false},"author":1,"featured_media":8461,"comment_status":"open","ping_status":"open","sticky":false,"template":"","format":"standard","meta":{"_jetpack_memberships_contains_paid_content":false,"footnotes":"","jetpack_publicize_message":"","jetpack_publicize_feature_enabled":true,"jetpack_social_post_already_shared":true,"jetpack_social_options":{"image_generator_settings":{"template":"highway","default_image_id":0,"font":"","enabled":false},"version":2}},"categories":[24,11,4,39],"tags":[],"class_list":["post-8528","post","type-post","status-publish","format-standard","has-post-thumbnail","hentry","category-a-voz-do-pastor","category-artigos","category-diocese","category-igreja"],"jetpack_publicize_connections":[],"jetpack_featured_media_url":"https:\/\/correiodasemana.com\/site\/wp-content\/uploads\/2019\/07\/Dom-Vasconcelos-Em-entrevista-concedida-\u00e0-Pascom-Diocesana-Foto-Jo\u00e3o-Pauloo.jpg","jetpack-related-posts":[{"id":37034,"url":"https:\/\/correiodasemana.com\/site\/somos-igreja-somos-comunidade-4\/","url_meta":{"origin":8528,"position":0},"title":"Somos Igreja, somos comunidade","author":"adminredacao","date":"Janeiro 17, 2026","format":false,"excerpt":"A f\u00e9 crist\u00e3 \u00e9 profunda e intrinsecamente comunit\u00e1ria. O batismo, que nos torna crist\u00e3os, nos torna tamb\u00e9m membros vivos da Igreja. Dessa maneira, nenhum crist\u00e3o que deseja viver autenticamente a sua f\u00e9 pode viver de forma isolada, individualista, longe de tudo e de todos. O pr\u00f3prio ato de f\u00e9 deve\u2026","rel":"","context":"In &quot;Artigos&quot;","block_context":{"text":"Artigos","link":"https:\/\/correiodasemana.com\/site\/category\/artigos\/"},"img":{"alt_text":"","src":"https:\/\/i0.wp.com\/correiodasemana.com\/site\/wp-content\/uploads\/2018\/02\/editorial-cs.jpg?resize=350%2C200&ssl=1","width":350,"height":200,"srcset":"https:\/\/i0.wp.com\/correiodasemana.com\/site\/wp-content\/uploads\/2018\/02\/editorial-cs.jpg?resize=350%2C200&ssl=1 1x, https:\/\/i0.wp.com\/correiodasemana.com\/site\/wp-content\/uploads\/2018\/02\/editorial-cs.jpg?resize=525%2C300&ssl=1 1.5x"},"classes":[]},{"id":34820,"url":"https:\/\/correiodasemana.com\/site\/somos-igreja-somos-comunidade-2\/","url_meta":{"origin":8528,"position":1},"title":"Somos Igreja, somos comunidade","author":"adminredacao","date":"Julho 22, 2025","format":false,"excerpt":"A f\u00e9 crist\u00e3 \u00e9 profunda e intrinsecamente comunit\u00e1ria. O batismo, que nos torna crist\u00e3os, nos torna tamb\u00e9m membros vivos da Igreja. Dessa maneira, nenhum crist\u00e3o que deseja viver autenticamente a sua f\u00e9 pode viver de forma isolada, individualista, longe de tudo e de todos. O pr\u00f3prio ato de f\u00e9 deve\u2026","rel":"","context":"In &quot;Artigos&quot;","block_context":{"text":"Artigos","link":"https:\/\/correiodasemana.com\/site\/category\/artigos\/"},"img":{"alt_text":"","src":"https:\/\/i0.wp.com\/correiodasemana.com\/site\/wp-content\/uploads\/2018\/02\/editorial-cs.jpg?resize=350%2C200&ssl=1","width":350,"height":200,"srcset":"https:\/\/i0.wp.com\/correiodasemana.com\/site\/wp-content\/uploads\/2018\/02\/editorial-cs.jpg?resize=350%2C200&ssl=1 1x, https:\/\/i0.wp.com\/correiodasemana.com\/site\/wp-content\/uploads\/2018\/02\/editorial-cs.jpg?resize=525%2C300&ssl=1 1.5x"},"classes":[]},{"id":35935,"url":"https:\/\/correiodasemana.com\/site\/somos-igreja-somos-comunidade-3\/","url_meta":{"origin":8528,"position":2},"title":"Somos Igreja, somos comunidade","author":"adminredacao","date":"Outubro 29, 2025","format":false,"excerpt":"A f\u00e9 crist\u00e3 \u00e9 profunda e intrinsecamente comunit\u00e1ria. O batismo, que nos torna crist\u00e3os, nos torna tamb\u00e9m membros vivos da Igreja. Dessa maneira, nenhum crist\u00e3o que deseja viver autenticamente a sua f\u00e9 pode viver de forma isolada, individualista, longe de tudo e de todos. O pr\u00f3prio ato de f\u00e9 deve\u2026","rel":"","context":"In &quot;Atualidade&quot;","block_context":{"text":"Atualidade","link":"https:\/\/correiodasemana.com\/site\/category\/atualidade\/"},"img":{"alt_text":"","src":"https:\/\/i0.wp.com\/correiodasemana.com\/site\/wp-content\/uploads\/2019\/07\/editorial-cs.jpg?resize=350%2C200&ssl=1","width":350,"height":200,"srcset":"https:\/\/i0.wp.com\/correiodasemana.com\/site\/wp-content\/uploads\/2019\/07\/editorial-cs.jpg?resize=350%2C200&ssl=1 1x, https:\/\/i0.wp.com\/correiodasemana.com\/site\/wp-content\/uploads\/2019\/07\/editorial-cs.jpg?resize=525%2C300&ssl=1 1.5x"},"classes":[]},{"id":28315,"url":"https:\/\/correiodasemana.com\/site\/somos-igreja-somos-comunidade\/","url_meta":{"origin":8528,"position":3},"title":"Somos Igreja, somos comunidade","author":"adminredacao","date":"Fevereiro 15, 2024","format":false,"excerpt":"A f\u00e9 crist\u00e3 \u00e9 profunda e intrinsecamente comunit\u00e1ria. O batismo, que nos torna crist\u00e3os, nos torna tamb\u00e9m membros vivos da Igreja. Dessa maneira, nenhum crist\u00e3o que deseja viver autenticamente a sua f\u00e9 pode viver de forma isolada, individualista, longe de tudo e de todos. O pr\u00f3prio ato de f\u00e9 deve\u2026","rel":"","context":"In &quot;Artigos&quot;","block_context":{"text":"Artigos","link":"https:\/\/correiodasemana.com\/site\/category\/artigos\/"},"img":{"alt_text":"","src":"https:\/\/i0.wp.com\/correiodasemana.com\/site\/wp-content\/uploads\/2019\/07\/editorial-cs.jpg?resize=350%2C200&ssl=1","width":350,"height":200,"srcset":"https:\/\/i0.wp.com\/correiodasemana.com\/site\/wp-content\/uploads\/2019\/07\/editorial-cs.jpg?resize=350%2C200&ssl=1 1x, https:\/\/i0.wp.com\/correiodasemana.com\/site\/wp-content\/uploads\/2019\/07\/editorial-cs.jpg?resize=525%2C300&ssl=1 1.5x"},"classes":[]},{"id":28069,"url":"https:\/\/correiodasemana.com\/site\/vocacao-eclesial-sim\/","url_meta":{"origin":8528,"position":4},"title":"Voca\u00e7\u00e3o eclesial, sim!","author":"adminredacao","date":"Janeiro 15, 2024","format":false,"excerpt":"Muito nos chamou aten\u00e7\u00e3o a homilia proferida pelo Santo Padre, o Papa Francisco, na solenidade da Epifania do Senhor, no \u00faltimo dia 06 de janeiro. Diante das divis\u00f5es dentro da Igreja, o papa convida todos os crist\u00e3os a reassumirem a voca\u00e7\u00e3o eclesial e disse um veemente \u201cn\u00e3o\u201d \u00e0quilo que ele\u2026","rel":"","context":"In &quot;Atualidade&quot;","block_context":{"text":"Atualidade","link":"https:\/\/correiodasemana.com\/site\/category\/atualidade\/"},"img":{"alt_text":"","src":"https:\/\/i0.wp.com\/correiodasemana.com\/site\/wp-content\/uploads\/2019\/07\/editorial-cs.jpg?resize=350%2C200&ssl=1","width":350,"height":200,"srcset":"https:\/\/i0.wp.com\/correiodasemana.com\/site\/wp-content\/uploads\/2019\/07\/editorial-cs.jpg?resize=350%2C200&ssl=1 1x, https:\/\/i0.wp.com\/correiodasemana.com\/site\/wp-content\/uploads\/2019\/07\/editorial-cs.jpg?resize=525%2C300&ssl=1 1.5x"},"classes":[]},{"id":18055,"url":"https:\/\/correiodasemana.com\/site\/cristo-a-igreja-e-os-pobres\/","url_meta":{"origin":8528,"position":5},"title":"Cristo, a Igreja, e os pobres","author":"","date":"Novembro 14, 2021","format":false,"excerpt":"\u201cSempre tereis pobres entre v\u00f3s\u201d (Mc 14,7). Essa foi a passagem b\u00edblica escolhida pelo Papa Francisco para orientar as reflex\u00f5es do V Dia Mundial dos Pobres, a ser celebrado neste dia 14 de novembro. O Santo Padre, mais uma vez, exprime seu desejo de suscitar, na Igreja, um movimento de\u2026","rel":"","context":"In &quot;Artigos&quot;","block_context":{"text":"Artigos","link":"https:\/\/correiodasemana.com\/site\/category\/artigos\/"},"img":{"alt_text":"","src":"https:\/\/i0.wp.com\/correiodasemana.com\/site\/wp-content\/uploads\/2018\/02\/editorial-cs.jpg?resize=350%2C200&ssl=1","width":350,"height":200,"srcset":"https:\/\/i0.wp.com\/correiodasemana.com\/site\/wp-content\/uploads\/2018\/02\/editorial-cs.jpg?resize=350%2C200&ssl=1 1x, https:\/\/i0.wp.com\/correiodasemana.com\/site\/wp-content\/uploads\/2018\/02\/editorial-cs.jpg?resize=525%2C300&ssl=1 1.5x"},"classes":[]}],"jetpack_sharing_enabled":true,"_links":{"self":[{"href":"https:\/\/correiodasemana.com\/site\/wp-json\/wp\/v2\/posts\/8528","targetHints":{"allow":["GET"]}}],"collection":[{"href":"https:\/\/correiodasemana.com\/site\/wp-json\/wp\/v2\/posts"}],"about":[{"href":"https:\/\/correiodasemana.com\/site\/wp-json\/wp\/v2\/types\/post"}],"author":[{"embeddable":true,"href":"https:\/\/correiodasemana.com\/site\/wp-json\/wp\/v2\/users\/1"}],"replies":[{"embeddable":true,"href":"https:\/\/correiodasemana.com\/site\/wp-json\/wp\/v2\/comments?post=8528"}],"version-history":[{"count":1,"href":"https:\/\/correiodasemana.com\/site\/wp-json\/wp\/v2\/posts\/8528\/revisions"}],"predecessor-version":[{"id":8529,"href":"https:\/\/correiodasemana.com\/site\/wp-json\/wp\/v2\/posts\/8528\/revisions\/8529"}],"wp:featuredmedia":[{"embeddable":true,"href":"https:\/\/correiodasemana.com\/site\/wp-json\/wp\/v2\/media\/8461"}],"wp:attachment":[{"href":"https:\/\/correiodasemana.com\/site\/wp-json\/wp\/v2\/media?parent=8528"}],"wp:term":[{"taxonomy":"category","embeddable":true,"href":"https:\/\/correiodasemana.com\/site\/wp-json\/wp\/v2\/categories?post=8528"},{"taxonomy":"post_tag","embeddable":true,"href":"https:\/\/correiodasemana.com\/site\/wp-json\/wp\/v2\/tags?post=8528"}],"curies":[{"name":"wp","href":"https:\/\/api.w.org\/{rel}","templated":true}]}}