{"id":8530,"date":"2019-07-30T02:10:56","date_gmt":"2019-07-30T02:10:56","guid":{"rendered":"https:\/\/correiodasemana.com\/site\/?p=8530"},"modified":"2019-07-30T02:11:14","modified_gmt":"2019-07-30T02:11:14","slug":"a-oracao-por-excelencia","status":"publish","type":"post","link":"https:\/\/correiodasemana.com\/site\/a-oracao-por-excelencia\/","title":{"rendered":"A ora\u00e7\u00e3o por excel\u00eancia"},"content":{"rendered":"<p>Depois de terem aprendido tantos ensinamentos do Mestre Jesus, os disc\u00edpulos desejam aprender algo a mais e pedem humildemente: \u201cSenhor, ensina-nos a rezar\u201d (Lc 11, 10). Certamente, aqueles disc\u00edpulos j\u00e1 haviam presenciado, em v\u00e1rios momentos, a atitude orante de Jesus, o que lhes instigou a fazer o mesmo.<br \/>\nO Mestre, assim, lhes ensina uma ora\u00e7\u00e3o simples, mas cheia de tantos elementos da exist\u00eancia humana, da nossa rela\u00e7\u00e3o com Deus e com os irm\u00e3os. O pai-nosso \u00e9 a ora\u00e7\u00e3o por excel\u00eancia que ecoa dos l\u00e1bios dos filhos e filhas de Deus. A Ele n\u00f3s podemos recorrer de maneira terna e afetiva, chamando-o de PAI. O pai de toda a comunidade, que nos arranca do ego\u00edsmo, fazendo-nos chamar-lhe de Pai-nosso.<br \/>\nA ess\u00eancia dos ensinamentos da doutrina crist\u00e3 e do catecismo est\u00e3o contidos nesta bela ora\u00e7\u00e3o. Nos pedidos iniciais, Jesus nos abre a uma rela\u00e7\u00e3o com Deus, tendo em vista a realiza\u00e7\u00e3o do seu Reino e a santifica\u00e7\u00e3o de seu nome. Os demais pedidos nos conduzem \u00e0 transforma\u00e7\u00e3o das rela\u00e7\u00f5es entre as pessoas com a partilha do p\u00e3o, do perd\u00e3o e da liberta\u00e7\u00e3o da infidelidade.<br \/>\nDe fato, a abertura do crist\u00e3o, na ora\u00e7\u00e3o, nos traz a confian\u00e7a e a proximidade com Deus, mostrando-nos que h\u00e1 tamb\u00e9m uma grande responsabilidade em sermos filhos desse Pai. Santificando o nome de Deus com o nosso testemunho, atualizamos o seu reinado neste mundo e cumprimos a sua santa vontade em tornar o mundo mais humano.<br \/>\nPara isso, o compromisso crist\u00e3o \u00e9 importante na partilha e comunh\u00e3o do p\u00e3o e na realiza\u00e7\u00e3o da justi\u00e7a social. O \u201cpai-nosso\u201d nos d\u00e1 a cada dia o \u201cp\u00e3o nosso\u201d. Toda a comunidade \u00e9 envolvida na din\u00e2mica crist\u00e3 da solidariedade e da fraternidade. Todos t\u00eam direito ao p\u00e3o, \u00e0 terra e \u00e0 moradia.<br \/>\nNesse sentido, o agir fraterno s\u00f3 \u00e9 poss\u00edvel na pr\u00e1tica do perd\u00e3o, o perd\u00e3o dado por Deus a n\u00f3s e oferecido aos irm\u00e3os. O \u00faltimo pedido exprime a consci\u00eancia da fraqueza humana diante da tenta\u00e7\u00e3o. Necessitamos da gra\u00e7a de Deus para que sejamos livres de todos os males e perigos, especialmente do maior de todos os males que \u00e9 o pecado.<br \/>\nA sociedade em que vivemos nos condiciona em torno do ter, do poder, da ambi\u00e7\u00e3o, do prest\u00edgio e da idolatria, as tenta\u00e7\u00f5es de Jesus. O Mestre, por sua vez, nos ensina a pedirmos ao Pai, que n\u00e3o nos deixe cair nessas tenta\u00e7\u00f5es.<br \/>\nQue a seu exemplo, saibamos rezar com perseveran\u00e7a e confian\u00e7a, conformando a ora\u00e7\u00e3o com a miss\u00e3o. Imitemos suas palavras e gestos a fim de que continuemos o seu programa libertador, livrando-nos das amarras do ego\u00edsmo. Que o amor e a miseric\u00f3rdia do Pai, expressos na ora\u00e7\u00e3o do pai-nosso nos impulsionem nessa caminhada.<\/p>\n","protected":false},"excerpt":{"rendered":"<p>Depois de terem aprendido tantos ensinamentos do Mestre Jesus, os disc\u00edpulos desejam aprender algo a&#8230;<\/p>\n","protected":false},"author":1,"featured_media":75,"comment_status":"open","ping_status":"open","sticky":false,"template":"","format":"standard","meta":{"_jetpack_memberships_contains_paid_content":false,"footnotes":"","jetpack_publicize_message":"","jetpack_publicize_feature_enabled":true,"jetpack_social_post_already_shared":true,"jetpack_social_options":{"image_generator_settings":{"template":"highway","default_image_id":0,"font":"","enabled":false},"version":2}},"categories":[11,20],"tags":[],"class_list":["post-8530","post","type-post","status-publish","format-standard","has-post-thumbnail","hentry","category-artigos","category-editorial"],"jetpack_publicize_connections":[],"jetpack_featured_media_url":"https:\/\/correiodasemana.com\/site\/wp-content\/uploads\/2019\/07\/editorial-cs.jpg","jetpack-related-posts":[{"id":28301,"url":"https:\/\/correiodasemana.com\/site\/a-vida-um-jogo-de-amor\/","url_meta":{"origin":8530,"position":0},"title":"A VIDA, UM JOGO DE AMOR","author":"adminredacao","date":"Fevereiro 6, 2024","format":false,"excerpt":"Certamente os adultos j\u00e1 se encantaram olhando ao longe as brincadeiras e jogos de crian\u00e7as, sabendo inclusive que passamos pelas mesmas etapas, o que pode parecer perda de tempo para pessoas, quem sabe, envelhecidas e encarquilhadas nas pretens\u00f5es da correria desenfreada, tirando-lhes o gosto do descanso, do lazer e da\u2026","rel":"","context":"In &quot;A voz do Pastor&quot;","block_context":{"text":"A voz do Pastor","link":"https:\/\/correiodasemana.com\/site\/category\/a-voz-do-pastor\/"},"img":{"alt_text":"","src":"https:\/\/i0.wp.com\/correiodasemana.com\/site\/wp-content\/uploads\/2018\/02\/Dom-Vasconcelos-posses.jpg?resize=350%2C200&ssl=1","width":350,"height":200,"srcset":"https:\/\/i0.wp.com\/correiodasemana.com\/site\/wp-content\/uploads\/2018\/02\/Dom-Vasconcelos-posses.jpg?resize=350%2C200&ssl=1 1x, https:\/\/i0.wp.com\/correiodasemana.com\/site\/wp-content\/uploads\/2018\/02\/Dom-Vasconcelos-posses.jpg?resize=525%2C300&ssl=1 1.5x, https:\/\/i0.wp.com\/correiodasemana.com\/site\/wp-content\/uploads\/2018\/02\/Dom-Vasconcelos-posses.jpg?resize=700%2C400&ssl=1 2x"},"classes":[]},{"id":14684,"url":"https:\/\/correiodasemana.com\/site\/francisco-a-oracao-transforma-a-inquietude-em-disponibilidade\/","url_meta":{"origin":8530,"position":1},"title":"Francisco: a ora\u00e7\u00e3o transforma a inquietude em disponibilidade","author":"","date":"Novembro 23, 2020","format":false,"excerpt":"\u201cEstou inquieto, rezo e a ora\u00e7\u00e3o me abre o cora\u00e7\u00e3o e me torna dispon\u00edvel \u00e0 vontade de Deus. A inquietude nos faz mal\u201d, disse o Papa na Audi\u00eancia Geral. Mariangela Jaguraba - Vatican News \u201cNo caminho destes nossos encontros sobre a ora\u00e7\u00e3o, hoje nos deparamos com a figura da\u00a0Virgem Maria\u00a0como\u00a0mulher\u2026","rel":"","context":"In &quot;A voz do Pastor&quot;","block_context":{"text":"A voz do Pastor","link":"https:\/\/correiodasemana.com\/site\/category\/a-voz-do-pastor\/"},"img":{"alt_text":"","src":"https:\/\/i0.wp.com\/correiodasemana.com\/site\/wp-content\/uploads\/2018\/02\/Dom-Vasconcelos-posses.jpg?resize=350%2C200&ssl=1","width":350,"height":200,"srcset":"https:\/\/i0.wp.com\/correiodasemana.com\/site\/wp-content\/uploads\/2018\/02\/Dom-Vasconcelos-posses.jpg?resize=350%2C200&ssl=1 1x, https:\/\/i0.wp.com\/correiodasemana.com\/site\/wp-content\/uploads\/2018\/02\/Dom-Vasconcelos-posses.jpg?resize=525%2C300&ssl=1 1.5x, https:\/\/i0.wp.com\/correiodasemana.com\/site\/wp-content\/uploads\/2018\/02\/Dom-Vasconcelos-posses.jpg?resize=700%2C400&ssl=1 2x"},"classes":[]},{"id":26583,"url":"https:\/\/correiodasemana.com\/site\/filhos-de-siao-10\/","url_meta":{"origin":8530,"position":2},"title":"FILHOS DE SI\u00c3O","author":"adminredacao","date":"Setembro 18, 2023","format":false,"excerpt":"\u201cVinde \u00e0 nascente das \u00e1guas\u201d O Senhor nos convidou hoje para a nascente das \u00e1guas. Vinde comer! Aqui na nascente das \u00e1guas tem o alimento! Meus irm\u00e3os, Jesus nos trouxe para a nascente das \u00e1guas. Por que perder o dinheiro com aquilo que n\u00e3o alimenta? A gente fica desperdi\u00e7ando o\u2026","rel":"","context":"In &quot;Artigos&quot;","block_context":{"text":"Artigos","link":"https:\/\/correiodasemana.com\/site\/category\/artigos\/"},"img":{"alt_text":"","src":"https:\/\/i0.wp.com\/correiodasemana.com\/site\/wp-content\/uploads\/2018\/02\/Igreja_Se%CC%81.jpg?resize=350%2C200&ssl=1","width":350,"height":200,"srcset":"https:\/\/i0.wp.com\/correiodasemana.com\/site\/wp-content\/uploads\/2018\/02\/Igreja_Se%CC%81.jpg?resize=350%2C200&ssl=1 1x, https:\/\/i0.wp.com\/correiodasemana.com\/site\/wp-content\/uploads\/2018\/02\/Igreja_Se%CC%81.jpg?resize=525%2C300&ssl=1 1.5x, https:\/\/i0.wp.com\/correiodasemana.com\/site\/wp-content\/uploads\/2018\/02\/Igreja_Se%CC%81.jpg?resize=700%2C400&ssl=1 2x, https:\/\/i0.wp.com\/correiodasemana.com\/site\/wp-content\/uploads\/2018\/02\/Igreja_Se%CC%81.jpg?resize=1050%2C600&ssl=1 3x, https:\/\/i0.wp.com\/correiodasemana.com\/site\/wp-content\/uploads\/2018\/02\/Igreja_Se%CC%81.jpg?resize=1400%2C800&ssl=1 4x"},"classes":[]},{"id":34835,"url":"https:\/\/correiodasemana.com\/site\/a-voz-do-pastor-9\/","url_meta":{"origin":8530,"position":3},"title":"A voz do Pastor","author":"adminredacao","date":"Julho 28, 2025","format":false,"excerpt":"Ensina-nos a rezar Em visita a uma anci\u00e3, cega de nascen\u00e7a, ouvi uma edificante declara\u00e7\u00e3o: \u201cOu\u00e7o o Bispo pelos programas de R\u00e1dio, quando convida \u00e0 participa\u00e7\u00e3o na vida da Igreja. Sendo cega, descobri que minha contribui\u00e7\u00e3o \u00e9 a ora\u00e7\u00e3o, e rezo, nas inten\u00e7\u00f5es da Igreja, dez ter\u00e7os por dia! Penso\u2026","rel":"","context":"In &quot;A voz do Pastor&quot;","block_context":{"text":"A voz do Pastor","link":"https:\/\/correiodasemana.com\/site\/category\/a-voz-do-pastor\/"},"img":{"alt_text":"","src":"https:\/\/i0.wp.com\/correiodasemana.com\/site\/wp-content\/uploads\/2019\/07\/Dom-Vasconcelos-posses.jpg?resize=350%2C200&ssl=1","width":350,"height":200,"srcset":"https:\/\/i0.wp.com\/correiodasemana.com\/site\/wp-content\/uploads\/2019\/07\/Dom-Vasconcelos-posses.jpg?resize=350%2C200&ssl=1 1x, https:\/\/i0.wp.com\/correiodasemana.com\/site\/wp-content\/uploads\/2019\/07\/Dom-Vasconcelos-posses.jpg?resize=525%2C300&ssl=1 1.5x, https:\/\/i0.wp.com\/correiodasemana.com\/site\/wp-content\/uploads\/2019\/07\/Dom-Vasconcelos-posses.jpg?resize=700%2C400&ssl=1 2x"},"classes":[]},{"id":21648,"url":"https:\/\/correiodasemana.com\/site\/a-oracao-e-primazia-para-a-comunidade-filhos-de-siao\/","url_meta":{"origin":8530,"position":4},"title":"A ora\u00e7\u00e3o \u00e9 primazia para a Comunidade Filhos de Si\u00e3o","author":"","date":"Novembro 13, 2022","format":false,"excerpt":"Segundo os Estatutos da Comunidade Filhos de Si\u00e3o,\u00a0contemplar \u00e9 olhar atenta e embevecidamente, ou seja, \u00e9 apreciar, meditar com amor, \u00e9 buscar aquilo que n\u00e3o vejo de imediato. O segredo da ora\u00e7\u00e3o \u00e9 olhar para Deus e permanecer nesse olhar sem pressa. N\u00e3o somente ver a Deus, mas entrar na\u2026","rel":"","context":"In &quot;Artigos&quot;","block_context":{"text":"Artigos","link":"https:\/\/correiodasemana.com\/site\/category\/artigos\/"},"img":{"alt_text":"","src":"https:\/\/i0.wp.com\/correiodasemana.com\/site\/wp-content\/uploads\/2022\/02\/igreja-menino-deus-4.jpeg?resize=350%2C200&ssl=1","width":350,"height":200,"srcset":"https:\/\/i0.wp.com\/correiodasemana.com\/site\/wp-content\/uploads\/2022\/02\/igreja-menino-deus-4.jpeg?resize=350%2C200&ssl=1 1x, https:\/\/i0.wp.com\/correiodasemana.com\/site\/wp-content\/uploads\/2022\/02\/igreja-menino-deus-4.jpeg?resize=525%2C300&ssl=1 1.5x, https:\/\/i0.wp.com\/correiodasemana.com\/site\/wp-content\/uploads\/2022\/02\/igreja-menino-deus-4.jpeg?resize=700%2C400&ssl=1 2x"},"classes":[]},{"id":30592,"url":"https:\/\/correiodasemana.com\/site\/fazer-bem-todas-as-coisas\/","url_meta":{"origin":8530,"position":5},"title":"Fazer bem todas as coisas!","author":"adminredacao","date":"Setembro 9, 2024","format":false,"excerpt":"Os disc\u00edpulos de Jesus de todos os tempos aprendem com o Mestre a forma adequada de agir nas diversas circunst\u00e2ncias da vida. Sabendo que ele \u00e9 Homem e Deus, pois \u00e9 Deus com o Pai e o Esp\u00edrito Santo, temos a certeza de nele encontrar o vade-m\u00e9cum de nossa caminhada\u2026","rel":"","context":"In &quot;A voz do Pastor&quot;","block_context":{"text":"A voz do Pastor","link":"https:\/\/correiodasemana.com\/site\/category\/a-voz-do-pastor\/"},"img":{"alt_text":"","src":"https:\/\/i0.wp.com\/correiodasemana.com\/site\/wp-content\/uploads\/2019\/07\/Dom-Vasconcelos-posses.jpg?resize=350%2C200&ssl=1","width":350,"height":200,"srcset":"https:\/\/i0.wp.com\/correiodasemana.com\/site\/wp-content\/uploads\/2019\/07\/Dom-Vasconcelos-posses.jpg?resize=350%2C200&ssl=1 1x, https:\/\/i0.wp.com\/correiodasemana.com\/site\/wp-content\/uploads\/2019\/07\/Dom-Vasconcelos-posses.jpg?resize=525%2C300&ssl=1 1.5x, https:\/\/i0.wp.com\/correiodasemana.com\/site\/wp-content\/uploads\/2019\/07\/Dom-Vasconcelos-posses.jpg?resize=700%2C400&ssl=1 2x"},"classes":[]}],"jetpack_sharing_enabled":true,"_links":{"self":[{"href":"https:\/\/correiodasemana.com\/site\/wp-json\/wp\/v2\/posts\/8530","targetHints":{"allow":["GET"]}}],"collection":[{"href":"https:\/\/correiodasemana.com\/site\/wp-json\/wp\/v2\/posts"}],"about":[{"href":"https:\/\/correiodasemana.com\/site\/wp-json\/wp\/v2\/types\/post"}],"author":[{"embeddable":true,"href":"https:\/\/correiodasemana.com\/site\/wp-json\/wp\/v2\/users\/1"}],"replies":[{"embeddable":true,"href":"https:\/\/correiodasemana.com\/site\/wp-json\/wp\/v2\/comments?post=8530"}],"version-history":[{"count":1,"href":"https:\/\/correiodasemana.com\/site\/wp-json\/wp\/v2\/posts\/8530\/revisions"}],"predecessor-version":[{"id":8531,"href":"https:\/\/correiodasemana.com\/site\/wp-json\/wp\/v2\/posts\/8530\/revisions\/8531"}],"wp:featuredmedia":[{"embeddable":true,"href":"https:\/\/correiodasemana.com\/site\/wp-json\/wp\/v2\/media\/75"}],"wp:attachment":[{"href":"https:\/\/correiodasemana.com\/site\/wp-json\/wp\/v2\/media?parent=8530"}],"wp:term":[{"taxonomy":"category","embeddable":true,"href":"https:\/\/correiodasemana.com\/site\/wp-json\/wp\/v2\/categories?post=8530"},{"taxonomy":"post_tag","embeddable":true,"href":"https:\/\/correiodasemana.com\/site\/wp-json\/wp\/v2\/tags?post=8530"}],"curies":[{"name":"wp","href":"https:\/\/api.w.org\/{rel}","templated":true}]}}