{"id":8534,"date":"2019-08-06T01:57:00","date_gmt":"2019-08-06T01:57:00","guid":{"rendered":"https:\/\/correiodasemana.com\/site\/?p=8534"},"modified":"2019-08-06T01:57:00","modified_gmt":"2019-08-06T01:57:00","slug":"santa-casa-doa-camas-e-cadeiras-de-rodas-para-hospital-de-frecheirinha","status":"publish","type":"post","link":"https:\/\/correiodasemana.com\/site\/santa-casa-doa-camas-e-cadeiras-de-rodas-para-hospital-de-frecheirinha\/","title":{"rendered":"Santa Casa doa camas e cadeiras de rodas para Hospital de Frecheirinha"},"content":{"rendered":"<p>A Santa Casa doou ao Hospital de Frecheirinha 15 camas, sete lixeiros, cinco suportes de soro, tr\u00eas cadeiras de rodas e uma maca<br \/>\nO Hospital e Maternidade Menino Jesus de Praga, localizado na cidade de Frecheirinha, regi\u00e3o Noroeste do Cear\u00e1, presta atendimento para aproximadamente 13,7 mil habitantes, sendo o \u00fanico hospital p\u00fablico da cidade. A unidade de Sa\u00fade, que at\u00e9 ent\u00e3o conta com 13 leitos, passar\u00e1 a oferecer um melhor servi\u00e7o \u00e0 popula\u00e7\u00e3o gra\u00e7as \u00e0 chegada de camas, cadeiras de rodas e outros equipamentos, doados pela Santa Casa de Miseric\u00f3rdia de Sobral (SCMS).<br \/>\nA Santa Casa doou ao Hospital de Frecheirinha 15 camas, sete lixeiros, cinco suportes de soro, tr\u00eas cadeiras de rodas e uma maca. O material foi entregue pelo engenheiro da Santa Casa, Jos\u00e9 Wilker Frota, a uma comitiva formada pela primeira-dama de Frecheirinha, Leilane Lages, pelo diretor do Hospital e Maternidade Menino Jesus de Praga, Mano Silva, e pala enfermeiro do munic\u00edpio, Suely Coutinho.<br \/>\n\u201cA doa\u00e7\u00e3o ser\u00e1 muito importante para o nosso Hospital, que conta com apenas 13 leitos. Nossos pacientes sempre ficam sentados em cadeiras por falta de leitos. Estamos gratos pela doa\u00e7\u00e3o\u201d, destaca a enfermeira Suely Coutinho. Segundo ela, o material recebido ser\u00e1 todo reformado e instalado no Hospital.<\/p>\n<p>http:\/\/stacasa.com.br<\/p>\n","protected":false},"excerpt":{"rendered":"<p>A Santa Casa doou ao Hospital de Frecheirinha 15 camas, sete lixeiros, cinco suportes de&#8230;<\/p>\n","protected":false},"author":1,"featured_media":8535,"comment_status":"open","ping_status":"open","sticky":false,"template":"","format":"standard","meta":{"_jetpack_memberships_contains_paid_content":false,"footnotes":"","jetpack_publicize_message":"","jetpack_publicize_feature_enabled":true,"jetpack_social_post_already_shared":true,"jetpack_social_options":{"image_generator_settings":{"template":"highway","default_image_id":0,"font":"","enabled":false},"version":2}},"categories":[3],"tags":[],"class_list":["post-8534","post","type-post","status-publish","format-standard","has-post-thumbnail","hentry","category-santa-casa"],"jetpack_publicize_connections":[],"jetpack_featured_media_url":"https:\/\/correiodasemana.com\/site\/wp-content\/uploads\/2019\/08\/wilker.jpeg","jetpack-related-posts":[{"id":9625,"url":"https:\/\/correiodasemana.com\/site\/maternidade-da-santa-casa-de-misericordia-de-sobral-e-referencia-para-gestacoes-de-alto-risco-e-abre-suas-portas-para-55-municipios-da-regiao-norte-do-ceara\/","url_meta":{"origin":8534,"position":0},"title":"Maternidade da Santa Casa de Miseric\u00f3rdia de Sobral \u00e9 refer\u00eancia para gesta\u00e7\u00f5es de alto risco e abre suas portas para 55 munic\u00edpios da regi\u00e3o Norte do Cear\u00e1","author":"","date":"Outubro 28, 2019","format":false,"excerpt":"Assessoria de Comunica\u00e7\u00e3o da Santa Casa de Miseric\u00f3rdia de Sobral A Maternidade Sant\u2019Ana da Santa Casa de Miseric\u00f3rdia de Sobral (SCMS) \u00e9 refer\u00eancia para gesta\u00e7\u00f5es de alto risco na macrorregi\u00e3o de Sobral, abrindo suas portas para 55 munic\u00edpios. Desde o come\u00e7o do ano j\u00e1 foram realizados 13.676 atendimentos, 5.355 internamentos\u2026","rel":"","context":"In &quot;Santa Casa&quot;","block_context":{"text":"Santa Casa","link":"https:\/\/correiodasemana.com\/site\/category\/santa-casa\/"},"img":{"alt_text":"","src":"https:\/\/i0.wp.com\/correiodasemana.com\/site\/wp-content\/uploads\/2019\/10\/2_1.png?resize=350%2C200&ssl=1","width":350,"height":200,"srcset":"https:\/\/i0.wp.com\/correiodasemana.com\/site\/wp-content\/uploads\/2019\/10\/2_1.png?resize=350%2C200&ssl=1 1x, https:\/\/i0.wp.com\/correiodasemana.com\/site\/wp-content\/uploads\/2019\/10\/2_1.png?resize=525%2C300&ssl=1 1.5x, https:\/\/i0.wp.com\/correiodasemana.com\/site\/wp-content\/uploads\/2019\/10\/2_1.png?resize=700%2C400&ssl=1 2x, https:\/\/i0.wp.com\/correiodasemana.com\/site\/wp-content\/uploads\/2019\/10\/2_1.png?resize=1050%2C600&ssl=1 3x"},"classes":[]},{"id":8449,"url":"https:\/\/correiodasemana.com\/site\/santa-casa-faz-doacao-de-camas-a-abrigo-de-idosos-de-groairas\/","url_meta":{"origin":8534,"position":1},"title":"Santa Casa faz doa\u00e7\u00e3o de camas a abrigo de idosos de Groa\u00edras","author":"","date":"Julho 30, 2019","format":false,"excerpt":"Com as doa\u00e7\u00f5es do Hospital, Abrigo\u00a0de Idosos Francisco Cassimiro Albuquerque\u00a0poder\u00e1 acolher mais idosos A Santa Casa de Miseric\u00f3rdia de Sobral (SCMS) realizou, na \u00faltima segunda-feira (22), a doa\u00e7\u00e3o de 30 camas hospitalares, nove cadeiras reclin\u00e1veis, seis suportes para lixeiras, quatro cadeiras de balan\u00e7o de ferro e um carro maca hospitalar.\u00a0\u2026","rel":"","context":"In &quot;Santa Casa&quot;","block_context":{"text":"Santa Casa","link":"https:\/\/correiodasemana.com\/site\/category\/santa-casa\/"},"img":{"alt_text":"","src":"https:\/\/i0.wp.com\/correiodasemana.com\/site\/wp-content\/uploads\/2019\/07\/doa%C3%A7%C3%A3o.jpeg?resize=350%2C200&ssl=1","width":350,"height":200,"srcset":"https:\/\/i0.wp.com\/correiodasemana.com\/site\/wp-content\/uploads\/2019\/07\/doa%C3%A7%C3%A3o.jpeg?resize=350%2C200&ssl=1 1x, https:\/\/i0.wp.com\/correiodasemana.com\/site\/wp-content\/uploads\/2019\/07\/doa%C3%A7%C3%A3o.jpeg?resize=525%2C300&ssl=1 1.5x, https:\/\/i0.wp.com\/correiodasemana.com\/site\/wp-content\/uploads\/2019\/07\/doa%C3%A7%C3%A3o.jpeg?resize=700%2C400&ssl=1 2x, https:\/\/i0.wp.com\/correiodasemana.com\/site\/wp-content\/uploads\/2019\/07\/doa%C3%A7%C3%A3o.jpeg?resize=1050%2C600&ssl=1 3x"},"classes":[]},{"id":10375,"url":"https:\/\/correiodasemana.com\/site\/primeiro-bebe-do-ano-nascido-na-santa-casa-de-misericordia-de-sobral-e-homem\/","url_meta":{"origin":8534,"position":2},"title":"Primeiro beb\u00ea do ano nascido na Santa Casa de Miseric\u00f3rdia de Sobral \u00e9 homem\u00a0","author":"","date":"Janeiro 5, 2020","format":false,"excerpt":"O pequeno Bruno Henrique esperou o rel\u00f3gio marcar a chegada do novo ano para manifestar sua vontade de vir ao mundo. A dona de casa Camila Costa, 24, estava em casa quando pouco depois de meia noite come\u00e7ou a sentir as dores que alertavam sobre o momento mais aguardado dos\u2026","rel":"","context":"In &quot;Santa Casa&quot;","block_context":{"text":"Santa Casa","link":"https:\/\/correiodasemana.com\/site\/category\/santa-casa\/"},"img":{"alt_text":"","src":"https:\/\/i0.wp.com\/correiodasemana.com\/site\/wp-content\/uploads\/2020\/01\/IMG_9101-1024x691-1.jpg?resize=350%2C200&ssl=1","width":350,"height":200,"srcset":"https:\/\/i0.wp.com\/correiodasemana.com\/site\/wp-content\/uploads\/2020\/01\/IMG_9101-1024x691-1.jpg?resize=350%2C200&ssl=1 1x, https:\/\/i0.wp.com\/correiodasemana.com\/site\/wp-content\/uploads\/2020\/01\/IMG_9101-1024x691-1.jpg?resize=525%2C300&ssl=1 1.5x"},"classes":[]},{"id":9802,"url":"https:\/\/correiodasemana.com\/site\/santa-casa-de-misericordia-de-sobral-investe-em-novos-equipamentos-e-reformas\/","url_meta":{"origin":8534,"position":3},"title":"Santa Casa de Miseric\u00f3rdia de Sobral investe em novos equipamentos e reformas","author":"","date":"Novembro 11, 2019","format":false,"excerpt":"Camas PPP proporcionam partos ativos e humanizados. Reformas no Hospital garantem qualidade no atendimento Assessoria de Comunica\u00e7\u00e3o da Santa Casa de Miseric\u00f3rdia de Sobral A Santa Casa de Miseric\u00f3rdia de Sobral (SCMS), com o objetivo de cumprir sua miss\u00e3o de prestar assist\u00eancia em sa\u00fade com qualidade, humaniza\u00e7\u00e3o, seguran\u00e7a e sustentabilidade\u2026","rel":"","context":"In &quot;Santa Casa&quot;","block_context":{"text":"Santa Casa","link":"https:\/\/correiodasemana.com\/site\/category\/santa-casa\/"},"img":{"alt_text":"","src":"https:\/\/i0.wp.com\/correiodasemana.com\/site\/wp-content\/uploads\/2019\/11\/1-2.jpg?resize=350%2C200&ssl=1","width":350,"height":200,"srcset":"https:\/\/i0.wp.com\/correiodasemana.com\/site\/wp-content\/uploads\/2019\/11\/1-2.jpg?resize=350%2C200&ssl=1 1x, https:\/\/i0.wp.com\/correiodasemana.com\/site\/wp-content\/uploads\/2019\/11\/1-2.jpg?resize=525%2C300&ssl=1 1.5x, https:\/\/i0.wp.com\/correiodasemana.com\/site\/wp-content\/uploads\/2019\/11\/1-2.jpg?resize=700%2C400&ssl=1 2x, https:\/\/i0.wp.com\/correiodasemana.com\/site\/wp-content\/uploads\/2019\/11\/1-2.jpg?resize=1050%2C600&ssl=1 3x"},"classes":[]},{"id":11315,"url":"https:\/\/correiodasemana.com\/site\/agenda-uninta-4\/","url_meta":{"origin":8534,"position":4},"title":"Agenda Uninta","author":"","date":"Maio 7, 2020","format":false,"excerpt":"Informar \u00e9 preciso O curso de jornalismo do UNINTA n\u00e3o para. De forma remota os professores e estudantes continuam com os projetos de extens\u00e3o e quem segue o curso nas redes sociais pode acompanhar ciclos de palestras, podcasts, v\u00eddeos e lives com muitas informa\u00e7\u00f5es e ensinamentos. Celebrar \u00e9 vida O\u2026","rel":"","context":"In &quot;Agenda Uninta&quot;","block_context":{"text":"Agenda Uninta","link":"https:\/\/correiodasemana.com\/site\/category\/agenda-uninta\/"},"img":{"alt_text":"","src":"https:\/\/i0.wp.com\/correiodasemana.com\/site\/wp-content\/uploads\/2020\/05\/Turma-do-Alo-Universita-rio-09.jpg?resize=350%2C200&ssl=1","width":350,"height":200,"srcset":"https:\/\/i0.wp.com\/correiodasemana.com\/site\/wp-content\/uploads\/2020\/05\/Turma-do-Alo-Universita-rio-09.jpg?resize=350%2C200&ssl=1 1x, https:\/\/i0.wp.com\/correiodasemana.com\/site\/wp-content\/uploads\/2020\/05\/Turma-do-Alo-Universita-rio-09.jpg?resize=525%2C300&ssl=1 1.5x, https:\/\/i0.wp.com\/correiodasemana.com\/site\/wp-content\/uploads\/2020\/05\/Turma-do-Alo-Universita-rio-09.jpg?resize=700%2C400&ssl=1 2x, https:\/\/i0.wp.com\/correiodasemana.com\/site\/wp-content\/uploads\/2020\/05\/Turma-do-Alo-Universita-rio-09.jpg?resize=1050%2C600&ssl=1 3x"},"classes":[]},{"id":26770,"url":"https:\/\/correiodasemana.com\/site\/dom-vasconcelos-realiza-visita-pastoral-a-paroquia-de-frecheirinha\/","url_meta":{"origin":8534,"position":5},"title":"Dom Vasconcelos realiza visita pastoral \u00e0 Par\u00f3quia de Frecheirinha","author":"adminredacao","date":"Outubro 9, 2023","format":false,"excerpt":"\u00a0 \u00a0 \u00a0 \u00a0 \u00a0 \u00a0 \u00a0 \u00a0 \u00a0 \u00a0 \u00a0 \u00a0 \u00a0 \u00a0 \u00a0 \u00a0 \u00a0 \u00a0 \u00a0 \u00a0 \u00a0 \u00a0 \u00a0 \u00a0 \u00a0 Em profunda proximidade com os diocesanos, Dom Vasconcelos realizou uma visita pastoral \u00e0 Par\u00f3quia de Nossa Senhora da Sa\u00fade de Frecheirinha entre os dias 05\u2026","rel":"","context":"In &quot;Atualidade&quot;","block_context":{"text":"Atualidade","link":"https:\/\/correiodasemana.com\/site\/category\/atualidade\/"},"img":{"alt_text":"","src":"https:\/\/i0.wp.com\/correiodasemana.com\/site\/wp-content\/uploads\/2023\/10\/Acolhida-de-Dom-Vasconcelos-e-momento-civico-no-patamar-da-igreja-matriz-300x199.jpeg?resize=350%2C200&ssl=1","width":350,"height":200},"classes":[]}],"jetpack_sharing_enabled":true,"_links":{"self":[{"href":"https:\/\/correiodasemana.com\/site\/wp-json\/wp\/v2\/posts\/8534","targetHints":{"allow":["GET"]}}],"collection":[{"href":"https:\/\/correiodasemana.com\/site\/wp-json\/wp\/v2\/posts"}],"about":[{"href":"https:\/\/correiodasemana.com\/site\/wp-json\/wp\/v2\/types\/post"}],"author":[{"embeddable":true,"href":"https:\/\/correiodasemana.com\/site\/wp-json\/wp\/v2\/users\/1"}],"replies":[{"embeddable":true,"href":"https:\/\/correiodasemana.com\/site\/wp-json\/wp\/v2\/comments?post=8534"}],"version-history":[{"count":1,"href":"https:\/\/correiodasemana.com\/site\/wp-json\/wp\/v2\/posts\/8534\/revisions"}],"predecessor-version":[{"id":8536,"href":"https:\/\/correiodasemana.com\/site\/wp-json\/wp\/v2\/posts\/8534\/revisions\/8536"}],"wp:featuredmedia":[{"embeddable":true,"href":"https:\/\/correiodasemana.com\/site\/wp-json\/wp\/v2\/media\/8535"}],"wp:attachment":[{"href":"https:\/\/correiodasemana.com\/site\/wp-json\/wp\/v2\/media?parent=8534"}],"wp:term":[{"taxonomy":"category","embeddable":true,"href":"https:\/\/correiodasemana.com\/site\/wp-json\/wp\/v2\/categories?post=8534"},{"taxonomy":"post_tag","embeddable":true,"href":"https:\/\/correiodasemana.com\/site\/wp-json\/wp\/v2\/tags?post=8534"}],"curies":[{"name":"wp","href":"https:\/\/api.w.org\/{rel}","templated":true}]}}