{"id":8537,"date":"2019-08-06T01:57:45","date_gmt":"2019-08-06T01:57:45","guid":{"rendered":"https:\/\/correiodasemana.com\/site\/?p=8537"},"modified":"2019-08-06T01:57:45","modified_gmt":"2019-08-06T01:57:45","slug":"construtora-nova-terra-e-a-empresa-selecionada-para-realizar-reforma-no-servico-de-quimioterapia-da-santa-casa","status":"publish","type":"post","link":"https:\/\/correiodasemana.com\/site\/construtora-nova-terra-e-a-empresa-selecionada-para-realizar-reforma-no-servico-de-quimioterapia-da-santa-casa\/","title":{"rendered":"Construtora Nova Terra \u00e9 a empresa selecionada para realizar reforma no servi\u00e7o de Quimioterapia da Santa Casa"},"content":{"rendered":"<p>Hospital de alta complexidade de refer\u00eancia para a regi\u00e3o Norte do Cear\u00e1, a Santa Casa de Miseric\u00f3rdia de Sobral (SCMS) oferece \u00e0 popula\u00e7\u00e3o de 55 munic\u00edpios diversos servi\u00e7os, entre eles, o de Oncologia, que passa por revitaliza\u00e7\u00e3o para melhor atender os seus pacientes. Uma das melhorias planejadas para o setor \u00e9 a reforma do servi\u00e7o de Quimioterapia, que contemplar\u00e1, entre outras mudan\u00e7as, a amplia\u00e7\u00e3o do seu espa\u00e7o. A Santa Casa realizou uma cota\u00e7\u00e3o de pre\u00e7os para sele\u00e7\u00e3o da empresa respons\u00e1vel pela execu\u00e7\u00e3o da obra e restou aprovada a proposta apresentada pela Construtora Nova Terra Eireli, no valor de R$ 198.584,07.<br \/>\nParticiparam da cota\u00e7\u00e3o de pre\u00e7os, al\u00e9m da Construtora Nova Terra, outras tr\u00eas contrutoras, a saber: Construtora Mendes Ltda \u2013 EPP, com proposta no valor de R$ 235.251,02; Coelho Engenharia e Servi\u00e7os Eireli, com projeto no valor e R$ 211.859, 25; e Delmar Constru\u00e7\u00f5es Eireli \u2013 EPP, que concorreu com projeto or\u00e7ado no valor de R$ 206.642,32.<br \/>\nDe acordo com o engenheiro e respons\u00e1vel pela manuten\u00e7\u00e3o da SCMS, Jos\u00e9 Wilker Frota, a empresa selecionada ter\u00e1 o prazo de 90 dias para execu\u00e7\u00e3o das obras, que incluem pintura, coloca\u00e7\u00e3o de portas e forro, instala\u00e7\u00e3o el\u00e9trica, instala\u00e7\u00e3o hidrossanit\u00e1ria, instala\u00e7\u00e3o de sistema de gases medicinais, climatiza\u00e7\u00e3o do ambiente e preparo da \u00e1rea de administra\u00e7\u00e3o do quimioter\u00e1pico, contando com tr\u00eas ambulat\u00f3rios para o atendimento m\u00e9dico.<br \/>\nNo ano de 2018, a Santa Casa realizou mais de 10 mil procedimentos de quimioterapia. O m\u00e9dico respons\u00e1vel pelo setor de Oncologia, Erialdo Silva, explica que a reforma no servi\u00e7o de Quimioterapia dar\u00e1 melhor acomoda\u00e7\u00e3o e conforto aos pacientes que fazem tratamento quimioter\u00e1pico no Hospital.<\/p>\n<p>Melhorias<br \/>\nO servi\u00e7o de Oncologia v\u00eam passando por uma s\u00e9rie de melhorias tamb\u00e9m nos seus processos. No primeiro semestre deste ano, o setor conseguiu reduzir para\u00a0quase 7\u00a0dias o tempo m\u00e9dio de libera\u00e7\u00e3o dos seus laudos. Outro resultado positivo foi o tempo de espera do paciente por cirurgia, que hoje \u00e9 de nove dias, em m\u00e9dia.<br \/>\nOs pacientes que realizam quimioterapia na Santa Casa s\u00e3o atendidos em dias marcados, no hor\u00e1rio das 8h \u00e0s 12h e das 13h \u00e0s 17h. O agendamento eletr\u00f4nico das sess\u00f5es pelo sistema MV 2000 permite um melhor aprovisionamento da farm\u00e1cia e uma melhor possibilidade de negocia\u00e7\u00e3o de pre\u00e7os praticados pelo SUS.<br \/>\nA Santa Casa tamb\u00e9m passou a facilitar o acesso do paciente oncol\u00f3gico ao Hospital. De posse da bi\u00f3psia e do diagn\u00f3stico de c\u00e2ncer, basta que o paciente procure diretamente o setor de Oncologia do Hospital.<br \/>\nFonte: http:\/\/stacasa.com.br<\/p>\n","protected":false},"excerpt":{"rendered":"<p>Hospital de alta complexidade de refer\u00eancia para a regi\u00e3o Norte do Cear\u00e1, a Santa Casa&#8230;<\/p>\n","protected":false},"author":1,"featured_media":8538,"comment_status":"open","ping_status":"open","sticky":false,"template":"","format":"standard","meta":{"_jetpack_newsletter_access":"","_jetpack_dont_email_post_to_subs":false,"_jetpack_newsletter_tier_id":0,"_jetpack_memberships_contains_paywalled_content":false,"_jetpack_feature_clip_id":0,"_jetpack_memberships_contains_paid_content":false,"footnotes":"","jetpack_publicize_message":"","jetpack_publicize_feature_enabled":true,"jetpack_social_post_already_shared":true,"jetpack_social_options":{"image_generator_settings":{"template":"highway","default_image_id":0,"font":"","enabled":false},"version":2},"jetpack_post_was_ever_published":false},"categories":[3],"tags":[],"class_list":["post-8537","post","type-post","status-publish","format-standard","has-post-thumbnail","hentry","category-santa-casa"],"jetpack_publicize_connections":[],"featured_image_urls":{"full":["https:\/\/correiodasemana.com\/site\/wp-content\/uploads\/2019\/08\/santa-casa-foto.jpg",779,312,false],"thumbnail":["https:\/\/correiodasemana.com\/site\/wp-content\/uploads\/2019\/08\/santa-casa-foto-150x150.jpg",150,150,true],"medium":["https:\/\/correiodasemana.com\/site\/wp-content\/uploads\/2019\/08\/santa-casa-foto-300x120.jpg",300,120,true],"medium_large":["https:\/\/correiodasemana.com\/site\/wp-content\/uploads\/2019\/08\/santa-casa-foto-768x308.jpg",640,257,true],"large":["https:\/\/correiodasemana.com\/site\/wp-content\/uploads\/2019\/08\/santa-casa-foto.jpg",640,256,false],"1536x1536":["https:\/\/correiodasemana.com\/site\/wp-content\/uploads\/2019\/08\/santa-casa-foto.jpg",779,312,false],"2048x2048":["https:\/\/correiodasemana.com\/site\/wp-content\/uploads\/2019\/08\/santa-casa-foto.jpg",779,312,false],"covernews-featured":["https:\/\/correiodasemana.com\/site\/wp-content\/uploads\/2019\/08\/santa-casa-foto.jpg",779,312,false],"covernews-medium":["https:\/\/correiodasemana.com\/site\/wp-content\/uploads\/2019\/08\/santa-casa-foto.jpg",540,216,false]},"author_info":{"info":[""]},"category_info":"<a href=\"https:\/\/correiodasemana.com\/site\/category\/santa-casa\/\" rel=\"category tag\">Santa Casa<\/a>","tag_info":"Santa Casa","comment_count":"0","jetpack-related-posts":[{"id":9802,"url":"https:\/\/correiodasemana.com\/site\/santa-casa-de-misericordia-de-sobral-investe-em-novos-equipamentos-e-reformas\/","url_meta":{"origin":8537,"position":0},"title":"Santa Casa de Miseric\u00f3rdia de Sobral investe em novos equipamentos e reformas","author":"","date":"Novembro 11, 2019","format":false,"excerpt":"Camas PPP proporcionam partos ativos e humanizados. Reformas no Hospital garantem qualidade no atendimento Assessoria de Comunica\u00e7\u00e3o da Santa Casa de Miseric\u00f3rdia de Sobral A Santa Casa de Miseric\u00f3rdia de Sobral (SCMS), com o objetivo de cumprir sua miss\u00e3o de prestar assist\u00eancia em sa\u00fade com qualidade, humaniza\u00e7\u00e3o, seguran\u00e7a e sustentabilidade\u2026","rel":"","context":"In &quot;Santa Casa&quot;","block_context":{"text":"Santa Casa","link":"https:\/\/correiodasemana.com\/site\/category\/santa-casa\/"},"img":{"alt_text":"","src":"https:\/\/i0.wp.com\/correiodasemana.com\/site\/wp-content\/uploads\/2019\/11\/1-2.jpg?resize=350%2C200&ssl=1","width":350,"height":200,"srcset":"https:\/\/i0.wp.com\/correiodasemana.com\/site\/wp-content\/uploads\/2019\/11\/1-2.jpg?resize=350%2C200&ssl=1 1x, https:\/\/i0.wp.com\/correiodasemana.com\/site\/wp-content\/uploads\/2019\/11\/1-2.jpg?resize=525%2C300&ssl=1 1.5x, https:\/\/i0.wp.com\/correiodasemana.com\/site\/wp-content\/uploads\/2019\/11\/1-2.jpg?resize=700%2C400&ssl=1 2x, https:\/\/i0.wp.com\/correiodasemana.com\/site\/wp-content\/uploads\/2019\/11\/1-2.jpg?resize=1050%2C600&ssl=1 3x"},"classes":[]},{"id":34953,"url":"https:\/\/correiodasemana.com\/site\/eriberto-ximenes-groairense-construtor-de-catedrais\/","url_meta":{"origin":8537,"position":1},"title":"Eriberto Ximenes, Groairense construtor de catedrais","author":"adminredacao","date":"Agosto 4, 2025","format":false,"excerpt":"A F\u00e9 como Obra e Constru\u00e7\u00e3o Eterna no Sert\u00e3o de Groa\u00edras no Cear\u00e1 Por Domingos Pascoal Na paisagem quente e terrosa do sert\u00e3o cearense, onde o sil\u00eancio das pedras e a sombra dos mofumbos guardam a mem\u00f3ria dos que partiram e a esperan\u00e7a dos que ficaram, um homem ousa levantar,\u2026","rel":"","context":"In &quot;Atualidade&quot;","block_context":{"text":"Atualidade","link":"https:\/\/correiodasemana.com\/site\/category\/atualidade\/"},"img":{"alt_text":"","src":"https:\/\/correiodasemana.com\/site\/wp-content\/uploads\/2025\/08\/e39bbe_0bdbbbd96a15407a90d834edf4c5c561mv2.avif","width":350,"height":200,"srcset":"https:\/\/correiodasemana.com\/site\/wp-content\/uploads\/2025\/08\/e39bbe_0bdbbbd96a15407a90d834edf4c5c561mv2.avif 1x, https:\/\/correiodasemana.com\/site\/wp-content\/uploads\/2025\/08\/e39bbe_0bdbbbd96a15407a90d834edf4c5c561mv2.avif 1.5x, https:\/\/correiodasemana.com\/site\/wp-content\/uploads\/2025\/08\/e39bbe_0bdbbbd96a15407a90d834edf4c5c561mv2.avif 2x, https:\/\/correiodasemana.com\/site\/wp-content\/uploads\/2025\/08\/e39bbe_0bdbbbd96a15407a90d834edf4c5c561mv2.avif 3x"},"classes":[]},{"id":38213,"url":"https:\/\/correiodasemana.com\/site\/em-novo-acordo-com-o-mp-do-ceara-prefeitura-se-compromete-a-retomar-e-concluir-reforma-de-abrigo-para-idosos-em-sobral\/","url_meta":{"origin":8537,"position":2},"title":"Em novo acordo com o MP do Cear\u00e1, Prefeitura se compromete a retomar e concluir reforma de abrigo para idosos em Sobral","author":"adminredacao","date":"Abril 19, 2026","format":false,"excerpt":"O Minist\u00e9rio P\u00fablico do Cear\u00e1, por meio da 7\u00aa Promotoria de Justi\u00e7a de Sobral, firmou novo acordo com a Prefeitura para assegurar a retomada e a conclus\u00e3o das obras do Abrigo Sagrado Cora\u00e7\u00e3o de Jesus, paralisadas h\u00e1 cerca de sete anos. A medida foi definida na \u00faltima quinta-feira (16\/04), ap\u00f3s\u2026","rel":"","context":"In &quot;Atualidade&quot;","block_context":{"text":"Atualidade","link":"https:\/\/correiodasemana.com\/site\/category\/atualidade\/"},"img":{"alt_text":"","src":"https:\/\/i0.wp.com\/correiodasemana.com\/site\/wp-content\/uploads\/2026\/04\/ABRIGO-SAGRADO-C-DE-JESUS-5-2021_12_21-15_19_14-UTC.jpg?resize=350%2C200&ssl=1","width":350,"height":200,"srcset":"https:\/\/i0.wp.com\/correiodasemana.com\/site\/wp-content\/uploads\/2026\/04\/ABRIGO-SAGRADO-C-DE-JESUS-5-2021_12_21-15_19_14-UTC.jpg?resize=350%2C200&ssl=1 1x, https:\/\/i0.wp.com\/correiodasemana.com\/site\/wp-content\/uploads\/2026\/04\/ABRIGO-SAGRADO-C-DE-JESUS-5-2021_12_21-15_19_14-UTC.jpg?resize=525%2C300&ssl=1 1.5x, https:\/\/i0.wp.com\/correiodasemana.com\/site\/wp-content\/uploads\/2026\/04\/ABRIGO-SAGRADO-C-DE-JESUS-5-2021_12_21-15_19_14-UTC.jpg?resize=700%2C400&ssl=1 2x, https:\/\/i0.wp.com\/correiodasemana.com\/site\/wp-content\/uploads\/2026\/04\/ABRIGO-SAGRADO-C-DE-JESUS-5-2021_12_21-15_19_14-UTC.jpg?resize=1050%2C600&ssl=1 3x, https:\/\/i0.wp.com\/correiodasemana.com\/site\/wp-content\/uploads\/2026\/04\/ABRIGO-SAGRADO-C-DE-JESUS-5-2021_12_21-15_19_14-UTC.jpg?resize=1400%2C800&ssl=1 4x"},"classes":[]},{"id":10162,"url":"https:\/\/correiodasemana.com\/site\/visita-tecnica-marca-inicio-da-obra-de-restauracao-do-abrigo-sagrado-coracao-de-jesus\/","url_meta":{"origin":8537,"position":3},"title":"Visita t\u00e9cnica marca in\u00edcio da obra de restaura\u00e7\u00e3o do Abrigo Sagrado Cora\u00e7\u00e3o de Jesus","author":"","date":"Dezembro 16, 2019","format":false,"excerpt":"Para iniciar as obras de restaura\u00e7\u00e3o do Abrigo Sagrado Cora\u00e7\u00e3o de Jesus, unidade do Complexo Santa Casa de Miseric\u00f3rdia de Sobral, foi realizada na tarde da quarta-feira (11\/12) uma visita t\u00e9cnica de alinhamento no local. Na ocasi\u00e3o, estiveram presentes respons\u00e1veis pelo Abrigo, construtores da empresa que ganhou a licita\u00e7\u00e3o e\u2026","rel":"","context":"In &quot;Atualidade&quot;","block_context":{"text":"Atualidade","link":"https:\/\/correiodasemana.com\/site\/category\/atualidade\/"},"img":{"alt_text":"","src":"https:\/\/i0.wp.com\/correiodasemana.com\/site\/wp-content\/uploads\/2019\/12\/1-1.jpg?resize=350%2C200&ssl=1","width":350,"height":200,"srcset":"https:\/\/i0.wp.com\/correiodasemana.com\/site\/wp-content\/uploads\/2019\/12\/1-1.jpg?resize=350%2C200&ssl=1 1x, https:\/\/i0.wp.com\/correiodasemana.com\/site\/wp-content\/uploads\/2019\/12\/1-1.jpg?resize=525%2C300&ssl=1 1.5x"},"classes":[]},{"id":10784,"url":"https:\/\/correiodasemana.com\/site\/santa-casa-de-misericordia-de-sobral-recebe-visita-do-prefeito-da-cidade\/","url_meta":{"origin":8537,"position":4},"title":"Santa Casa de Miseric\u00f3rdia de Sobral recebe visita do prefeito da cidade","author":"","date":"Fevereiro 10, 2020","format":false,"excerpt":"Visita teve como objetivo conhecer o funcionamento de alguns setores do Hospital e desenvolver planos para melhorar a qualidade da sa\u00fade em Sobral e regi\u00e3o Assessoria de Comunica\u00e7\u00e3o do Complexo SCMS A Santa Casa de Miseric\u00f3rdia de Sobral (SCMS) recebeu, na quarta-feira (05\/02), a visita do prefeito de Sobral, Ivo\u2026","rel":"","context":"In &quot;Atualidade&quot;","block_context":{"text":"Atualidade","link":"https:\/\/correiodasemana.com\/site\/category\/atualidade\/"},"img":{"alt_text":"","src":"https:\/\/i0.wp.com\/correiodasemana.com\/site\/wp-content\/uploads\/2020\/02\/Visita-2.jpg?resize=350%2C200&ssl=1","width":350,"height":200,"srcset":"https:\/\/i0.wp.com\/correiodasemana.com\/site\/wp-content\/uploads\/2020\/02\/Visita-2.jpg?resize=350%2C200&ssl=1 1x, https:\/\/i0.wp.com\/correiodasemana.com\/site\/wp-content\/uploads\/2020\/02\/Visita-2.jpg?resize=525%2C300&ssl=1 1.5x, https:\/\/i0.wp.com\/correiodasemana.com\/site\/wp-content\/uploads\/2020\/02\/Visita-2.jpg?resize=700%2C400&ssl=1 2x"},"classes":[]},{"id":9709,"url":"https:\/\/correiodasemana.com\/site\/lancamento-de-anuario-2018-da-santa-casa-de-misericordia-de-sobral-reune-comerciantes-e-imprensa-na-cdl\/","url_meta":{"origin":8537,"position":5},"title":"Lan\u00e7amento de Anu\u00e1rio 2018 da Santa Casa de Miseric\u00f3rdia de Sobral re\u00fane comerciantes e imprensa na CDL","author":"","date":"Novembro 4, 2019","format":false,"excerpt":"Visando a transpar\u00eancia, uma das caracter\u00edsticas dos princ\u00edpios fundamentais da nova gest\u00e3o, a Santa Casa de Miseric\u00f3rdia de Sobral (SCMS) lan\u00e7ou, nesta quinta-feira (31\/10), a revista Anu\u00e1rio 2018. O evento foi realizado na C\u00e2mara dos Dirigentes Lojistas (CDL) de Sobral. Esta edi\u00e7\u00e3o apresenta as a\u00e7\u00f5es relacionadas \u00e0 assist\u00eancia prestada pelo\u2026","rel":"","context":"In &quot;Santa Casa&quot;","block_context":{"text":"Santa Casa","link":"https:\/\/correiodasemana.com\/site\/category\/santa-casa\/"},"img":{"alt_text":"","src":"https:\/\/i0.wp.com\/correiodasemana.com\/site\/wp-content\/uploads\/2019\/11\/1-1.jpg?resize=350%2C200&ssl=1","width":350,"height":200,"srcset":"https:\/\/i0.wp.com\/correiodasemana.com\/site\/wp-content\/uploads\/2019\/11\/1-1.jpg?resize=350%2C200&ssl=1 1x, https:\/\/i0.wp.com\/correiodasemana.com\/site\/wp-content\/uploads\/2019\/11\/1-1.jpg?resize=525%2C300&ssl=1 1.5x, https:\/\/i0.wp.com\/correiodasemana.com\/site\/wp-content\/uploads\/2019\/11\/1-1.jpg?resize=700%2C400&ssl=1 2x, https:\/\/i0.wp.com\/correiodasemana.com\/site\/wp-content\/uploads\/2019\/11\/1-1.jpg?resize=1050%2C600&ssl=1 3x, https:\/\/i0.wp.com\/correiodasemana.com\/site\/wp-content\/uploads\/2019\/11\/1-1.jpg?resize=1400%2C800&ssl=1 4x"},"classes":[]}],"jetpack_sharing_enabled":true,"jetpack_featured_media_url":"https:\/\/correiodasemana.com\/site\/wp-content\/uploads\/2019\/08\/santa-casa-foto.jpg","_links":{"self":[{"href":"https:\/\/correiodasemana.com\/site\/wp-json\/wp\/v2\/posts\/8537","targetHints":{"allow":["GET"]}}],"collection":[{"href":"https:\/\/correiodasemana.com\/site\/wp-json\/wp\/v2\/posts"}],"about":[{"href":"https:\/\/correiodasemana.com\/site\/wp-json\/wp\/v2\/types\/post"}],"author":[{"embeddable":true,"href":"https:\/\/correiodasemana.com\/site\/wp-json\/wp\/v2\/users\/1"}],"replies":[{"embeddable":true,"href":"https:\/\/correiodasemana.com\/site\/wp-json\/wp\/v2\/comments?post=8537"}],"version-history":[{"count":1,"href":"https:\/\/correiodasemana.com\/site\/wp-json\/wp\/v2\/posts\/8537\/revisions"}],"predecessor-version":[{"id":8539,"href":"https:\/\/correiodasemana.com\/site\/wp-json\/wp\/v2\/posts\/8537\/revisions\/8539"}],"wp:featuredmedia":[{"embeddable":true,"href":"https:\/\/correiodasemana.com\/site\/wp-json\/wp\/v2\/media\/8538"}],"wp:attachment":[{"href":"https:\/\/correiodasemana.com\/site\/wp-json\/wp\/v2\/media?parent=8537"}],"wp:term":[{"taxonomy":"category","embeddable":true,"href":"https:\/\/correiodasemana.com\/site\/wp-json\/wp\/v2\/categories?post=8537"},{"taxonomy":"post_tag","embeddable":true,"href":"https:\/\/correiodasemana.com\/site\/wp-json\/wp\/v2\/tags?post=8537"}],"curies":[{"name":"wp","href":"https:\/\/api.w.org\/{rel}","templated":true}]}}