{"id":8573,"date":"2019-08-06T02:17:59","date_gmt":"2019-08-06T02:17:59","guid":{"rendered":"https:\/\/correiodasemana.com\/site\/?p=8573"},"modified":"2019-08-06T02:17:59","modified_gmt":"2019-08-06T02:17:59","slug":"becco-ponto-com-5","status":"publish","type":"post","link":"https:\/\/correiodasemana.com\/site\/becco-ponto-com-5\/","title":{"rendered":"Becco ponto Com"},"content":{"rendered":"<p><strong>livrai-nos, senhor!<\/strong><br \/>\ndo ataque plural ao r\u00e1dio sobralense. da a\u00e7\u00e3o nordestina da Para\u00edba ao mito. da invas\u00e3o dos guardas sem educa\u00e7\u00e3o. da globo com suas novelas indecentes. do puxa-saquismo visando o pleito 2020. da ruma de analfas sair pelas beiradas. das campanhas do conselho tutelar, ui! do guarany fazendo pol\u00edtica em campo. da briga da classe art\u00edstica os mpbestas. das bandas el\u00e9tricas de forr\u00f3s fuleiras. da pra\u00e7a do Patroc\u00ednio t\u00e3o invadida, ui! da ruma de doutores nos hospitais vida.<\/p>\n<p><strong>noticiando<\/strong><br \/>\na r\u00e1dio educadora do nordeste am recebeu em grande estilo, na cidade s\u00e1bado passado, dia 27, no becco, no programa do ivan frota homenagem justa em comemora\u00e7\u00e3o aos 60 anos de sua funda\u00e7\u00e3o. o centro cultural dom jos\u00e9 fez entrega de um certificado de honra ao m\u00e9rito a tal emissora cat\u00f3lica. foi uma festa popular na cidade com a presen\u00e7a do diretor padre lucas e membros de nossa diocese e populares assistindo ao vivo.<br \/>\na c\u00e2mara anunciando para 13 de agosto a festa do dia dos advogados(as) no plen\u00e1rio 05 de julho, \u00e0s 18h. o dr. mendes procurador do Munic\u00edpio figura como um dos eleitos e homenageado do ano, por m\u00e9ritos. salve a oab e seus profissionais t\u00e3o valorosos que na labuta do dia fazem hist\u00f3ria com sucesso.<br \/>\no digno m\u00e9dico cardiologista sobralense dr. jos\u00e9 gerardo, esteve mudando de idade dia 30, e sido muito cumprimentado por amigos e familiares na cidade, por m\u00e9ritos. \u00e9 o caro cidad\u00e3o com todas as letras. parab\u00e9ns, dr. Gerardo! E muitos anos em reconhecimento a sua vida \u00e9tica e de simplicidade t\u00e3o presente e amiga.<br \/>\no centro cultural anunciando para o m\u00eas de setembro sua festa anual a comemorar dom jos\u00e9, com homenagens em sess\u00f5es na cidade, na C\u00e2mara e no becco. receber\u00e3o o trof\u00e9u dom jos\u00e9, as personalidades: carlos aguiar, carlos do calisto, dr. santa maria tabeli\u00e3o, jos\u00e9 olavo nor\u00f5es ramos, dra. Mar\u00edlia ferreira lima, roseller morais do nascimento, jos\u00e9 alberto apoliano e santa casa de sobral, ser\u00e1 dia 27, \u00e0s 19h, no Plen\u00e1rio 05 de julho, na cidade de dom jos\u00e9 Tupinamb\u00e1 da frota.<br \/>\ndizem por a\u00ed: que o momento pol\u00edtico \u00e9 muito melindroso, e traz preocupa\u00e7\u00e3o popular a toda prova. os peitistas n\u00e3o se conformam com a sua derrota j\u00e1 o governo trabalha ca\u00e7ando corruptos, a fim de colocar nosso pa\u00eds nos eixos. salve as mudan\u00e7as de um gigante que vivia adormecido e falido por falta de homens p\u00fablicos comprometidos pela causa futura de uma na\u00e7\u00e3o forte.<\/p>\n<p><strong>PERFIL: Jos\u00e9 Itamar Ribeiro da Silva<\/strong><br \/>\num cidad\u00e3o com todas as letras e digno edil conceituado na cidade. Falo do caro vereador Itamar Ribeiro, l\u00edder amigo do pov\u00e3o de Sobral, homem afeito a ajudar o pr\u00f3ximo h\u00e1 anos no seu oficio pol\u00edtico e partid\u00e1rio na sua carreira de sucesso que hoje ilustra como o perfil da semana, por m\u00e9ritos nesta coluna nossa t\u00e3o lida.<\/p>\n<p><strong>em cima:<\/strong> o projeto de reforma do becco do cotovelo, que ser\u00e1 de novo um cart\u00e3o de visitas de nossa cidade princesa do norte. viva o prefeito ivo gomes e o seu amor por sobral \u00e0 bela terra de dom jos\u00e9 Tupinamb\u00e1 da frota, o segundo fundador desta urbe.<\/p>\n<p><strong>em baixo:<\/strong> os suj\u00f5es de nossas ruas e vielas no centro e nos bairros. \u00c8 assim no dia a dia o poder p\u00fablico limpa pela manh\u00e3 e o povo suja de tarde sem nenhuma educa\u00e7\u00e3o ambiental.<\/p>\n<p><strong>livre pensar &#8211;<\/strong> \u201cViver \u00e9 a arte mais salutar dos que convivem com a paz de esp\u00edrito\u201d. (poeta &#8211; chico prado)<\/p>\n","protected":false},"excerpt":{"rendered":"<p>livrai-nos, senhor! do ataque plural ao r\u00e1dio sobralense. da a\u00e7\u00e3o nordestina da Para\u00edba ao mito&#8230;.<\/p>\n","protected":false},"author":1,"featured_media":8574,"comment_status":"open","ping_status":"open","sticky":false,"template":"","format":"standard","meta":{"_jetpack_memberships_contains_paid_content":false,"footnotes":"","jetpack_publicize_message":"","jetpack_publicize_feature_enabled":true,"jetpack_social_post_already_shared":true,"jetpack_social_options":{"image_generator_settings":{"template":"highway","default_image_id":0,"font":"","enabled":false},"version":2}},"categories":[11,27],"tags":[],"class_list":["post-8573","post","type-post","status-publish","format-standard","has-post-thumbnail","hentry","category-artigos","category-becco-ponto-com"],"jetpack_publicize_connections":[],"jetpack_featured_media_url":"https:\/\/correiodasemana.com\/site\/wp-content\/uploads\/2019\/08\/Vereador-Jos\u00e9-Itamar-Ribeiro.jpg","jetpack-related-posts":[{"id":33240,"url":"https:\/\/correiodasemana.com\/site\/becco-ponto-com-209\/","url_meta":{"origin":8573,"position":0},"title":"BECCO PONTO.COM","author":"adminredacao","date":"Abril 7, 2025","format":false,"excerpt":"LIVRAI-NOS, SENHOR! De um novo time empresariado chegando, ufa! Da dor de corno ainda dos perdedores, \u201ca\u00ed doeu\u201d! Da ruma de profiss\u00f5es sem rumo nas escolas. Do Cid Gomes, ser um dia vereador de Sobral. Do mi-mi-mi pol\u00edtico da Santa Casa nos r\u00e1dios. Das Faculdades formando como bananas, ufa! Do\u2026","rel":"","context":"In &quot;Artigos&quot;","block_context":{"text":"Artigos","link":"https:\/\/correiodasemana.com\/site\/category\/artigos\/"},"img":{"alt_text":"","src":"https:\/\/i0.wp.com\/correiodasemana.com\/site\/wp-content\/uploads\/2021\/09\/Dr-Chico-Prado-Trofeu-Dom-Jose-1.jpg?resize=350%2C200&ssl=1","width":350,"height":200,"srcset":"https:\/\/i0.wp.com\/correiodasemana.com\/site\/wp-content\/uploads\/2021\/09\/Dr-Chico-Prado-Trofeu-Dom-Jose-1.jpg?resize=350%2C200&ssl=1 1x, https:\/\/i0.wp.com\/correiodasemana.com\/site\/wp-content\/uploads\/2021\/09\/Dr-Chico-Prado-Trofeu-Dom-Jose-1.jpg?resize=525%2C300&ssl=1 1.5x, https:\/\/i0.wp.com\/correiodasemana.com\/site\/wp-content\/uploads\/2021\/09\/Dr-Chico-Prado-Trofeu-Dom-Jose-1.jpg?resize=700%2C400&ssl=1 2x, https:\/\/i0.wp.com\/correiodasemana.com\/site\/wp-content\/uploads\/2021\/09\/Dr-Chico-Prado-Trofeu-Dom-Jose-1.jpg?resize=1050%2C600&ssl=1 3x, https:\/\/i0.wp.com\/correiodasemana.com\/site\/wp-content\/uploads\/2021\/09\/Dr-Chico-Prado-Trofeu-Dom-Jose-1.jpg?resize=1400%2C800&ssl=1 4x"},"classes":[]},{"id":21864,"url":"https:\/\/correiodasemana.com\/site\/becco-ponto-com-108\/","url_meta":{"origin":8573,"position":1},"title":"Becco ponto Com","author":"","date":"Novembro 28, 2022","format":false,"excerpt":"BECCO PONTO COM BR Livrai-nos, senhor! Da baboseira pol\u00edtica nacional. Da babaquice dos perdedores, ui! Dos peitistas voltando ao poder. Dos bab\u00f5es por amor pol\u00edtico, ui! Dos doutores semideuses, daqui! Da zebra rondando a canarinha. Da ruma de faculdades paga-leva. Das black fraudes t\u00e3o modernas. De n\u00e3o reformarem o Becco,\u2026","rel":"","context":"In &quot;Artigos&quot;","block_context":{"text":"Artigos","link":"https:\/\/correiodasemana.com\/site\/category\/artigos\/"},"img":{"alt_text":"","src":"https:\/\/i0.wp.com\/correiodasemana.com\/site\/wp-content\/uploads\/2021\/09\/Dr-Chico-Prado-Trofeu-Dom-Jose-1-1.jpg?resize=350%2C200&ssl=1","width":350,"height":200,"srcset":"https:\/\/i0.wp.com\/correiodasemana.com\/site\/wp-content\/uploads\/2021\/09\/Dr-Chico-Prado-Trofeu-Dom-Jose-1-1.jpg?resize=350%2C200&ssl=1 1x, https:\/\/i0.wp.com\/correiodasemana.com\/site\/wp-content\/uploads\/2021\/09\/Dr-Chico-Prado-Trofeu-Dom-Jose-1-1.jpg?resize=525%2C300&ssl=1 1.5x, https:\/\/i0.wp.com\/correiodasemana.com\/site\/wp-content\/uploads\/2021\/09\/Dr-Chico-Prado-Trofeu-Dom-Jose-1-1.jpg?resize=700%2C400&ssl=1 2x"},"classes":[]},{"id":30614,"url":"https:\/\/correiodasemana.com\/site\/becco-ponto-com-182\/","url_meta":{"origin":8573,"position":2},"title":"BECCO PONTO.COM","author":"adminredacao","date":"Setembro 9, 2024","format":false,"excerpt":"LIVRAI-NOS, SENHOR! Do fumo arapiraca via taxa do lixo. Ufa, Sobral! Das consultas m\u00e9dicas vapt vupt modernas, ui! Dos pid\u00f5es de votos j\u00e1 nas portas da pobreza! Decep\u00e7\u00e3o das promessas v\u00e3s dos pol\u00edticos. Dos palha\u00e7os trajados de cidad\u00e3os pol\u00edticos. Do medo infernal dos fg\u2019s perderem este ano. Da ruma de\u2026","rel":"","context":"In &quot;Artigos&quot;","block_context":{"text":"Artigos","link":"https:\/\/correiodasemana.com\/site\/category\/artigos\/"},"img":{"alt_text":"","src":"https:\/\/i0.wp.com\/correiodasemana.com\/site\/wp-content\/uploads\/2021\/09\/Dr-Chico-Prado-Trofeu-Dom-Jose-1.jpg?resize=350%2C200&ssl=1","width":350,"height":200,"srcset":"https:\/\/i0.wp.com\/correiodasemana.com\/site\/wp-content\/uploads\/2021\/09\/Dr-Chico-Prado-Trofeu-Dom-Jose-1.jpg?resize=350%2C200&ssl=1 1x, https:\/\/i0.wp.com\/correiodasemana.com\/site\/wp-content\/uploads\/2021\/09\/Dr-Chico-Prado-Trofeu-Dom-Jose-1.jpg?resize=525%2C300&ssl=1 1.5x, https:\/\/i0.wp.com\/correiodasemana.com\/site\/wp-content\/uploads\/2021\/09\/Dr-Chico-Prado-Trofeu-Dom-Jose-1.jpg?resize=700%2C400&ssl=1 2x, https:\/\/i0.wp.com\/correiodasemana.com\/site\/wp-content\/uploads\/2021\/09\/Dr-Chico-Prado-Trofeu-Dom-Jose-1.jpg?resize=1050%2C600&ssl=1 3x, https:\/\/i0.wp.com\/correiodasemana.com\/site\/wp-content\/uploads\/2021\/09\/Dr-Chico-Prado-Trofeu-Dom-Jose-1.jpg?resize=1400%2C800&ssl=1 4x"},"classes":[]},{"id":28592,"url":"https:\/\/correiodasemana.com\/site\/becco-ponto-com-160\/","url_meta":{"origin":8573,"position":3},"title":"Becco Ponto Com","author":"adminredacao","date":"Mar\u00e7o 4, 2024","format":false,"excerpt":"LIVRAI-NOS, SENHOR! Da ruma de empresas se fora. Da fala imbecil de lula, via pt. Da correria por medicina, ufa! Da volta da mesma C\u00e2mara, ui! Da gula por impostos aqui, ui! Do becco \u201csuper abandonado\u201d. Das carolas t\u00e3o modernas, ui! Dos puxas laranjas da terra. De uma elei\u00e7\u00e3o baixo\u2026","rel":"","context":"In &quot;Artigos&quot;","block_context":{"text":"Artigos","link":"https:\/\/correiodasemana.com\/site\/category\/artigos\/"},"img":{"alt_text":"","src":"https:\/\/i0.wp.com\/correiodasemana.com\/site\/wp-content\/uploads\/2021\/09\/Dr-Chico-Prado-Trofeu-Dom-Jose-1.jpg?resize=350%2C200&ssl=1","width":350,"height":200,"srcset":"https:\/\/i0.wp.com\/correiodasemana.com\/site\/wp-content\/uploads\/2021\/09\/Dr-Chico-Prado-Trofeu-Dom-Jose-1.jpg?resize=350%2C200&ssl=1 1x, https:\/\/i0.wp.com\/correiodasemana.com\/site\/wp-content\/uploads\/2021\/09\/Dr-Chico-Prado-Trofeu-Dom-Jose-1.jpg?resize=525%2C300&ssl=1 1.5x, https:\/\/i0.wp.com\/correiodasemana.com\/site\/wp-content\/uploads\/2021\/09\/Dr-Chico-Prado-Trofeu-Dom-Jose-1.jpg?resize=700%2C400&ssl=1 2x, https:\/\/i0.wp.com\/correiodasemana.com\/site\/wp-content\/uploads\/2021\/09\/Dr-Chico-Prado-Trofeu-Dom-Jose-1.jpg?resize=1050%2C600&ssl=1 3x, https:\/\/i0.wp.com\/correiodasemana.com\/site\/wp-content\/uploads\/2021\/09\/Dr-Chico-Prado-Trofeu-Dom-Jose-1.jpg?resize=1400%2C800&ssl=1 4x"},"classes":[]},{"id":26087,"url":"https:\/\/correiodasemana.com\/site\/becco-ponto-com-133\/","url_meta":{"origin":8573,"position":4},"title":"Becco Ponto Com","author":"adminredacao","date":"Agosto 14, 2023","format":false,"excerpt":"LIVRAI-NOS, SENHOR! 01. dos candidatos buchas dos distritos. 02. Da ruma de cursos modernos hoje, ui! 03. Da matan\u00e7a de \u00edndios na Amaz\u00f4nia, ui! 04. Da f\u00e1brica de diplomas nos governos. 05. Da invas\u00e3o de sem tetos na cidade, Ufa! 06. Do Lulismo invadindo a democracia. 07. Do abandono do\u2026","rel":"","context":"In &quot;Artigos&quot;","block_context":{"text":"Artigos","link":"https:\/\/correiodasemana.com\/site\/category\/artigos\/"},"img":{"alt_text":"","src":"https:\/\/i0.wp.com\/correiodasemana.com\/site\/wp-content\/uploads\/2021\/09\/Dr-Chico-Prado-Trofeu-Dom-Jose-1.jpg?resize=350%2C200&ssl=1","width":350,"height":200,"srcset":"https:\/\/i0.wp.com\/correiodasemana.com\/site\/wp-content\/uploads\/2021\/09\/Dr-Chico-Prado-Trofeu-Dom-Jose-1.jpg?resize=350%2C200&ssl=1 1x, https:\/\/i0.wp.com\/correiodasemana.com\/site\/wp-content\/uploads\/2021\/09\/Dr-Chico-Prado-Trofeu-Dom-Jose-1.jpg?resize=525%2C300&ssl=1 1.5x, https:\/\/i0.wp.com\/correiodasemana.com\/site\/wp-content\/uploads\/2021\/09\/Dr-Chico-Prado-Trofeu-Dom-Jose-1.jpg?resize=700%2C400&ssl=1 2x, https:\/\/i0.wp.com\/correiodasemana.com\/site\/wp-content\/uploads\/2021\/09\/Dr-Chico-Prado-Trofeu-Dom-Jose-1.jpg?resize=1050%2C600&ssl=1 3x, https:\/\/i0.wp.com\/correiodasemana.com\/site\/wp-content\/uploads\/2021\/09\/Dr-Chico-Prado-Trofeu-Dom-Jose-1.jpg?resize=1400%2C800&ssl=1 4x"},"classes":[]},{"id":26219,"url":"https:\/\/correiodasemana.com\/site\/becco-ponto-com-134\/","url_meta":{"origin":8573,"position":5},"title":"Becco Ponto Com","author":"adminredacao","date":"Agosto 21, 2023","format":false,"excerpt":"LIVRAI-NOS, SENHOR! 01. dos candidatos buchas dos distritos. 02. Da ruma de cursos modernos hoje, ui! 03. Da matan\u00e7a de \u00edndios na Amaz\u00f4nia, ui! 04. Da f\u00e1brica de diplomas nos governos. 05. Da invas\u00e3o de sem tetos na cidade, ufa! 06. Do Lulismo invadindo a democracia. 07. Do abandono do\u2026","rel":"","context":"In &quot;Artigos&quot;","block_context":{"text":"Artigos","link":"https:\/\/correiodasemana.com\/site\/category\/artigos\/"},"img":{"alt_text":"","src":"https:\/\/i0.wp.com\/correiodasemana.com\/site\/wp-content\/uploads\/2021\/09\/Dr-Chico-Prado-Trofeu-Dom-Jose-1-1.jpg?resize=350%2C200&ssl=1","width":350,"height":200,"srcset":"https:\/\/i0.wp.com\/correiodasemana.com\/site\/wp-content\/uploads\/2021\/09\/Dr-Chico-Prado-Trofeu-Dom-Jose-1-1.jpg?resize=350%2C200&ssl=1 1x, https:\/\/i0.wp.com\/correiodasemana.com\/site\/wp-content\/uploads\/2021\/09\/Dr-Chico-Prado-Trofeu-Dom-Jose-1-1.jpg?resize=525%2C300&ssl=1 1.5x, https:\/\/i0.wp.com\/correiodasemana.com\/site\/wp-content\/uploads\/2021\/09\/Dr-Chico-Prado-Trofeu-Dom-Jose-1-1.jpg?resize=700%2C400&ssl=1 2x"},"classes":[]}],"jetpack_sharing_enabled":true,"_links":{"self":[{"href":"https:\/\/correiodasemana.com\/site\/wp-json\/wp\/v2\/posts\/8573","targetHints":{"allow":["GET"]}}],"collection":[{"href":"https:\/\/correiodasemana.com\/site\/wp-json\/wp\/v2\/posts"}],"about":[{"href":"https:\/\/correiodasemana.com\/site\/wp-json\/wp\/v2\/types\/post"}],"author":[{"embeddable":true,"href":"https:\/\/correiodasemana.com\/site\/wp-json\/wp\/v2\/users\/1"}],"replies":[{"embeddable":true,"href":"https:\/\/correiodasemana.com\/site\/wp-json\/wp\/v2\/comments?post=8573"}],"version-history":[{"count":1,"href":"https:\/\/correiodasemana.com\/site\/wp-json\/wp\/v2\/posts\/8573\/revisions"}],"predecessor-version":[{"id":8575,"href":"https:\/\/correiodasemana.com\/site\/wp-json\/wp\/v2\/posts\/8573\/revisions\/8575"}],"wp:featuredmedia":[{"embeddable":true,"href":"https:\/\/correiodasemana.com\/site\/wp-json\/wp\/v2\/media\/8574"}],"wp:attachment":[{"href":"https:\/\/correiodasemana.com\/site\/wp-json\/wp\/v2\/media?parent=8573"}],"wp:term":[{"taxonomy":"category","embeddable":true,"href":"https:\/\/correiodasemana.com\/site\/wp-json\/wp\/v2\/categories?post=8573"},{"taxonomy":"post_tag","embeddable":true,"href":"https:\/\/correiodasemana.com\/site\/wp-json\/wp\/v2\/tags?post=8573"}],"curies":[{"name":"wp","href":"https:\/\/api.w.org\/{rel}","templated":true}]}}