{"id":8614,"date":"2019-08-06T02:39:25","date_gmt":"2019-08-06T02:39:25","guid":{"rendered":"https:\/\/correiodasemana.com\/site\/?p=8614"},"modified":"2019-08-06T02:39:25","modified_gmt":"2019-08-06T02:39:25","slug":"sentido-da-riqueza","status":"publish","type":"post","link":"https:\/\/correiodasemana.com\/site\/sentido-da-riqueza\/","title":{"rendered":"Sentido da riqueza"},"content":{"rendered":"<p>\u00c9 importante entender a palavra \u201criqueza\u201d. Na defini\u00e7\u00e3o virtual, riqueza \u201c\u00e9 a situa\u00e7\u00e3o referente \u00e0 abund\u00e2ncia na posse de bens materiais, tais como dinheiro e propriedades m\u00f3veis, im\u00f3veis e semoventes; sendo, portanto, o contr\u00e1rio de pobreza. Tamb\u00e9m se aplica \u00e0 condi\u00e7\u00e3o de algu\u00e9m ter em abund\u00e2ncia um determinado bem de valor\u201d. \u00c9 uma conceitua\u00e7\u00e3o muito pobre pela sua dimens\u00e3o.<br \/>\nOlhando por outro prisma, a riqueza tem uma abrang\u00eancia e uma evid\u00eancia existencial na vida das pessoas. \u00c9 o caso de uma voca\u00e7\u00e3o, escolhida por um indiv\u00edduo, e colocada a servi\u00e7o do bem do pr\u00f3ximo. Significa que n\u00e3o bastam simplesmente os bens materiais para que a pessoa seja realizada. Creio que podemos dizer de uma riqueza interior do indiv\u00edduo que o torna plenamente feliz.<br \/>\nO Livro do Eclesiastes fala do perigo das ilus\u00f5es, coisas v\u00e3s, vazio, sem consist\u00eancia, vaidade. Aqui devemos dizer do perigo do ac\u00famulo de riquezas materiais, do afoitamento para conseguir acumular, sabendo que n\u00e3o vai conseguir usufruir desse ac\u00famulo e ficar\u00e1 frustrado. Esse bem acaba ficando para o uso de quem em nada colaborou. O trabalho deve ser dom e n\u00e3o s\u00f3 meio de ac\u00famulo.<br \/>\nA maior riqueza do ser humano \u00e9 o Reino de Deus. Reino fundamentado nos ensinamentos do Evangelho de Jesus Cristo, onde se diz que muita coisa constru\u00edda na terra \u00e9 passageira e n\u00e3o d\u00e1 sustenta\u00e7\u00e3o para o verdadeiro sentido da vida humana. \u00c0s vezes se cria um mundo de superficialidade, sem preocupa\u00e7\u00e3o com o outro e envolto por um clima de insustentabilidade e vazio existencial.<br \/>\nN\u00e3o \u00e9 correto medir a exist\u00eancia humana por bens materiais acumulados, mas sim pela capacidade de reconhecer a gratuidade de Deus em possibilitar uma vida com muitos bens, mas que \u00e9tica e crist\u00e3mente devem ser colocados na dimens\u00e3o social. O ap\u00f3stolo Paulo diz que a pessoa precisa se orientar para \u201cas coisas do alto\u201d, que \u00e9 a partilha, a solidariedade, o respeito, o revestir-se de Cristo.<br \/>\nOlhar para as coisas do alto n\u00e3o significa desprezar as que s\u00e3o da terra, mas entend\u00ea-las como dons de Deus, dadas para o bem coletivo e agir isento de todo tipo de ego\u00edsmo. Com esta vis\u00e3o \u00e9 poss\u00edvel entender qual \u00e9 o justo lugar dos bens materiais, que n\u00e3o pode ser o cora\u00e7\u00e3o das pessoas. Jesus diz aquela frase do ego\u00edsta: \u201conde estiver o teu tesouro, estar\u00e1 tamb\u00e9m o teu cora\u00e7\u00e3o\u201d (Mt 6,21).<br \/>\nDom Paulo Mendes Peixoto &#8211; Arcebispo de Uberaba (MG)<\/p>\n","protected":false},"excerpt":{"rendered":"<p>\u00c9 importante entender a palavra \u201criqueza\u201d. Na defini\u00e7\u00e3o virtual, riqueza \u201c\u00e9 a situa\u00e7\u00e3o referente \u00e0&#8230;<\/p>\n","protected":false},"author":1,"featured_media":8461,"comment_status":"open","ping_status":"open","sticky":false,"template":"","format":"standard","meta":{"_jetpack_memberships_contains_paid_content":false,"footnotes":"","jetpack_publicize_message":"","jetpack_publicize_feature_enabled":true,"jetpack_social_post_already_shared":true,"jetpack_social_options":{"image_generator_settings":{"template":"highway","default_image_id":0,"font":"","enabled":false},"version":2}},"categories":[24,4,39],"tags":[],"class_list":["post-8614","post","type-post","status-publish","format-standard","has-post-thumbnail","hentry","category-a-voz-do-pastor","category-diocese","category-igreja"],"jetpack_publicize_connections":[],"jetpack_featured_media_url":"https:\/\/correiodasemana.com\/site\/wp-content\/uploads\/2019\/07\/Dom-Vasconcelos-Em-entrevista-concedida-\u00e0-Pascom-Diocesana-Foto-Jo\u00e3o-Pauloo.jpg","jetpack-related-posts":[{"id":21171,"url":"https:\/\/correiodasemana.com\/site\/dom-vasconcelos-preside-missa-solene-pelos-63-anos-de-falecimento-de-dom-jose-tupinamba-da-frota\/","url_meta":{"origin":8614,"position":0},"title":"Dom Vasconcelos preside missa solene pelos 63 anos de falecimento de Dom Jos\u00e9 Tupinamb\u00e1 da Frota","author":"","date":"Outubro 2, 2022","format":false,"excerpt":"(Thais Helena \u2013 Reda\u00e7\u00e3o Correio da Semana) O Bispo Diocesano, Dom Vasconcelos, presidiu no \u00faltimo domingo (25\/09), a santa missa pelos 63 anos de falecimento de Dom Jos\u00e9 Tupinamb\u00e1 da Frota na Catedral da S\u00e9. Antes de dar in\u00edcio a celebra\u00e7\u00e3o houve um momento oracional, ocasi\u00e3o em que o bispo\u2026","rel":"","context":"In &quot;Atualidade&quot;","block_context":{"text":"Atualidade","link":"https:\/\/correiodasemana.com\/site\/category\/atualidade\/"},"img":{"alt_text":"","src":"https:\/\/i0.wp.com\/correiodasemana.com\/site\/wp-content\/uploads\/2022\/10\/dom-vasoncelos.jpg?resize=350%2C200&ssl=1","width":350,"height":200,"srcset":"https:\/\/i0.wp.com\/correiodasemana.com\/site\/wp-content\/uploads\/2022\/10\/dom-vasoncelos.jpg?resize=350%2C200&ssl=1 1x, https:\/\/i0.wp.com\/correiodasemana.com\/site\/wp-content\/uploads\/2022\/10\/dom-vasoncelos.jpg?resize=525%2C300&ssl=1 1.5x, https:\/\/i0.wp.com\/correiodasemana.com\/site\/wp-content\/uploads\/2022\/10\/dom-vasoncelos.jpg?resize=700%2C400&ssl=1 2x"},"classes":[]},{"id":18797,"url":"https:\/\/correiodasemana.com\/site\/riquezas-e-pobrezas\/","url_meta":{"origin":8614,"position":1},"title":"Riquezas e Pobrezas","author":"","date":"Fevereiro 7, 2022","format":false,"excerpt":"Quando falamos em riqueza o que nos vem logo \u00e0 mente s\u00e3o pessoas que possuem patrim\u00f4nios materiais como casas suntuosas, apartamentos de luxo, carros importados, fazendas, ind\u00fastrias. J\u00e1 quando ouvimos a palavra pobreza nos vem o pensamento a pessoas sem moradia ou que moram embaixo de pontes, em casas de\u2026","rel":"","context":"In &quot;Artigos&quot;","block_context":{"text":"Artigos","link":"https:\/\/correiodasemana.com\/site\/category\/artigos\/"},"img":{"alt_text":"","src":"https:\/\/i0.wp.com\/correiodasemana.com\/site\/wp-content\/uploads\/2021\/08\/Salmito-Campos.jpg?resize=350%2C200&ssl=1","width":350,"height":200,"srcset":"https:\/\/i0.wp.com\/correiodasemana.com\/site\/wp-content\/uploads\/2021\/08\/Salmito-Campos.jpg?resize=350%2C200&ssl=1 1x, https:\/\/i0.wp.com\/correiodasemana.com\/site\/wp-content\/uploads\/2021\/08\/Salmito-Campos.jpg?resize=525%2C300&ssl=1 1.5x, https:\/\/i0.wp.com\/correiodasemana.com\/site\/wp-content\/uploads\/2021\/08\/Salmito-Campos.jpg?resize=700%2C400&ssl=1 2x, https:\/\/i0.wp.com\/correiodasemana.com\/site\/wp-content\/uploads\/2021\/08\/Salmito-Campos.jpg?resize=1050%2C600&ssl=1 3x, https:\/\/i0.wp.com\/correiodasemana.com\/site\/wp-content\/uploads\/2021\/08\/Salmito-Campos.jpg?resize=1400%2C800&ssl=1 4x"},"classes":[]},{"id":28322,"url":"https:\/\/correiodasemana.com\/site\/filhos-de-siao-15\/","url_meta":{"origin":8614,"position":2},"title":"filhos de si\u00e3o","author":"adminredacao","date":"Fevereiro 15, 2024","format":false,"excerpt":"O Filho Pr\u00f3digo \u00e9 o caminho que leva para casa Falar do Amor de Deus \u00e9 descrever da minha e da sua hist\u00f3ria, de ser encontrado por um Deus eterno e que ama de forma pessoal. Um amor fiel, misericordioso e gratuito. O amor de Deus nos desconserta, nunca conseguiremos\u2026","rel":"","context":"In &quot;Artigos&quot;","block_context":{"text":"Artigos","link":"https:\/\/correiodasemana.com\/site\/category\/artigos\/"},"img":{"alt_text":"","src":"https:\/\/i0.wp.com\/correiodasemana.com\/site\/wp-content\/uploads\/2018\/02\/Igreja_Se%CC%81.jpg?resize=350%2C200&ssl=1","width":350,"height":200,"srcset":"https:\/\/i0.wp.com\/correiodasemana.com\/site\/wp-content\/uploads\/2018\/02\/Igreja_Se%CC%81.jpg?resize=350%2C200&ssl=1 1x, https:\/\/i0.wp.com\/correiodasemana.com\/site\/wp-content\/uploads\/2018\/02\/Igreja_Se%CC%81.jpg?resize=525%2C300&ssl=1 1.5x, https:\/\/i0.wp.com\/correiodasemana.com\/site\/wp-content\/uploads\/2018\/02\/Igreja_Se%CC%81.jpg?resize=700%2C400&ssl=1 2x, https:\/\/i0.wp.com\/correiodasemana.com\/site\/wp-content\/uploads\/2018\/02\/Igreja_Se%CC%81.jpg?resize=1050%2C600&ssl=1 3x, https:\/\/i0.wp.com\/correiodasemana.com\/site\/wp-content\/uploads\/2018\/02\/Igreja_Se%CC%81.jpg?resize=1400%2C800&ssl=1 4x"},"classes":[]},{"id":12703,"url":"https:\/\/correiodasemana.com\/site\/pos-pandemia-divida-dos-mais-pobres-fara-desigualdade-explodir-em-5-anos\/","url_meta":{"origin":8614,"position":3},"title":"P\u00f3s-pandemia: d\u00edvida dos mais pobres far\u00e1 desigualdade explodir em 5 anos","author":"","date":"Agosto 11, 2020","format":false,"excerpt":"A tend\u00eancia que governos e Bancos Centrais tentam amenizar mundo afora desde o come\u00e7o da crise do\u00a0coronav\u00edrus\u00a0pode ter sido enfraquecida por ora, mas as chances desse cen\u00e1rio piorar depois do fim dos aux\u00edlios emergenciais a empresas e vulner\u00e1veis s\u00e3o grandes. O alerta \u00e9 feito em relat\u00f3rio da Oxford Economics, que\u2026","rel":"","context":"In &quot;Atualidade&quot;","block_context":{"text":"Atualidade","link":"https:\/\/correiodasemana.com\/site\/category\/atualidade\/"},"img":{"alt_text":"","src":"https:\/\/i0.wp.com\/correiodasemana.com\/site\/wp-content\/uploads\/2020\/08\/pobres-e-ricos.jpg?resize=350%2C200&ssl=1","width":350,"height":200,"srcset":"https:\/\/i0.wp.com\/correiodasemana.com\/site\/wp-content\/uploads\/2020\/08\/pobres-e-ricos.jpg?resize=350%2C200&ssl=1 1x, https:\/\/i0.wp.com\/correiodasemana.com\/site\/wp-content\/uploads\/2020\/08\/pobres-e-ricos.jpg?resize=525%2C300&ssl=1 1.5x, https:\/\/i0.wp.com\/correiodasemana.com\/site\/wp-content\/uploads\/2020\/08\/pobres-e-ricos.jpg?resize=700%2C400&ssl=1 2x, https:\/\/i0.wp.com\/correiodasemana.com\/site\/wp-content\/uploads\/2020\/08\/pobres-e-ricos.jpg?resize=1050%2C600&ssl=1 3x"},"classes":[]},{"id":36368,"url":"https:\/\/correiodasemana.com\/site\/dia-mundial-dos-pobres-2025\/","url_meta":{"origin":8614,"position":4},"title":"Dia Mundial dos Pobres 2025","author":"adminredacao","date":"Novembro 18, 2025","format":false,"excerpt":"O Papa Le\u00e3o XIV toma como tema, em sintonia com o Ano Jubilar da esperan\u00e7a, para o\u00a09\u00ba\u00a0Dia Mundial dos Pobres, a palavra dos Salmos: \u201cTu \u00e9s a minha esperan\u00e7a\u201d (Sl\u00a071,5). A condi\u00e7\u00e3o de pobre n\u00e3o pode tirar da pessoa a virtude da esperan\u00e7a, porque ela \u00e9 fundamental para a autoestima\u2026","rel":"","context":"In &quot;A voz do Pastor&quot;","block_context":{"text":"A voz do Pastor","link":"https:\/\/correiodasemana.com\/site\/category\/a-voz-do-pastor\/"},"img":{"alt_text":"","src":"https:\/\/i0.wp.com\/correiodasemana.com\/site\/wp-content\/uploads\/2019\/07\/Dom-Vasconcelos-posses.jpg?resize=350%2C200&ssl=1","width":350,"height":200,"srcset":"https:\/\/i0.wp.com\/correiodasemana.com\/site\/wp-content\/uploads\/2019\/07\/Dom-Vasconcelos-posses.jpg?resize=350%2C200&ssl=1 1x, https:\/\/i0.wp.com\/correiodasemana.com\/site\/wp-content\/uploads\/2019\/07\/Dom-Vasconcelos-posses.jpg?resize=525%2C300&ssl=1 1.5x, https:\/\/i0.wp.com\/correiodasemana.com\/site\/wp-content\/uploads\/2019\/07\/Dom-Vasconcelos-posses.jpg?resize=700%2C400&ssl=1 2x"},"classes":[]},{"id":14517,"url":"https:\/\/correiodasemana.com\/site\/descarte-mundial\/","url_meta":{"origin":8614,"position":5},"title":"Descarte Mundial","author":"","date":"Novembro 12, 2020","format":false,"excerpt":"No dizer do Papa Francisco, existe hoje uma insensibilidade em rela\u00e7\u00e3o aos nascituros e aos idosos, mas tamb\u00e9m em rela\u00e7\u00e3o a todo tipo de desperd\u00edcio. O que conta s\u00e3o os interesses individuais, chegando a descartar alimentos e bens sup\u00e9rfluos, mas tamb\u00e9m seres humanos. Muitos idosos pelo mundo foram descartados por\u2026","rel":"","context":"In &quot;A voz do Pastor&quot;","block_context":{"text":"A voz do Pastor","link":"https:\/\/correiodasemana.com\/site\/category\/a-voz-do-pastor\/"},"img":{"alt_text":"","src":"https:\/\/i0.wp.com\/correiodasemana.com\/site\/wp-content\/uploads\/2019\/07\/Dom-Vasconcelos-posses.jpg?resize=350%2C200&ssl=1","width":350,"height":200,"srcset":"https:\/\/i0.wp.com\/correiodasemana.com\/site\/wp-content\/uploads\/2019\/07\/Dom-Vasconcelos-posses.jpg?resize=350%2C200&ssl=1 1x, https:\/\/i0.wp.com\/correiodasemana.com\/site\/wp-content\/uploads\/2019\/07\/Dom-Vasconcelos-posses.jpg?resize=525%2C300&ssl=1 1.5x, https:\/\/i0.wp.com\/correiodasemana.com\/site\/wp-content\/uploads\/2019\/07\/Dom-Vasconcelos-posses.jpg?resize=700%2C400&ssl=1 2x"},"classes":[]}],"jetpack_sharing_enabled":true,"_links":{"self":[{"href":"https:\/\/correiodasemana.com\/site\/wp-json\/wp\/v2\/posts\/8614","targetHints":{"allow":["GET"]}}],"collection":[{"href":"https:\/\/correiodasemana.com\/site\/wp-json\/wp\/v2\/posts"}],"about":[{"href":"https:\/\/correiodasemana.com\/site\/wp-json\/wp\/v2\/types\/post"}],"author":[{"embeddable":true,"href":"https:\/\/correiodasemana.com\/site\/wp-json\/wp\/v2\/users\/1"}],"replies":[{"embeddable":true,"href":"https:\/\/correiodasemana.com\/site\/wp-json\/wp\/v2\/comments?post=8614"}],"version-history":[{"count":1,"href":"https:\/\/correiodasemana.com\/site\/wp-json\/wp\/v2\/posts\/8614\/revisions"}],"predecessor-version":[{"id":8615,"href":"https:\/\/correiodasemana.com\/site\/wp-json\/wp\/v2\/posts\/8614\/revisions\/8615"}],"wp:featuredmedia":[{"embeddable":true,"href":"https:\/\/correiodasemana.com\/site\/wp-json\/wp\/v2\/media\/8461"}],"wp:attachment":[{"href":"https:\/\/correiodasemana.com\/site\/wp-json\/wp\/v2\/media?parent=8614"}],"wp:term":[{"taxonomy":"category","embeddable":true,"href":"https:\/\/correiodasemana.com\/site\/wp-json\/wp\/v2\/categories?post=8614"},{"taxonomy":"post_tag","embeddable":true,"href":"https:\/\/correiodasemana.com\/site\/wp-json\/wp\/v2\/tags?post=8614"}],"curies":[{"name":"wp","href":"https:\/\/api.w.org\/{rel}","templated":true}]}}