{"id":8625,"date":"2019-08-17T21:29:59","date_gmt":"2019-08-17T21:29:59","guid":{"rendered":"https:\/\/correiodasemana.com\/site\/?p=8625"},"modified":"2019-08-17T21:29:59","modified_gmt":"2019-08-17T21:29:59","slug":"regioes-episcopais-7","status":"publish","type":"post","link":"https:\/\/correiodasemana.com\/site\/regioes-episcopais-7\/","title":{"rendered":"Regi\u00f5es Episcopais"},"content":{"rendered":"<p><strong>Par\u00f3quia Nossa Senhora da Concei\u00e7\u00e3o \u2013 Acara\u00fa-CE<\/strong><br \/>\nIX Festa de Santo Agostinho de 21 a 28 de Agosto, na comunidade de Correguinho dos Agostinhos. Que refletir\u00e1 o tema: \u201cO Evangelho da Fam\u00edlia, alegria que enche o cora\u00e7\u00e3o\u201d. E o lema: \u201cSer\u00e1s libertado pelo direito e pela justi\u00e7a\u201d. Padre Edmilson p\u00e1roco na cidade de Acara\u00fa convida todos os devotos de Santo Agostinho e as demais pessoas que queiram participar das festividades para se fazerem presentes.<\/p>\n<p><strong>Santu\u00e1rio S\u00e3o Francisco \u2013 Sobral-CE<\/strong><br \/>\n<strong>Convite dos frades Capuchinos de Sobral:<\/strong><br \/>\nDia 8 de Agosto teve inicio o Tr\u00edduo em Prepara\u00e7\u00e3o a Festa de Santa Clara de Assis. Dia 11 de agosto queremos celebrar de maneira solene e festiva o dia de Santa Clara e o Envio das Imagens Peregrinas de S\u00e3o Francisco que ir\u00e1 visitar nossas fam\u00edlias, j\u00e1 preparando os nossos cora\u00e7\u00f5es para viver a Festa de Nosso Ser\u00e1fico Pai S\u00e3o Francisco. \u00c9 um tempo de ora\u00e7\u00e3o, encontros e visitas em nossas fam\u00edlias! \u00c9 um tempo de Miss\u00e3o Franciscana em nossos lares! Celebre conosco! Santa Clara, rogai por n\u00f3s.<\/p>\n<p><strong>Par\u00f3quia Nossa Senhora do Patroc\u00ednio \u2013 Sobral-CE<\/strong><br \/>\nPrograma\u00e7\u00e3o da festa 2019 da Par\u00f3quia Nossa Senhora do Patroc\u00ednio:<br \/>\nDia 10 (s\u00e1bado)<br \/>\nTema: O chamado (Os doze).<br \/>\nCelebra\u00e7\u00e3o Eucar\u00edstica: Pe. Jairo.<br \/>\nDia 11(domingo)<br \/>\nTema: A convers\u00e3o (Zaqueu e o tesouro do Reino).<br \/>\nCelebra\u00e7\u00e3o Eucar\u00edstica: Dom Jos\u00e9 Lu\u00eds G. Vasconcelos.<br \/>\nDia 12 (segunda)<br \/>\nTema: O Batismo (O homem novo).<br \/>\nCelebra\u00e7\u00e3o Eucar\u00edstica: Pe. Lucas.<br \/>\nDia 13: (ter\u00e7a)<br \/>\nTema: A comunidade (As bem-aventuran\u00e7as).<br \/>\nCelebra\u00e7\u00e3o Eucar\u00edstica: Pe. Lucione.<br \/>\nDia 14: (quarta)<br \/>\nTema: A Eucaristia (O alimento).<br \/>\nCelebra\u00e7\u00e3o Eucar\u00edstica: Pe. Cl\u00e1udio.<br \/>\nDia 15: (quinta)<br \/>\nTema: D\u00edzimo: gratid\u00e3o a Deus e compromisso com a Igreja.<br \/>\nCelebra\u00e7\u00e3o Eucar\u00edstica: Mons. R\u00f4mulo.<br \/>\nDia 16: (sexta)<br \/>\nTema: O testemunho (Crisma).<br \/>\nCelebra\u00e7\u00e3o Eucar\u00edstica: Pe. Gon\u00e7alo.<br \/>\nDia 17 (s\u00e1bado)<br \/>\nTema: A diaconia (A caridade).<br \/>\nCelebra\u00e7\u00e3o Eucar\u00edstica: Pe. F\u00e1bio Mota.<br \/>\nObs: 09:00- Missa dos idosos. Pe. Agnaldo.<br \/>\nDia 18 (domingo)<br \/>\n18h: Prociss\u00e3o<br \/>\n19h: Celebra\u00e7\u00e3o Eucar\u00edstica e arriamento das bandeiras.<br \/>\nNoit\u00e1rios: toda comunidade paroquial.<br \/>\nTema: Batizados e enviados: A igreja do Cristo em miss\u00e3o no mundo.<br \/>\nCelebra\u00e7\u00e3o Eucar\u00edstica: Pe. Agnaldo.<br \/>\nNovena: 18h:40min<br \/>\nMissa: 19h<br \/>\nPar\u00f3quia de Santa Luzia \u2013 Jijoca de Jericoacoara-CE<br \/>\nPadre Manoel Dom\u00edcio P\u00e1roco em Jijoca comunica toda popula\u00e7\u00e3o jijoquense que no dia 17 de agosto ir\u00e1 ser realizado o I Congresso das Fam\u00edlias. Ser\u00e1 um momento de louvor, adora\u00e7\u00e3o e momentos de prega\u00e7\u00f5es. Para maiores informa\u00e7\u00f5es basta entrar em contato atrav\u00e9s do telefone (88) 9.9713-5774.<\/p>\n","protected":false},"excerpt":{"rendered":"<p>Par\u00f3quia Nossa Senhora da Concei\u00e7\u00e3o \u2013 Acara\u00fa-CE IX Festa de Santo Agostinho de 21 a&#8230;<\/p>\n","protected":false},"author":1,"featured_media":58,"comment_status":"open","ping_status":"open","sticky":false,"template":"","format":"standard","meta":{"_jetpack_memberships_contains_paid_content":false,"footnotes":"","jetpack_publicize_message":"","jetpack_publicize_feature_enabled":true,"jetpack_social_post_already_shared":true,"jetpack_social_options":{"image_generator_settings":{"template":"highway","default_image_id":0,"font":"","enabled":false},"version":2}},"categories":[39,50],"tags":[],"class_list":["post-8625","post","type-post","status-publish","format-standard","has-post-thumbnail","hentry","category-igreja","category-regiao-episcopal"],"jetpack_publicize_connections":[],"jetpack_featured_media_url":"https:\/\/correiodasemana.com\/site\/wp-content\/uploads\/2019\/07\/Igreja_S\u00e9.jpg","jetpack-related-posts":[{"id":8540,"url":"https:\/\/correiodasemana.com\/site\/regioes-episcopais-6\/","url_meta":{"origin":8625,"position":0},"title":"Regi\u00f5es Episcopais","author":"","date":"Agosto 6, 2019","format":false,"excerpt":"Par\u00f3quia Nossa Senhora do Perp\u00e9tuo Socorro \u2013 Reriutaba \u2013 CE Os festejos da Par\u00f3quia de Reriutaba iniciam no dia 5 de agosto. Acompanhe abaixo o convite do P\u00e1roco Padre Eufrazio da Silva e do Conselho Paroquial. Car\u00edssimos Paroquianos, chegamos a mais um momento de gra\u00e7a em nossa Par\u00f3quia. Eis um\u2026","rel":"","context":"In &quot;Diocese&quot;","block_context":{"text":"Diocese","link":"https:\/\/correiodasemana.com\/site\/category\/diocese\/"},"img":{"alt_text":"","src":"https:\/\/i0.wp.com\/correiodasemana.com\/site\/wp-content\/uploads\/2019\/07\/igreja-do-ros%C3%A1rio.jpg?resize=350%2C200&ssl=1","width":350,"height":200,"srcset":"https:\/\/i0.wp.com\/correiodasemana.com\/site\/wp-content\/uploads\/2019\/07\/igreja-do-ros%C3%A1rio.jpg?resize=350%2C200&ssl=1 1x, https:\/\/i0.wp.com\/correiodasemana.com\/site\/wp-content\/uploads\/2019\/07\/igreja-do-ros%C3%A1rio.jpg?resize=525%2C300&ssl=1 1.5x, https:\/\/i0.wp.com\/correiodasemana.com\/site\/wp-content\/uploads\/2019\/07\/igreja-do-ros%C3%A1rio.jpg?resize=700%2C400&ssl=1 2x"},"classes":[]},{"id":8368,"url":"https:\/\/correiodasemana.com\/site\/regioes-episcopais-4\/","url_meta":{"origin":8625,"position":1},"title":"Regi\u00f5es Episcopais","author":"","date":"Julho 22, 2019","format":false,"excerpt":"Par\u00f3quia de Sant\u2019Ana \u2013 EM Santana do Acara\u00fa \u2013 CE FESTA DE SANT\u2019ANA 2019 Queridos amigos e amigas santanenses e visitantes devotos de Sant\u2019Ana, louvado seja Nosso Senhor Jesus Cristo! \u00c9 com imensa alegria que os convido a participarem conosco da Festa de nossa muito amada padroeira Senhora Sant\u2019Ana, momento\u2026","rel":"","context":"In &quot;Igreja&quot;","block_context":{"text":"Igreja","link":"https:\/\/correiodasemana.com\/site\/category\/igreja\/"},"img":{"alt_text":"","src":"https:\/\/i0.wp.com\/correiodasemana.com\/site\/wp-content\/uploads\/2018\/02\/Igreja-da-Se%CC%81-Sobral.jpg?resize=350%2C200&ssl=1","width":350,"height":200,"srcset":"https:\/\/i0.wp.com\/correiodasemana.com\/site\/wp-content\/uploads\/2018\/02\/Igreja-da-Se%CC%81-Sobral.jpg?resize=350%2C200&ssl=1 1x, https:\/\/i0.wp.com\/correiodasemana.com\/site\/wp-content\/uploads\/2018\/02\/Igreja-da-Se%CC%81-Sobral.jpg?resize=525%2C300&ssl=1 1.5x, https:\/\/i0.wp.com\/correiodasemana.com\/site\/wp-content\/uploads\/2018\/02\/Igreja-da-Se%CC%81-Sobral.jpg?resize=700%2C400&ssl=1 2x, https:\/\/i0.wp.com\/correiodasemana.com\/site\/wp-content\/uploads\/2018\/02\/Igreja-da-Se%CC%81-Sobral.jpg?resize=1050%2C600&ssl=1 3x, https:\/\/i0.wp.com\/correiodasemana.com\/site\/wp-content\/uploads\/2018\/02\/Igreja-da-Se%CC%81-Sobral.jpg?resize=1400%2C800&ssl=1 4x"},"classes":[]},{"id":8457,"url":"https:\/\/correiodasemana.com\/site\/regioes-episcopais-5\/","url_meta":{"origin":8625,"position":2},"title":"Regi\u00f5es Episcopais","author":"","date":"Julho 30, 2019","format":false,"excerpt":"Regi\u00f5es Episcopais Par\u00f3quia do Cristo Ressuscitado \u2013 Sobral \u2013 CE A Par\u00f3quia do Cristo Ressuscitado realiza seu primeiro Congresso de Cura e Liberta\u00e7\u00e3o que ser\u00e1 realizado no dia 26 \u00e0 28 de julho com uma programa\u00e7\u00e3o rica em prega\u00e7\u00f5es, momentos de louvor e adora\u00e7\u00e3o. Com a presen\u00e7a de Jorj\u00e3o (Pregador,\u2026","rel":"","context":"In &quot;Diocese&quot;","block_context":{"text":"Diocese","link":"https:\/\/correiodasemana.com\/site\/category\/diocese\/"},"img":{"alt_text":"","src":"https:\/\/i0.wp.com\/correiodasemana.com\/site\/wp-content\/uploads\/2019\/07\/Igreja_S%C3%A9.jpg?resize=350%2C200&ssl=1","width":350,"height":200,"srcset":"https:\/\/i0.wp.com\/correiodasemana.com\/site\/wp-content\/uploads\/2019\/07\/Igreja_S%C3%A9.jpg?resize=350%2C200&ssl=1 1x, https:\/\/i0.wp.com\/correiodasemana.com\/site\/wp-content\/uploads\/2019\/07\/Igreja_S%C3%A9.jpg?resize=525%2C300&ssl=1 1.5x, https:\/\/i0.wp.com\/correiodasemana.com\/site\/wp-content\/uploads\/2019\/07\/Igreja_S%C3%A9.jpg?resize=700%2C400&ssl=1 2x, https:\/\/i0.wp.com\/correiodasemana.com\/site\/wp-content\/uploads\/2019\/07\/Igreja_S%C3%A9.jpg?resize=1050%2C600&ssl=1 3x, https:\/\/i0.wp.com\/correiodasemana.com\/site\/wp-content\/uploads\/2019\/07\/Igreja_S%C3%A9.jpg?resize=1400%2C800&ssl=1 4x"},"classes":[]},{"id":17266,"url":"https:\/\/correiodasemana.com\/site\/santa-mae-dos-prazeres-duzentos-e-sessenta-anos\/","url_meta":{"origin":8625,"position":3},"title":"SANTA M\u00c3E DOS PRAZERES: DUZENTOS E SESSENTA ANOS!\u00a0","author":"","date":"Agosto 16, 2021","format":false,"excerpt":"As primeiras not\u00edcias que temos da festa de Nossa Senhora dos Prazeres em Guaraciaba do Norte, \u00e9 que seu \u00e1pice se dava no dia 6 de janeiro, dia de Reis, um dos prazeres celestes de Nossa Senhora. A b\u00ean\u00e7\u00e3o da capela, realizada pelo fundador, Pe. Felipe Dias Santiago. Nesta mesma\u2026","rel":"","context":"In &quot;Artigos&quot;","block_context":{"text":"Artigos","link":"https:\/\/correiodasemana.com\/site\/category\/artigos\/"},"img":{"alt_text":"","src":"https:\/\/i0.wp.com\/correiodasemana.com\/site\/wp-content\/uploads\/2018\/02\/Jose%CC%81-1.jpg?resize=350%2C200&ssl=1","width":350,"height":200,"srcset":"https:\/\/i0.wp.com\/correiodasemana.com\/site\/wp-content\/uploads\/2018\/02\/Jose%CC%81-1.jpg?resize=350%2C200&ssl=1 1x, https:\/\/i0.wp.com\/correiodasemana.com\/site\/wp-content\/uploads\/2018\/02\/Jose%CC%81-1.jpg?resize=525%2C300&ssl=1 1.5x, https:\/\/i0.wp.com\/correiodasemana.com\/site\/wp-content\/uploads\/2018\/02\/Jose%CC%81-1.jpg?resize=700%2C400&ssl=1 2x"},"classes":[]},{"id":30317,"url":"https:\/\/correiodasemana.com\/site\/diocese-de-sobral-area-pastoral-nossa-senhora-da-saude-festa-de-nossa-senhora-da-saude-2024-jordao-sobral-ce\/","url_meta":{"origin":8625,"position":4},"title":"DIOCESE DE SOBRAL \u00c1REA PASTORAL NOSSA SENHORA DA SA\u00daDE FESTA DE NOSSA SENHORA DA SA\u00daDE -2024 JORD\u00c3O &#8211; SOBRAL \u2013 CE","author":"adminredacao","date":"Agosto 12, 2024","format":false,"excerpt":"Amados paroquianos, devotos, visitantes, amigos, benfeitores e povo de Deus! Sauda\u00e7\u00f5es em Cristo! \u201cEu vim de l\u00e1 do interior Aonde a religi\u00e3o ainda \u00e9 importante. L\u00e1 se algu\u00e9m passa em frente da matriz se benze e pensa em Deus e n\u00e3o sente vergonha de ter f\u00e9\u201d (Padre Zezinho) Agosto chegou!\u2026","rel":"","context":"In &quot;Atualidade&quot;","block_context":{"text":"Atualidade","link":"https:\/\/correiodasemana.com\/site\/category\/atualidade\/"},"img":{"alt_text":"","src":"https:\/\/i0.wp.com\/correiodasemana.com\/site\/wp-content\/uploads\/2024\/08\/WhatsApp-Image-2024-08-08-at-18.56.59-scaled.jpeg?resize=350%2C200&ssl=1","width":350,"height":200,"srcset":"https:\/\/i0.wp.com\/correiodasemana.com\/site\/wp-content\/uploads\/2024\/08\/WhatsApp-Image-2024-08-08-at-18.56.59-scaled.jpeg?resize=350%2C200&ssl=1 1x, https:\/\/i0.wp.com\/correiodasemana.com\/site\/wp-content\/uploads\/2024\/08\/WhatsApp-Image-2024-08-08-at-18.56.59-scaled.jpeg?resize=525%2C300&ssl=1 1.5x, https:\/\/i0.wp.com\/correiodasemana.com\/site\/wp-content\/uploads\/2024\/08\/WhatsApp-Image-2024-08-08-at-18.56.59-scaled.jpeg?resize=700%2C400&ssl=1 2x, https:\/\/i0.wp.com\/correiodasemana.com\/site\/wp-content\/uploads\/2024\/08\/WhatsApp-Image-2024-08-08-at-18.56.59-scaled.jpeg?resize=1050%2C600&ssl=1 3x"},"classes":[]},{"id":29316,"url":"https:\/\/correiodasemana.com\/site\/monsenhor-agnaldo-temoteo-10-bispo-nascido-na-diocese-de-sobral\/","url_meta":{"origin":8625,"position":5},"title":"Monsenhor Agnaldo Tem\u00f3teo, 10\u00b0 Bispo nascido na Diocese de Sobral","author":"adminredacao","date":"Maio 20, 2024","format":false,"excerpt":"Comendador Jos\u00e9 Lu\u00eds Lira, OESSJ Presidente do Instituto Hist\u00f3rico e Geogr\u00e1fico de Sobral (IHGS) A nomea\u00e7\u00e3o do Mons. Agnaldo Tem\u00f3teo da Silveira, por Sua Santidade o Papa Francisco, neste dia 14 de maio de 2024, para o episcopado da Igreja Cat\u00f3lica Apost\u00f3lica Romana, enche-nos de j\u00fabilo e faz acender em\u2026","rel":"","context":"In &quot;Atualidade&quot;","block_context":{"text":"Atualidade","link":"https:\/\/correiodasemana.com\/site\/category\/atualidade\/"},"img":{"alt_text":"","src":"https:\/\/i0.wp.com\/correiodasemana.com\/site\/wp-content\/uploads\/2024\/05\/DSC0881-scaled.jpg?resize=350%2C200&ssl=1","width":350,"height":200,"srcset":"https:\/\/i0.wp.com\/correiodasemana.com\/site\/wp-content\/uploads\/2024\/05\/DSC0881-scaled.jpg?resize=350%2C200&ssl=1 1x, https:\/\/i0.wp.com\/correiodasemana.com\/site\/wp-content\/uploads\/2024\/05\/DSC0881-scaled.jpg?resize=525%2C300&ssl=1 1.5x, https:\/\/i0.wp.com\/correiodasemana.com\/site\/wp-content\/uploads\/2024\/05\/DSC0881-scaled.jpg?resize=700%2C400&ssl=1 2x, https:\/\/i0.wp.com\/correiodasemana.com\/site\/wp-content\/uploads\/2024\/05\/DSC0881-scaled.jpg?resize=1050%2C600&ssl=1 3x, https:\/\/i0.wp.com\/correiodasemana.com\/site\/wp-content\/uploads\/2024\/05\/DSC0881-scaled.jpg?resize=1400%2C800&ssl=1 4x"},"classes":[]}],"jetpack_sharing_enabled":true,"_links":{"self":[{"href":"https:\/\/correiodasemana.com\/site\/wp-json\/wp\/v2\/posts\/8625","targetHints":{"allow":["GET"]}}],"collection":[{"href":"https:\/\/correiodasemana.com\/site\/wp-json\/wp\/v2\/posts"}],"about":[{"href":"https:\/\/correiodasemana.com\/site\/wp-json\/wp\/v2\/types\/post"}],"author":[{"embeddable":true,"href":"https:\/\/correiodasemana.com\/site\/wp-json\/wp\/v2\/users\/1"}],"replies":[{"embeddable":true,"href":"https:\/\/correiodasemana.com\/site\/wp-json\/wp\/v2\/comments?post=8625"}],"version-history":[{"count":1,"href":"https:\/\/correiodasemana.com\/site\/wp-json\/wp\/v2\/posts\/8625\/revisions"}],"predecessor-version":[{"id":8626,"href":"https:\/\/correiodasemana.com\/site\/wp-json\/wp\/v2\/posts\/8625\/revisions\/8626"}],"wp:featuredmedia":[{"embeddable":true,"href":"https:\/\/correiodasemana.com\/site\/wp-json\/wp\/v2\/media\/58"}],"wp:attachment":[{"href":"https:\/\/correiodasemana.com\/site\/wp-json\/wp\/v2\/media?parent=8625"}],"wp:term":[{"taxonomy":"category","embeddable":true,"href":"https:\/\/correiodasemana.com\/site\/wp-json\/wp\/v2\/categories?post=8625"},{"taxonomy":"post_tag","embeddable":true,"href":"https:\/\/correiodasemana.com\/site\/wp-json\/wp\/v2\/tags?post=8625"}],"curies":[{"name":"wp","href":"https:\/\/api.w.org\/{rel}","templated":true}]}}