{"id":8629,"date":"2019-08-17T21:34:32","date_gmt":"2019-08-17T21:34:32","guid":{"rendered":"https:\/\/correiodasemana.com\/site\/?p=8629"},"modified":"2019-08-17T21:34:32","modified_gmt":"2019-08-17T21:34:32","slug":"academia-sobralense-de-letras-juridicas-concede-medalha-jurista-pe-ibiapina-ao-museu-diocesano-dom-jose-com-sessao-solene-em-sobral","status":"publish","type":"post","link":"https:\/\/correiodasemana.com\/site\/academia-sobralense-de-letras-juridicas-concede-medalha-jurista-pe-ibiapina-ao-museu-diocesano-dom-jose-com-sessao-solene-em-sobral\/","title":{"rendered":"Academia Sobralense de Letras Jur\u00eddicas concede \u201cMedalha Jurista Pe. Ibiapina\u201d ao Museu Diocesano Dom Jos\u00e9 com sess\u00e3o solene em Sobral"},"content":{"rendered":"<p>Desde que foi criada a medalha, a Academia homenageou apenas duas personalidades com a honraria.<br \/>\nDom Vasconcelos, bispo da diocese de Sobral, recebeu com grande alegria a homenagem ao Museu Diocesano Dom Jos\u00e9<\/p>\n<p><img fetchpriority=\"high\" decoding=\"async\" class=\"alignleft size-medium wp-image-8630\" src=\"https:\/\/correiodasemana.com\/site\/wp-content\/uploads\/2019\/08\/DSC_7048-300x201.jpg\" alt=\"\" width=\"300\" height=\"201\" srcset=\"https:\/\/correiodasemana.com\/site\/wp-content\/uploads\/2019\/08\/DSC_7048-300x201.jpg 300w, https:\/\/correiodasemana.com\/site\/wp-content\/uploads\/2019\/08\/DSC_7048-768x514.jpg 768w, https:\/\/correiodasemana.com\/site\/wp-content\/uploads\/2019\/08\/DSC_7048.jpg 968w\" sizes=\"(max-width: 300px) 100vw, 300px\" \/> <img decoding=\"async\" class=\"alignleft size-medium wp-image-8631\" src=\"https:\/\/correiodasemana.com\/site\/wp-content\/uploads\/2019\/08\/DSC_7064-300x201.jpg\" alt=\"\" width=\"300\" height=\"201\" srcset=\"https:\/\/correiodasemana.com\/site\/wp-content\/uploads\/2019\/08\/DSC_7064-300x201.jpg 300w, https:\/\/correiodasemana.com\/site\/wp-content\/uploads\/2019\/08\/DSC_7064-768x514.jpg 768w, https:\/\/correiodasemana.com\/site\/wp-content\/uploads\/2019\/08\/DSC_7064.jpg 968w\" sizes=\"(max-width: 300px) 100vw, 300px\" \/> <img decoding=\"async\" class=\"alignleft size-medium wp-image-8632\" src=\"https:\/\/correiodasemana.com\/site\/wp-content\/uploads\/2019\/08\/DSC_7069-300x201.jpg\" alt=\"\" width=\"300\" height=\"201\" srcset=\"https:\/\/correiodasemana.com\/site\/wp-content\/uploads\/2019\/08\/DSC_7069-300x201.jpg 300w, https:\/\/correiodasemana.com\/site\/wp-content\/uploads\/2019\/08\/DSC_7069-768x514.jpg 768w, https:\/\/correiodasemana.com\/site\/wp-content\/uploads\/2019\/08\/DSC_7069.jpg 968w\" sizes=\"(max-width: 300px) 100vw, 300px\" \/> <img loading=\"lazy\" decoding=\"async\" class=\"alignleft size-medium wp-image-8633\" src=\"https:\/\/correiodasemana.com\/site\/wp-content\/uploads\/2019\/08\/DSC_6966-300x201.jpg\" alt=\"\" width=\"300\" height=\"201\" srcset=\"https:\/\/correiodasemana.com\/site\/wp-content\/uploads\/2019\/08\/DSC_6966-300x201.jpg 300w, https:\/\/correiodasemana.com\/site\/wp-content\/uploads\/2019\/08\/DSC_6966-768x514.jpg 768w, https:\/\/correiodasemana.com\/site\/wp-content\/uploads\/2019\/08\/DSC_6966.jpg 968w\" sizes=\"(max-width: 300px) 100vw, 300px\" \/> <img loading=\"lazy\" decoding=\"async\" class=\"alignleft size-medium wp-image-8634\" src=\"https:\/\/correiodasemana.com\/site\/wp-content\/uploads\/2019\/08\/DSC_7051-300x201.jpg\" alt=\"\" width=\"300\" height=\"201\" srcset=\"https:\/\/correiodasemana.com\/site\/wp-content\/uploads\/2019\/08\/DSC_7051-300x201.jpg 300w, https:\/\/correiodasemana.com\/site\/wp-content\/uploads\/2019\/08\/DSC_7051-768x514.jpg 768w, https:\/\/correiodasemana.com\/site\/wp-content\/uploads\/2019\/08\/DSC_7051.jpg 968w\" sizes=\"(max-width: 300px) 100vw, 300px\" \/><\/p>\n<p>Invocando a prote\u00e7\u00e3o de Santo Ivo (padroeiro dos advogados) e da Imaculada Concei\u00e7\u00e3o (padroeira de Sobral), foi aberta na tarde da ter\u00e7a-feira (6), no Museu Diocesano Dom Jos\u00e9 em Sobral sess\u00e3o solene para a outorga da \u201cMedalha Jurista Pe. Ibiapina\u201d, por parte da Academia Sobralense de Letras Jur\u00eddicas, que reconhece o trabalho de preserva\u00e7\u00e3o realizado ao longo dos mais de 68 anos de exist\u00eancia do quinto museu de arte sacra mais importante do pa\u00eds.<br \/>\nNa ocasi\u00e3o, estiveram presentes os acad\u00eamicos: Jos\u00e9 Lu\u00eds Lira (presidente da Academia e diretor do Museu), Jos\u00e9 In\u00e1cio Linhares (presidente eleito da Academia), Monsenhor Jo\u00e3o Batista Nery, acad\u00eamico, representou a diocese de Sobral, Gilberto Feij\u00e3o e Augusto Liberato. O historiador, professor e acad\u00eamico Adauto Leit\u00e3o, representando a Academia Cearense de Cultura, veio prestigiar e participar da sess\u00e3o que destacava a foto de Pe. Ibiapina presenteada por ele ao museu h\u00e1 tr\u00eas anos. Tamb\u00e9m estiveram presentes Hilce Gir\u00e3o, que foi vice-diretora do Museu por mais de 22 anos; a professora S\u00edlvia Barreto, os professores Edivar e L\u00e9lio, e funcion\u00e1rios do equipamento.<\/p>\n<p><strong>A medalha<\/strong><br \/>\nDe acordo com o presidente da Academia Sobralense de Letras Jur\u00eddicas e diretor do museu, Jos\u00e9 Lu\u00eds Lira, a medalha \u201cJurista Pe. Ibiapina\u201d foi criada logo que a Academia iniciou os trabalhos: \u201cA medalha foi concedida pela primeira vez ao Monsenhor Francisco Sadoc de Ara\u00fajo, que foi um grande advogado do Pe. Ibiapina, postulador primeiro da causa de beatifica\u00e7\u00e3o dele. Depois, ao desembargador Ademar Mendes Bezerra e hoje, a \u00faltima de meu mandato, n\u00f3s decidimos oferec\u00ea-la ao Museu\u201d, ressalta ele.<br \/>\nSegundo o diretor do Museu, Pe. Ibiapina teve v\u00e1rias etapas em sua vida: \u201cPrimeiro ele \u00e9 advogado, depois professor universit\u00e1rio, depois deputado e, finalmente se torna padre. Caracteriza todo o perfil do jurista: tem forma\u00e7\u00e3o acad\u00eamica em direito, foi professor universit\u00e1rio e exerceu fun\u00e7\u00e3o legislativa\u201d, destaca Jos\u00e9 Lu\u00eds Lira na sess\u00e3o.<br \/>\nAo representar a diocese, Monsenhor Jo\u00e3o Batista Nery ressaltou algumas qualidades de Pe. Ibiapina: \u201cEle entendia a justi\u00e7a como equidade, favorecendo as necessidades retiradas do povo. Ele sublimava o direito \u00e0 espiritualidade, compreendia o direito como exerc\u00edcio de caridade. Deixou um legado social por meio de suas obras de assist\u00eancia. Para n\u00f3s sobralenses \u00e9 uma honra, ele deve ser homenageado, e n\u00e3o h\u00e1 um lugar melhor do que o Museu, para que as futuras gera\u00e7\u00f5es cheguem e encontrem a figura do Ibiapina\u201d.<br \/>\nAdauto Leit\u00e3o, da Academia Cearense de Cultura, doou uma imagem de Pe. Ibiapina h\u00e1 tr\u00eas anos ao atual diretor do museu Jos\u00e9 Luiz Lira, que depois de restaur\u00e1-la doou ao museu. Leit\u00e3o diz ter ficado honrado em participar da sess\u00e3o que destacava a imagem em um lugar especial junto \u00e0 medalha: \u201cEm particular, refiz a agenda. Quando encontrei a foto, a pessoa que me veio \u00e0 mente foi o Lira. Vim especialmente abra\u00e7ar todos voc\u00eas e o Lira\u201d, declara.<br \/>\nHilce Gir\u00e3o, que foi vice-diretora do Museu Diocesano Dom Jos\u00e9, por \u201c22 anos e seis meses\u201d, como lembra, ajudou a introduzir de forma simb\u00f3lica a nova pe\u00e7a a ser admirada no equipamento, e agradeceu o carinho recebido pela sua presen\u00e7a na sess\u00e3o: \u201cEm um momento t\u00e3o importante como esse, eu tinha que vir e prestigiar. S\u00f3 gratid\u00e3o pela acolhida\u201d, conclui.<\/p>\n","protected":false},"excerpt":{"rendered":"<p>Desde que foi criada a medalha, a Academia homenageou apenas duas personalidades com a honraria&#8230;.<\/p>\n","protected":false},"author":1,"featured_media":8633,"comment_status":"open","ping_status":"open","sticky":false,"template":"","format":"standard","meta":{"_jetpack_memberships_contains_paid_content":false,"footnotes":"","jetpack_publicize_message":"","jetpack_publicize_feature_enabled":true,"jetpack_social_post_already_shared":true,"jetpack_social_options":{"image_generator_settings":{"template":"highway","default_image_id":0,"font":"","enabled":false},"version":2}},"categories":[1],"tags":[],"class_list":["post-8629","post","type-post","status-publish","format-standard","has-post-thumbnail","hentry","category-atualidade"],"jetpack_publicize_connections":[],"jetpack_featured_media_url":"https:\/\/correiodasemana.com\/site\/wp-content\/uploads\/2019\/08\/DSC_6966.jpg","jetpack-related-posts":[{"id":25727,"url":"https:\/\/correiodasemana.com\/site\/comendador-jose-luis-lira-recebe-medalha-academico-ribeiro-ramos\/","url_meta":{"origin":8629,"position":0},"title":"Comendador Jos\u00e9 Lu\u00eds Lira recebe Medalha Acad\u00eamico Ribeiro Ramos","author":"adminredacao","date":"Julho 17, 2023","format":false,"excerpt":"Noite de sexta-feira, 14, no Memorial da Educa\u00e7\u00e3o Superior de Sobral (MESS), encerrando uma semana de eventos em homenagem aos 250 anos de Sobral, a Academia Sobralense de Estudos e Letras, presidida pelo Acad\u00eamico Arnaud de Holanda Cavalcante, outorgou ao Acad\u00eamico Jos\u00e9 Lu\u00eds Lira, Comendador da Ordem Equestre do Santo\u2026","rel":"","context":"In &quot;Atualidade&quot;","block_context":{"text":"Atualidade","link":"https:\/\/correiodasemana.com\/site\/category\/atualidade\/"},"img":{"alt_text":"","src":"https:\/\/i0.wp.com\/correiodasemana.com\/site\/wp-content\/uploads\/2023\/07\/WhatsApp-Image-2023-07-14-at-23.52.44-2-1.jpeg?resize=350%2C200&ssl=1","width":350,"height":200,"srcset":"https:\/\/i0.wp.com\/correiodasemana.com\/site\/wp-content\/uploads\/2023\/07\/WhatsApp-Image-2023-07-14-at-23.52.44-2-1.jpeg?resize=350%2C200&ssl=1 1x, https:\/\/i0.wp.com\/correiodasemana.com\/site\/wp-content\/uploads\/2023\/07\/WhatsApp-Image-2023-07-14-at-23.52.44-2-1.jpeg?resize=525%2C300&ssl=1 1.5x, https:\/\/i0.wp.com\/correiodasemana.com\/site\/wp-content\/uploads\/2023\/07\/WhatsApp-Image-2023-07-14-at-23.52.44-2-1.jpeg?resize=700%2C400&ssl=1 2x, https:\/\/i0.wp.com\/correiodasemana.com\/site\/wp-content\/uploads\/2023\/07\/WhatsApp-Image-2023-07-14-at-23.52.44-2-1.jpeg?resize=1050%2C600&ssl=1 3x, https:\/\/i0.wp.com\/correiodasemana.com\/site\/wp-content\/uploads\/2023\/07\/WhatsApp-Image-2023-07-14-at-23.52.44-2-1.jpeg?resize=1400%2C800&ssl=1 4x"},"classes":[]},{"id":32868,"url":"https:\/\/correiodasemana.com\/site\/na-celebracao-dos-138-anos-do-instituto-do-ceara-e-posse-da-nova-diretoria-prof-jose-luis-lira-recebe-diploma-de-socio-honorario\/","url_meta":{"origin":8629,"position":1},"title":"Na celebra\u00e7\u00e3o dos 138 anos do Instituto do Cear\u00e1 e posse da nova Diretoria, Prof. Jos\u00e9 Lu\u00eds Lira recebe diploma de S\u00f3cio Honor\u00e1rio","author":"adminredacao","date":"Mar\u00e7o 10, 2025","format":false,"excerpt":"Na noite de quinta-feira, 06\/03, os membros do Instituto do Cear\u00e1 (Hist\u00f3rico, Geogr\u00e1fico e Antropol\u00f3gico) celebraram 138 anos de funda\u00e7\u00e3o da institui\u00e7\u00e3o, a mais antiga institui\u00e7\u00e3o cultural do nosso Estado e uma das mais antigas do Brasil, fundado em 4 de mar\u00e7o de 1887, tendo por finalidade o estudo e\u2026","rel":"","context":"In &quot;Atualidade&quot;","block_context":{"text":"Atualidade","link":"https:\/\/correiodasemana.com\/site\/category\/atualidade\/"},"img":{"alt_text":"","src":"https:\/\/i0.wp.com\/correiodasemana.com\/site\/wp-content\/uploads\/2025\/03\/Imagem-do-WhatsApp-de-2025-03-08-as-08.30.38_3044b8fe.jpg?resize=350%2C200&ssl=1","width":350,"height":200,"srcset":"https:\/\/i0.wp.com\/correiodasemana.com\/site\/wp-content\/uploads\/2025\/03\/Imagem-do-WhatsApp-de-2025-03-08-as-08.30.38_3044b8fe.jpg?resize=350%2C200&ssl=1 1x, https:\/\/i0.wp.com\/correiodasemana.com\/site\/wp-content\/uploads\/2025\/03\/Imagem-do-WhatsApp-de-2025-03-08-as-08.30.38_3044b8fe.jpg?resize=525%2C300&ssl=1 1.5x, https:\/\/i0.wp.com\/correiodasemana.com\/site\/wp-content\/uploads\/2025\/03\/Imagem-do-WhatsApp-de-2025-03-08-as-08.30.38_3044b8fe.jpg?resize=700%2C400&ssl=1 2x, https:\/\/i0.wp.com\/correiodasemana.com\/site\/wp-content\/uploads\/2025\/03\/Imagem-do-WhatsApp-de-2025-03-08-as-08.30.38_3044b8fe.jpg?resize=1050%2C600&ssl=1 3x"},"classes":[]},{"id":25657,"url":"https:\/\/correiodasemana.com\/site\/dom-vasconcelos-recebe-o-titulo-de-socio-benemerito-da-academia-massapeense\/","url_meta":{"origin":8629,"position":2},"title":"Dom Vasconcelos recebe o t\u00edtulo de S\u00f3cio Benem\u00e9rito da Academia Massapeense\u00a0","author":"adminredacao","date":"Julho 17, 2023","format":false,"excerpt":"Na noite de 13 de julho, o Bispo Diocesano de Sobral Dom Jos\u00e9 Luiz Gomes de Vasconcelos, recebeu o primeiro t\u00edtulo de s\u00f3cio benem\u00e9rito da Academia Massapeense de Letras e Artes, presidida pelo Acad\u00eamico Eudes de Sousa. Presentes representantes dos Irm\u00e3os do Sant\u00edssimo, do Ter\u00e7o dos Homens e movimentos religiosos,\u2026","rel":"","context":"In &quot;Atualidade&quot;","block_context":{"text":"Atualidade","link":"https:\/\/correiodasemana.com\/site\/category\/atualidade\/"},"img":{"alt_text":"","src":"https:\/\/i0.wp.com\/correiodasemana.com\/site\/wp-content\/uploads\/2023\/07\/20230714_233353.jpg?resize=350%2C200&ssl=1","width":350,"height":200,"srcset":"https:\/\/i0.wp.com\/correiodasemana.com\/site\/wp-content\/uploads\/2023\/07\/20230714_233353.jpg?resize=350%2C200&ssl=1 1x, https:\/\/i0.wp.com\/correiodasemana.com\/site\/wp-content\/uploads\/2023\/07\/20230714_233353.jpg?resize=525%2C300&ssl=1 1.5x, https:\/\/i0.wp.com\/correiodasemana.com\/site\/wp-content\/uploads\/2023\/07\/20230714_233353.jpg?resize=700%2C400&ssl=1 2x, https:\/\/i0.wp.com\/correiodasemana.com\/site\/wp-content\/uploads\/2023\/07\/20230714_233353.jpg?resize=1050%2C600&ssl=1 3x"},"classes":[]},{"id":18161,"url":"https:\/\/correiodasemana.com\/site\/instalacao-e-posse-da-primeira-diretoria-da-academia-massapeense-de-letras-e-artes\/","url_meta":{"origin":8629,"position":3},"title":"Instala\u00e7\u00e3o e posse da primeira Diretoria da Academia Massapeense de Letras e Artes\u00a0","author":"","date":"Novembro 28, 2021","format":false,"excerpt":"Por Prof. Luis Lira Correio da Semana Na noite quinta-feira, 25, no Centro de Conven\u00e7\u00f5es Jarbas Aguiar, em Massap\u00ea, aconteceu a instala\u00e7\u00e3o da Academia Massapeense de Letras e Artes, fundada por iniciativa do Acad\u00eamico Francisco Eudes de Sousa, presidente da Entidade. Presentes, autoridades c\u00edveis e eclesi\u00e1sticas e a sociedade massapeense.\u2026","rel":"","context":"In &quot;Atualidade&quot;","block_context":{"text":"Atualidade","link":"https:\/\/correiodasemana.com\/site\/category\/atualidade\/"},"img":{"alt_text":"","src":"https:\/\/i0.wp.com\/correiodasemana.com\/site\/wp-content\/uploads\/2021\/11\/DSC_4892.jpg?resize=350%2C200&ssl=1","width":350,"height":200,"srcset":"https:\/\/i0.wp.com\/correiodasemana.com\/site\/wp-content\/uploads\/2021\/11\/DSC_4892.jpg?resize=350%2C200&ssl=1 1x, https:\/\/i0.wp.com\/correiodasemana.com\/site\/wp-content\/uploads\/2021\/11\/DSC_4892.jpg?resize=525%2C300&ssl=1 1.5x, https:\/\/i0.wp.com\/correiodasemana.com\/site\/wp-content\/uploads\/2021\/11\/DSC_4892.jpg?resize=700%2C400&ssl=1 2x"},"classes":[]},{"id":20113,"url":"https:\/\/correiodasemana.com\/site\/professor-da-uva-e-diretor-do-museu-dom-jose-e-empossado-como-membro-da-comissao-especial-de-cultura-da-oab-nacional\/","url_meta":{"origin":8629,"position":4},"title":"Professor da UVA e Diretor do Museu Dom Jos\u00e9 \u00e9 empossado como membro da Comiss\u00e3o Especial de Cultura da OAB Nacional","author":"","date":"Junho 13, 2022","format":false,"excerpt":"O professor do curso de Direito da Universidade Estadual Vale do Acara\u00fa (UVA), diretor do Museu Diocesano Dom Jos\u00e9 e diretor Adjunto do Centro de Ci\u00eancias Sociais Aplicadas, Jos\u00e9 Lu\u00eds Lira, foi empossado como membro da Comiss\u00e3o Especial de Cultura e Arte do Conselho Federal da Ordem dos Advogados do\u2026","rel":"","context":"In &quot;Atualidade&quot;","block_context":{"text":"Atualidade","link":"https:\/\/correiodasemana.com\/site\/category\/atualidade\/"},"img":{"alt_text":"","src":"https:\/\/i0.wp.com\/correiodasemana.com\/site\/wp-content\/uploads\/2022\/06\/20220603_164646-scaled.jpg?resize=350%2C200&ssl=1","width":350,"height":200,"srcset":"https:\/\/i0.wp.com\/correiodasemana.com\/site\/wp-content\/uploads\/2022\/06\/20220603_164646-scaled.jpg?resize=350%2C200&ssl=1 1x, https:\/\/i0.wp.com\/correiodasemana.com\/site\/wp-content\/uploads\/2022\/06\/20220603_164646-scaled.jpg?resize=525%2C300&ssl=1 1.5x, https:\/\/i0.wp.com\/correiodasemana.com\/site\/wp-content\/uploads\/2022\/06\/20220603_164646-scaled.jpg?resize=700%2C400&ssl=1 2x, https:\/\/i0.wp.com\/correiodasemana.com\/site\/wp-content\/uploads\/2022\/06\/20220603_164646-scaled.jpg?resize=1050%2C600&ssl=1 3x, https:\/\/i0.wp.com\/correiodasemana.com\/site\/wp-content\/uploads\/2022\/06\/20220603_164646-scaled.jpg?resize=1400%2C800&ssl=1 4x"},"classes":[]},{"id":16077,"url":"https:\/\/correiodasemana.com\/site\/especial-museu-diocesano-dom-jose-70o-ano\/","url_meta":{"origin":8629,"position":5},"title":"ESPECIAL \u2013 MUSEU DIOCESANO DOM JOS\u00c9: 70\u00ba ANO","author":"","date":"Mar\u00e7o 29, 2021","format":false,"excerpt":"Por Jos\u00e9 Lu\u00eds Lira\u00a0 - Diretor do Museu Diocesano Dom Jos\u00e9 Falando sobre o Museu Diocesano Dom Jos\u00e9, Gustavo Barroso afirmou: \u201cO Museu de Sobral \u00e9 na realidade o terceiro do Brasil\u201d. Dom Jos\u00e9 Tupinamb\u00e1 da Frota, primeiro Bispo Diocesano, declarou o Museu Diocesano de Sobral fundado no dia 29\/03\/1951,\u2026","rel":"","context":"In &quot;Atualidade&quot;","block_context":{"text":"Atualidade","link":"https:\/\/correiodasemana.com\/site\/category\/atualidade\/"},"img":{"alt_text":"","src":"https:\/\/i0.wp.com\/correiodasemana.com\/site\/wp-content\/uploads\/2021\/03\/Setor-de-numismatica-scaled.jpg?resize=350%2C200&ssl=1","width":350,"height":200,"srcset":"https:\/\/i0.wp.com\/correiodasemana.com\/site\/wp-content\/uploads\/2021\/03\/Setor-de-numismatica-scaled.jpg?resize=350%2C200&ssl=1 1x, https:\/\/i0.wp.com\/correiodasemana.com\/site\/wp-content\/uploads\/2021\/03\/Setor-de-numismatica-scaled.jpg?resize=525%2C300&ssl=1 1.5x, https:\/\/i0.wp.com\/correiodasemana.com\/site\/wp-content\/uploads\/2021\/03\/Setor-de-numismatica-scaled.jpg?resize=700%2C400&ssl=1 2x, https:\/\/i0.wp.com\/correiodasemana.com\/site\/wp-content\/uploads\/2021\/03\/Setor-de-numismatica-scaled.jpg?resize=1050%2C600&ssl=1 3x, https:\/\/i0.wp.com\/correiodasemana.com\/site\/wp-content\/uploads\/2021\/03\/Setor-de-numismatica-scaled.jpg?resize=1400%2C800&ssl=1 4x"},"classes":[]}],"jetpack_sharing_enabled":true,"_links":{"self":[{"href":"https:\/\/correiodasemana.com\/site\/wp-json\/wp\/v2\/posts\/8629","targetHints":{"allow":["GET"]}}],"collection":[{"href":"https:\/\/correiodasemana.com\/site\/wp-json\/wp\/v2\/posts"}],"about":[{"href":"https:\/\/correiodasemana.com\/site\/wp-json\/wp\/v2\/types\/post"}],"author":[{"embeddable":true,"href":"https:\/\/correiodasemana.com\/site\/wp-json\/wp\/v2\/users\/1"}],"replies":[{"embeddable":true,"href":"https:\/\/correiodasemana.com\/site\/wp-json\/wp\/v2\/comments?post=8629"}],"version-history":[{"count":1,"href":"https:\/\/correiodasemana.com\/site\/wp-json\/wp\/v2\/posts\/8629\/revisions"}],"predecessor-version":[{"id":8635,"href":"https:\/\/correiodasemana.com\/site\/wp-json\/wp\/v2\/posts\/8629\/revisions\/8635"}],"wp:featuredmedia":[{"embeddable":true,"href":"https:\/\/correiodasemana.com\/site\/wp-json\/wp\/v2\/media\/8633"}],"wp:attachment":[{"href":"https:\/\/correiodasemana.com\/site\/wp-json\/wp\/v2\/media?parent=8629"}],"wp:term":[{"taxonomy":"category","embeddable":true,"href":"https:\/\/correiodasemana.com\/site\/wp-json\/wp\/v2\/categories?post=8629"},{"taxonomy":"post_tag","embeddable":true,"href":"https:\/\/correiodasemana.com\/site\/wp-json\/wp\/v2\/tags?post=8629"}],"curies":[{"name":"wp","href":"https:\/\/api.w.org\/{rel}","templated":true}]}}