{"id":8636,"date":"2019-08-17T21:35:31","date_gmt":"2019-08-17T21:35:31","guid":{"rendered":"https:\/\/correiodasemana.com\/site\/?p=8636"},"modified":"2019-08-17T21:35:31","modified_gmt":"2019-08-17T21:35:31","slug":"lourdinha-vasconcelos-mulher-de-referencia-no-becco-do-cotovelo","status":"publish","type":"post","link":"https:\/\/correiodasemana.com\/site\/lourdinha-vasconcelos-mulher-de-referencia-no-becco-do-cotovelo\/","title":{"rendered":"Lourdinha Vasconcelos, mulher de refer\u00eancia no Becco do Cotovelo"},"content":{"rendered":"<p>O jornal Correio da Semana relembra aos leitores uma entrevista com esta mulher de refer\u00eancia do Becco do Cotovelo e aniversariante deste m\u00eas, dia 07, a senhora Maria de Lourdes Ponte de Vasconcelos, esposa do radialista Expedito Vasconcelos. Uma mulher admir\u00e1vel, empres\u00e1ria e propriet\u00e1ria do famoso CAF\u00c9 JAIBARAS, onde demonstra seu talento. Lourdinha \u00e9 casada com Expedito, com quem teve tr\u00eas filhos. Expedito Filho (Advogado), Herlon Vasconcelos (Psic\u00f3logo) e Talita.<br \/>\nExtra\u00edmos trechos de uma entrevista feita pela Mestra em Sociologia da Universidade Estadual do Cear\u00e1 (UECE), Antonia Maria Rodrigues Laureano Carneiro &#8211; Quest\u00f5es de g\u00eanero no Becco do Cotovelo: desafios metodol\u00f3gicos:<br \/>\n&#8211; E, no Becco do Cotovelo na cidade de Sobral, Cear\u00e1, Brasil, a mulher tamb\u00e9m teve sua invisibilidade assim como em muitos espa\u00e7os p\u00fablicos. Um lugar predominante masculino em que a mulher n\u00e3o era aceita. Essa n\u00e3o aceitabilidade n\u00e3o estava expl\u00edcita em nenhuma lei ou norma municipal, mas estava ancorada no senso comum do povo sobralense de que o Becco era lugar de homem, da fofoca, do futrico e que, portanto, tais conversas masculinas n\u00e3o interessavam ao mundo feminino.<br \/>\nO que podemos perceber \u00e9 que o Becco do Cotovelo ainda \u00e9 visto como lugar do homem, das conversas para homens, o que exclui a mulher, pois as conversas de mulher \u201c\u00e9 mais outra coisa\u201d, n\u00e3o \u00e9 pol\u00edtica, n\u00e3o \u00e9 futebol nem jogo, essas s\u00e3o conversas de homens. Mas, por outro lado, existem concep\u00e7\u00f5es que contradizem essa primeira fala, alegando que, atualmente, no Becco do Cotovelo est\u00e1 diferente; se a mulher era \u201ctotalmente discriminada\u201d a passar no Becco, essa situa\u00e7\u00e3o est\u00e1 se transformando, segundo Maria de Lourdes Vasconcelos: Ent\u00e3o pra mim faz grande diferen\u00e7a de hoje ser uma mulher que faz parte aqui do Becco, uma coisa que foi t\u00e3o proibida nos anos&#8230; no in\u00edcio do s\u00e9culo, at\u00e9 nos anos 60 que eu tinha acabado de nascer, 70, 80. A mulher era totalmente discriminada a passar no Becco. Na \u00e9poca voc\u00ea sabe que existia um preconceito tudo sobre a mulher. N\u00f3s fomos conquistando muitas coisas que existiu esse preconceito tipo, porque o Becco hoje&#8230; eu acho at\u00e9 que depois que eu vim para c\u00e1 ele mudou, tudo acontecia aqui, s\u00f3 tinha o Becco em Sobral, n\u00e3o tinha outro espa\u00e7o de encontro para as pessoas, dos homens, principalmente, e naquela \u00e9poca os homens discriminavam mesmo as coisas que as mulheres n\u00e3o podiam fazer, tipo, t\u00e1 onde tinha muito homem, como \u00e9 o caso do Becco que aqui era os corretores de im\u00f3veis, os corretores de carro, vinham vender gado, vinham fofocar mesmo, vinham cortar cabelo, ent\u00e3o era s\u00f3 homem.<br \/>\nNo Becco do Cotovelo, nos anos 1960, 1970, \u201ca mulher era totalmente discriminada\u201d, portanto, era mais conveniente para elas que n\u00e3o passassem pelo corredor, local em que poderia ser galanteada pelos in\u00fameros homens que ali se encontravam. A mulher n\u00e3o poderia estar em locais considerados \u201cde homens\u201d. \u201cO Becco era o lugar do esculacho masculino ao sexo oposto\u201d. Portanto, apenas as \u201cgarotas de programa\u201d passavam e faziam seus trabalhos no espa\u00e7o. O que aumentaria mais a resigna\u00e7\u00e3o das mulheres consideradas \u201cde fam\u00edlia\u201d a n\u00e3o frequentar o lugar.<br \/>\n\u201cN\u00f3s fomos conquistando muitas coisas\u201d, e uma grande conquista \u00e9 hoje \u201cser uma mulher que faz parte aqui do Becco\u201d. O que se pode perceber a partir da fala da interlocutora \u00e9 que, se hoje h\u00e1 mulheres que trabalham no espa\u00e7o e sobrevivem de forma digna e \u201crespeitosa\u201d, foi uma conquista alcan\u00e7ada, segundo Maria de Lourdes Vasconcelos: a loja do Mistral, foto Mistral, a maioria l\u00e1, as meninas s\u00e3o mulheres que trabalham l\u00e1, eu acho que deve ter l\u00e1 uns tr\u00eas a quatro homens, s\u00e3o duas lojas. Voc\u00ea pode ver que a maioria, a dona fica dentro, as filhas da dona e muitas funcion\u00e1rias, e existem tamb\u00e9m as livrarias que t\u00eam muitas meninas trabalhando, j\u00e1 existem essas lojas, outras lojas todas t\u00eam mulheres, ent\u00e3o eu acho que t\u00e1 acabando isso, at\u00e9 porque eu acho que a mulher pode andar, sim, em todos os lugares, acabou essa hist\u00f3ria.<br \/>\nPodemos perceber, a partir da fala de Maria de Lourdes Vasconcelos, que atualmente no Becco do Cotovelo existem muitas mulheres que trabalham no espa\u00e7o. (Maria de Lourdes Vasconcelos, entrevista feita em 12 out. 2015).<br \/>\nReceba os parab\u00e9ns de seus amigos e familiares.<\/p>\n","protected":false},"excerpt":{"rendered":"<p>O jornal Correio da Semana relembra aos leitores uma entrevista com esta mulher de refer\u00eancia&#8230;<\/p>\n","protected":false},"author":1,"featured_media":8637,"comment_status":"open","ping_status":"open","sticky":false,"template":"","format":"standard","meta":{"_jetpack_memberships_contains_paid_content":false,"footnotes":"","jetpack_publicize_message":"","jetpack_publicize_feature_enabled":true,"jetpack_social_post_already_shared":true,"jetpack_social_options":{"image_generator_settings":{"template":"highway","default_image_id":0,"font":"","enabled":false},"version":2}},"categories":[1],"tags":[],"class_list":["post-8636","post","type-post","status-publish","format-standard","has-post-thumbnail","hentry","category-atualidade"],"jetpack_publicize_connections":[],"jetpack_featured_media_url":"https:\/\/correiodasemana.com\/site\/wp-content\/uploads\/2019\/08\/Expedito-e-lourdinha-3.jpg","jetpack-related-posts":[{"id":36099,"url":"https:\/\/correiodasemana.com\/site\/becco-ponto-com-236\/","url_meta":{"origin":8636,"position":0},"title":"BECCO PONTO.COM","author":"adminredacao","date":"Outubro 29, 2025","format":false,"excerpt":"LIVRAI-NOS, SENHOR! Dos puxa sacos da \u201ccor azul\u201d, Oscar, ufa! Ui! Dos togados encardidos pela corrup\u00e7\u00e3o. Dos Elmanos enganarem o povo daqui. Do fim tr\u00e1gico de um le\u00e3o ferido no cear\u00e1. Da \u201cfarra fest\u201d dos pol\u00edticos buscando voto. Do medinho do pt elmano de Ciro o \u201cTucano\u201d. De uma tal\u2026","rel":"","context":"In &quot;Artigos&quot;","block_context":{"text":"Artigos","link":"https:\/\/correiodasemana.com\/site\/category\/artigos\/"},"img":{"alt_text":"","src":"https:\/\/i0.wp.com\/correiodasemana.com\/site\/wp-content\/uploads\/2021\/09\/Dr-Chico-Prado-Trofeu-Dom-Jose-1.jpg?resize=350%2C200&ssl=1","width":350,"height":200,"srcset":"https:\/\/i0.wp.com\/correiodasemana.com\/site\/wp-content\/uploads\/2021\/09\/Dr-Chico-Prado-Trofeu-Dom-Jose-1.jpg?resize=350%2C200&ssl=1 1x, https:\/\/i0.wp.com\/correiodasemana.com\/site\/wp-content\/uploads\/2021\/09\/Dr-Chico-Prado-Trofeu-Dom-Jose-1.jpg?resize=525%2C300&ssl=1 1.5x, https:\/\/i0.wp.com\/correiodasemana.com\/site\/wp-content\/uploads\/2021\/09\/Dr-Chico-Prado-Trofeu-Dom-Jose-1.jpg?resize=700%2C400&ssl=1 2x, https:\/\/i0.wp.com\/correiodasemana.com\/site\/wp-content\/uploads\/2021\/09\/Dr-Chico-Prado-Trofeu-Dom-Jose-1.jpg?resize=1050%2C600&ssl=1 3x, https:\/\/i0.wp.com\/correiodasemana.com\/site\/wp-content\/uploads\/2021\/09\/Dr-Chico-Prado-Trofeu-Dom-Jose-1.jpg?resize=1400%2C800&ssl=1 4x"},"classes":[]},{"id":28699,"url":"https:\/\/correiodasemana.com\/site\/ancora-cultural-e-social-de-sobral-cafe-jaibaras-sera-transformado-em-museu-organico\/","url_meta":{"origin":8636,"position":1},"title":"\u00c2ncora cultural e social de Sobral, Caf\u00e9 Jaibaras ser\u00e1 transformado em Museu Org\u00e2nico","author":"adminredacao","date":"Mar\u00e7o 18, 2024","format":false,"excerpt":"Com mais de 70 anos de hist\u00f3ria e um rico acervo, o Caf\u00e9 Jaibaras, localizado no sobralense Becco do Cotovelo, ser\u00e1 o 16\u00ba museu org\u00e2nico do Sesc Cear\u00e1. A inaugura\u00e7\u00e3o aconteceu no dia dia 16 de mar\u00e7o, \u00e0s 9h No cora\u00e7\u00e3o de Sobral, entre as ruas hist\u00f3ricas e os becos\u2026","rel":"","context":"In &quot;Atualidade&quot;","block_context":{"text":"Atualidade","link":"https:\/\/correiodasemana.com\/site\/category\/atualidade\/"},"img":{"alt_text":"","src":"https:\/\/i0.wp.com\/correiodasemana.com\/site\/wp-content\/uploads\/2024\/03\/WhatsApp-Image-2024-03-15-at-21.31.11.jpeg?resize=350%2C200&ssl=1","width":350,"height":200,"srcset":"https:\/\/i0.wp.com\/correiodasemana.com\/site\/wp-content\/uploads\/2024\/03\/WhatsApp-Image-2024-03-15-at-21.31.11.jpeg?resize=350%2C200&ssl=1 1x, https:\/\/i0.wp.com\/correiodasemana.com\/site\/wp-content\/uploads\/2024\/03\/WhatsApp-Image-2024-03-15-at-21.31.11.jpeg?resize=525%2C300&ssl=1 1.5x, https:\/\/i0.wp.com\/correiodasemana.com\/site\/wp-content\/uploads\/2024\/03\/WhatsApp-Image-2024-03-15-at-21.31.11.jpeg?resize=700%2C400&ssl=1 2x, https:\/\/i0.wp.com\/correiodasemana.com\/site\/wp-content\/uploads\/2024\/03\/WhatsApp-Image-2024-03-15-at-21.31.11.jpeg?resize=1050%2C600&ssl=1 3x, https:\/\/i0.wp.com\/correiodasemana.com\/site\/wp-content\/uploads\/2024\/03\/WhatsApp-Image-2024-03-15-at-21.31.11.jpeg?resize=1400%2C800&ssl=1 4x"},"classes":[]},{"id":23796,"url":"https:\/\/correiodasemana.com\/site\/becco-ponto-com-116\/","url_meta":{"origin":8636,"position":2},"title":"BECCO PONTO.COM","author":"adminredacao","date":"Abril 5, 2023","format":false,"excerpt":"Livrai-nos, senhor! Das investidas pol\u00edticas de ocasi\u00e3o com acordos esp\u00farios. Das famosas festas hits puxados a drogas e drogados, ui! Das falas falsas dos peitistas buscando a volta ao poder. Do abandono eterno do famoso Becco do Cotovelo, aqui. Do festival de molambos nas cal\u00e7adas e nas butiques, ufa! Do\u2026","rel":"","context":"In &quot;Artigos&quot;","block_context":{"text":"Artigos","link":"https:\/\/correiodasemana.com\/site\/category\/artigos\/"},"img":{"alt_text":"","src":"https:\/\/i0.wp.com\/correiodasemana.com\/site\/wp-content\/uploads\/2021\/09\/Dr-Chico-Prado-Trofeu-Dom-Jose-1.jpg?resize=350%2C200&ssl=1","width":350,"height":200,"srcset":"https:\/\/i0.wp.com\/correiodasemana.com\/site\/wp-content\/uploads\/2021\/09\/Dr-Chico-Prado-Trofeu-Dom-Jose-1.jpg?resize=350%2C200&ssl=1 1x, https:\/\/i0.wp.com\/correiodasemana.com\/site\/wp-content\/uploads\/2021\/09\/Dr-Chico-Prado-Trofeu-Dom-Jose-1.jpg?resize=525%2C300&ssl=1 1.5x, https:\/\/i0.wp.com\/correiodasemana.com\/site\/wp-content\/uploads\/2021\/09\/Dr-Chico-Prado-Trofeu-Dom-Jose-1.jpg?resize=700%2C400&ssl=1 2x, https:\/\/i0.wp.com\/correiodasemana.com\/site\/wp-content\/uploads\/2021\/09\/Dr-Chico-Prado-Trofeu-Dom-Jose-1.jpg?resize=1050%2C600&ssl=1 3x, https:\/\/i0.wp.com\/correiodasemana.com\/site\/wp-content\/uploads\/2021\/09\/Dr-Chico-Prado-Trofeu-Dom-Jose-1.jpg?resize=1400%2C800&ssl=1 4x"},"classes":[]},{"id":36605,"url":"https:\/\/correiodasemana.com\/site\/becco-ponto-com-241\/","url_meta":{"origin":8636,"position":3},"title":"BECCO PONTO.COM","author":"adminredacao","date":"Dezembro 1, 2025","format":false,"excerpt":"LIVRAI-NOS, SENHOR! Da gula pelo poder dos fg\u2019s via ciro, cid e lia gomes. Das promessas v\u00e3s dos palanques pol\u00edticos via 2026. Da cobran\u00e7a ferrenha da oposi\u00e7\u00e3o ao poder Oscar. De um milh\u00e3o de advogados no pa\u00eds do se faz nada. Da juventude moderna: \u201cnada quer e nem faz nada\u201d.\u2026","rel":"","context":"In &quot;Artigos&quot;","block_context":{"text":"Artigos","link":"https:\/\/correiodasemana.com\/site\/category\/artigos\/"},"img":{"alt_text":"","src":"https:\/\/i0.wp.com\/correiodasemana.com\/site\/wp-content\/uploads\/2021\/09\/Dr-Chico-Prado-Trofeu-Dom-Jose-1.jpg?resize=350%2C200&ssl=1","width":350,"height":200,"srcset":"https:\/\/i0.wp.com\/correiodasemana.com\/site\/wp-content\/uploads\/2021\/09\/Dr-Chico-Prado-Trofeu-Dom-Jose-1.jpg?resize=350%2C200&ssl=1 1x, https:\/\/i0.wp.com\/correiodasemana.com\/site\/wp-content\/uploads\/2021\/09\/Dr-Chico-Prado-Trofeu-Dom-Jose-1.jpg?resize=525%2C300&ssl=1 1.5x, https:\/\/i0.wp.com\/correiodasemana.com\/site\/wp-content\/uploads\/2021\/09\/Dr-Chico-Prado-Trofeu-Dom-Jose-1.jpg?resize=700%2C400&ssl=1 2x, https:\/\/i0.wp.com\/correiodasemana.com\/site\/wp-content\/uploads\/2021\/09\/Dr-Chico-Prado-Trofeu-Dom-Jose-1.jpg?resize=1050%2C600&ssl=1 3x, https:\/\/i0.wp.com\/correiodasemana.com\/site\/wp-content\/uploads\/2021\/09\/Dr-Chico-Prado-Trofeu-Dom-Jose-1.jpg?resize=1400%2C800&ssl=1 4x"},"classes":[]},{"id":10024,"url":"https:\/\/correiodasemana.com\/site\/uma-cidade-chamada-becco-do-cotovelo\/","url_meta":{"origin":8636,"position":4},"title":"Uma cidade chamada Becco do Cotovelo","author":"","date":"Dezembro 2, 2019","format":false,"excerpt":"Por Francisco Anast\u00e1cio Arag\u00e3o Prado Vagar pelo Becco e n\u00e3o respirar popularidade nos seus quatro cantos, \u00e9 mesmo deixar de ver a vida corriqueira de um povo bom e ordeiro que induz amizade e amor por seu torr\u00e3o natal amado e cantado em verso e prosa no hoje. \u00c9 bom\u2026","rel":"","context":"In &quot;Atualidade&quot;","block_context":{"text":"Atualidade","link":"https:\/\/correiodasemana.com\/site\/category\/atualidade\/"},"img":{"alt_text":"","src":"https:\/\/i0.wp.com\/correiodasemana.com\/site\/wp-content\/uploads\/2019\/07\/becco.jpg?resize=350%2C200&ssl=1","width":350,"height":200,"srcset":"https:\/\/i0.wp.com\/correiodasemana.com\/site\/wp-content\/uploads\/2019\/07\/becco.jpg?resize=350%2C200&ssl=1 1x, https:\/\/i0.wp.com\/correiodasemana.com\/site\/wp-content\/uploads\/2019\/07\/becco.jpg?resize=525%2C300&ssl=1 1.5x, https:\/\/i0.wp.com\/correiodasemana.com\/site\/wp-content\/uploads\/2019\/07\/becco.jpg?resize=700%2C400&ssl=1 2x"},"classes":[]},{"id":30320,"url":"https:\/\/correiodasemana.com\/site\/becco-ponto-com-179\/","url_meta":{"origin":8636,"position":5},"title":"Becco Ponto Com","author":"adminredacao","date":"Agosto 12, 2024","format":false,"excerpt":"LIVRAI-NOS, SENHOR! Da l\u00edngua solta do Ciro Gomes, zangado. Das mazelas da pol\u00edtica do pt arrumado. Da ira do povo pobre com a \u201ctaxa do lixo\u201d. Do voto das esmolas chegando via eles. Da invas\u00e3o de camel\u00f4s nas ruas nossas. Do modismo: mulher na pol\u00edtica em 2024. Dos compradores de\u2026","rel":"","context":"In &quot;Artigos&quot;","block_context":{"text":"Artigos","link":"https:\/\/correiodasemana.com\/site\/category\/artigos\/"},"img":{"alt_text":"","src":"https:\/\/i0.wp.com\/correiodasemana.com\/site\/wp-content\/uploads\/2021\/09\/Dr-Chico-Prado-Trofeu-Dom-Jose-1-1.jpg?resize=350%2C200&ssl=1","width":350,"height":200,"srcset":"https:\/\/i0.wp.com\/correiodasemana.com\/site\/wp-content\/uploads\/2021\/09\/Dr-Chico-Prado-Trofeu-Dom-Jose-1-1.jpg?resize=350%2C200&ssl=1 1x, https:\/\/i0.wp.com\/correiodasemana.com\/site\/wp-content\/uploads\/2021\/09\/Dr-Chico-Prado-Trofeu-Dom-Jose-1-1.jpg?resize=525%2C300&ssl=1 1.5x, https:\/\/i0.wp.com\/correiodasemana.com\/site\/wp-content\/uploads\/2021\/09\/Dr-Chico-Prado-Trofeu-Dom-Jose-1-1.jpg?resize=700%2C400&ssl=1 2x"},"classes":[]}],"jetpack_sharing_enabled":true,"_links":{"self":[{"href":"https:\/\/correiodasemana.com\/site\/wp-json\/wp\/v2\/posts\/8636","targetHints":{"allow":["GET"]}}],"collection":[{"href":"https:\/\/correiodasemana.com\/site\/wp-json\/wp\/v2\/posts"}],"about":[{"href":"https:\/\/correiodasemana.com\/site\/wp-json\/wp\/v2\/types\/post"}],"author":[{"embeddable":true,"href":"https:\/\/correiodasemana.com\/site\/wp-json\/wp\/v2\/users\/1"}],"replies":[{"embeddable":true,"href":"https:\/\/correiodasemana.com\/site\/wp-json\/wp\/v2\/comments?post=8636"}],"version-history":[{"count":1,"href":"https:\/\/correiodasemana.com\/site\/wp-json\/wp\/v2\/posts\/8636\/revisions"}],"predecessor-version":[{"id":8638,"href":"https:\/\/correiodasemana.com\/site\/wp-json\/wp\/v2\/posts\/8636\/revisions\/8638"}],"wp:featuredmedia":[{"embeddable":true,"href":"https:\/\/correiodasemana.com\/site\/wp-json\/wp\/v2\/media\/8637"}],"wp:attachment":[{"href":"https:\/\/correiodasemana.com\/site\/wp-json\/wp\/v2\/media?parent=8636"}],"wp:term":[{"taxonomy":"category","embeddable":true,"href":"https:\/\/correiodasemana.com\/site\/wp-json\/wp\/v2\/categories?post=8636"},{"taxonomy":"post_tag","embeddable":true,"href":"https:\/\/correiodasemana.com\/site\/wp-json\/wp\/v2\/tags?post=8636"}],"curies":[{"name":"wp","href":"https:\/\/api.w.org\/{rel}","templated":true}]}}